{"id":23517,"date":"2015-05-31T16:28:14","date_gmt":"2015-05-31T15:28:14","guid":{"rendered":"https:\/\/www.prijedordanas.com\/?p=23517"},"modified":"2015-05-31T16:28:46","modified_gmt":"2015-05-31T15:28:46","slug":"prijedor-obiljezeni-slava-grada-i-crkve-svete-trojice","status":"publish","type":"post","link":"https:\/\/www.prijedordanas.com\/?p=23517","title":{"rendered":"PRIJEDOR: OBILJE\u017dENI SLAVA GRADA I CRKVE SVETE TROJICE"},"content":{"rendered":"<p><a href=\"https:\/\/www.prijedordanas.com\/wp-content\/uploads\/2015\/05\/slava-grada-i-crkve-svete-trojice.jpg\"><img loading=\"lazy\" decoding=\"async\" class=\"alignleft size-medium wp-image-23518\" src=\"https:\/\/www.prijedordanas.com\/wp-content\/uploads\/2015\/05\/slava-grada-i-crkve-svete-trojice-300x199.jpg\" alt=\"slava grada i crkve svete trojice\" width=\"300\" height=\"199\" srcset=\"https:\/\/www.prijedordanas.com\/wp-content\/uploads\/2015\/05\/slava-grada-i-crkve-svete-trojice-300x199.jpg 300w, https:\/\/www.prijedordanas.com\/wp-content\/uploads\/2015\/05\/slava-grada-i-crkve-svete-trojice-150x100.jpg 150w, https:\/\/www.prijedordanas.com\/wp-content\/uploads\/2015\/05\/slava-grada-i-crkve-svete-trojice-200x133.jpg 200w, https:\/\/www.prijedordanas.com\/wp-content\/uploads\/2015\/05\/slava-grada-i-crkve-svete-trojice-250x166.jpg 250w, https:\/\/www.prijedordanas.com\/wp-content\/uploads\/2015\/05\/slava-grada-i-crkve-svete-trojice-480x320.jpg 480w, https:\/\/www.prijedordanas.com\/wp-content\/uploads\/2015\/05\/slava-grada-i-crkve-svete-trojice.jpg 600w\" sizes=\"(max-width: 300px) 100vw, 300px\" \/><\/a>Lomljenjem slavskog kola\u010da i slavskim ru\u010dkom grad Prijedor i crkva Svete Trojice proslavili su danas slavu Svetu Trojicu &#8211; Duhove.<\/p>\n<p>Gradona\u010delnik Prijedora Marko Pavi\u0107 rekao je da se praznik Svete Trojice obilje\u017eava u duhu vjere i tradicije Srba.<\/p>\n<p>&#8220;U Prijedoru to obilje\u017eavamo skromno, sa naju\u017eim krugom prijatelja i dr\u017eimo se tih vjerskih okvira. Sa slave uvijek ide poruka mira&#8221;, rekao je Pavi\u0107 novinarima u Prijedoru.<\/p>\n<p>Gradona\u010delnik Prijedora ka\u017ee da uvijek rado prisustvuje proslavi praznika svih vjerskih zajednica, te da da onaj ko po\u0161tuje svoje mora po\u0161tovati i druge.<\/p>\n<p><a href=\"https:\/\/www.prijedordanas.com\/wp-content\/uploads\/2015\/05\/srna-slava-grada-i-crkve-svete-trojice.jpg\"><img loading=\"lazy\" decoding=\"async\" src=\"https:\/\/www.prijedordanas.com\/wp-content\/uploads\/2015\/05\/srna-slava-grada-i-crkve-svete-trojice-300x201.jpg\" alt=\"srna-slava grada i crkve svete trojice\" width=\"300\" height=\"201\" class=\"alignleft size-medium wp-image-23519\" srcset=\"https:\/\/www.prijedordanas.com\/wp-content\/uploads\/2015\/05\/srna-slava-grada-i-crkve-svete-trojice-300x201.jpg 300w, https:\/\/www.prijedordanas.com\/wp-content\/uploads\/2015\/05\/srna-slava-grada-i-crkve-svete-trojice-150x100.jpg 150w, https:\/\/www.prijedordanas.com\/wp-content\/uploads\/2015\/05\/srna-slava-grada-i-crkve-svete-trojice-200x133.jpg 200w, https:\/\/www.prijedordanas.com\/wp-content\/uploads\/2015\/05\/srna-slava-grada-i-crkve-svete-trojice-480x320.jpg 480w, https:\/\/www.prijedordanas.com\/wp-content\/uploads\/2015\/05\/srna-slava-grada-i-crkve-svete-trojice.jpg 600w\" sizes=\"(max-width: 300px) 100vw, 300px\" \/><\/a>&#8220;Bio sam i na proslavi Bajrama i u katoli\u010dkoj crkvi.. Danas sam na slavi pravoslavne crkve. Za mene je to normalno. To su obi\u010daji na\u0161ih gra\u0111ana i na\u0161ih vjerskih zajednica i mi to moramo po\u0161tovati&#8221;, naveo je Pavi\u0107.<\/p>\n<p>Obilje\u017eavanje Duhova po\u010delo je sino\u0107 koncertom duhovne muzike horova &#8220;Srbadija&#8221; iz Bijeljine i &#8220;Vila&#8221; iz Prijedora, a nastavljeno jutros liturgijom u crkvi Svete Trojice i polaganjem vijenaca na centralno spomen obilje\u017eje &#8220;Za krst \u010dasni&#8221;, posve\u0107eno borcima poginulim u odbrambeno-otad\u017ebinskom ratu.<\/p>\n<p>Slavskim sve\u010danostima prisustvuje ministar uprave i lokalne samouprave Republike Srpske Lejla Re\u0161i\u0107, predstavnici javnog, politi\u010dkog i privrednog \u017eivota i susjednih loklanih zajednica.<\/p>\n<p>SRNA<\/p>\n","protected":false},"excerpt":{"rendered":"<p>Lomljenjem slavskog kola\u010da i slavskim ru\u010dkom grad Prijedor i crkva Svete Trojice proslavili su danas slavu Svetu Trojicu &#8211; Duhove. Gradona\u010delnik Prijedora Marko Pavi\u0107 rekao je da se praznik Svete [&hellip;]<\/p>\n","protected":false},"author":1,"featured_media":0,"comment_status":"closed","ping_status":"open","sticky":false,"template":"","format":"standard","meta":{"_monsterinsights_skip_tracking":false,"_monsterinsights_sitenote_active":false,"_monsterinsights_sitenote_note":"","_monsterinsights_sitenote_category":0,"footnotes":""},"categories":[4],"tags":[1452],"yoast_head":"<!-- This site is optimized with the Yoast SEO plugin v21.6 - https:\/\/yoast.com\/wordpress\/plugins\/seo\/ -->\n<title>PRIJEDOR: OBILJE\u017dENI SLAVA GRADA I CRKVE SVETE TROJICE - PrijedorDanas.com - Prijedorski gradski portal<\/title>\n<meta name=\"robots\" content=\"index, follow, max-snippet:-1, max-image-preview:large, max-video-preview:-1\" \/>\n<link rel=\"canonical\" href=\"https:\/\/www.prijedordanas.com\/?p=23517\" \/>\n<meta property=\"og:locale\" content=\"en_US\" \/>\n<meta property=\"og:type\" content=\"article\" \/>\n<meta property=\"og:title\" content=\"PRIJEDOR: OBILJE\u017dENI SLAVA GRADA I CRKVE SVETE TROJICE - PrijedorDanas.com - Prijedorski gradski portal\" \/>\n<meta property=\"og:description\" content=\"Lomljenjem slavskog kola\u010da i slavskim ru\u010dkom grad Prijedor i crkva Svete Trojice proslavili su danas slavu Svetu Trojicu &#8211; Duhove. Gradona\u010delnik Prijedora Marko Pavi\u0107 rekao je da se praznik Svete [&hellip;]\" \/>\n<meta property=\"og:url\" content=\"https:\/\/www.prijedordanas.com\/?p=23517\" \/>\n<meta property=\"og:site_name\" content=\"PrijedorDanas.com - Prijedorski gradski portal\" \/>\n<meta property=\"article:publisher\" content=\"https:\/\/www.facebook.com\/PrijedorDanasCom\/\" \/>\n<meta property=\"article:published_time\" content=\"2015-05-31T15:28:14+00:00\" \/>\n<meta property=\"article:modified_time\" content=\"2015-05-31T15:28:46+00:00\" \/>\n<meta property=\"og:image\" content=\"https:\/\/www.prijedordanas.com\/wp-content\/uploads\/2015\/05\/slava-grada-i-crkve-svete-trojice-300x199.jpg\" \/>\n<meta name=\"author\" content=\"admin\" \/>\n<meta name=\"twitter:card\" content=\"summary_large_image\" \/>\n<meta name=\"twitter:label1\" content=\"Written by\" \/>\n\t<meta name=\"twitter:data1\" content=\"admin\" \/>\n\t<meta name=\"twitter:label2\" content=\"Est. reading time\" \/>\n\t<meta name=\"twitter:data2\" content=\"1 minute\" \/>\n<script type=\"application\/ld+json\" class=\"yoast-schema-graph\">{\"@context\":\"https:\/\/schema.org\",\"@graph\":[{\"@type\":\"Article\",\"@id\":\"https:\/\/www.prijedordanas.com\/?p=23517#article\",\"isPartOf\":{\"@id\":\"https:\/\/www.prijedordanas.com\/?p=23517\"},\"author\":{\"name\":\"admin\",\"@id\":\"https:\/\/www.prijedordanas.com\/#\/schema\/person\/4e08ccf29b506ca916ff86d46bb700e6\"},\"headline\":\"PRIJEDOR: OBILJE\u017dENI SLAVA GRADA I CRKVE SVETE TROJICE\",\"datePublished\":\"2015-05-31T15:28:14+00:00\",\"dateModified\":\"2015-05-31T15:28:46+00:00\",\"mainEntityOfPage\":{\"@id\":\"https:\/\/www.prijedordanas.com\/?p=23517\"},\"wordCount\":223,\"publisher\":{\"@id\":\"https:\/\/www.prijedordanas.com\/#organization\"},\"keywords\":[\"slava\"],\"articleSection\":[\"Dru\u0161tvo\"],\"inLanguage\":\"en-US\"},{\"@type\":\"WebPage\",\"@id\":\"https:\/\/www.prijedordanas.com\/?p=23517\",\"url\":\"https:\/\/www.prijedordanas.com\/?p=23517\",\"name\":\"PRIJEDOR: OBILJE\u017dENI SLAVA GRADA I CRKVE SVETE TROJICE - PrijedorDanas.com - Prijedorski gradski portal\",\"isPartOf\":{\"@id\":\"https:\/\/www.prijedordanas.com\/#website\"},\"datePublished\":\"2015-05-31T15:28:14+00:00\",\"dateModified\":\"2015-05-31T15:28:46+00:00\",\"breadcrumb\":{\"@id\":\"https:\/\/www.prijedordanas.com\/?p=23517#breadcrumb\"},\"inLanguage\":\"en-US\",\"potentialAction\":[{\"@type\":\"ReadAction\",\"target\":[\"https:\/\/www.prijedordanas.com\/?p=23517\"]}]},{\"@type\":\"BreadcrumbList\",\"@id\":\"https:\/\/www.prijedordanas.com\/?p=23517#breadcrumb\",\"itemListElement\":[{\"@type\":\"ListItem\",\"position\":1,\"name\":\"Home\",\"item\":\"https:\/\/www.prijedordanas.com\/\"},{\"@type\":\"ListItem\",\"position\":2,\"name\":\"PRIJEDOR: OBILJE\u017dENI SLAVA GRADA I CRKVE SVETE TROJICE\"}]},{\"@type\":\"WebSite\",\"@id\":\"https:\/\/www.prijedordanas.com\/#website\",\"url\":\"https:\/\/www.prijedordanas.com\/\",\"name\":\"PrijedorDanas.com - Prijedorski gradski portal\",\"description\":\"Portal o doga\u0111anjima u gradu Prijedoru\",\"publisher\":{\"@id\":\"https:\/\/www.prijedordanas.com\/#organization\"},\"potentialAction\":[{\"@type\":\"SearchAction\",\"target\":{\"@type\":\"EntryPoint\",\"urlTemplate\":\"https:\/\/www.prijedordanas.com\/?s={search_term_string}\"},\"query-input\":\"required name=search_term_string\"}],\"inLanguage\":\"en-US\"},{\"@type\":\"Organization\",\"@id\":\"https:\/\/www.prijedordanas.com\/#organization\",\"name\":\"PrijedorDanas.com\",\"url\":\"https:\/\/www.prijedordanas.com\/\",\"logo\":{\"@type\":\"ImageObject\",\"inLanguage\":\"en-US\",\"@id\":\"https:\/\/www.prijedordanas.com\/#\/schema\/logo\/image\/\",\"url\":\"http:\/\/www.prijedordanas.com\/wp-content\/uploads\/2021\/12\/logopng.png\",\"contentUrl\":\"http:\/\/www.prijedordanas.com\/wp-content\/uploads\/2021\/12\/logopng.png\",\"width\":1019,\"height\":776,\"caption\":\"PrijedorDanas.com\"},\"image\":{\"@id\":\"https:\/\/www.prijedordanas.com\/#\/schema\/logo\/image\/\"},\"sameAs\":[\"https:\/\/www.facebook.com\/PrijedorDanasCom\/\"]},{\"@type\":\"Person\",\"@id\":\"https:\/\/www.prijedordanas.com\/#\/schema\/person\/4e08ccf29b506ca916ff86d46bb700e6\",\"name\":\"admin\",\"image\":{\"@type\":\"ImageObject\",\"inLanguage\":\"en-US\",\"@id\":\"https:\/\/www.prijedordanas.com\/#\/schema\/person\/image\/\",\"url\":\"https:\/\/secure.gravatar.com\/avatar\/1d3fc949d550f0b53a5f0d51e06dfd79?s=96&d=mm&r=g\",\"contentUrl\":\"https:\/\/secure.gravatar.com\/avatar\/1d3fc949d550f0b53a5f0d51e06dfd79?s=96&d=mm&r=g\",\"caption\":\"admin\"},\"url\":\"https:\/\/www.prijedordanas.com\/?author=1\"}]}<\/script>\n<!-- \/ Yoast SEO plugin. -->","yoast_head_json":{"title":"PRIJEDOR: OBILJE\u017dENI SLAVA GRADA I CRKVE SVETE TROJICE - PrijedorDanas.com - Prijedorski gradski portal","robots":{"index":"index","follow":"follow","max-snippet":"max-snippet:-1","max-image-preview":"max-image-preview:large","max-video-preview":"max-video-preview:-1"},"canonical":"https:\/\/www.prijedordanas.com\/?p=23517","og_locale":"en_US","og_type":"article","og_title":"PRIJEDOR: OBILJE\u017dENI SLAVA GRADA I CRKVE SVETE TROJICE - PrijedorDanas.com - Prijedorski gradski portal","og_description":"Lomljenjem slavskog kola\u010da i slavskim ru\u010dkom grad Prijedor i crkva Svete Trojice proslavili su danas slavu Svetu Trojicu &#8211; Duhove. Gradona\u010delnik Prijedora Marko Pavi\u0107 rekao je da se praznik Svete [&hellip;]","og_url":"https:\/\/www.prijedordanas.com\/?p=23517","og_site_name":"PrijedorDanas.com - Prijedorski gradski portal","article_publisher":"https:\/\/www.facebook.com\/PrijedorDanasCom\/","article_published_time":"2015-05-31T15:28:14+00:00","article_modified_time":"2015-05-31T15:28:46+00:00","og_image":[{"url":"https:\/\/www.prijedordanas.com\/wp-content\/uploads\/2015\/05\/slava-grada-i-crkve-svete-trojice-300x199.jpg"}],"author":"admin","twitter_card":"summary_large_image","twitter_misc":{"Written by":"admin","Est. reading time":"1 minute"},"schema":{"@context":"https:\/\/schema.org","@graph":[{"@type":"Article","@id":"https:\/\/www.prijedordanas.com\/?p=23517#article","isPartOf":{"@id":"https:\/\/www.prijedordanas.com\/?p=23517"},"author":{"name":"admin","@id":"https:\/\/www.prijedordanas.com\/#\/schema\/person\/4e08ccf29b506ca916ff86d46bb700e6"},"headline":"PRIJEDOR: OBILJE\u017dENI SLAVA GRADA I CRKVE SVETE TROJICE","datePublished":"2015-05-31T15:28:14+00:00","dateModified":"2015-05-31T15:28:46+00:00","mainEntityOfPage":{"@id":"https:\/\/www.prijedordanas.com\/?p=23517"},"wordCount":223,"publisher":{"@id":"https:\/\/www.prijedordanas.com\/#organization"},"keywords":["slava"],"articleSection":["Dru\u0161tvo"],"inLanguage":"en-US"},{"@type":"WebPage","@id":"https:\/\/www.prijedordanas.com\/?p=23517","url":"https:\/\/www.prijedordanas.com\/?p=23517","name":"PRIJEDOR: OBILJE\u017dENI SLAVA GRADA I CRKVE SVETE TROJICE - PrijedorDanas.com - Prijedorski gradski portal","isPartOf":{"@id":"https:\/\/www.prijedordanas.com\/#website"},"datePublished":"2015-05-31T15:28:14+00:00","dateModified":"2015-05-31T15:28:46+00:00","breadcrumb":{"@id":"https:\/\/www.prijedordanas.com\/?p=23517#breadcrumb"},"inLanguage":"en-US","potentialAction":[{"@type":"ReadAction","target":["https:\/\/www.prijedordanas.com\/?p=23517"]}]},{"@type":"BreadcrumbList","@id":"https:\/\/www.prijedordanas.com\/?p=23517#breadcrumb","itemListElement":[{"@type":"ListItem","position":1,"name":"Home","item":"https:\/\/www.prijedordanas.com\/"},{"@type":"ListItem","position":2,"name":"PRIJEDOR: OBILJE\u017dENI SLAVA GRADA I CRKVE SVETE TROJICE"}]},{"@type":"WebSite","@id":"https:\/\/www.prijedordanas.com\/#website","url":"https:\/\/www.prijedordanas.com\/","name":"PrijedorDanas.com - Prijedorski gradski portal","description":"Portal o doga\u0111anjima u gradu Prijedoru","publisher":{"@id":"https:\/\/www.prijedordanas.com\/#organization"},"potentialAction":[{"@type":"SearchAction","target":{"@type":"EntryPoint","urlTemplate":"https:\/\/www.prijedordanas.com\/?s={search_term_string}"},"query-input":"required name=search_term_string"}],"inLanguage":"en-US"},{"@type":"Organization","@id":"https:\/\/www.prijedordanas.com\/#organization","name":"PrijedorDanas.com","url":"https:\/\/www.prijedordanas.com\/","logo":{"@type":"ImageObject","inLanguage":"en-US","@id":"https:\/\/www.prijedordanas.com\/#\/schema\/logo\/image\/","url":"http:\/\/www.prijedordanas.com\/wp-content\/uploads\/2021\/12\/logopng.png","contentUrl":"http:\/\/www.prijedordanas.com\/wp-content\/uploads\/2021\/12\/logopng.png","width":1019,"height":776,"caption":"PrijedorDanas.com"},"image":{"@id":"https:\/\/www.prijedordanas.com\/#\/schema\/logo\/image\/"},"sameAs":["https:\/\/www.facebook.com\/PrijedorDanasCom\/"]},{"@type":"Person","@id":"https:\/\/www.prijedordanas.com\/#\/schema\/person\/4e08ccf29b506ca916ff86d46bb700e6","name":"admin","image":{"@type":"ImageObject","inLanguage":"en-US","@id":"https:\/\/www.prijedordanas.com\/#\/schema\/person\/image\/","url":"https:\/\/secure.gravatar.com\/avatar\/1d3fc949d550f0b53a5f0d51e06dfd79?s=96&d=mm&r=g","contentUrl":"https:\/\/secure.gravatar.com\/avatar\/1d3fc949d550f0b53a5f0d51e06dfd79?s=96&d=mm&r=g","caption":"admin"},"url":"https:\/\/www.prijedordanas.com\/?author=1"}]}},"_links":{"self":[{"href":"https:\/\/www.prijedordanas.com\/index.php?rest_route=\/wp\/v2\/posts\/23517"}],"collection":[{"href":"https:\/\/www.prijedordanas.com\/index.php?rest_route=\/wp\/v2\/posts"}],"about":[{"href":"https:\/\/www.prijedordanas.com\/index.php?rest_route=\/wp\/v2\/types\/post"}],"author":[{"embeddable":true,"href":"https:\/\/www.prijedordanas.com\/index.php?rest_route=\/wp\/v2\/users\/1"}],"replies":[{"embeddable":true,"href":"https:\/\/www.prijedordanas.com\/index.php?rest_route=%2Fwp%2Fv2%2Fcomments&post=23517"}],"version-history":[{"count":1,"href":"https:\/\/www.prijedordanas.com\/index.php?rest_route=\/wp\/v2\/posts\/23517\/revisions"}],"predecessor-version":[{"id":23520,"href":"https:\/\/www.prijedordanas.com\/index.php?rest_route=\/wp\/v2\/posts\/23517\/revisions\/23520"}],"wp:attachment":[{"href":"https:\/\/www.prijedordanas.com\/index.php?rest_route=%2Fwp%2Fv2%2Fmedia&parent=23517"}],"wp:term":[{"taxonomy":"category","embeddable":true,"href":"https:\/\/www.prijedordanas.com\/index.php?rest_route=%2Fwp%2Fv2%2Fcategories&post=23517"},{"taxonomy":"post_tag","embeddable":true,"href":"https:\/\/www.prijedordanas.com\/index.php?rest_route=%2Fwp%2Fv2%2Ftags&post=23517"}],"curies":[{"name":"wp","href":"https:\/\/api.w.org\/{rel}","templated":true}]}}