{"id":23515,"date":"2015-05-31T16:04:48","date_gmt":"2015-05-31T15:04:48","guid":{"rendered":"https:\/\/www.prijedordanas.com\/?p=23515"},"modified":"2015-05-31T16:04:48","modified_gmt":"2015-05-31T15:04:48","slug":"pavic-politikanti-nece-narusiti-dobre-medunacionalne-odnose","status":"publish","type":"post","link":"https:\/\/www.prijedordanas.com\/?p=23515","title":{"rendered":"PAVI\u0106: POLITIKANTI NE\u0106E NARU\u0160ITI DOBRE ME\u0110UNACIONALNE ODNOSE"},"content":{"rendered":"<p><a href=\"https:\/\/www.prijedordanas.com\/wp-content\/uploads\/2015\/05\/srna-pavic-politikanti-nece-narusiti-medjunacionalne-odnose.jpg\"><img loading=\"lazy\" decoding=\"async\" src=\"https:\/\/www.prijedordanas.com\/wp-content\/uploads\/2015\/05\/srna-pavic-politikanti-nece-narusiti-medjunacionalne-odnose-300x201.jpg\" alt=\"srna-pavic-politikanti nece narusiti medjunacionalne odnose\" width=\"300\" height=\"201\" class=\"alignleft size-medium wp-image-23513\" srcset=\"https:\/\/www.prijedordanas.com\/wp-content\/uploads\/2015\/05\/srna-pavic-politikanti-nece-narusiti-medjunacionalne-odnose-300x201.jpg 300w, https:\/\/www.prijedordanas.com\/wp-content\/uploads\/2015\/05\/srna-pavic-politikanti-nece-narusiti-medjunacionalne-odnose-150x100.jpg 150w, https:\/\/www.prijedordanas.com\/wp-content\/uploads\/2015\/05\/srna-pavic-politikanti-nece-narusiti-medjunacionalne-odnose-200x133.jpg 200w, https:\/\/www.prijedordanas.com\/wp-content\/uploads\/2015\/05\/srna-pavic-politikanti-nece-narusiti-medjunacionalne-odnose-480x320.jpg 480w, https:\/\/www.prijedordanas.com\/wp-content\/uploads\/2015\/05\/srna-pavic-politikanti-nece-narusiti-medjunacionalne-odnose.jpg 600w\" sizes=\"(max-width: 300px) 100vw, 300px\" \/><\/a>Gradona\u010delnik Prijedora Marko Pavi\u0107 izjavio je danas da je razo\u010daran onima koji su stavili bijelu traku na spomenik doktoru Mladenu Stojanovi\u0107u ispred zgrade gradske uprave i poru\u010dio da politikanti ne\u0107e naru\u0161iti dobre me\u0111unacionalne odnose u gradu.<\/p>\n<p>&#8220;Od tuge na\u0161ih sugra\u0111ana oni \u017eele da naprave jedan politi\u010dki doga\u0111aj. Oni koji danas dolaze su politikanti. Oni do\u0111u desetak minuta u Prijedor, slikaju se, daju zapaljive izjave i odu, a ja treba sa svojim sugra\u0111anima da \u017eivim ovdje 365 dana&#8221;, rekao je Pavi\u0107 novinarima komentari\u0161u\u0107i dana\u0161nju akciju u Prijedoru u organizaciji Gra\u0111anske inicijative &#8220;Jer me se ti\u010de&#8221;. <\/p>\n<p>On ka\u017ee da nikada ne\u0107e biti tamo gdje &#8220;kolo vode ti politikanti sa strane&#8221; i &#8220;porodicama koje tuguju za svojim najmilijim drugi organizuju obilje\u017eavanje, dok uzimaju politikantske elemente&#8221;. <\/p>\n<p>&#8220;Ali, kada to budu porodice, rodbina i oni ljudi koji \u017eale i sa kojima ja saosje\u0107am, ja \u0107u biti sa njima. Sa ovim politikantima koji \u017eele i doktora Mladena Stojanovi\u0107a uvu\u0107i u svoju pri\u010du, nikada ne\u0107u biti&#8221;, poru\u010dio je Pavi\u0107. <\/p>\n<p>On navodi da bi mnogi htjeli naru\u0161iti dobre me\u0111unacionalne odnose u Prijedoru, ali da \u0107e to biti te\u0161ko jer su Prijedor\u010dani kroz istoriju osjetili strahote i neda\u0107e i rata i bratoubila\u0161tva. <\/p>\n<p>&#8220;Narod to vi\u0161e ne prihvata. Ima taj jedan broj ljudi, koji naj\u010de\u0161\u0107e sa strane dolaze i unose nemir me\u0111u na\u0161e ljude, izazivaju strah. Ali, u razgovoru sa obi\u010dnom \u010dovjekom vidje\u0107ete da u na\u0161em gradu svako \u017eivi slobodno i mirno i bori se za egzistenciju sebe i svoje porodice&#8221;, istakao je gradona\u010delnik Prijedora. <\/p>\n<p>On je ocijenio da se politikantstvo i retorika koji se koriste podsje\u0107aju na one koje su nekada doveli do rata. <\/p>\n<p>&#8220;Sada, ako neko ponovo ho\u0107e to, neka izvoli, ali ja \u0107u se svim snagama boriti da te narand\u017easte i sli\u010dne revolucije nikada ne do\u0111u u Prijedor, jer mi smo osjetili \u0161ta to zna\u010di. Ne\u0107emo valjda to ponoviti&#8221;, poru\u010dio je Pavi\u0107. <\/p>\n<p>SRNA<\/p>\n","protected":false},"excerpt":{"rendered":"<p>Gradona\u010delnik Prijedora Marko Pavi\u0107 izjavio je danas da je razo\u010daran onima koji su stavili bijelu traku na spomenik doktoru Mladenu Stojanovi\u0107u ispred zgrade gradske uprave i poru\u010dio da politikanti ne\u0107e [&hellip;]<\/p>\n","protected":false},"author":1,"featured_media":0,"comment_status":"closed","ping_status":"open","sticky":false,"template":"","format":"standard","meta":{"_monsterinsights_skip_tracking":false,"_monsterinsights_sitenote_active":false,"_monsterinsights_sitenote_note":"","_monsterinsights_sitenote_category":0,"footnotes":""},"categories":[4],"tags":[3615,134,3725],"yoast_head":"<!-- This site is optimized with the Yoast SEO plugin v21.6 - https:\/\/yoast.com\/wordpress\/plugins\/seo\/ -->\n<title>PAVI\u0106: POLITIKANTI NE\u0106E NARU\u0160ITI DOBRE ME\u0110UNACIONALNE ODNOSE - PrijedorDanas.com - Prijedorski gradski portal<\/title>\n<meta name=\"robots\" content=\"index, follow, max-snippet:-1, max-image-preview:large, max-video-preview:-1\" \/>\n<link rel=\"canonical\" href=\"https:\/\/www.prijedordanas.com\/?p=23515\" \/>\n<meta property=\"og:locale\" content=\"en_US\" \/>\n<meta property=\"og:type\" content=\"article\" \/>\n<meta property=\"og:title\" content=\"PAVI\u0106: POLITIKANTI NE\u0106E NARU\u0160ITI DOBRE ME\u0110UNACIONALNE ODNOSE - PrijedorDanas.com - Prijedorski gradski portal\" \/>\n<meta property=\"og:description\" content=\"Gradona\u010delnik Prijedora Marko Pavi\u0107 izjavio je danas da je razo\u010daran onima koji su stavili bijelu traku na spomenik doktoru Mladenu Stojanovi\u0107u ispred zgrade gradske uprave i poru\u010dio da politikanti ne\u0107e [&hellip;]\" \/>\n<meta property=\"og:url\" content=\"https:\/\/www.prijedordanas.com\/?p=23515\" \/>\n<meta property=\"og:site_name\" content=\"PrijedorDanas.com - Prijedorski gradski portal\" \/>\n<meta property=\"article:publisher\" content=\"https:\/\/www.facebook.com\/PrijedorDanasCom\/\" \/>\n<meta property=\"article:published_time\" content=\"2015-05-31T15:04:48+00:00\" \/>\n<meta property=\"og:image\" content=\"https:\/\/www.prijedordanas.com\/wp-content\/uploads\/2015\/05\/srna-pavic-politikanti-nece-narusiti-medjunacionalne-odnose-300x201.jpg\" \/>\n<meta name=\"author\" content=\"admin\" \/>\n<meta name=\"twitter:card\" content=\"summary_large_image\" \/>\n<meta name=\"twitter:label1\" content=\"Written by\" \/>\n\t<meta name=\"twitter:data1\" content=\"admin\" \/>\n\t<meta name=\"twitter:label2\" content=\"Est. reading time\" \/>\n\t<meta name=\"twitter:data2\" content=\"2 minutes\" \/>\n<script type=\"application\/ld+json\" class=\"yoast-schema-graph\">{\"@context\":\"https:\/\/schema.org\",\"@graph\":[{\"@type\":\"Article\",\"@id\":\"https:\/\/www.prijedordanas.com\/?p=23515#article\",\"isPartOf\":{\"@id\":\"https:\/\/www.prijedordanas.com\/?p=23515\"},\"author\":{\"name\":\"admin\",\"@id\":\"https:\/\/www.prijedordanas.com\/#\/schema\/person\/4e08ccf29b506ca916ff86d46bb700e6\"},\"headline\":\"PAVI\u0106: POLITIKANTI NE\u0106E NARU\u0160ITI DOBRE ME\u0110UNACIONALNE ODNOSE\",\"datePublished\":\"2015-05-31T15:04:48+00:00\",\"dateModified\":\"2015-05-31T15:04:48+00:00\",\"mainEntityOfPage\":{\"@id\":\"https:\/\/www.prijedordanas.com\/?p=23515\"},\"wordCount\":365,\"publisher\":{\"@id\":\"https:\/\/www.prijedordanas.com\/#organization\"},\"keywords\":[\"Jer me se ti\u010de\",\"Marko Pavi\u0107\",\"politikanti\"],\"articleSection\":[\"Dru\u0161tvo\"],\"inLanguage\":\"en-US\"},{\"@type\":\"WebPage\",\"@id\":\"https:\/\/www.prijedordanas.com\/?p=23515\",\"url\":\"https:\/\/www.prijedordanas.com\/?p=23515\",\"name\":\"PAVI\u0106: POLITIKANTI NE\u0106E NARU\u0160ITI DOBRE ME\u0110UNACIONALNE ODNOSE - PrijedorDanas.com - Prijedorski gradski portal\",\"isPartOf\":{\"@id\":\"https:\/\/www.prijedordanas.com\/#website\"},\"datePublished\":\"2015-05-31T15:04:48+00:00\",\"dateModified\":\"2015-05-31T15:04:48+00:00\",\"breadcrumb\":{\"@id\":\"https:\/\/www.prijedordanas.com\/?p=23515#breadcrumb\"},\"inLanguage\":\"en-US\",\"potentialAction\":[{\"@type\":\"ReadAction\",\"target\":[\"https:\/\/www.prijedordanas.com\/?p=23515\"]}]},{\"@type\":\"BreadcrumbList\",\"@id\":\"https:\/\/www.prijedordanas.com\/?p=23515#breadcrumb\",\"itemListElement\":[{\"@type\":\"ListItem\",\"position\":1,\"name\":\"Home\",\"item\":\"https:\/\/www.prijedordanas.com\/\"},{\"@type\":\"ListItem\",\"position\":2,\"name\":\"PAVI\u0106: POLITIKANTI NE\u0106E NARU\u0160ITI DOBRE ME\u0110UNACIONALNE ODNOSE\"}]},{\"@type\":\"WebSite\",\"@id\":\"https:\/\/www.prijedordanas.com\/#website\",\"url\":\"https:\/\/www.prijedordanas.com\/\",\"name\":\"PrijedorDanas.com - Prijedorski gradski portal\",\"description\":\"Portal o doga\u0111anjima u gradu Prijedoru\",\"publisher\":{\"@id\":\"https:\/\/www.prijedordanas.com\/#organization\"},\"potentialAction\":[{\"@type\":\"SearchAction\",\"target\":{\"@type\":\"EntryPoint\",\"urlTemplate\":\"https:\/\/www.prijedordanas.com\/?s={search_term_string}\"},\"query-input\":\"required name=search_term_string\"}],\"inLanguage\":\"en-US\"},{\"@type\":\"Organization\",\"@id\":\"https:\/\/www.prijedordanas.com\/#organization\",\"name\":\"PrijedorDanas.com\",\"url\":\"https:\/\/www.prijedordanas.com\/\",\"logo\":{\"@type\":\"ImageObject\",\"inLanguage\":\"en-US\",\"@id\":\"https:\/\/www.prijedordanas.com\/#\/schema\/logo\/image\/\",\"url\":\"http:\/\/www.prijedordanas.com\/wp-content\/uploads\/2021\/12\/logopng.png\",\"contentUrl\":\"http:\/\/www.prijedordanas.com\/wp-content\/uploads\/2021\/12\/logopng.png\",\"width\":1019,\"height\":776,\"caption\":\"PrijedorDanas.com\"},\"image\":{\"@id\":\"https:\/\/www.prijedordanas.com\/#\/schema\/logo\/image\/\"},\"sameAs\":[\"https:\/\/www.facebook.com\/PrijedorDanasCom\/\"]},{\"@type\":\"Person\",\"@id\":\"https:\/\/www.prijedordanas.com\/#\/schema\/person\/4e08ccf29b506ca916ff86d46bb700e6\",\"name\":\"admin\",\"image\":{\"@type\":\"ImageObject\",\"inLanguage\":\"en-US\",\"@id\":\"https:\/\/www.prijedordanas.com\/#\/schema\/person\/image\/\",\"url\":\"https:\/\/secure.gravatar.com\/avatar\/1d3fc949d550f0b53a5f0d51e06dfd79?s=96&d=mm&r=g\",\"contentUrl\":\"https:\/\/secure.gravatar.com\/avatar\/1d3fc949d550f0b53a5f0d51e06dfd79?s=96&d=mm&r=g\",\"caption\":\"admin\"},\"url\":\"https:\/\/www.prijedordanas.com\/?author=1\"}]}<\/script>\n<!-- \/ Yoast SEO plugin. -->","yoast_head_json":{"title":"PAVI\u0106: POLITIKANTI NE\u0106E NARU\u0160ITI DOBRE ME\u0110UNACIONALNE ODNOSE - PrijedorDanas.com - Prijedorski gradski portal","robots":{"index":"index","follow":"follow","max-snippet":"max-snippet:-1","max-image-preview":"max-image-preview:large","max-video-preview":"max-video-preview:-1"},"canonical":"https:\/\/www.prijedordanas.com\/?p=23515","og_locale":"en_US","og_type":"article","og_title":"PAVI\u0106: POLITIKANTI NE\u0106E NARU\u0160ITI DOBRE ME\u0110UNACIONALNE ODNOSE - PrijedorDanas.com - Prijedorski gradski portal","og_description":"Gradona\u010delnik Prijedora Marko Pavi\u0107 izjavio je danas da je razo\u010daran onima koji su stavili bijelu traku na spomenik doktoru Mladenu Stojanovi\u0107u ispred zgrade gradske uprave i poru\u010dio da politikanti ne\u0107e [&hellip;]","og_url":"https:\/\/www.prijedordanas.com\/?p=23515","og_site_name":"PrijedorDanas.com - Prijedorski gradski portal","article_publisher":"https:\/\/www.facebook.com\/PrijedorDanasCom\/","article_published_time":"2015-05-31T15:04:48+00:00","og_image":[{"url":"https:\/\/www.prijedordanas.com\/wp-content\/uploads\/2015\/05\/srna-pavic-politikanti-nece-narusiti-medjunacionalne-odnose-300x201.jpg"}],"author":"admin","twitter_card":"summary_large_image","twitter_misc":{"Written by":"admin","Est. reading time":"2 minutes"},"schema":{"@context":"https:\/\/schema.org","@graph":[{"@type":"Article","@id":"https:\/\/www.prijedordanas.com\/?p=23515#article","isPartOf":{"@id":"https:\/\/www.prijedordanas.com\/?p=23515"},"author":{"name":"admin","@id":"https:\/\/www.prijedordanas.com\/#\/schema\/person\/4e08ccf29b506ca916ff86d46bb700e6"},"headline":"PAVI\u0106: POLITIKANTI NE\u0106E NARU\u0160ITI DOBRE ME\u0110UNACIONALNE ODNOSE","datePublished":"2015-05-31T15:04:48+00:00","dateModified":"2015-05-31T15:04:48+00:00","mainEntityOfPage":{"@id":"https:\/\/www.prijedordanas.com\/?p=23515"},"wordCount":365,"publisher":{"@id":"https:\/\/www.prijedordanas.com\/#organization"},"keywords":["Jer me se ti\u010de","Marko Pavi\u0107","politikanti"],"articleSection":["Dru\u0161tvo"],"inLanguage":"en-US"},{"@type":"WebPage","@id":"https:\/\/www.prijedordanas.com\/?p=23515","url":"https:\/\/www.prijedordanas.com\/?p=23515","name":"PAVI\u0106: POLITIKANTI NE\u0106E NARU\u0160ITI DOBRE ME\u0110UNACIONALNE ODNOSE - PrijedorDanas.com - Prijedorski gradski portal","isPartOf":{"@id":"https:\/\/www.prijedordanas.com\/#website"},"datePublished":"2015-05-31T15:04:48+00:00","dateModified":"2015-05-31T15:04:48+00:00","breadcrumb":{"@id":"https:\/\/www.prijedordanas.com\/?p=23515#breadcrumb"},"inLanguage":"en-US","potentialAction":[{"@type":"ReadAction","target":["https:\/\/www.prijedordanas.com\/?p=23515"]}]},{"@type":"BreadcrumbList","@id":"https:\/\/www.prijedordanas.com\/?p=23515#breadcrumb","itemListElement":[{"@type":"ListItem","position":1,"name":"Home","item":"https:\/\/www.prijedordanas.com\/"},{"@type":"ListItem","position":2,"name":"PAVI\u0106: POLITIKANTI NE\u0106E NARU\u0160ITI DOBRE ME\u0110UNACIONALNE ODNOSE"}]},{"@type":"WebSite","@id":"https:\/\/www.prijedordanas.com\/#website","url":"https:\/\/www.prijedordanas.com\/","name":"PrijedorDanas.com - Prijedorski gradski portal","description":"Portal o doga\u0111anjima u gradu Prijedoru","publisher":{"@id":"https:\/\/www.prijedordanas.com\/#organization"},"potentialAction":[{"@type":"SearchAction","target":{"@type":"EntryPoint","urlTemplate":"https:\/\/www.prijedordanas.com\/?s={search_term_string}"},"query-input":"required name=search_term_string"}],"inLanguage":"en-US"},{"@type":"Organization","@id":"https:\/\/www.prijedordanas.com\/#organization","name":"PrijedorDanas.com","url":"https:\/\/www.prijedordanas.com\/","logo":{"@type":"ImageObject","inLanguage":"en-US","@id":"https:\/\/www.prijedordanas.com\/#\/schema\/logo\/image\/","url":"http:\/\/www.prijedordanas.com\/wp-content\/uploads\/2021\/12\/logopng.png","contentUrl":"http:\/\/www.prijedordanas.com\/wp-content\/uploads\/2021\/12\/logopng.png","width":1019,"height":776,"caption":"PrijedorDanas.com"},"image":{"@id":"https:\/\/www.prijedordanas.com\/#\/schema\/logo\/image\/"},"sameAs":["https:\/\/www.facebook.com\/PrijedorDanasCom\/"]},{"@type":"Person","@id":"https:\/\/www.prijedordanas.com\/#\/schema\/person\/4e08ccf29b506ca916ff86d46bb700e6","name":"admin","image":{"@type":"ImageObject","inLanguage":"en-US","@id":"https:\/\/www.prijedordanas.com\/#\/schema\/person\/image\/","url":"https:\/\/secure.gravatar.com\/avatar\/1d3fc949d550f0b53a5f0d51e06dfd79?s=96&d=mm&r=g","contentUrl":"https:\/\/secure.gravatar.com\/avatar\/1d3fc949d550f0b53a5f0d51e06dfd79?s=96&d=mm&r=g","caption":"admin"},"url":"https:\/\/www.prijedordanas.com\/?author=1"}]}},"_links":{"self":[{"href":"https:\/\/www.prijedordanas.com\/index.php?rest_route=\/wp\/v2\/posts\/23515"}],"collection":[{"href":"https:\/\/www.prijedordanas.com\/index.php?rest_route=\/wp\/v2\/posts"}],"about":[{"href":"https:\/\/www.prijedordanas.com\/index.php?rest_route=\/wp\/v2\/types\/post"}],"author":[{"embeddable":true,"href":"https:\/\/www.prijedordanas.com\/index.php?rest_route=\/wp\/v2\/users\/1"}],"replies":[{"embeddable":true,"href":"https:\/\/www.prijedordanas.com\/index.php?rest_route=%2Fwp%2Fv2%2Fcomments&post=23515"}],"version-history":[{"count":1,"href":"https:\/\/www.prijedordanas.com\/index.php?rest_route=\/wp\/v2\/posts\/23515\/revisions"}],"predecessor-version":[{"id":23516,"href":"https:\/\/www.prijedordanas.com\/index.php?rest_route=\/wp\/v2\/posts\/23515\/revisions\/23516"}],"wp:attachment":[{"href":"https:\/\/www.prijedordanas.com\/index.php?rest_route=%2Fwp%2Fv2%2Fmedia&parent=23515"}],"wp:term":[{"taxonomy":"category","embeddable":true,"href":"https:\/\/www.prijedordanas.com\/index.php?rest_route=%2Fwp%2Fv2%2Fcategories&post=23515"},{"taxonomy":"post_tag","embeddable":true,"href":"https:\/\/www.prijedordanas.com\/index.php?rest_route=%2Fwp%2Fv2%2Ftags&post=23515"}],"curies":[{"name":"wp","href":"https:\/\/api.w.org\/{rel}","templated":true}]}}