{"id":234879,"date":"2024-10-09T20:13:21","date_gmt":"2024-10-09T18:13:21","guid":{"rendered":"https:\/\/www.prijedordanas.com\/?p=234879"},"modified":"2024-10-09T20:13:21","modified_gmt":"2024-10-09T18:13:21","slug":"prijedorski-predskolci-i-osnovci-na-likovnoj-radionici-pred-galerijom-sreten-stojanovic-foto-video","status":"publish","type":"post","link":"https:\/\/www.prijedordanas.com\/?p=234879","title":{"rendered":"Prijedorski pred\u0161kolci i osnovci na likovnoj radionici pred Galerijom &#8220;Sreten Stojanovi\u0107&#8221; &#8211; FOTO\/VIDEO"},"content":{"rendered":"<p><a href=\"https:\/\/www.prijedordanas.com\/wp-content\/uploads\/2024\/10\/prijedorgradorg-galerija-likovna-radionica-1.jpg\"><img loading=\"lazy\" decoding=\"async\" class=\"alignleft size-medium wp-image-234880\" src=\"https:\/\/www.prijedordanas.com\/wp-content\/uploads\/2024\/10\/prijedorgradorg-galerija-likovna-radionica-1-300x226.jpg\" alt=\"\" width=\"300\" height=\"226\" srcset=\"https:\/\/www.prijedordanas.com\/wp-content\/uploads\/2024\/10\/prijedorgradorg-galerija-likovna-radionica-1-300x226.jpg 300w, https:\/\/www.prijedordanas.com\/wp-content\/uploads\/2024\/10\/prijedorgradorg-galerija-likovna-radionica-1-640x480.jpg 640w, https:\/\/www.prijedordanas.com\/wp-content\/uploads\/2024\/10\/prijedorgradorg-galerija-likovna-radionica-1.jpg 665w\" sizes=\"(max-width: 300px) 100vw, 300px\" \/><\/a>Galerija \u201cSreten Stojanovi\u0107\u201d bila je doma\u0107in likovne radionice za djecu na otvorenom, povodom Nedjelje djeteta. Mali\u0161ani iz vrti\u0107a \u201cMiki i Mini\u201d crtali su kredama po plo\u010dniku, dok su u\u010denici Osnovne \u0161kole \u201cDositej Obradovi\u0107\u201d imali priliku da po prvi put slikaju na platnu na \u0161tafelaju.<\/p>\n<p>\u201cIna\u010de volim da slikam u slobodno vrijeme, a ovo je veoma lijepo iskustvo za mene. Prvi put slikam ispred prijedorske galerije\u201d, rekla je trinaestogodi\u0161nja Marija Davidovi\u0107.<\/p>\n<p>Ovo je i dobar povod da se me\u0111u mladima otkriju likovni talenti, rekao je direktor Galerije Boris Eremi\u0107. On je podsjetio da Prijedor va\u017ei za grad slikara, pa je, kako je rekao, logi\u010dno da u Nedjelji djeteta sve institucije u\u010destvuju u tom kreativnom, umjetni\u010dkom fonu.<\/p>\n<p>\u201cGalerija ve\u0107 godinama, u saradnji s Gradskom upravom Prijedor, poma\u017ee u organizaciji manifestacija u okviru Nedjelje djeteta. Ovog puta su nam u posjeti mali\u0161ani iz vrti\u0107a \u2018Miki i Mini\u2019 i u\u010denici O\u0160 \u2018Dositej Obradovi\u0107\u2019 zajedno sa svojim profesorom, slikarom Zoranom Radonji\u0107em. O\u010dekujemo lijepo dru\u017eenje u ovom kreativnom, \u0161arenom ambijentu, a rezultati \u0107e se vidjeti ve\u0107 u \u010detvrtak na izlo\u017ebi u Pozori\u0161tu Prijedor\u201d, naveo je Eremi\u0107.<\/p>\n<p><strong><a href=\"https:\/\/kozarski.com\/predskolci-i-osnovci-na-likovnoj-radionici-pred-galerijom\/\" target=\"_blank\" rel=\"noopener\">kozarski.com<\/a><\/strong><\/p>\n<p><a href=\"https:\/\/www.prijedordanas.com\/wp-content\/uploads\/2024\/10\/kozarski-galerija-likovna-radionica-osnovci-srednjoskolci-2.jpg\"><img loading=\"lazy\" decoding=\"async\" class=\"alignleft size-medium wp-image-234881\" src=\"https:\/\/www.prijedordanas.com\/wp-content\/uploads\/2024\/10\/kozarski-galerija-likovna-radionica-osnovci-srednjoskolci-2-300x169.jpg\" alt=\"\" width=\"300\" height=\"169\" srcset=\"https:\/\/www.prijedordanas.com\/wp-content\/uploads\/2024\/10\/kozarski-galerija-likovna-radionica-osnovci-srednjoskolci-2-300x169.jpg 300w, https:\/\/www.prijedordanas.com\/wp-content\/uploads\/2024\/10\/kozarski-galerija-likovna-radionica-osnovci-srednjoskolci-2.jpg 600w\" sizes=\"(max-width: 300px) 100vw, 300px\" \/><\/a> <a href=\"https:\/\/www.prijedordanas.com\/wp-content\/uploads\/2024\/10\/kozarski-galerija-likovna-radionica-osnovci-srednjoskolci-4.jpg\"><img loading=\"lazy\" decoding=\"async\" class=\"alignleft size-medium wp-image-234882\" src=\"https:\/\/www.prijedordanas.com\/wp-content\/uploads\/2024\/10\/kozarski-galerija-likovna-radionica-osnovci-srednjoskolci-4-300x203.jpg\" alt=\"\" width=\"300\" height=\"203\" srcset=\"https:\/\/www.prijedordanas.com\/wp-content\/uploads\/2024\/10\/kozarski-galerija-likovna-radionica-osnovci-srednjoskolci-4-300x203.jpg 300w, https:\/\/www.prijedordanas.com\/wp-content\/uploads\/2024\/10\/kozarski-galerija-likovna-radionica-osnovci-srednjoskolci-4.jpg 600w\" sizes=\"(max-width: 300px) 100vw, 300px\" \/><\/a> <a href=\"https:\/\/www.prijedordanas.com\/wp-content\/uploads\/2024\/10\/kozarski-galerija-likovna-radionica-osnovci-srednjoskolci-4-1.jpg\"><img loading=\"lazy\" decoding=\"async\" class=\"alignleft size-medium wp-image-234883\" src=\"https:\/\/www.prijedordanas.com\/wp-content\/uploads\/2024\/10\/kozarski-galerija-likovna-radionica-osnovci-srednjoskolci-4-1-300x203.jpg\" alt=\"\" width=\"300\" height=\"203\" srcset=\"https:\/\/www.prijedordanas.com\/wp-content\/uploads\/2024\/10\/kozarski-galerija-likovna-radionica-osnovci-srednjoskolci-4-1-300x203.jpg 300w, https:\/\/www.prijedordanas.com\/wp-content\/uploads\/2024\/10\/kozarski-galerija-likovna-radionica-osnovci-srednjoskolci-4-1.jpg 600w\" sizes=\"(max-width: 300px) 100vw, 300px\" \/><\/a> <a href=\"https:\/\/www.prijedordanas.com\/wp-content\/uploads\/2024\/10\/prijedorgradorg-galerija-likovna-radionica-2.jpg\"><img loading=\"lazy\" decoding=\"async\" class=\"alignleft size-medium wp-image-234884\" src=\"https:\/\/www.prijedordanas.com\/wp-content\/uploads\/2024\/10\/prijedorgradorg-galerija-likovna-radionica-2-300x139.jpg\" alt=\"\" width=\"300\" height=\"139\" srcset=\"https:\/\/www.prijedordanas.com\/wp-content\/uploads\/2024\/10\/prijedorgradorg-galerija-likovna-radionica-2-300x139.jpg 300w, https:\/\/www.prijedordanas.com\/wp-content\/uploads\/2024\/10\/prijedorgradorg-galerija-likovna-radionica-2.jpg 600w\" sizes=\"(max-width: 300px) 100vw, 300px\" \/><\/a> <a href=\"https:\/\/www.prijedordanas.com\/wp-content\/uploads\/2024\/10\/kozarski-galerija-likovna-radionica-osnovci-srednjoskolci-1.jpg\"><img loading=\"lazy\" decoding=\"async\" class=\"alignleft size-medium wp-image-234885\" src=\"https:\/\/www.prijedordanas.com\/wp-content\/uploads\/2024\/10\/kozarski-galerija-likovna-radionica-osnovci-srednjoskolci-1-300x225.jpg\" alt=\"\" width=\"300\" height=\"225\" srcset=\"https:\/\/www.prijedordanas.com\/wp-content\/uploads\/2024\/10\/kozarski-galerija-likovna-radionica-osnovci-srednjoskolci-1-300x225.jpg 300w, https:\/\/www.prijedordanas.com\/wp-content\/uploads\/2024\/10\/kozarski-galerija-likovna-radionica-osnovci-srednjoskolci-1-640x480.jpg 640w, https:\/\/www.prijedordanas.com\/wp-content\/uploads\/2024\/10\/kozarski-galerija-likovna-radionica-osnovci-srednjoskolci-1.jpg 667w\" sizes=\"(max-width: 300px) 100vw, 300px\" \/><\/a><\/p>\n<p><iframe loading=\"lazy\" title=\"LIKOVNA RADIONICA NA OTVORENOM\" width=\"500\" height=\"281\" src=\"https:\/\/www.youtube.com\/embed\/fcqtb-uNy7E?feature=oembed\" frameborder=\"0\" allow=\"accelerometer; autoplay; clipboard-write; encrypted-media; gyroscope; picture-in-picture; web-share\" referrerpolicy=\"strict-origin-when-cross-origin\" allowfullscreen><\/iframe><\/p>\n","protected":false},"excerpt":{"rendered":"<p>Galerija \u201cSreten Stojanovi\u0107\u201d bila je doma\u0107in likovne radionice za djecu na otvorenom, povodom Nedjelje djeteta. Mali\u0161ani iz vrti\u0107a \u201cMiki i Mini\u201d crtali su kredama po plo\u010dniku, dok su u\u010denici Osnovne [&hellip;]<\/p>\n","protected":false},"author":1,"featured_media":0,"comment_status":"closed","ping_status":"open","sticky":false,"template":"","format":"standard","meta":{"_monsterinsights_skip_tracking":false,"_monsterinsights_sitenote_active":false,"_monsterinsights_sitenote_note":"","_monsterinsights_sitenote_category":0,"footnotes":""},"categories":[7518],"tags":[],"yoast_head":"<!-- This site is optimized with the Yoast SEO plugin v21.6 - https:\/\/yoast.com\/wordpress\/plugins\/seo\/ -->\n<title>Prijedorski pred\u0161kolci i osnovci na likovnoj radionici pred Galerijom &quot;Sreten Stojanovi\u0107&quot; - FOTO\/VIDEO - PrijedorDanas.com - Prijedorski gradski portal<\/title>\n<meta name=\"robots\" content=\"index, follow, max-snippet:-1, max-image-preview:large, max-video-preview:-1\" \/>\n<link rel=\"canonical\" href=\"https:\/\/www.prijedordanas.com\/?p=234879\" \/>\n<meta property=\"og:locale\" content=\"en_US\" \/>\n<meta property=\"og:type\" content=\"article\" \/>\n<meta property=\"og:title\" content=\"Prijedorski pred\u0161kolci i osnovci na likovnoj radionici pred Galerijom &quot;Sreten Stojanovi\u0107&quot; - FOTO\/VIDEO - PrijedorDanas.com - Prijedorski gradski portal\" \/>\n<meta property=\"og:description\" content=\"Galerija \u201cSreten Stojanovi\u0107\u201d bila je doma\u0107in likovne radionice za djecu na otvorenom, povodom Nedjelje djeteta. Mali\u0161ani iz vrti\u0107a \u201cMiki i Mini\u201d crtali su kredama po plo\u010dniku, dok su u\u010denici Osnovne [&hellip;]\" \/>\n<meta property=\"og:url\" content=\"https:\/\/www.prijedordanas.com\/?p=234879\" \/>\n<meta property=\"og:site_name\" content=\"PrijedorDanas.com - Prijedorski gradski portal\" \/>\n<meta property=\"article:publisher\" content=\"https:\/\/www.facebook.com\/PrijedorDanasCom\/\" \/>\n<meta property=\"article:published_time\" content=\"2024-10-09T18:13:21+00:00\" \/>\n<meta property=\"og:image\" content=\"https:\/\/www.prijedordanas.com\/wp-content\/uploads\/2024\/10\/prijedorgradorg-galerija-likovna-radionica-1-300x226.jpg\" \/>\n<meta name=\"author\" content=\"admin\" \/>\n<meta name=\"twitter:card\" content=\"summary_large_image\" \/>\n<meta name=\"twitter:label1\" content=\"Written by\" \/>\n\t<meta name=\"twitter:data1\" content=\"admin\" \/>\n\t<meta name=\"twitter:label2\" content=\"Est. reading time\" \/>\n\t<meta name=\"twitter:data2\" content=\"2 minutes\" \/>\n<script type=\"application\/ld+json\" class=\"yoast-schema-graph\">{\"@context\":\"https:\/\/schema.org\",\"@graph\":[{\"@type\":\"Article\",\"@id\":\"https:\/\/www.prijedordanas.com\/?p=234879#article\",\"isPartOf\":{\"@id\":\"https:\/\/www.prijedordanas.com\/?p=234879\"},\"author\":{\"name\":\"admin\",\"@id\":\"https:\/\/www.prijedordanas.com\/#\/schema\/person\/4e08ccf29b506ca916ff86d46bb700e6\"},\"headline\":\"Prijedorski pred\u0161kolci i osnovci na likovnoj radionici pred Galerijom &#8220;Sreten Stojanovi\u0107&#8221; &#8211; FOTO\/VIDEO\",\"datePublished\":\"2024-10-09T18:13:21+00:00\",\"dateModified\":\"2024-10-09T18:13:21+00:00\",\"mainEntityOfPage\":{\"@id\":\"https:\/\/www.prijedordanas.com\/?p=234879\"},\"wordCount\":227,\"publisher\":{\"@id\":\"https:\/\/www.prijedordanas.com\/#organization\"},\"articleSection\":[\"Mladi\"],\"inLanguage\":\"en-US\"},{\"@type\":\"WebPage\",\"@id\":\"https:\/\/www.prijedordanas.com\/?p=234879\",\"url\":\"https:\/\/www.prijedordanas.com\/?p=234879\",\"name\":\"Prijedorski pred\u0161kolci i osnovci na likovnoj radionici pred Galerijom \\\"Sreten Stojanovi\u0107\\\" - FOTO\/VIDEO - PrijedorDanas.com - Prijedorski gradski portal\",\"isPartOf\":{\"@id\":\"https:\/\/www.prijedordanas.com\/#website\"},\"datePublished\":\"2024-10-09T18:13:21+00:00\",\"dateModified\":\"2024-10-09T18:13:21+00:00\",\"breadcrumb\":{\"@id\":\"https:\/\/www.prijedordanas.com\/?p=234879#breadcrumb\"},\"inLanguage\":\"en-US\",\"potentialAction\":[{\"@type\":\"ReadAction\",\"target\":[\"https:\/\/www.prijedordanas.com\/?p=234879\"]}]},{\"@type\":\"BreadcrumbList\",\"@id\":\"https:\/\/www.prijedordanas.com\/?p=234879#breadcrumb\",\"itemListElement\":[{\"@type\":\"ListItem\",\"position\":1,\"name\":\"Home\",\"item\":\"https:\/\/www.prijedordanas.com\/\"},{\"@type\":\"ListItem\",\"position\":2,\"name\":\"Prijedorski pred\u0161kolci i osnovci na likovnoj radionici pred Galerijom &#8220;Sreten Stojanovi\u0107&#8221; &#8211; FOTO\/VIDEO\"}]},{\"@type\":\"WebSite\",\"@id\":\"https:\/\/www.prijedordanas.com\/#website\",\"url\":\"https:\/\/www.prijedordanas.com\/\",\"name\":\"PrijedorDanas.com - Prijedorski gradski portal\",\"description\":\"Portal o doga\u0111anjima u gradu Prijedoru\",\"publisher\":{\"@id\":\"https:\/\/www.prijedordanas.com\/#organization\"},\"potentialAction\":[{\"@type\":\"SearchAction\",\"target\":{\"@type\":\"EntryPoint\",\"urlTemplate\":\"https:\/\/www.prijedordanas.com\/?s={search_term_string}\"},\"query-input\":\"required name=search_term_string\"}],\"inLanguage\":\"en-US\"},{\"@type\":\"Organization\",\"@id\":\"https:\/\/www.prijedordanas.com\/#organization\",\"name\":\"PrijedorDanas.com\",\"url\":\"https:\/\/www.prijedordanas.com\/\",\"logo\":{\"@type\":\"ImageObject\",\"inLanguage\":\"en-US\",\"@id\":\"https:\/\/www.prijedordanas.com\/#\/schema\/logo\/image\/\",\"url\":\"http:\/\/www.prijedordanas.com\/wp-content\/uploads\/2021\/12\/logopng.png\",\"contentUrl\":\"http:\/\/www.prijedordanas.com\/wp-content\/uploads\/2021\/12\/logopng.png\",\"width\":1019,\"height\":776,\"caption\":\"PrijedorDanas.com\"},\"image\":{\"@id\":\"https:\/\/www.prijedordanas.com\/#\/schema\/logo\/image\/\"},\"sameAs\":[\"https:\/\/www.facebook.com\/PrijedorDanasCom\/\"]},{\"@type\":\"Person\",\"@id\":\"https:\/\/www.prijedordanas.com\/#\/schema\/person\/4e08ccf29b506ca916ff86d46bb700e6\",\"name\":\"admin\",\"image\":{\"@type\":\"ImageObject\",\"inLanguage\":\"en-US\",\"@id\":\"https:\/\/www.prijedordanas.com\/#\/schema\/person\/image\/\",\"url\":\"https:\/\/secure.gravatar.com\/avatar\/1d3fc949d550f0b53a5f0d51e06dfd79?s=96&d=mm&r=g\",\"contentUrl\":\"https:\/\/secure.gravatar.com\/avatar\/1d3fc949d550f0b53a5f0d51e06dfd79?s=96&d=mm&r=g\",\"caption\":\"admin\"},\"url\":\"https:\/\/www.prijedordanas.com\/?author=1\"}]}<\/script>\n<!-- \/ Yoast SEO plugin. -->","yoast_head_json":{"title":"Prijedorski pred\u0161kolci i osnovci na likovnoj radionici pred Galerijom \"Sreten Stojanovi\u0107\" - FOTO\/VIDEO - PrijedorDanas.com - Prijedorski gradski portal","robots":{"index":"index","follow":"follow","max-snippet":"max-snippet:-1","max-image-preview":"max-image-preview:large","max-video-preview":"max-video-preview:-1"},"canonical":"https:\/\/www.prijedordanas.com\/?p=234879","og_locale":"en_US","og_type":"article","og_title":"Prijedorski pred\u0161kolci i osnovci na likovnoj radionici pred Galerijom \"Sreten Stojanovi\u0107\" - FOTO\/VIDEO - PrijedorDanas.com - Prijedorski gradski portal","og_description":"Galerija \u201cSreten Stojanovi\u0107\u201d bila je doma\u0107in likovne radionice za djecu na otvorenom, povodom Nedjelje djeteta. Mali\u0161ani iz vrti\u0107a \u201cMiki i Mini\u201d crtali su kredama po plo\u010dniku, dok su u\u010denici Osnovne [&hellip;]","og_url":"https:\/\/www.prijedordanas.com\/?p=234879","og_site_name":"PrijedorDanas.com - Prijedorski gradski portal","article_publisher":"https:\/\/www.facebook.com\/PrijedorDanasCom\/","article_published_time":"2024-10-09T18:13:21+00:00","og_image":[{"url":"https:\/\/www.prijedordanas.com\/wp-content\/uploads\/2024\/10\/prijedorgradorg-galerija-likovna-radionica-1-300x226.jpg"}],"author":"admin","twitter_card":"summary_large_image","twitter_misc":{"Written by":"admin","Est. reading time":"2 minutes"},"schema":{"@context":"https:\/\/schema.org","@graph":[{"@type":"Article","@id":"https:\/\/www.prijedordanas.com\/?p=234879#article","isPartOf":{"@id":"https:\/\/www.prijedordanas.com\/?p=234879"},"author":{"name":"admin","@id":"https:\/\/www.prijedordanas.com\/#\/schema\/person\/4e08ccf29b506ca916ff86d46bb700e6"},"headline":"Prijedorski pred\u0161kolci i osnovci na likovnoj radionici pred Galerijom &#8220;Sreten Stojanovi\u0107&#8221; &#8211; FOTO\/VIDEO","datePublished":"2024-10-09T18:13:21+00:00","dateModified":"2024-10-09T18:13:21+00:00","mainEntityOfPage":{"@id":"https:\/\/www.prijedordanas.com\/?p=234879"},"wordCount":227,"publisher":{"@id":"https:\/\/www.prijedordanas.com\/#organization"},"articleSection":["Mladi"],"inLanguage":"en-US"},{"@type":"WebPage","@id":"https:\/\/www.prijedordanas.com\/?p=234879","url":"https:\/\/www.prijedordanas.com\/?p=234879","name":"Prijedorski pred\u0161kolci i osnovci na likovnoj radionici pred Galerijom \"Sreten Stojanovi\u0107\" - FOTO\/VIDEO - PrijedorDanas.com - Prijedorski gradski portal","isPartOf":{"@id":"https:\/\/www.prijedordanas.com\/#website"},"datePublished":"2024-10-09T18:13:21+00:00","dateModified":"2024-10-09T18:13:21+00:00","breadcrumb":{"@id":"https:\/\/www.prijedordanas.com\/?p=234879#breadcrumb"},"inLanguage":"en-US","potentialAction":[{"@type":"ReadAction","target":["https:\/\/www.prijedordanas.com\/?p=234879"]}]},{"@type":"BreadcrumbList","@id":"https:\/\/www.prijedordanas.com\/?p=234879#breadcrumb","itemListElement":[{"@type":"ListItem","position":1,"name":"Home","item":"https:\/\/www.prijedordanas.com\/"},{"@type":"ListItem","position":2,"name":"Prijedorski pred\u0161kolci i osnovci na likovnoj radionici pred Galerijom &#8220;Sreten Stojanovi\u0107&#8221; &#8211; FOTO\/VIDEO"}]},{"@type":"WebSite","@id":"https:\/\/www.prijedordanas.com\/#website","url":"https:\/\/www.prijedordanas.com\/","name":"PrijedorDanas.com - Prijedorski gradski portal","description":"Portal o doga\u0111anjima u gradu Prijedoru","publisher":{"@id":"https:\/\/www.prijedordanas.com\/#organization"},"potentialAction":[{"@type":"SearchAction","target":{"@type":"EntryPoint","urlTemplate":"https:\/\/www.prijedordanas.com\/?s={search_term_string}"},"query-input":"required name=search_term_string"}],"inLanguage":"en-US"},{"@type":"Organization","@id":"https:\/\/www.prijedordanas.com\/#organization","name":"PrijedorDanas.com","url":"https:\/\/www.prijedordanas.com\/","logo":{"@type":"ImageObject","inLanguage":"en-US","@id":"https:\/\/www.prijedordanas.com\/#\/schema\/logo\/image\/","url":"http:\/\/www.prijedordanas.com\/wp-content\/uploads\/2021\/12\/logopng.png","contentUrl":"http:\/\/www.prijedordanas.com\/wp-content\/uploads\/2021\/12\/logopng.png","width":1019,"height":776,"caption":"PrijedorDanas.com"},"image":{"@id":"https:\/\/www.prijedordanas.com\/#\/schema\/logo\/image\/"},"sameAs":["https:\/\/www.facebook.com\/PrijedorDanasCom\/"]},{"@type":"Person","@id":"https:\/\/www.prijedordanas.com\/#\/schema\/person\/4e08ccf29b506ca916ff86d46bb700e6","name":"admin","image":{"@type":"ImageObject","inLanguage":"en-US","@id":"https:\/\/www.prijedordanas.com\/#\/schema\/person\/image\/","url":"https:\/\/secure.gravatar.com\/avatar\/1d3fc949d550f0b53a5f0d51e06dfd79?s=96&d=mm&r=g","contentUrl":"https:\/\/secure.gravatar.com\/avatar\/1d3fc949d550f0b53a5f0d51e06dfd79?s=96&d=mm&r=g","caption":"admin"},"url":"https:\/\/www.prijedordanas.com\/?author=1"}]}},"_links":{"self":[{"href":"https:\/\/www.prijedordanas.com\/index.php?rest_route=\/wp\/v2\/posts\/234879"}],"collection":[{"href":"https:\/\/www.prijedordanas.com\/index.php?rest_route=\/wp\/v2\/posts"}],"about":[{"href":"https:\/\/www.prijedordanas.com\/index.php?rest_route=\/wp\/v2\/types\/post"}],"author":[{"embeddable":true,"href":"https:\/\/www.prijedordanas.com\/index.php?rest_route=\/wp\/v2\/users\/1"}],"replies":[{"embeddable":true,"href":"https:\/\/www.prijedordanas.com\/index.php?rest_route=%2Fwp%2Fv2%2Fcomments&post=234879"}],"version-history":[{"count":1,"href":"https:\/\/www.prijedordanas.com\/index.php?rest_route=\/wp\/v2\/posts\/234879\/revisions"}],"predecessor-version":[{"id":234886,"href":"https:\/\/www.prijedordanas.com\/index.php?rest_route=\/wp\/v2\/posts\/234879\/revisions\/234886"}],"wp:attachment":[{"href":"https:\/\/www.prijedordanas.com\/index.php?rest_route=%2Fwp%2Fv2%2Fmedia&parent=234879"}],"wp:term":[{"taxonomy":"category","embeddable":true,"href":"https:\/\/www.prijedordanas.com\/index.php?rest_route=%2Fwp%2Fv2%2Fcategories&post=234879"},{"taxonomy":"post_tag","embeddable":true,"href":"https:\/\/www.prijedordanas.com\/index.php?rest_route=%2Fwp%2Fv2%2Ftags&post=234879"}],"curies":[{"name":"wp","href":"https:\/\/api.w.org\/{rel}","templated":true}]}}