{"id":234577,"date":"2024-10-04T21:20:37","date_gmt":"2024-10-04T19:20:37","guid":{"rendered":"https:\/\/www.prijedordanas.com\/?p=234577"},"modified":"2024-10-27T07:39:20","modified_gmt":"2024-10-27T06:39:20","slug":"u-fabrici-bosankar-u-prijedoru-uskoro-proizvodne-masine","status":"publish","type":"post","link":"https:\/\/www.prijedordanas.com\/?p=234577","title":{"rendered":"U fabrici &#8220;Bosankar&#8221; u Prijedoru uskoro proizvodne ma\u0161ine &#8211; VIDEO"},"content":{"rendered":"<p><a href=\"https:\/\/www.prijedordanas.com\/wp-content\/uploads\/2024\/10\/prijedorgradorg-bosankar-oktobar2024-1.jpg\"><img loading=\"lazy\" decoding=\"async\" class=\"alignleft size-medium wp-image-234578\" src=\"https:\/\/www.prijedordanas.com\/wp-content\/uploads\/2024\/10\/prijedorgradorg-bosankar-oktobar2024-1-300x225.jpg\" alt=\"\" width=\"300\" height=\"225\" srcset=\"https:\/\/www.prijedordanas.com\/wp-content\/uploads\/2024\/10\/prijedorgradorg-bosankar-oktobar2024-1-300x225.jpg 300w, https:\/\/www.prijedordanas.com\/wp-content\/uploads\/2024\/10\/prijedorgradorg-bosankar-oktobar2024-1-640x480.jpg 640w, https:\/\/www.prijedordanas.com\/wp-content\/uploads\/2024\/10\/prijedorgradorg-bosankar-oktobar2024-1.jpg 667w\" sizes=\"(max-width: 300px) 100vw, 300px\" \/><\/a>Ove godine talijanska firma \u201cBosankar\u201d, koja proizvodi kabine za industrijska vozila, obilje\u017eava dvadesetogodi\u0161njicu rada.<\/p>\n<p>Vlasnik \u0110uzepe Franki odlu\u010dio je da proizvodni pogon izgadi i u Prijedoru.<\/p>\n<p>Pohvalio je dobru saradnju sa predstavnicima lokalne zajednice, koje je pozvao da obi\u0111u novoizgra\u0111enu proizvodnu halu u kojoj \u0107e uskoro biti smje\u0161tene proizvodne ma\u0161ine i radnici.<\/p>\n<p>Franki isti\u010de da je u vremenu kada je tr\u017ei\u0161te u stalnoj evoluciji za investiranje potrebna vizija i puno hrabrosti.<\/p>\n<p>Po njegovim rije\u010dima, jedan od glavnih faktora za uspjeh je kvalitetna radna snaga.<\/p>\n<p><a href=\"https:\/\/www.prijedordanas.com\/wp-content\/uploads\/2024\/10\/prijedorgradorg-bosankar-oktobar2024-2.jpg\"><img loading=\"lazy\" decoding=\"async\" class=\"alignleft size-medium wp-image-234579\" src=\"https:\/\/www.prijedordanas.com\/wp-content\/uploads\/2024\/10\/prijedorgradorg-bosankar-oktobar2024-2-300x200.jpg\" alt=\"\" width=\"300\" height=\"200\" srcset=\"https:\/\/www.prijedordanas.com\/wp-content\/uploads\/2024\/10\/prijedorgradorg-bosankar-oktobar2024-2-300x200.jpg 300w, https:\/\/www.prijedordanas.com\/wp-content\/uploads\/2024\/10\/prijedorgradorg-bosankar-oktobar2024-2-480x320.jpg 480w, https:\/\/www.prijedordanas.com\/wp-content\/uploads\/2024\/10\/prijedorgradorg-bosankar-oktobar2024-2.jpg 600w\" sizes=\"(max-width: 300px) 100vw, 300px\" \/><\/a>\u201cNije dovoljno samo rad i finansije da bi se radili ovakvi projekti. Nije dovoljno imati ni najbolje klijente koji se nalaze na tr\u017ei\u0161tu. Nije dovoljno imati najmodernije ma\u0161ine i robote za proizvodnju. Potrebne su osobe koje \u0107e znati upravljati fabrikom. Ono \u0161to nam danas treba dosta je druga\u010dije u odnosu na ranija vremena. Jedan od glavnih uslova da bi jedna firma uspjela u budu\u0107nosti je odre\u0111ena radna snaga\u201d, rekao je Franki.<\/p>\n<p>Dodao je da je u ovim izazovnim vremenima za ovakve investicije potrebna vizija i puno hrabrosti, nagla\u0161avaju\u0107i da pod vizijom podrazumijeva predvi\u0111anje gdje \u0107e se dru\u0161tvo nalaziti kroz nekoliko godina.<\/p>\n<p>\u201cNe treba odlaziti iz ove zemlje, jer \u0107e se za deset godina ovdje bolje \u017eivjeti nego u Njema\u010dkoj\u201d, uvjeren je Franki.<\/p>\n<p><a href=\"https:\/\/www.prijedordanas.com\/wp-content\/uploads\/2024\/10\/prijedorgradorg-bosankar-oktobar2024-3.jpg\"><img loading=\"lazy\" decoding=\"async\" class=\"alignleft size-medium wp-image-234580\" src=\"https:\/\/www.prijedordanas.com\/wp-content\/uploads\/2024\/10\/prijedorgradorg-bosankar-oktobar2024-3-300x200.jpg\" alt=\"\" width=\"300\" height=\"200\" srcset=\"https:\/\/www.prijedordanas.com\/wp-content\/uploads\/2024\/10\/prijedorgradorg-bosankar-oktobar2024-3-300x200.jpg 300w, https:\/\/www.prijedordanas.com\/wp-content\/uploads\/2024\/10\/prijedorgradorg-bosankar-oktobar2024-3-480x320.jpg 480w, https:\/\/www.prijedordanas.com\/wp-content\/uploads\/2024\/10\/prijedorgradorg-bosankar-oktobar2024-3.jpg 600w\" sizes=\"(max-width: 300px) 100vw, 300px\" \/><\/a>Nagla\u0161avaju\u0107i da je ovo bitna investicija za Prijedor, talijanskom investitoru u ime lokalne zajednice zahvalio se Aleksandar Drlja\u010da, direktor Razvojne agencije PREDA.<\/p>\n<p>Pojasnio je i detalje vezane za novoizgra\u0111eni proizvodni pogon.<\/p>\n<p>\u201cOno \u0161to mi znamo i \u0161to je definisano kroz ugovore koji su potpisani jeste da \u0107e u kona\u010dnici ovdje biti zaposleno izme\u0111u 150 i 200 ljudi, da je ovo prva hala u nizu hala koju on planira napraviti na ovom podru\u010dju. Napomenu\u0107emo i da je ovo najve\u0107a hala trenutno koja se radi na teritoriji grada Prijedora od 6400 kvadrata i da\u0107e zna\u010dajan zamajac u razvoju privrede grada Prijedora\u201d, rekao je Drlja\u010da.<\/p>\n<p>Kada je u pitanju radna snaga, okosnicu proizvodnje u \u201cBosankaru\u201d \u010dini\u0107e zavariva\u010di, monteri i bravari, ali i visokoobrazovani kadrovi koji, po Frankijevim rije\u010dima, odmah mogu dobiti posao bez obzira \u0161to fabrika jo\u0161 nije po\u010dela sa radom.<\/p>\n<p><a href=\"https:\/\/www.prijedordanas.com\/wp-content\/uploads\/2024\/10\/prijedorgradorg-bosankar-oktobar2024-4.jpg\"><img loading=\"lazy\" decoding=\"async\" src=\"https:\/\/www.prijedordanas.com\/wp-content\/uploads\/2024\/10\/prijedorgradorg-bosankar-oktobar2024-4-300x200.jpg\" alt=\"\" width=\"300\" height=\"200\" class=\"alignleft size-medium wp-image-234581\" srcset=\"https:\/\/www.prijedordanas.com\/wp-content\/uploads\/2024\/10\/prijedorgradorg-bosankar-oktobar2024-4-300x200.jpg 300w, https:\/\/www.prijedordanas.com\/wp-content\/uploads\/2024\/10\/prijedorgradorg-bosankar-oktobar2024-4-480x320.jpg 480w, https:\/\/www.prijedordanas.com\/wp-content\/uploads\/2024\/10\/prijedorgradorg-bosankar-oktobar2024-4.jpg 600w\" sizes=\"(max-width: 300px) 100vw, 300px\" \/><\/a>\u201cPrvo \u0161to mi treba su tri osobe na kojima \u0107emo bazirati proizvodnju, a to su direktor proizvodnje, direktor kontrole kvaliteta i informati\u010dki in\u017eenjer koji \u0107e upravljati softverima. Ove tri osobe su mi kapitalne za uspjeh u budu\u0107nosti. Mo\u017eete smatrati da je saradnja po\u010dela i ve\u0107 smo otvoreni da po\u010dnemo praviti selekciju\u201d, naglasio je Franki i dodao da se sve neophodne informacije mogu na\u0107i na zvani\u010dnoj Web stranici \u201cBosankara\u201d.<\/p>\n<p>Ukoliko sve bude i\u0161lo po planu, u okviru fabrike \u201cBosankar\u201d koja se nalazi u Aerodromskom naselju, bi\u0107e izgra\u0111eni i drugi, prate\u0107i sadr\u017eaji, koji \u0107e, kako isti\u010du u lokalnoj zajednici, uz modernu fabriku promijeniti izgled ovog naselja i omogu\u0107iti ljudima da do\u0111u do zaposlenja.<\/p>\n<p>\u201cGospodin \u0110uzepe je i dru\u0161tveno odgovoran, najavio je izgradnju vrti\u0107a sa svim prate\u0107im sadr\u017eajima, tematskim parkovima u okviru fabrike. Vrti\u0107 \u0107e jednog dana biti predat na kori\u0161tenje gradu Prijedoru i naravno mo\u0107i \u0107e ga koristiti sva djeca a ne samo djeca zaposlenih u fabrici. Mogu samo da pohvalim obostranu saradnju i nadam se da \u0107emo tako nastaviti u budu\u0107nosti\u201d, rekaoa je Drlja\u010da.<\/p>\n<p>Vlasnik firme \u201cBosankar\u201d \u0110uzepe Franki je istakao da \u0107e u novoizgra\u0111enom proizvodnom pogonu u Prijedoru do kraja godine biti smje\u0161tene radne ma\u0161ine a da \u0107e po\u010detkom idu\u0107e godine krenuti proizvodnja.<\/p>\n<p>Dodao je da je Prijedor odabrao iz vi\u0161e razloga, me\u0111u kojima su i mogu\u0107nost obrazovanja kadrova preko Ma\u0161inske i Elekgtro tehni\u010dke \u0161kole, kao i mogu\u0107nost izvo\u0111enja gra\u0111evinskih radova doma\u0107im firmama.<\/p>\n<p>Za izgradnju proizvodnog pogona \u201cBosankar\u201d Franki je odabrao prijedorsko gra\u0111evinsko preduze\u0107e \u201cUnijat\u201d.<\/p>\n<p><a href=\"https:\/\/kozarski.com\/u-fabrici-bosankar-uskoro-proizvodne-masine\/\" target=\"_blank\" rel=\"noopener\">kozarski.com<\/a><\/p>\n<p><iframe loading=\"lazy\" title=\"U FABRICI &quot;BOSANKAR&quot; USKORO PROIZVODNE MA\u0160INE\" width=\"500\" height=\"281\" src=\"https:\/\/www.youtube.com\/embed\/nRqzdM0ffnk?feature=oembed\" frameborder=\"0\" allow=\"accelerometer; autoplay; clipboard-write; encrypted-media; gyroscope; picture-in-picture; web-share\" referrerpolicy=\"strict-origin-when-cross-origin\" allowfullscreen><\/iframe><\/p>\n","protected":false},"excerpt":{"rendered":"<p>Ove godine talijanska firma \u201cBosankar\u201d, koja proizvodi kabine za industrijska vozila, obilje\u017eava dvadesetogodi\u0161njicu rada. Vlasnik \u0110uzepe Franki odlu\u010dio je da proizvodni pogon izgadi i u Prijedoru. Pohvalio je dobru saradnju [&hellip;]<\/p>\n","protected":false},"author":1,"featured_media":0,"comment_status":"closed","ping_status":"open","sticky":false,"template":"","format":"standard","meta":{"_monsterinsights_skip_tracking":false,"_monsterinsights_sitenote_active":false,"_monsterinsights_sitenote_note":"","_monsterinsights_sitenote_category":0,"footnotes":""},"categories":[8],"tags":[],"yoast_head":"<!-- This site is optimized with the Yoast SEO plugin v21.6 - https:\/\/yoast.com\/wordpress\/plugins\/seo\/ -->\n<title>U fabrici &quot;Bosankar&quot; u Prijedoru uskoro proizvodne ma\u0161ine - VIDEO - PrijedorDanas.com - Prijedorski gradski portal<\/title>\n<meta name=\"robots\" content=\"index, follow, max-snippet:-1, max-image-preview:large, max-video-preview:-1\" \/>\n<link rel=\"canonical\" href=\"https:\/\/www.prijedordanas.com\/?p=234577\" \/>\n<meta property=\"og:locale\" content=\"en_US\" \/>\n<meta property=\"og:type\" content=\"article\" \/>\n<meta property=\"og:title\" content=\"U fabrici &quot;Bosankar&quot; u Prijedoru uskoro proizvodne ma\u0161ine - VIDEO - PrijedorDanas.com - Prijedorski gradski portal\" \/>\n<meta property=\"og:description\" content=\"Ove godine talijanska firma \u201cBosankar\u201d, koja proizvodi kabine za industrijska vozila, obilje\u017eava dvadesetogodi\u0161njicu rada. Vlasnik \u0110uzepe Franki odlu\u010dio je da proizvodni pogon izgadi i u Prijedoru. Pohvalio je dobru saradnju [&hellip;]\" \/>\n<meta property=\"og:url\" content=\"https:\/\/www.prijedordanas.com\/?p=234577\" \/>\n<meta property=\"og:site_name\" content=\"PrijedorDanas.com - Prijedorski gradski portal\" \/>\n<meta property=\"article:publisher\" content=\"https:\/\/www.facebook.com\/PrijedorDanasCom\/\" \/>\n<meta property=\"article:published_time\" content=\"2024-10-04T19:20:37+00:00\" \/>\n<meta property=\"article:modified_time\" content=\"2024-10-27T06:39:20+00:00\" \/>\n<meta property=\"og:image\" content=\"https:\/\/www.prijedordanas.com\/wp-content\/uploads\/2024\/10\/prijedorgradorg-bosankar-oktobar2024-1-300x225.jpg\" \/>\n<meta name=\"author\" content=\"admin\" \/>\n<meta name=\"twitter:card\" content=\"summary_large_image\" \/>\n<meta name=\"twitter:label1\" content=\"Written by\" \/>\n\t<meta name=\"twitter:data1\" content=\"admin\" \/>\n\t<meta name=\"twitter:label2\" content=\"Est. reading time\" \/>\n\t<meta name=\"twitter:data2\" content=\"4 minutes\" \/>\n<script type=\"application\/ld+json\" class=\"yoast-schema-graph\">{\"@context\":\"https:\/\/schema.org\",\"@graph\":[{\"@type\":\"Article\",\"@id\":\"https:\/\/www.prijedordanas.com\/?p=234577#article\",\"isPartOf\":{\"@id\":\"https:\/\/www.prijedordanas.com\/?p=234577\"},\"author\":{\"name\":\"admin\",\"@id\":\"https:\/\/www.prijedordanas.com\/#\/schema\/person\/4e08ccf29b506ca916ff86d46bb700e6\"},\"headline\":\"U fabrici &#8220;Bosankar&#8221; u Prijedoru uskoro proizvodne ma\u0161ine &#8211; VIDEO\",\"datePublished\":\"2024-10-04T19:20:37+00:00\",\"dateModified\":\"2024-10-27T06:39:20+00:00\",\"mainEntityOfPage\":{\"@id\":\"https:\/\/www.prijedordanas.com\/?p=234577\"},\"wordCount\":684,\"publisher\":{\"@id\":\"https:\/\/www.prijedordanas.com\/#organization\"},\"articleSection\":[\"Svakodnevno\"],\"inLanguage\":\"en-US\"},{\"@type\":\"WebPage\",\"@id\":\"https:\/\/www.prijedordanas.com\/?p=234577\",\"url\":\"https:\/\/www.prijedordanas.com\/?p=234577\",\"name\":\"U fabrici \\\"Bosankar\\\" u Prijedoru uskoro proizvodne ma\u0161ine - VIDEO - PrijedorDanas.com - Prijedorski gradski portal\",\"isPartOf\":{\"@id\":\"https:\/\/www.prijedordanas.com\/#website\"},\"datePublished\":\"2024-10-04T19:20:37+00:00\",\"dateModified\":\"2024-10-27T06:39:20+00:00\",\"breadcrumb\":{\"@id\":\"https:\/\/www.prijedordanas.com\/?p=234577#breadcrumb\"},\"inLanguage\":\"en-US\",\"potentialAction\":[{\"@type\":\"ReadAction\",\"target\":[\"https:\/\/www.prijedordanas.com\/?p=234577\"]}]},{\"@type\":\"BreadcrumbList\",\"@id\":\"https:\/\/www.prijedordanas.com\/?p=234577#breadcrumb\",\"itemListElement\":[{\"@type\":\"ListItem\",\"position\":1,\"name\":\"Home\",\"item\":\"https:\/\/www.prijedordanas.com\/\"},{\"@type\":\"ListItem\",\"position\":2,\"name\":\"U fabrici &#8220;Bosankar&#8221; u Prijedoru uskoro proizvodne ma\u0161ine &#8211; VIDEO\"}]},{\"@type\":\"WebSite\",\"@id\":\"https:\/\/www.prijedordanas.com\/#website\",\"url\":\"https:\/\/www.prijedordanas.com\/\",\"name\":\"PrijedorDanas.com - Prijedorski gradski portal\",\"description\":\"Portal o doga\u0111anjima u gradu Prijedoru\",\"publisher\":{\"@id\":\"https:\/\/www.prijedordanas.com\/#organization\"},\"potentialAction\":[{\"@type\":\"SearchAction\",\"target\":{\"@type\":\"EntryPoint\",\"urlTemplate\":\"https:\/\/www.prijedordanas.com\/?s={search_term_string}\"},\"query-input\":\"required name=search_term_string\"}],\"inLanguage\":\"en-US\"},{\"@type\":\"Organization\",\"@id\":\"https:\/\/www.prijedordanas.com\/#organization\",\"name\":\"PrijedorDanas.com\",\"url\":\"https:\/\/www.prijedordanas.com\/\",\"logo\":{\"@type\":\"ImageObject\",\"inLanguage\":\"en-US\",\"@id\":\"https:\/\/www.prijedordanas.com\/#\/schema\/logo\/image\/\",\"url\":\"http:\/\/www.prijedordanas.com\/wp-content\/uploads\/2021\/12\/logopng.png\",\"contentUrl\":\"http:\/\/www.prijedordanas.com\/wp-content\/uploads\/2021\/12\/logopng.png\",\"width\":1019,\"height\":776,\"caption\":\"PrijedorDanas.com\"},\"image\":{\"@id\":\"https:\/\/www.prijedordanas.com\/#\/schema\/logo\/image\/\"},\"sameAs\":[\"https:\/\/www.facebook.com\/PrijedorDanasCom\/\"]},{\"@type\":\"Person\",\"@id\":\"https:\/\/www.prijedordanas.com\/#\/schema\/person\/4e08ccf29b506ca916ff86d46bb700e6\",\"name\":\"admin\",\"image\":{\"@type\":\"ImageObject\",\"inLanguage\":\"en-US\",\"@id\":\"https:\/\/www.prijedordanas.com\/#\/schema\/person\/image\/\",\"url\":\"https:\/\/secure.gravatar.com\/avatar\/1d3fc949d550f0b53a5f0d51e06dfd79?s=96&d=mm&r=g\",\"contentUrl\":\"https:\/\/secure.gravatar.com\/avatar\/1d3fc949d550f0b53a5f0d51e06dfd79?s=96&d=mm&r=g\",\"caption\":\"admin\"},\"url\":\"https:\/\/www.prijedordanas.com\/?author=1\"}]}<\/script>\n<!-- \/ Yoast SEO plugin. -->","yoast_head_json":{"title":"U fabrici \"Bosankar\" u Prijedoru uskoro proizvodne ma\u0161ine - VIDEO - PrijedorDanas.com - Prijedorski gradski portal","robots":{"index":"index","follow":"follow","max-snippet":"max-snippet:-1","max-image-preview":"max-image-preview:large","max-video-preview":"max-video-preview:-1"},"canonical":"https:\/\/www.prijedordanas.com\/?p=234577","og_locale":"en_US","og_type":"article","og_title":"U fabrici \"Bosankar\" u Prijedoru uskoro proizvodne ma\u0161ine - VIDEO - PrijedorDanas.com - Prijedorski gradski portal","og_description":"Ove godine talijanska firma \u201cBosankar\u201d, koja proizvodi kabine za industrijska vozila, obilje\u017eava dvadesetogodi\u0161njicu rada. Vlasnik \u0110uzepe Franki odlu\u010dio je da proizvodni pogon izgadi i u Prijedoru. Pohvalio je dobru saradnju [&hellip;]","og_url":"https:\/\/www.prijedordanas.com\/?p=234577","og_site_name":"PrijedorDanas.com - Prijedorski gradski portal","article_publisher":"https:\/\/www.facebook.com\/PrijedorDanasCom\/","article_published_time":"2024-10-04T19:20:37+00:00","article_modified_time":"2024-10-27T06:39:20+00:00","og_image":[{"url":"https:\/\/www.prijedordanas.com\/wp-content\/uploads\/2024\/10\/prijedorgradorg-bosankar-oktobar2024-1-300x225.jpg"}],"author":"admin","twitter_card":"summary_large_image","twitter_misc":{"Written by":"admin","Est. reading time":"4 minutes"},"schema":{"@context":"https:\/\/schema.org","@graph":[{"@type":"Article","@id":"https:\/\/www.prijedordanas.com\/?p=234577#article","isPartOf":{"@id":"https:\/\/www.prijedordanas.com\/?p=234577"},"author":{"name":"admin","@id":"https:\/\/www.prijedordanas.com\/#\/schema\/person\/4e08ccf29b506ca916ff86d46bb700e6"},"headline":"U fabrici &#8220;Bosankar&#8221; u Prijedoru uskoro proizvodne ma\u0161ine &#8211; VIDEO","datePublished":"2024-10-04T19:20:37+00:00","dateModified":"2024-10-27T06:39:20+00:00","mainEntityOfPage":{"@id":"https:\/\/www.prijedordanas.com\/?p=234577"},"wordCount":684,"publisher":{"@id":"https:\/\/www.prijedordanas.com\/#organization"},"articleSection":["Svakodnevno"],"inLanguage":"en-US"},{"@type":"WebPage","@id":"https:\/\/www.prijedordanas.com\/?p=234577","url":"https:\/\/www.prijedordanas.com\/?p=234577","name":"U fabrici \"Bosankar\" u Prijedoru uskoro proizvodne ma\u0161ine - VIDEO - PrijedorDanas.com - Prijedorski gradski portal","isPartOf":{"@id":"https:\/\/www.prijedordanas.com\/#website"},"datePublished":"2024-10-04T19:20:37+00:00","dateModified":"2024-10-27T06:39:20+00:00","breadcrumb":{"@id":"https:\/\/www.prijedordanas.com\/?p=234577#breadcrumb"},"inLanguage":"en-US","potentialAction":[{"@type":"ReadAction","target":["https:\/\/www.prijedordanas.com\/?p=234577"]}]},{"@type":"BreadcrumbList","@id":"https:\/\/www.prijedordanas.com\/?p=234577#breadcrumb","itemListElement":[{"@type":"ListItem","position":1,"name":"Home","item":"https:\/\/www.prijedordanas.com\/"},{"@type":"ListItem","position":2,"name":"U fabrici &#8220;Bosankar&#8221; u Prijedoru uskoro proizvodne ma\u0161ine &#8211; VIDEO"}]},{"@type":"WebSite","@id":"https:\/\/www.prijedordanas.com\/#website","url":"https:\/\/www.prijedordanas.com\/","name":"PrijedorDanas.com - Prijedorski gradski portal","description":"Portal o doga\u0111anjima u gradu Prijedoru","publisher":{"@id":"https:\/\/www.prijedordanas.com\/#organization"},"potentialAction":[{"@type":"SearchAction","target":{"@type":"EntryPoint","urlTemplate":"https:\/\/www.prijedordanas.com\/?s={search_term_string}"},"query-input":"required name=search_term_string"}],"inLanguage":"en-US"},{"@type":"Organization","@id":"https:\/\/www.prijedordanas.com\/#organization","name":"PrijedorDanas.com","url":"https:\/\/www.prijedordanas.com\/","logo":{"@type":"ImageObject","inLanguage":"en-US","@id":"https:\/\/www.prijedordanas.com\/#\/schema\/logo\/image\/","url":"http:\/\/www.prijedordanas.com\/wp-content\/uploads\/2021\/12\/logopng.png","contentUrl":"http:\/\/www.prijedordanas.com\/wp-content\/uploads\/2021\/12\/logopng.png","width":1019,"height":776,"caption":"PrijedorDanas.com"},"image":{"@id":"https:\/\/www.prijedordanas.com\/#\/schema\/logo\/image\/"},"sameAs":["https:\/\/www.facebook.com\/PrijedorDanasCom\/"]},{"@type":"Person","@id":"https:\/\/www.prijedordanas.com\/#\/schema\/person\/4e08ccf29b506ca916ff86d46bb700e6","name":"admin","image":{"@type":"ImageObject","inLanguage":"en-US","@id":"https:\/\/www.prijedordanas.com\/#\/schema\/person\/image\/","url":"https:\/\/secure.gravatar.com\/avatar\/1d3fc949d550f0b53a5f0d51e06dfd79?s=96&d=mm&r=g","contentUrl":"https:\/\/secure.gravatar.com\/avatar\/1d3fc949d550f0b53a5f0d51e06dfd79?s=96&d=mm&r=g","caption":"admin"},"url":"https:\/\/www.prijedordanas.com\/?author=1"}]}},"_links":{"self":[{"href":"https:\/\/www.prijedordanas.com\/index.php?rest_route=\/wp\/v2\/posts\/234577"}],"collection":[{"href":"https:\/\/www.prijedordanas.com\/index.php?rest_route=\/wp\/v2\/posts"}],"about":[{"href":"https:\/\/www.prijedordanas.com\/index.php?rest_route=\/wp\/v2\/types\/post"}],"author":[{"embeddable":true,"href":"https:\/\/www.prijedordanas.com\/index.php?rest_route=\/wp\/v2\/users\/1"}],"replies":[{"embeddable":true,"href":"https:\/\/www.prijedordanas.com\/index.php?rest_route=%2Fwp%2Fv2%2Fcomments&post=234577"}],"version-history":[{"count":3,"href":"https:\/\/www.prijedordanas.com\/index.php?rest_route=\/wp\/v2\/posts\/234577\/revisions"}],"predecessor-version":[{"id":235752,"href":"https:\/\/www.prijedordanas.com\/index.php?rest_route=\/wp\/v2\/posts\/234577\/revisions\/235752"}],"wp:attachment":[{"href":"https:\/\/www.prijedordanas.com\/index.php?rest_route=%2Fwp%2Fv2%2Fmedia&parent=234577"}],"wp:term":[{"taxonomy":"category","embeddable":true,"href":"https:\/\/www.prijedordanas.com\/index.php?rest_route=%2Fwp%2Fv2%2Fcategories&post=234577"},{"taxonomy":"post_tag","embeddable":true,"href":"https:\/\/www.prijedordanas.com\/index.php?rest_route=%2Fwp%2Fv2%2Ftags&post=234577"}],"curies":[{"name":"wp","href":"https:\/\/api.w.org\/{rel}","templated":true}]}}