{"id":234544,"date":"2024-10-04T01:25:26","date_gmt":"2024-10-03T23:25:26","guid":{"rendered":"https:\/\/www.prijedordanas.com\/?p=234544"},"modified":"2024-10-04T01:25:26","modified_gmt":"2024-10-03T23:25:26","slug":"kosarkas-aleksandar-ivetic-ponovo-u-dresu-prijedor-spartaka","status":"publish","type":"post","link":"https:\/\/www.prijedordanas.com\/?p=234544","title":{"rendered":"Ko\u0161arka\u0161 Aleksandar Iveti\u0107 ponovo u dresu &#8220;Prijedor-Spartaka&#8221;"},"content":{"rendered":"<p><a href=\"https:\/\/www.prijedordanas.com\/wp-content\/uploads\/2024\/10\/prijedor-spartak-ivetic.jpg\"><img loading=\"lazy\" decoding=\"async\" src=\"https:\/\/www.prijedordanas.com\/wp-content\/uploads\/2024\/10\/prijedor-spartak-ivetic-240x300.jpg\" alt=\"\" width=\"240\" height=\"300\" class=\"alignleft size-medium wp-image-234545\" srcset=\"https:\/\/www.prijedordanas.com\/wp-content\/uploads\/2024\/10\/prijedor-spartak-ivetic-240x300.jpg 240w, https:\/\/www.prijedordanas.com\/wp-content\/uploads\/2024\/10\/prijedor-spartak-ivetic.jpg 480w\" sizes=\"(max-width: 240px) 100vw, 240px\" \/><\/a>Aleksandar Iveti\u0107, jo\u0161 jedan \u010dlan \u0161ampionske ekipe iz sezone 22\/23, ponovo \u0107e igrati za &#8220;Prijedor-Spartak&#8221;.<\/p>\n<p>Nakon godinu dana, on se vra\u0107a u mati\u010dni klub.<\/p>\n<p>O\u010dekuje se da svojim iskustvom i svestrano\u0161\u0107u povede svoju ekipu u bitku za titulu \u0161ampiona Republike Srpske.<\/p>\n<p>-Igra\u010d koji je ro\u0111en u Prijedoru 1994. godine, pro\u0161ao je sve selekcije na\u0161eg kluba i godinama unazad je bio jedan od nosilaca igre istog. U dosada\u0161njoj karijeri jo\u0161 je igrao i za &#8220;Borac&#8221; iz Banja Luke, &#8220;Mladost&#8221; iz Mrkonji\u0107 Grada sa kojom je osvojio dva Kupa Republike Srpske i &#8220;Sutjesku&#8221; iz Fo\u010de &#8211; naveli su iz prijedorskog ko\u0161arka\u0161kog kluba.<\/p>\n<p>Priredio \u2013 <a href=\"https:\/\/www.prijedordanas.com\" target=\"_blank\" rel=\"noopener noreferrer\">www.prijedordanas.com<\/a><br \/>\nFoto &#8211; KK Prijedor-Spartak<\/p>\n","protected":false},"excerpt":{"rendered":"<p>Aleksandar Iveti\u0107, jo\u0161 jedan \u010dlan \u0161ampionske ekipe iz sezone 22\/23, ponovo \u0107e igrati za &#8220;Prijedor-Spartak&#8221;. Nakon godinu dana, on se vra\u0107a u mati\u010dni klub. O\u010dekuje se da svojim iskustvom i [&hellip;]<\/p>\n","protected":false},"author":1,"featured_media":0,"comment_status":"closed","ping_status":"open","sticky":false,"template":"","format":"standard","meta":{"_monsterinsights_skip_tracking":false,"_monsterinsights_sitenote_active":false,"_monsterinsights_sitenote_note":"","_monsterinsights_sitenote_category":0,"footnotes":""},"categories":[7],"tags":[],"yoast_head":"<!-- This site is optimized with the Yoast SEO plugin v21.6 - https:\/\/yoast.com\/wordpress\/plugins\/seo\/ -->\n<title>Ko\u0161arka\u0161 Aleksandar Iveti\u0107 ponovo u dresu &quot;Prijedor-Spartaka&quot; - PrijedorDanas.com - Prijedorski gradski portal<\/title>\n<meta name=\"robots\" content=\"index, follow, max-snippet:-1, max-image-preview:large, max-video-preview:-1\" \/>\n<link rel=\"canonical\" href=\"https:\/\/www.prijedordanas.com\/?p=234544\" \/>\n<meta property=\"og:locale\" content=\"en_US\" \/>\n<meta property=\"og:type\" content=\"article\" \/>\n<meta property=\"og:title\" content=\"Ko\u0161arka\u0161 Aleksandar Iveti\u0107 ponovo u dresu &quot;Prijedor-Spartaka&quot; - PrijedorDanas.com - Prijedorski gradski portal\" \/>\n<meta property=\"og:description\" content=\"Aleksandar Iveti\u0107, jo\u0161 jedan \u010dlan \u0161ampionske ekipe iz sezone 22\/23, ponovo \u0107e igrati za &#8220;Prijedor-Spartak&#8221;. Nakon godinu dana, on se vra\u0107a u mati\u010dni klub. O\u010dekuje se da svojim iskustvom i [&hellip;]\" \/>\n<meta property=\"og:url\" content=\"https:\/\/www.prijedordanas.com\/?p=234544\" \/>\n<meta property=\"og:site_name\" content=\"PrijedorDanas.com - Prijedorski gradski portal\" \/>\n<meta property=\"article:publisher\" content=\"https:\/\/www.facebook.com\/PrijedorDanasCom\/\" \/>\n<meta property=\"article:published_time\" content=\"2024-10-03T23:25:26+00:00\" \/>\n<meta property=\"og:image\" content=\"https:\/\/www.prijedordanas.com\/wp-content\/uploads\/2024\/10\/prijedor-spartak-ivetic-240x300.jpg\" \/>\n<meta name=\"author\" content=\"admin\" \/>\n<meta name=\"twitter:card\" content=\"summary_large_image\" \/>\n<meta name=\"twitter:label1\" content=\"Written by\" \/>\n\t<meta name=\"twitter:data1\" content=\"admin\" \/>\n<script type=\"application\/ld+json\" class=\"yoast-schema-graph\">{\"@context\":\"https:\/\/schema.org\",\"@graph\":[{\"@type\":\"Article\",\"@id\":\"https:\/\/www.prijedordanas.com\/?p=234544#article\",\"isPartOf\":{\"@id\":\"https:\/\/www.prijedordanas.com\/?p=234544\"},\"author\":{\"name\":\"admin\",\"@id\":\"https:\/\/www.prijedordanas.com\/#\/schema\/person\/4e08ccf29b506ca916ff86d46bb700e6\"},\"headline\":\"Ko\u0161arka\u0161 Aleksandar Iveti\u0107 ponovo u dresu &#8220;Prijedor-Spartaka&#8221;\",\"datePublished\":\"2024-10-03T23:25:26+00:00\",\"dateModified\":\"2024-10-03T23:25:26+00:00\",\"mainEntityOfPage\":{\"@id\":\"https:\/\/www.prijedordanas.com\/?p=234544\"},\"wordCount\":125,\"publisher\":{\"@id\":\"https:\/\/www.prijedordanas.com\/#organization\"},\"articleSection\":[\"Sport\"],\"inLanguage\":\"en-US\"},{\"@type\":\"WebPage\",\"@id\":\"https:\/\/www.prijedordanas.com\/?p=234544\",\"url\":\"https:\/\/www.prijedordanas.com\/?p=234544\",\"name\":\"Ko\u0161arka\u0161 Aleksandar Iveti\u0107 ponovo u dresu \\\"Prijedor-Spartaka\\\" - PrijedorDanas.com - Prijedorski gradski portal\",\"isPartOf\":{\"@id\":\"https:\/\/www.prijedordanas.com\/#website\"},\"datePublished\":\"2024-10-03T23:25:26+00:00\",\"dateModified\":\"2024-10-03T23:25:26+00:00\",\"breadcrumb\":{\"@id\":\"https:\/\/www.prijedordanas.com\/?p=234544#breadcrumb\"},\"inLanguage\":\"en-US\",\"potentialAction\":[{\"@type\":\"ReadAction\",\"target\":[\"https:\/\/www.prijedordanas.com\/?p=234544\"]}]},{\"@type\":\"BreadcrumbList\",\"@id\":\"https:\/\/www.prijedordanas.com\/?p=234544#breadcrumb\",\"itemListElement\":[{\"@type\":\"ListItem\",\"position\":1,\"name\":\"Home\",\"item\":\"https:\/\/www.prijedordanas.com\/\"},{\"@type\":\"ListItem\",\"position\":2,\"name\":\"Ko\u0161arka\u0161 Aleksandar Iveti\u0107 ponovo u dresu &#8220;Prijedor-Spartaka&#8221;\"}]},{\"@type\":\"WebSite\",\"@id\":\"https:\/\/www.prijedordanas.com\/#website\",\"url\":\"https:\/\/www.prijedordanas.com\/\",\"name\":\"PrijedorDanas.com - Prijedorski gradski portal\",\"description\":\"Portal o doga\u0111anjima u gradu Prijedoru\",\"publisher\":{\"@id\":\"https:\/\/www.prijedordanas.com\/#organization\"},\"potentialAction\":[{\"@type\":\"SearchAction\",\"target\":{\"@type\":\"EntryPoint\",\"urlTemplate\":\"https:\/\/www.prijedordanas.com\/?s={search_term_string}\"},\"query-input\":\"required name=search_term_string\"}],\"inLanguage\":\"en-US\"},{\"@type\":\"Organization\",\"@id\":\"https:\/\/www.prijedordanas.com\/#organization\",\"name\":\"PrijedorDanas.com\",\"url\":\"https:\/\/www.prijedordanas.com\/\",\"logo\":{\"@type\":\"ImageObject\",\"inLanguage\":\"en-US\",\"@id\":\"https:\/\/www.prijedordanas.com\/#\/schema\/logo\/image\/\",\"url\":\"http:\/\/www.prijedordanas.com\/wp-content\/uploads\/2021\/12\/logopng.png\",\"contentUrl\":\"http:\/\/www.prijedordanas.com\/wp-content\/uploads\/2021\/12\/logopng.png\",\"width\":1019,\"height\":776,\"caption\":\"PrijedorDanas.com\"},\"image\":{\"@id\":\"https:\/\/www.prijedordanas.com\/#\/schema\/logo\/image\/\"},\"sameAs\":[\"https:\/\/www.facebook.com\/PrijedorDanasCom\/\"]},{\"@type\":\"Person\",\"@id\":\"https:\/\/www.prijedordanas.com\/#\/schema\/person\/4e08ccf29b506ca916ff86d46bb700e6\",\"name\":\"admin\",\"image\":{\"@type\":\"ImageObject\",\"inLanguage\":\"en-US\",\"@id\":\"https:\/\/www.prijedordanas.com\/#\/schema\/person\/image\/\",\"url\":\"https:\/\/secure.gravatar.com\/avatar\/1d3fc949d550f0b53a5f0d51e06dfd79?s=96&d=mm&r=g\",\"contentUrl\":\"https:\/\/secure.gravatar.com\/avatar\/1d3fc949d550f0b53a5f0d51e06dfd79?s=96&d=mm&r=g\",\"caption\":\"admin\"},\"url\":\"https:\/\/www.prijedordanas.com\/?author=1\"}]}<\/script>\n<!-- \/ Yoast SEO plugin. -->","yoast_head_json":{"title":"Ko\u0161arka\u0161 Aleksandar Iveti\u0107 ponovo u dresu \"Prijedor-Spartaka\" - PrijedorDanas.com - Prijedorski gradski portal","robots":{"index":"index","follow":"follow","max-snippet":"max-snippet:-1","max-image-preview":"max-image-preview:large","max-video-preview":"max-video-preview:-1"},"canonical":"https:\/\/www.prijedordanas.com\/?p=234544","og_locale":"en_US","og_type":"article","og_title":"Ko\u0161arka\u0161 Aleksandar Iveti\u0107 ponovo u dresu \"Prijedor-Spartaka\" - PrijedorDanas.com - Prijedorski gradski portal","og_description":"Aleksandar Iveti\u0107, jo\u0161 jedan \u010dlan \u0161ampionske ekipe iz sezone 22\/23, ponovo \u0107e igrati za &#8220;Prijedor-Spartak&#8221;. Nakon godinu dana, on se vra\u0107a u mati\u010dni klub. O\u010dekuje se da svojim iskustvom i [&hellip;]","og_url":"https:\/\/www.prijedordanas.com\/?p=234544","og_site_name":"PrijedorDanas.com - Prijedorski gradski portal","article_publisher":"https:\/\/www.facebook.com\/PrijedorDanasCom\/","article_published_time":"2024-10-03T23:25:26+00:00","og_image":[{"url":"https:\/\/www.prijedordanas.com\/wp-content\/uploads\/2024\/10\/prijedor-spartak-ivetic-240x300.jpg"}],"author":"admin","twitter_card":"summary_large_image","twitter_misc":{"Written by":"admin"},"schema":{"@context":"https:\/\/schema.org","@graph":[{"@type":"Article","@id":"https:\/\/www.prijedordanas.com\/?p=234544#article","isPartOf":{"@id":"https:\/\/www.prijedordanas.com\/?p=234544"},"author":{"name":"admin","@id":"https:\/\/www.prijedordanas.com\/#\/schema\/person\/4e08ccf29b506ca916ff86d46bb700e6"},"headline":"Ko\u0161arka\u0161 Aleksandar Iveti\u0107 ponovo u dresu &#8220;Prijedor-Spartaka&#8221;","datePublished":"2024-10-03T23:25:26+00:00","dateModified":"2024-10-03T23:25:26+00:00","mainEntityOfPage":{"@id":"https:\/\/www.prijedordanas.com\/?p=234544"},"wordCount":125,"publisher":{"@id":"https:\/\/www.prijedordanas.com\/#organization"},"articleSection":["Sport"],"inLanguage":"en-US"},{"@type":"WebPage","@id":"https:\/\/www.prijedordanas.com\/?p=234544","url":"https:\/\/www.prijedordanas.com\/?p=234544","name":"Ko\u0161arka\u0161 Aleksandar Iveti\u0107 ponovo u dresu \"Prijedor-Spartaka\" - PrijedorDanas.com - Prijedorski gradski portal","isPartOf":{"@id":"https:\/\/www.prijedordanas.com\/#website"},"datePublished":"2024-10-03T23:25:26+00:00","dateModified":"2024-10-03T23:25:26+00:00","breadcrumb":{"@id":"https:\/\/www.prijedordanas.com\/?p=234544#breadcrumb"},"inLanguage":"en-US","potentialAction":[{"@type":"ReadAction","target":["https:\/\/www.prijedordanas.com\/?p=234544"]}]},{"@type":"BreadcrumbList","@id":"https:\/\/www.prijedordanas.com\/?p=234544#breadcrumb","itemListElement":[{"@type":"ListItem","position":1,"name":"Home","item":"https:\/\/www.prijedordanas.com\/"},{"@type":"ListItem","position":2,"name":"Ko\u0161arka\u0161 Aleksandar Iveti\u0107 ponovo u dresu &#8220;Prijedor-Spartaka&#8221;"}]},{"@type":"WebSite","@id":"https:\/\/www.prijedordanas.com\/#website","url":"https:\/\/www.prijedordanas.com\/","name":"PrijedorDanas.com - Prijedorski gradski portal","description":"Portal o doga\u0111anjima u gradu Prijedoru","publisher":{"@id":"https:\/\/www.prijedordanas.com\/#organization"},"potentialAction":[{"@type":"SearchAction","target":{"@type":"EntryPoint","urlTemplate":"https:\/\/www.prijedordanas.com\/?s={search_term_string}"},"query-input":"required name=search_term_string"}],"inLanguage":"en-US"},{"@type":"Organization","@id":"https:\/\/www.prijedordanas.com\/#organization","name":"PrijedorDanas.com","url":"https:\/\/www.prijedordanas.com\/","logo":{"@type":"ImageObject","inLanguage":"en-US","@id":"https:\/\/www.prijedordanas.com\/#\/schema\/logo\/image\/","url":"http:\/\/www.prijedordanas.com\/wp-content\/uploads\/2021\/12\/logopng.png","contentUrl":"http:\/\/www.prijedordanas.com\/wp-content\/uploads\/2021\/12\/logopng.png","width":1019,"height":776,"caption":"PrijedorDanas.com"},"image":{"@id":"https:\/\/www.prijedordanas.com\/#\/schema\/logo\/image\/"},"sameAs":["https:\/\/www.facebook.com\/PrijedorDanasCom\/"]},{"@type":"Person","@id":"https:\/\/www.prijedordanas.com\/#\/schema\/person\/4e08ccf29b506ca916ff86d46bb700e6","name":"admin","image":{"@type":"ImageObject","inLanguage":"en-US","@id":"https:\/\/www.prijedordanas.com\/#\/schema\/person\/image\/","url":"https:\/\/secure.gravatar.com\/avatar\/1d3fc949d550f0b53a5f0d51e06dfd79?s=96&d=mm&r=g","contentUrl":"https:\/\/secure.gravatar.com\/avatar\/1d3fc949d550f0b53a5f0d51e06dfd79?s=96&d=mm&r=g","caption":"admin"},"url":"https:\/\/www.prijedordanas.com\/?author=1"}]}},"_links":{"self":[{"href":"https:\/\/www.prijedordanas.com\/index.php?rest_route=\/wp\/v2\/posts\/234544"}],"collection":[{"href":"https:\/\/www.prijedordanas.com\/index.php?rest_route=\/wp\/v2\/posts"}],"about":[{"href":"https:\/\/www.prijedordanas.com\/index.php?rest_route=\/wp\/v2\/types\/post"}],"author":[{"embeddable":true,"href":"https:\/\/www.prijedordanas.com\/index.php?rest_route=\/wp\/v2\/users\/1"}],"replies":[{"embeddable":true,"href":"https:\/\/www.prijedordanas.com\/index.php?rest_route=%2Fwp%2Fv2%2Fcomments&post=234544"}],"version-history":[{"count":1,"href":"https:\/\/www.prijedordanas.com\/index.php?rest_route=\/wp\/v2\/posts\/234544\/revisions"}],"predecessor-version":[{"id":234546,"href":"https:\/\/www.prijedordanas.com\/index.php?rest_route=\/wp\/v2\/posts\/234544\/revisions\/234546"}],"wp:attachment":[{"href":"https:\/\/www.prijedordanas.com\/index.php?rest_route=%2Fwp%2Fv2%2Fmedia&parent=234544"}],"wp:term":[{"taxonomy":"category","embeddable":true,"href":"https:\/\/www.prijedordanas.com\/index.php?rest_route=%2Fwp%2Fv2%2Fcategories&post=234544"},{"taxonomy":"post_tag","embeddable":true,"href":"https:\/\/www.prijedordanas.com\/index.php?rest_route=%2Fwp%2Fv2%2Ftags&post=234544"}],"curies":[{"name":"wp","href":"https:\/\/api.w.org\/{rel}","templated":true}]}}