{"id":234281,"date":"2024-09-27T12:02:01","date_gmt":"2024-09-27T10:02:01","guid":{"rendered":"https:\/\/www.prijedordanas.com\/?p=234281"},"modified":"2024-09-27T12:02:01","modified_gmt":"2024-09-27T10:02:01","slug":"dani-srbije-u-republici-srpskoj-u-prijedoru-od-26-9-do-25-10","status":"publish","type":"post","link":"https:\/\/www.prijedordanas.com\/?p=234281","title":{"rendered":"Dani Srbije u Republici Srpskoj u Prijedoru od 26.9. do 25.10."},"content":{"rendered":"<p><a href=\"https:\/\/www.prijedordanas.com\/wp-content\/uploads\/2024\/09\/dani-srbije-u-republici-srpskoj.jpg\"><img loading=\"lazy\" decoding=\"async\" src=\"https:\/\/www.prijedordanas.com\/wp-content\/uploads\/2024\/09\/dani-srbije-u-republici-srpskoj-300x300.jpg\" alt=\"\" width=\"300\" height=\"300\" class=\"alignleft size-medium wp-image-234282\" srcset=\"https:\/\/www.prijedordanas.com\/wp-content\/uploads\/2024\/09\/dani-srbije-u-republici-srpskoj-300x300.jpg 300w, https:\/\/www.prijedordanas.com\/wp-content\/uploads\/2024\/09\/dani-srbije-u-republici-srpskoj-150x150.jpg 150w, https:\/\/www.prijedordanas.com\/wp-content\/uploads\/2024\/09\/dani-srbije-u-republici-srpskoj-50x50.jpg 50w, https:\/\/www.prijedordanas.com\/wp-content\/uploads\/2024\/09\/dani-srbije-u-republici-srpskoj.jpg 550w\" sizes=\"(max-width: 300px) 100vw, 300px\" \/><\/a>DANI SRBIJE U SRPSKOJ<\/p>\n<p>PRIJEDOR, 26.9. &#8211; 25.10.2024. godine<\/p>\n<p>U organizaciji Ministarstva kulture Republike Srbije od 26. septembra do 25. oktobra 2024. godine u Republici Srpskoj se odr\u017eava manifestacija &#8220;Dani Srbije u Srpskoj&#8221;, kao nastavak dobre i plodonosne saradnje izme\u0111u Republike Srbije i Republike Srpske.<\/p>\n<p>Ove godine, kulturno-umjetni\u010dki programi bi\u0107e uprili\u010deni u jedanaest gradova Republike Srpske.<\/p>\n<p>1) Filmovi filmskog centra Srbije se prikazuju u Kinu &#8220;Kozara&#8221;, od 20:00 \u010dasova, ulaz besplatan<br \/>\n26.09. &#8211; MAR\u0160 NA DRINU, r. \u017divorada \u017dike Mitrovi\u0107<br \/>\n27.09. &#8211; IME NARODA, r. Darka Baji\u0107a<br \/>\n28.09. &#8211; KRALJ PETAR, r. Petra Ristovskog<br \/>\n29.09. &#8211; DARA IZ JASENOVCA, r. Predraga Gage Antonijevi\u0107a<br \/>\n30.09. &#8211; RUSKI KONZUL, r. Miroslava Leki\u0107a,<br \/>\n01.10. &#8211; HEROJI HALIJARDA, r. Rado\u0161a Baji\u0107a i<br \/>\n02.10. &#8211; OLUJA, r. Milo\u0161a Radunovi\u0107a<\/p>\n<p>2) Igrano-dokumentarni film Muzeja Nikole Tesle u Muzeju &#8220;Kozare&#8221;:<\/p>\n<p>03.10. &#8211; BE\u017dI\u010cNO, sa kustosem Muzeja Nikole Tesle iz Beograda, Vladimirom Peri\u0107em<\/p>\n<p>3) Filmovi o manastirima Srbije Filmskih novosti u Kinu &#8220;Kozara&#8221;, ulaz besplatan, organizovan dolazak u\u010denika osnovnih i srednjih \u0161kola Prijedora, pozvani i predstavnici Srpske pravoslavne crkve:<\/p>\n<p>30.09. Ponedjeljak<br \/>\n10:00 Manastir Zo\u010di\u0161te: \u0160kole Busnovi\/Petrovo (45-50) (autobus) O\u0160 &#8220;Desanka Maksimovi\u0107&#8221; (80-85)<br \/>\n11:00 Manastir Bogorodica LJevi\u0161ka: O\u0160 &#8220;Branko \u0106opi\u0107&#8221; (90) Brezi\u010dani (25-30) (mini bus)<\/p>\n<p>01.10. Utorak<br \/>\n10:00 Manastir Visoki De\u010dani (1. dio): Omarska\/Lamovita (50) (autobus) O\u0160 &#8220;Dositej Obradovi\u0107&#8221; (50)<br \/>\n11:00 Manastir Visoki De\u010dani (2. dio): O\u0160 &#8220;Petar Ko\u010di\u0107&#8221; (50-60) LJubija (autobus)<\/p>\n<p>02.10. Srijeda<br \/>\n10:00 Manastir Visoki De\u010dani (3. dio): U\u010denici srednjih \u0161kola<br \/>\n11:00 Manastir Visoki De\u010dani (4. dio): U\u010denici srednjih \u0161kola<\/p>\n<p><a href=\"https:\/\/www.prijedorgrad.org\/sr-EU\/vijesti-sadrzaj.html?vid=20823\" rel=\"noopener\" target=\"_blank\">prijedorgrad.org<\/a><\/p>\n","protected":false},"excerpt":{"rendered":"<p>DANI SRBIJE U SRPSKOJ PRIJEDOR, 26.9. &#8211; 25.10.2024. godine U organizaciji Ministarstva kulture Republike Srbije od 26. septembra do 25. oktobra 2024. godine u Republici Srpskoj se odr\u017eava manifestacija &#8220;Dani [&hellip;]<\/p>\n","protected":false},"author":1,"featured_media":0,"comment_status":"closed","ping_status":"open","sticky":false,"template":"","format":"standard","meta":{"_monsterinsights_skip_tracking":false,"_monsterinsights_sitenote_active":false,"_monsterinsights_sitenote_note":"","_monsterinsights_sitenote_category":0,"footnotes":""},"categories":[6],"tags":[],"yoast_head":"<!-- This site is optimized with the Yoast SEO plugin v21.6 - https:\/\/yoast.com\/wordpress\/plugins\/seo\/ -->\n<title>Dani Srbije u Republici Srpskoj u Prijedoru od 26.9. do 25.10. - PrijedorDanas.com - Prijedorski gradski portal<\/title>\n<meta name=\"robots\" content=\"index, follow, max-snippet:-1, max-image-preview:large, max-video-preview:-1\" \/>\n<link rel=\"canonical\" href=\"https:\/\/www.prijedordanas.com\/?p=234281\" \/>\n<meta property=\"og:locale\" content=\"en_US\" \/>\n<meta property=\"og:type\" content=\"article\" \/>\n<meta property=\"og:title\" content=\"Dani Srbije u Republici Srpskoj u Prijedoru od 26.9. do 25.10. - PrijedorDanas.com - Prijedorski gradski portal\" \/>\n<meta property=\"og:description\" content=\"DANI SRBIJE U SRPSKOJ PRIJEDOR, 26.9. &#8211; 25.10.2024. godine U organizaciji Ministarstva kulture Republike Srbije od 26. septembra do 25. oktobra 2024. godine u Republici Srpskoj se odr\u017eava manifestacija &#8220;Dani [&hellip;]\" \/>\n<meta property=\"og:url\" content=\"https:\/\/www.prijedordanas.com\/?p=234281\" \/>\n<meta property=\"og:site_name\" content=\"PrijedorDanas.com - Prijedorski gradski portal\" \/>\n<meta property=\"article:publisher\" content=\"https:\/\/www.facebook.com\/PrijedorDanasCom\/\" \/>\n<meta property=\"article:published_time\" content=\"2024-09-27T10:02:01+00:00\" \/>\n<meta property=\"og:image\" content=\"https:\/\/www.prijedordanas.com\/wp-content\/uploads\/2024\/09\/dani-srbije-u-republici-srpskoj-300x300.jpg\" \/>\n<meta name=\"author\" content=\"admin\" \/>\n<meta name=\"twitter:card\" content=\"summary_large_image\" \/>\n<meta name=\"twitter:label1\" content=\"Written by\" \/>\n\t<meta name=\"twitter:data1\" content=\"admin\" \/>\n<script type=\"application\/ld+json\" class=\"yoast-schema-graph\">{\"@context\":\"https:\/\/schema.org\",\"@graph\":[{\"@type\":\"Article\",\"@id\":\"https:\/\/www.prijedordanas.com\/?p=234281#article\",\"isPartOf\":{\"@id\":\"https:\/\/www.prijedordanas.com\/?p=234281\"},\"author\":{\"name\":\"admin\",\"@id\":\"https:\/\/www.prijedordanas.com\/#\/schema\/person\/4e08ccf29b506ca916ff86d46bb700e6\"},\"headline\":\"Dani Srbije u Republici Srpskoj u Prijedoru od 26.9. do 25.10.\",\"datePublished\":\"2024-09-27T10:02:01+00:00\",\"dateModified\":\"2024-09-27T10:02:01+00:00\",\"mainEntityOfPage\":{\"@id\":\"https:\/\/www.prijedordanas.com\/?p=234281\"},\"wordCount\":250,\"publisher\":{\"@id\":\"https:\/\/www.prijedordanas.com\/#organization\"},\"articleSection\":[\"Kultura\"],\"inLanguage\":\"en-US\"},{\"@type\":\"WebPage\",\"@id\":\"https:\/\/www.prijedordanas.com\/?p=234281\",\"url\":\"https:\/\/www.prijedordanas.com\/?p=234281\",\"name\":\"Dani Srbije u Republici Srpskoj u Prijedoru od 26.9. do 25.10. - PrijedorDanas.com - Prijedorski gradski portal\",\"isPartOf\":{\"@id\":\"https:\/\/www.prijedordanas.com\/#website\"},\"datePublished\":\"2024-09-27T10:02:01+00:00\",\"dateModified\":\"2024-09-27T10:02:01+00:00\",\"breadcrumb\":{\"@id\":\"https:\/\/www.prijedordanas.com\/?p=234281#breadcrumb\"},\"inLanguage\":\"en-US\",\"potentialAction\":[{\"@type\":\"ReadAction\",\"target\":[\"https:\/\/www.prijedordanas.com\/?p=234281\"]}]},{\"@type\":\"BreadcrumbList\",\"@id\":\"https:\/\/www.prijedordanas.com\/?p=234281#breadcrumb\",\"itemListElement\":[{\"@type\":\"ListItem\",\"position\":1,\"name\":\"Home\",\"item\":\"https:\/\/www.prijedordanas.com\/\"},{\"@type\":\"ListItem\",\"position\":2,\"name\":\"Dani Srbije u Republici Srpskoj u Prijedoru od 26.9. do 25.10.\"}]},{\"@type\":\"WebSite\",\"@id\":\"https:\/\/www.prijedordanas.com\/#website\",\"url\":\"https:\/\/www.prijedordanas.com\/\",\"name\":\"PrijedorDanas.com - Prijedorski gradski portal\",\"description\":\"Portal o doga\u0111anjima u gradu Prijedoru\",\"publisher\":{\"@id\":\"https:\/\/www.prijedordanas.com\/#organization\"},\"potentialAction\":[{\"@type\":\"SearchAction\",\"target\":{\"@type\":\"EntryPoint\",\"urlTemplate\":\"https:\/\/www.prijedordanas.com\/?s={search_term_string}\"},\"query-input\":\"required name=search_term_string\"}],\"inLanguage\":\"en-US\"},{\"@type\":\"Organization\",\"@id\":\"https:\/\/www.prijedordanas.com\/#organization\",\"name\":\"PrijedorDanas.com\",\"url\":\"https:\/\/www.prijedordanas.com\/\",\"logo\":{\"@type\":\"ImageObject\",\"inLanguage\":\"en-US\",\"@id\":\"https:\/\/www.prijedordanas.com\/#\/schema\/logo\/image\/\",\"url\":\"http:\/\/www.prijedordanas.com\/wp-content\/uploads\/2021\/12\/logopng.png\",\"contentUrl\":\"http:\/\/www.prijedordanas.com\/wp-content\/uploads\/2021\/12\/logopng.png\",\"width\":1019,\"height\":776,\"caption\":\"PrijedorDanas.com\"},\"image\":{\"@id\":\"https:\/\/www.prijedordanas.com\/#\/schema\/logo\/image\/\"},\"sameAs\":[\"https:\/\/www.facebook.com\/PrijedorDanasCom\/\"]},{\"@type\":\"Person\",\"@id\":\"https:\/\/www.prijedordanas.com\/#\/schema\/person\/4e08ccf29b506ca916ff86d46bb700e6\",\"name\":\"admin\",\"image\":{\"@type\":\"ImageObject\",\"inLanguage\":\"en-US\",\"@id\":\"https:\/\/www.prijedordanas.com\/#\/schema\/person\/image\/\",\"url\":\"https:\/\/secure.gravatar.com\/avatar\/1d3fc949d550f0b53a5f0d51e06dfd79?s=96&d=mm&r=g\",\"contentUrl\":\"https:\/\/secure.gravatar.com\/avatar\/1d3fc949d550f0b53a5f0d51e06dfd79?s=96&d=mm&r=g\",\"caption\":\"admin\"},\"url\":\"https:\/\/www.prijedordanas.com\/?author=1\"}]}<\/script>\n<!-- \/ Yoast SEO plugin. -->","yoast_head_json":{"title":"Dani Srbije u Republici Srpskoj u Prijedoru od 26.9. do 25.10. - PrijedorDanas.com - Prijedorski gradski portal","robots":{"index":"index","follow":"follow","max-snippet":"max-snippet:-1","max-image-preview":"max-image-preview:large","max-video-preview":"max-video-preview:-1"},"canonical":"https:\/\/www.prijedordanas.com\/?p=234281","og_locale":"en_US","og_type":"article","og_title":"Dani Srbije u Republici Srpskoj u Prijedoru od 26.9. do 25.10. - PrijedorDanas.com - Prijedorski gradski portal","og_description":"DANI SRBIJE U SRPSKOJ PRIJEDOR, 26.9. &#8211; 25.10.2024. godine U organizaciji Ministarstva kulture Republike Srbije od 26. septembra do 25. oktobra 2024. godine u Republici Srpskoj se odr\u017eava manifestacija &#8220;Dani [&hellip;]","og_url":"https:\/\/www.prijedordanas.com\/?p=234281","og_site_name":"PrijedorDanas.com - Prijedorski gradski portal","article_publisher":"https:\/\/www.facebook.com\/PrijedorDanasCom\/","article_published_time":"2024-09-27T10:02:01+00:00","og_image":[{"url":"https:\/\/www.prijedordanas.com\/wp-content\/uploads\/2024\/09\/dani-srbije-u-republici-srpskoj-300x300.jpg"}],"author":"admin","twitter_card":"summary_large_image","twitter_misc":{"Written by":"admin"},"schema":{"@context":"https:\/\/schema.org","@graph":[{"@type":"Article","@id":"https:\/\/www.prijedordanas.com\/?p=234281#article","isPartOf":{"@id":"https:\/\/www.prijedordanas.com\/?p=234281"},"author":{"name":"admin","@id":"https:\/\/www.prijedordanas.com\/#\/schema\/person\/4e08ccf29b506ca916ff86d46bb700e6"},"headline":"Dani Srbije u Republici Srpskoj u Prijedoru od 26.9. do 25.10.","datePublished":"2024-09-27T10:02:01+00:00","dateModified":"2024-09-27T10:02:01+00:00","mainEntityOfPage":{"@id":"https:\/\/www.prijedordanas.com\/?p=234281"},"wordCount":250,"publisher":{"@id":"https:\/\/www.prijedordanas.com\/#organization"},"articleSection":["Kultura"],"inLanguage":"en-US"},{"@type":"WebPage","@id":"https:\/\/www.prijedordanas.com\/?p=234281","url":"https:\/\/www.prijedordanas.com\/?p=234281","name":"Dani Srbije u Republici Srpskoj u Prijedoru od 26.9. do 25.10. - PrijedorDanas.com - Prijedorski gradski portal","isPartOf":{"@id":"https:\/\/www.prijedordanas.com\/#website"},"datePublished":"2024-09-27T10:02:01+00:00","dateModified":"2024-09-27T10:02:01+00:00","breadcrumb":{"@id":"https:\/\/www.prijedordanas.com\/?p=234281#breadcrumb"},"inLanguage":"en-US","potentialAction":[{"@type":"ReadAction","target":["https:\/\/www.prijedordanas.com\/?p=234281"]}]},{"@type":"BreadcrumbList","@id":"https:\/\/www.prijedordanas.com\/?p=234281#breadcrumb","itemListElement":[{"@type":"ListItem","position":1,"name":"Home","item":"https:\/\/www.prijedordanas.com\/"},{"@type":"ListItem","position":2,"name":"Dani Srbije u Republici Srpskoj u Prijedoru od 26.9. do 25.10."}]},{"@type":"WebSite","@id":"https:\/\/www.prijedordanas.com\/#website","url":"https:\/\/www.prijedordanas.com\/","name":"PrijedorDanas.com - Prijedorski gradski portal","description":"Portal o doga\u0111anjima u gradu Prijedoru","publisher":{"@id":"https:\/\/www.prijedordanas.com\/#organization"},"potentialAction":[{"@type":"SearchAction","target":{"@type":"EntryPoint","urlTemplate":"https:\/\/www.prijedordanas.com\/?s={search_term_string}"},"query-input":"required name=search_term_string"}],"inLanguage":"en-US"},{"@type":"Organization","@id":"https:\/\/www.prijedordanas.com\/#organization","name":"PrijedorDanas.com","url":"https:\/\/www.prijedordanas.com\/","logo":{"@type":"ImageObject","inLanguage":"en-US","@id":"https:\/\/www.prijedordanas.com\/#\/schema\/logo\/image\/","url":"http:\/\/www.prijedordanas.com\/wp-content\/uploads\/2021\/12\/logopng.png","contentUrl":"http:\/\/www.prijedordanas.com\/wp-content\/uploads\/2021\/12\/logopng.png","width":1019,"height":776,"caption":"PrijedorDanas.com"},"image":{"@id":"https:\/\/www.prijedordanas.com\/#\/schema\/logo\/image\/"},"sameAs":["https:\/\/www.facebook.com\/PrijedorDanasCom\/"]},{"@type":"Person","@id":"https:\/\/www.prijedordanas.com\/#\/schema\/person\/4e08ccf29b506ca916ff86d46bb700e6","name":"admin","image":{"@type":"ImageObject","inLanguage":"en-US","@id":"https:\/\/www.prijedordanas.com\/#\/schema\/person\/image\/","url":"https:\/\/secure.gravatar.com\/avatar\/1d3fc949d550f0b53a5f0d51e06dfd79?s=96&d=mm&r=g","contentUrl":"https:\/\/secure.gravatar.com\/avatar\/1d3fc949d550f0b53a5f0d51e06dfd79?s=96&d=mm&r=g","caption":"admin"},"url":"https:\/\/www.prijedordanas.com\/?author=1"}]}},"_links":{"self":[{"href":"https:\/\/www.prijedordanas.com\/index.php?rest_route=\/wp\/v2\/posts\/234281"}],"collection":[{"href":"https:\/\/www.prijedordanas.com\/index.php?rest_route=\/wp\/v2\/posts"}],"about":[{"href":"https:\/\/www.prijedordanas.com\/index.php?rest_route=\/wp\/v2\/types\/post"}],"author":[{"embeddable":true,"href":"https:\/\/www.prijedordanas.com\/index.php?rest_route=\/wp\/v2\/users\/1"}],"replies":[{"embeddable":true,"href":"https:\/\/www.prijedordanas.com\/index.php?rest_route=%2Fwp%2Fv2%2Fcomments&post=234281"}],"version-history":[{"count":1,"href":"https:\/\/www.prijedordanas.com\/index.php?rest_route=\/wp\/v2\/posts\/234281\/revisions"}],"predecessor-version":[{"id":234283,"href":"https:\/\/www.prijedordanas.com\/index.php?rest_route=\/wp\/v2\/posts\/234281\/revisions\/234283"}],"wp:attachment":[{"href":"https:\/\/www.prijedordanas.com\/index.php?rest_route=%2Fwp%2Fv2%2Fmedia&parent=234281"}],"wp:term":[{"taxonomy":"category","embeddable":true,"href":"https:\/\/www.prijedordanas.com\/index.php?rest_route=%2Fwp%2Fv2%2Fcategories&post=234281"},{"taxonomy":"post_tag","embeddable":true,"href":"https:\/\/www.prijedordanas.com\/index.php?rest_route=%2Fwp%2Fv2%2Ftags&post=234281"}],"curies":[{"name":"wp","href":"https:\/\/api.w.org\/{rel}","templated":true}]}}