{"id":234155,"date":"2024-09-25T12:45:19","date_gmt":"2024-09-25T10:45:19","guid":{"rendered":"https:\/\/www.prijedordanas.com\/?p=234155"},"modified":"2024-09-25T12:45:19","modified_gmt":"2024-09-25T10:45:19","slug":"zlatna-vila-obiljezeno-100-godina-od-rodenja-miodraga-petrovica-ckalje-video","status":"publish","type":"post","link":"https:\/\/www.prijedordanas.com\/?p=234155","title":{"rendered":"&#8220;Zlatna vila&#8221;: Obilje\u017eeno 100 godina od ro\u0111enja Miodraga Petrovi\u0107a \u010ckalje &#8211; VIDEO"},"content":{"rendered":"<p><a href=\"https:\/\/www.prijedordanas.com\/wp-content\/uploads\/2024\/09\/kozarski-zlatna-vila-izlozba-ckalja-1.jpg\"><img loading=\"lazy\" decoding=\"async\" class=\"alignleft size-medium wp-image-234156\" src=\"https:\/\/www.prijedordanas.com\/wp-content\/uploads\/2024\/09\/kozarski-zlatna-vila-izlozba-ckalja-1-300x225.jpg\" alt=\"\" width=\"300\" height=\"225\" srcset=\"https:\/\/www.prijedordanas.com\/wp-content\/uploads\/2024\/09\/kozarski-zlatna-vila-izlozba-ckalja-1-300x225.jpg 300w, https:\/\/www.prijedordanas.com\/wp-content\/uploads\/2024\/09\/kozarski-zlatna-vila-izlozba-ckalja-1-640x480.jpg 640w, https:\/\/www.prijedordanas.com\/wp-content\/uploads\/2024\/09\/kozarski-zlatna-vila-izlozba-ckalja-1.jpg 667w\" sizes=\"(max-width: 300px) 100vw, 300px\" \/><\/a>U prate\u0107em programu 17. Me\u0111unarodnog festivala pozori\u0161ta \u201eZlatna vila\u201c u Pozori\u0161tu Prijedor otvorena je izlo\u017eba Jugoslovenske kinoteke i promovisana je knjiga \u201eBilo nekad jedno vreme, kad su ljudi bili bolji\u201c, povodom 100 godina od ro\u0111enja jednog od najzna\u010dajnijih komi\u010dara doma\u0107e kinematografije.<\/p>\n<p>Rije\u010d je o izlo\u017ebi filmskih, pozori\u0161nih i privatnih fotografija Miodraga Petrovi\u0107a \u010ckalje i knjizi \u010diji je autor \u010ckaljin sin \u010cedomir Petrovi\u0107. O \u010ckaljinom liku i djelu govorili su pozori\u0161ni reditelj Marko Misira\u010da, izdava\u010d knjige Amer Bahtijar, kustos Jugoslovenske kinoteke iz Beograda Irina Kondi\u0107 i glumica Sla\u0111ana Zrni\u0107.<\/p>\n<p>\u201cVeoma je zna\u010dajno i lijepo da se u okviru jednog odli\u010dnog Festivala kakva je \u201cZlatna vila\u201d njeguju glumci koji su doprinijeli na\u0161im \u017eivotima. Ja sam igrom slu\u010daja jako dobra prijateljica sa \u010ckaljinom k\u0107erkom Milenom Petrovi\u0107 sa kojom sam se upoznala na studijama mjuzikla u Beogradu. Na taj na\u010din sam imala priliku da upoznam i \u010cedomira Petrovi\u0107a \u010diju knjigu promovi\u0161emo kao i \u010ckalju. Odazvala sam se pozivu Pozori\u0161ta Prijedor kako bih dala svoj doprinos jednom ovako zna\u010dajnom trenutku kao \u0161to je ova promocija\u201d, rekla je Zrni\u0107eva.<\/p>\n<p><a href=\"https:\/\/www.prijedordanas.com\/wp-content\/uploads\/2024\/09\/kozarski-zlatna-vila-izlozba-ckalja-3.jpg\"><img loading=\"lazy\" decoding=\"async\" class=\"alignleft size-medium wp-image-234157\" src=\"https:\/\/www.prijedordanas.com\/wp-content\/uploads\/2024\/09\/kozarski-zlatna-vila-izlozba-ckalja-3-300x184.jpg\" alt=\"\" width=\"300\" height=\"184\" srcset=\"https:\/\/www.prijedordanas.com\/wp-content\/uploads\/2024\/09\/kozarski-zlatna-vila-izlozba-ckalja-3-300x184.jpg 300w, https:\/\/www.prijedordanas.com\/wp-content\/uploads\/2024\/09\/kozarski-zlatna-vila-izlozba-ckalja-3.jpg 600w\" sizes=\"(max-width: 300px) 100vw, 300px\" \/><\/a>Izlo\u017eba Jugoslovenske kinoteke bi\u0107e otvorena u naredne dvije sedmice i publika \u0107e imati priliku da vidi 35 fotografija nastalih u periodu od 1928. do 2000. godine.<\/p>\n<p>\u201cIzlo\u017eba pod nazivom \u201cPobeda osmeha\u201d je otvorena u martu mesecu u Beogradu i na taj na\u010din smo obilje\u017eili stogodi\u0161njicu ro\u0111enja na\u0161eg \u010duvenog glumca Miodraga Petrovi\u0107a \u010ckalje. Izlo\u017eba je bila velika i multimedijalna. Ovde u Prijedoru predstavljamo jedan deo izlo\u017ebe koji je pokretan, a to je 35 fotografija koje nam je ustupila porodica Petrovi\u0107, na \u010demu smo mi neizmerno zahvalni. Na prvoj nastaloj fotografiji se nalazi na\u0161 glumac sa svega \u010detiri godine dok su na poslednjoj predstavljene tri generacije Petrovi\u0107a, \u010ckalja, njegov sin glumac \u010cedomir Petrovi\u0107 i njegova unuka Jovana Petrovi\u0107 glumica\u201d, rekla je Kondi\u0107eva.<\/p>\n<p>Istaknuti pozori\u0161ni reditelj Marko Misira\u010da, ovim povodom naglasio je da je zna\u010daj \u010ckalje kao glumca komediji nemjerljiv.<\/p>\n<p><a href=\"https:\/\/www.prijedordanas.com\/wp-content\/uploads\/2024\/09\/kozarski-zlatna-vila-izlozba-ckalja-2.jpg\"><img loading=\"lazy\" decoding=\"async\" src=\"https:\/\/www.prijedordanas.com\/wp-content\/uploads\/2024\/09\/kozarski-zlatna-vila-izlozba-ckalja-2-300x175.jpg\" alt=\"\" width=\"300\" height=\"175\" class=\"alignleft size-medium wp-image-234158\" srcset=\"https:\/\/www.prijedordanas.com\/wp-content\/uploads\/2024\/09\/kozarski-zlatna-vila-izlozba-ckalja-2-300x175.jpg 300w, https:\/\/www.prijedordanas.com\/wp-content\/uploads\/2024\/09\/kozarski-zlatna-vila-izlozba-ckalja-2.jpg 600w\" sizes=\"(max-width: 300px) 100vw, 300px\" \/><\/a>\u201c\u010cini mi se da smo spojili ugodno sa korisnim jer smo ove godine kroz razne ustanove i manifestacije obele\u017eili stogodi\u0161njicu ro\u0111enja jednog od najve\u0107ih srpskih i jugoslovenskih glumaca, a svakako i najpopularnijeg komi\u010dara ovih prostora Miodraga Petrovi\u0107a \u010ckalje. Ovde je jedan deo izlo\u017ebe iz Kinoteke koji je radila gospo\u0111a Irina i ja sam bio inicijator programa u RTS klubu jer je i Muzej pozori\u0161ne umetnosti Srbije i RTS klub u Takovskoj obele\u017eavao godi\u0161njicu. Jedan deo tog programa je prikazan u prate\u0107em programu i mislim da je to velika stvar za ovaj Festival\u201d, naglasio je Misira\u010da.<\/p>\n<p>On je dodao i to da Festival \u201cZlatna vila\u201d ima svijetlu budu\u0107nost ako nastavi smjerom kojim je do sada i\u0161ao.<\/p>\n<p>\u201cJa sam u\u010destvovao nekoliko puta kao selektor i jedne godine sa predstavom tako da mi je jako drago da se Festival vratio u ovaj grad i da se za kratko vreme dobro pozicionirao na Jugoslovenskom prostoru. Na ovom Festivalu se susre\u0107u pozori\u0161ta iz cele regije i mislim da \u0107e u narednim godinama postati zaista reprezentativan, u smislu nagrada tako da \u0107e nagrade sa ovog Festivala imati veliku te\u017einu\u201d, dodao je Misira\u010da.<\/p>\n<p>U takmi\u010darskom dijelu druge festivalske ve\u010deri nastupio je \u201cKorifej teatar\u201d iz Kola\u0161ina sa predstavom \u201cKrst sa petokrakom\u201d. Ve\u010deras je na programu \u201cUrnebesna tragedija\u201d, koprodukcijska predstava Narodnog pozori\u0161ta RS iz Banjaluke i Narodnog pozori\u0161ta iz Beograda.<\/p>\n<p><strong><a href=\"https:\/\/kozarski.com\/zlatna-vila-obiljezeno-100-godina-od-rodjenja-miodraga-petrovica-ckalje\/\" target=\"_blank\" rel=\"noopener\">kozarski.com<\/a><\/strong><\/p>\n<p><iframe loading=\"lazy\" title=\"\u201cZLATNA VILA\u201d:\u00a0 OBILJE\u017dENO 100 GODINA OD RO\u0110ENJA MIODRAGA PETROVI\u0106A \u010cKALJE\" width=\"500\" height=\"281\" src=\"https:\/\/www.youtube.com\/embed\/IXjCkCyxndY?feature=oembed\" frameborder=\"0\" allow=\"accelerometer; autoplay; clipboard-write; encrypted-media; gyroscope; picture-in-picture; web-share\" referrerpolicy=\"strict-origin-when-cross-origin\" allowfullscreen><\/iframe><\/p>\n","protected":false},"excerpt":{"rendered":"<p>U prate\u0107em programu 17. Me\u0111unarodnog festivala pozori\u0161ta \u201eZlatna vila\u201c u Pozori\u0161tu Prijedor otvorena je izlo\u017eba Jugoslovenske kinoteke i promovisana je knjiga \u201eBilo nekad jedno vreme, kad su ljudi bili bolji\u201c, [&hellip;]<\/p>\n","protected":false},"author":1,"featured_media":0,"comment_status":"closed","ping_status":"open","sticky":false,"template":"","format":"standard","meta":{"_monsterinsights_skip_tracking":false,"_monsterinsights_sitenote_active":false,"_monsterinsights_sitenote_note":"","_monsterinsights_sitenote_category":0,"footnotes":""},"categories":[6],"tags":[],"yoast_head":"<!-- This site is optimized with the Yoast SEO plugin v21.6 - https:\/\/yoast.com\/wordpress\/plugins\/seo\/ -->\n<title>&quot;Zlatna vila&quot;: Obilje\u017eeno 100 godina od ro\u0111enja Miodraga Petrovi\u0107a \u010ckalje - VIDEO - PrijedorDanas.com - Prijedorski gradski portal<\/title>\n<meta name=\"robots\" content=\"index, follow, max-snippet:-1, max-image-preview:large, max-video-preview:-1\" \/>\n<link rel=\"canonical\" href=\"https:\/\/www.prijedordanas.com\/?p=234155\" \/>\n<meta property=\"og:locale\" content=\"en_US\" \/>\n<meta property=\"og:type\" content=\"article\" \/>\n<meta property=\"og:title\" content=\"&quot;Zlatna vila&quot;: Obilje\u017eeno 100 godina od ro\u0111enja Miodraga Petrovi\u0107a \u010ckalje - VIDEO - PrijedorDanas.com - Prijedorski gradski portal\" \/>\n<meta property=\"og:description\" content=\"U prate\u0107em programu 17. Me\u0111unarodnog festivala pozori\u0161ta \u201eZlatna vila\u201c u Pozori\u0161tu Prijedor otvorena je izlo\u017eba Jugoslovenske kinoteke i promovisana je knjiga \u201eBilo nekad jedno vreme, kad su ljudi bili bolji\u201c, [&hellip;]\" \/>\n<meta property=\"og:url\" content=\"https:\/\/www.prijedordanas.com\/?p=234155\" \/>\n<meta property=\"og:site_name\" content=\"PrijedorDanas.com - Prijedorski gradski portal\" \/>\n<meta property=\"article:publisher\" content=\"https:\/\/www.facebook.com\/PrijedorDanasCom\/\" \/>\n<meta property=\"article:published_time\" content=\"2024-09-25T10:45:19+00:00\" \/>\n<meta property=\"og:image\" content=\"https:\/\/www.prijedordanas.com\/wp-content\/uploads\/2024\/09\/kozarski-zlatna-vila-izlozba-ckalja-1-300x225.jpg\" \/>\n<meta name=\"author\" content=\"admin\" \/>\n<meta name=\"twitter:card\" content=\"summary_large_image\" \/>\n<meta name=\"twitter:label1\" content=\"Written by\" \/>\n\t<meta name=\"twitter:data1\" content=\"admin\" \/>\n\t<meta name=\"twitter:label2\" content=\"Est. reading time\" \/>\n\t<meta name=\"twitter:data2\" content=\"3 minutes\" \/>\n<script type=\"application\/ld+json\" class=\"yoast-schema-graph\">{\"@context\":\"https:\/\/schema.org\",\"@graph\":[{\"@type\":\"Article\",\"@id\":\"https:\/\/www.prijedordanas.com\/?p=234155#article\",\"isPartOf\":{\"@id\":\"https:\/\/www.prijedordanas.com\/?p=234155\"},\"author\":{\"name\":\"admin\",\"@id\":\"https:\/\/www.prijedordanas.com\/#\/schema\/person\/4e08ccf29b506ca916ff86d46bb700e6\"},\"headline\":\"&#8220;Zlatna vila&#8221;: Obilje\u017eeno 100 godina od ro\u0111enja Miodraga Petrovi\u0107a \u010ckalje &#8211; VIDEO\",\"datePublished\":\"2024-09-25T10:45:19+00:00\",\"dateModified\":\"2024-09-25T10:45:19+00:00\",\"mainEntityOfPage\":{\"@id\":\"https:\/\/www.prijedordanas.com\/?p=234155\"},\"wordCount\":617,\"publisher\":{\"@id\":\"https:\/\/www.prijedordanas.com\/#organization\"},\"articleSection\":[\"Kultura\"],\"inLanguage\":\"en-US\"},{\"@type\":\"WebPage\",\"@id\":\"https:\/\/www.prijedordanas.com\/?p=234155\",\"url\":\"https:\/\/www.prijedordanas.com\/?p=234155\",\"name\":\"\\\"Zlatna vila\\\": Obilje\u017eeno 100 godina od ro\u0111enja Miodraga Petrovi\u0107a \u010ckalje - VIDEO - PrijedorDanas.com - Prijedorski gradski portal\",\"isPartOf\":{\"@id\":\"https:\/\/www.prijedordanas.com\/#website\"},\"datePublished\":\"2024-09-25T10:45:19+00:00\",\"dateModified\":\"2024-09-25T10:45:19+00:00\",\"breadcrumb\":{\"@id\":\"https:\/\/www.prijedordanas.com\/?p=234155#breadcrumb\"},\"inLanguage\":\"en-US\",\"potentialAction\":[{\"@type\":\"ReadAction\",\"target\":[\"https:\/\/www.prijedordanas.com\/?p=234155\"]}]},{\"@type\":\"BreadcrumbList\",\"@id\":\"https:\/\/www.prijedordanas.com\/?p=234155#breadcrumb\",\"itemListElement\":[{\"@type\":\"ListItem\",\"position\":1,\"name\":\"Home\",\"item\":\"https:\/\/www.prijedordanas.com\/\"},{\"@type\":\"ListItem\",\"position\":2,\"name\":\"&#8220;Zlatna vila&#8221;: Obilje\u017eeno 100 godina od ro\u0111enja Miodraga Petrovi\u0107a \u010ckalje &#8211; VIDEO\"}]},{\"@type\":\"WebSite\",\"@id\":\"https:\/\/www.prijedordanas.com\/#website\",\"url\":\"https:\/\/www.prijedordanas.com\/\",\"name\":\"PrijedorDanas.com - Prijedorski gradski portal\",\"description\":\"Portal o doga\u0111anjima u gradu Prijedoru\",\"publisher\":{\"@id\":\"https:\/\/www.prijedordanas.com\/#organization\"},\"potentialAction\":[{\"@type\":\"SearchAction\",\"target\":{\"@type\":\"EntryPoint\",\"urlTemplate\":\"https:\/\/www.prijedordanas.com\/?s={search_term_string}\"},\"query-input\":\"required name=search_term_string\"}],\"inLanguage\":\"en-US\"},{\"@type\":\"Organization\",\"@id\":\"https:\/\/www.prijedordanas.com\/#organization\",\"name\":\"PrijedorDanas.com\",\"url\":\"https:\/\/www.prijedordanas.com\/\",\"logo\":{\"@type\":\"ImageObject\",\"inLanguage\":\"en-US\",\"@id\":\"https:\/\/www.prijedordanas.com\/#\/schema\/logo\/image\/\",\"url\":\"http:\/\/www.prijedordanas.com\/wp-content\/uploads\/2021\/12\/logopng.png\",\"contentUrl\":\"http:\/\/www.prijedordanas.com\/wp-content\/uploads\/2021\/12\/logopng.png\",\"width\":1019,\"height\":776,\"caption\":\"PrijedorDanas.com\"},\"image\":{\"@id\":\"https:\/\/www.prijedordanas.com\/#\/schema\/logo\/image\/\"},\"sameAs\":[\"https:\/\/www.facebook.com\/PrijedorDanasCom\/\"]},{\"@type\":\"Person\",\"@id\":\"https:\/\/www.prijedordanas.com\/#\/schema\/person\/4e08ccf29b506ca916ff86d46bb700e6\",\"name\":\"admin\",\"image\":{\"@type\":\"ImageObject\",\"inLanguage\":\"en-US\",\"@id\":\"https:\/\/www.prijedordanas.com\/#\/schema\/person\/image\/\",\"url\":\"https:\/\/secure.gravatar.com\/avatar\/1d3fc949d550f0b53a5f0d51e06dfd79?s=96&d=mm&r=g\",\"contentUrl\":\"https:\/\/secure.gravatar.com\/avatar\/1d3fc949d550f0b53a5f0d51e06dfd79?s=96&d=mm&r=g\",\"caption\":\"admin\"},\"url\":\"https:\/\/www.prijedordanas.com\/?author=1\"}]}<\/script>\n<!-- \/ Yoast SEO plugin. -->","yoast_head_json":{"title":"\"Zlatna vila\": Obilje\u017eeno 100 godina od ro\u0111enja Miodraga Petrovi\u0107a \u010ckalje - VIDEO - PrijedorDanas.com - Prijedorski gradski portal","robots":{"index":"index","follow":"follow","max-snippet":"max-snippet:-1","max-image-preview":"max-image-preview:large","max-video-preview":"max-video-preview:-1"},"canonical":"https:\/\/www.prijedordanas.com\/?p=234155","og_locale":"en_US","og_type":"article","og_title":"\"Zlatna vila\": Obilje\u017eeno 100 godina od ro\u0111enja Miodraga Petrovi\u0107a \u010ckalje - VIDEO - PrijedorDanas.com - Prijedorski gradski portal","og_description":"U prate\u0107em programu 17. Me\u0111unarodnog festivala pozori\u0161ta \u201eZlatna vila\u201c u Pozori\u0161tu Prijedor otvorena je izlo\u017eba Jugoslovenske kinoteke i promovisana je knjiga \u201eBilo nekad jedno vreme, kad su ljudi bili bolji\u201c, [&hellip;]","og_url":"https:\/\/www.prijedordanas.com\/?p=234155","og_site_name":"PrijedorDanas.com - Prijedorski gradski portal","article_publisher":"https:\/\/www.facebook.com\/PrijedorDanasCom\/","article_published_time":"2024-09-25T10:45:19+00:00","og_image":[{"url":"https:\/\/www.prijedordanas.com\/wp-content\/uploads\/2024\/09\/kozarski-zlatna-vila-izlozba-ckalja-1-300x225.jpg"}],"author":"admin","twitter_card":"summary_large_image","twitter_misc":{"Written by":"admin","Est. reading time":"3 minutes"},"schema":{"@context":"https:\/\/schema.org","@graph":[{"@type":"Article","@id":"https:\/\/www.prijedordanas.com\/?p=234155#article","isPartOf":{"@id":"https:\/\/www.prijedordanas.com\/?p=234155"},"author":{"name":"admin","@id":"https:\/\/www.prijedordanas.com\/#\/schema\/person\/4e08ccf29b506ca916ff86d46bb700e6"},"headline":"&#8220;Zlatna vila&#8221;: Obilje\u017eeno 100 godina od ro\u0111enja Miodraga Petrovi\u0107a \u010ckalje &#8211; VIDEO","datePublished":"2024-09-25T10:45:19+00:00","dateModified":"2024-09-25T10:45:19+00:00","mainEntityOfPage":{"@id":"https:\/\/www.prijedordanas.com\/?p=234155"},"wordCount":617,"publisher":{"@id":"https:\/\/www.prijedordanas.com\/#organization"},"articleSection":["Kultura"],"inLanguage":"en-US"},{"@type":"WebPage","@id":"https:\/\/www.prijedordanas.com\/?p=234155","url":"https:\/\/www.prijedordanas.com\/?p=234155","name":"\"Zlatna vila\": Obilje\u017eeno 100 godina od ro\u0111enja Miodraga Petrovi\u0107a \u010ckalje - VIDEO - PrijedorDanas.com - Prijedorski gradski portal","isPartOf":{"@id":"https:\/\/www.prijedordanas.com\/#website"},"datePublished":"2024-09-25T10:45:19+00:00","dateModified":"2024-09-25T10:45:19+00:00","breadcrumb":{"@id":"https:\/\/www.prijedordanas.com\/?p=234155#breadcrumb"},"inLanguage":"en-US","potentialAction":[{"@type":"ReadAction","target":["https:\/\/www.prijedordanas.com\/?p=234155"]}]},{"@type":"BreadcrumbList","@id":"https:\/\/www.prijedordanas.com\/?p=234155#breadcrumb","itemListElement":[{"@type":"ListItem","position":1,"name":"Home","item":"https:\/\/www.prijedordanas.com\/"},{"@type":"ListItem","position":2,"name":"&#8220;Zlatna vila&#8221;: Obilje\u017eeno 100 godina od ro\u0111enja Miodraga Petrovi\u0107a \u010ckalje &#8211; VIDEO"}]},{"@type":"WebSite","@id":"https:\/\/www.prijedordanas.com\/#website","url":"https:\/\/www.prijedordanas.com\/","name":"PrijedorDanas.com - Prijedorski gradski portal","description":"Portal o doga\u0111anjima u gradu Prijedoru","publisher":{"@id":"https:\/\/www.prijedordanas.com\/#organization"},"potentialAction":[{"@type":"SearchAction","target":{"@type":"EntryPoint","urlTemplate":"https:\/\/www.prijedordanas.com\/?s={search_term_string}"},"query-input":"required name=search_term_string"}],"inLanguage":"en-US"},{"@type":"Organization","@id":"https:\/\/www.prijedordanas.com\/#organization","name":"PrijedorDanas.com","url":"https:\/\/www.prijedordanas.com\/","logo":{"@type":"ImageObject","inLanguage":"en-US","@id":"https:\/\/www.prijedordanas.com\/#\/schema\/logo\/image\/","url":"http:\/\/www.prijedordanas.com\/wp-content\/uploads\/2021\/12\/logopng.png","contentUrl":"http:\/\/www.prijedordanas.com\/wp-content\/uploads\/2021\/12\/logopng.png","width":1019,"height":776,"caption":"PrijedorDanas.com"},"image":{"@id":"https:\/\/www.prijedordanas.com\/#\/schema\/logo\/image\/"},"sameAs":["https:\/\/www.facebook.com\/PrijedorDanasCom\/"]},{"@type":"Person","@id":"https:\/\/www.prijedordanas.com\/#\/schema\/person\/4e08ccf29b506ca916ff86d46bb700e6","name":"admin","image":{"@type":"ImageObject","inLanguage":"en-US","@id":"https:\/\/www.prijedordanas.com\/#\/schema\/person\/image\/","url":"https:\/\/secure.gravatar.com\/avatar\/1d3fc949d550f0b53a5f0d51e06dfd79?s=96&d=mm&r=g","contentUrl":"https:\/\/secure.gravatar.com\/avatar\/1d3fc949d550f0b53a5f0d51e06dfd79?s=96&d=mm&r=g","caption":"admin"},"url":"https:\/\/www.prijedordanas.com\/?author=1"}]}},"_links":{"self":[{"href":"https:\/\/www.prijedordanas.com\/index.php?rest_route=\/wp\/v2\/posts\/234155"}],"collection":[{"href":"https:\/\/www.prijedordanas.com\/index.php?rest_route=\/wp\/v2\/posts"}],"about":[{"href":"https:\/\/www.prijedordanas.com\/index.php?rest_route=\/wp\/v2\/types\/post"}],"author":[{"embeddable":true,"href":"https:\/\/www.prijedordanas.com\/index.php?rest_route=\/wp\/v2\/users\/1"}],"replies":[{"embeddable":true,"href":"https:\/\/www.prijedordanas.com\/index.php?rest_route=%2Fwp%2Fv2%2Fcomments&post=234155"}],"version-history":[{"count":1,"href":"https:\/\/www.prijedordanas.com\/index.php?rest_route=\/wp\/v2\/posts\/234155\/revisions"}],"predecessor-version":[{"id":234159,"href":"https:\/\/www.prijedordanas.com\/index.php?rest_route=\/wp\/v2\/posts\/234155\/revisions\/234159"}],"wp:attachment":[{"href":"https:\/\/www.prijedordanas.com\/index.php?rest_route=%2Fwp%2Fv2%2Fmedia&parent=234155"}],"wp:term":[{"taxonomy":"category","embeddable":true,"href":"https:\/\/www.prijedordanas.com\/index.php?rest_route=%2Fwp%2Fv2%2Fcategories&post=234155"},{"taxonomy":"post_tag","embeddable":true,"href":"https:\/\/www.prijedordanas.com\/index.php?rest_route=%2Fwp%2Fv2%2Ftags&post=234155"}],"curies":[{"name":"wp","href":"https:\/\/api.w.org\/{rel}","templated":true}]}}