{"id":234064,"date":"2024-09-23T22:24:19","date_gmt":"2024-09-23T20:24:19","guid":{"rendered":"https:\/\/www.prijedordanas.com\/?p=234064"},"modified":"2024-09-23T23:12:52","modified_gmt":"2024-09-23T21:12:52","slug":"otvoren-17-medunarodni-festival-pozorista-zlatna-vila-foto","status":"publish","type":"post","link":"https:\/\/www.prijedordanas.com\/?p=234064","title":{"rendered":"Prijedor: Otvoren 17. Me\u0111unarodni festival pozori\u0161ta &#8220;Zlatna vila&#8221; &#8211; FOTO"},"content":{"rendered":"<p><a href=\"https:\/\/www.prijedordanas.com\/wp-content\/uploads\/2024\/09\/prijedorgradorg-zlatna-vila-2024-otvaranje-1.jpg\"><img loading=\"lazy\" decoding=\"async\" class=\"alignleft size-medium wp-image-234065\" src=\"https:\/\/www.prijedordanas.com\/wp-content\/uploads\/2024\/09\/prijedorgradorg-zlatna-vila-2024-otvaranje-1-300x225.jpg\" alt=\"\" width=\"300\" height=\"225\" srcset=\"https:\/\/www.prijedordanas.com\/wp-content\/uploads\/2024\/09\/prijedorgradorg-zlatna-vila-2024-otvaranje-1-300x225.jpg 300w, https:\/\/www.prijedordanas.com\/wp-content\/uploads\/2024\/09\/prijedorgradorg-zlatna-vila-2024-otvaranje-1-640x480.jpg 640w, https:\/\/www.prijedordanas.com\/wp-content\/uploads\/2024\/09\/prijedorgradorg-zlatna-vila-2024-otvaranje-1.jpg 667w\" sizes=\"(max-width: 300px) 100vw, 300px\" \/><\/a>Me\u0111unarodni festival pozori\u0161ta &#8220;Zlatna vila&#8221; otvoren je ve\u010deras u Prijedoru, odr\u017eava se 17. put i okupio je pozori\u0161ta iz Republike Srpske, Federacije BiH, Hrvatske, Srbije i Crne Gore.<\/p>\n<p>Festival je otvorio na\u010delnik Odjeljenja za kulturu, me\u0111unarodnu saradnju, sport i nevladine organizacije Aleksandar Milje\u0161i\u0107 koji je u\u010desnicima po\u017eelio dobrodo\u0161licu i sre\u0107u.<\/p>\n<p>&#8220;Oni koji su osnivali ovo pozori\u0161te davne 1953. vjerovatno nisu ni slutili da \u0107e to biti jedan od najzna\u010dajnijih teatara u Republici Srpskoj, ali i BiH. Vjerujem da \u0107e prijedorska publika zaista u\u017eivati s svim predstavama, gdje \u0107emo svi zajedno kao grad biti centar regije kada je pozori\u0161na umjetnost u pitanju&#8221;, rekao je Milje\u0161i\u0107 novinarima u Prijedoru.<\/p>\n<p>Direktor festivala i direktor Pozori\u0161ta Prijedor Sr\u0111an Knjeginji\u0107 rekao je da su se ove godine odlu\u010dili da tematski odrede festival.<\/p>\n<p><a href=\"https:\/\/www.prijedordanas.com\/wp-content\/uploads\/2024\/09\/prijedorgradorg-zlatna-vila-2024-otvaranje-2.jpg\"><img loading=\"lazy\" decoding=\"async\" class=\"alignleft size-medium wp-image-234066\" src=\"https:\/\/www.prijedordanas.com\/wp-content\/uploads\/2024\/09\/prijedorgradorg-zlatna-vila-2024-otvaranje-2-300x200.jpg\" alt=\"\" width=\"300\" height=\"200\" srcset=\"https:\/\/www.prijedordanas.com\/wp-content\/uploads\/2024\/09\/prijedorgradorg-zlatna-vila-2024-otvaranje-2-300x200.jpg 300w, https:\/\/www.prijedordanas.com\/wp-content\/uploads\/2024\/09\/prijedorgradorg-zlatna-vila-2024-otvaranje-2-480x320.jpg 480w, https:\/\/www.prijedordanas.com\/wp-content\/uploads\/2024\/09\/prijedorgradorg-zlatna-vila-2024-otvaranje-2.jpg 600w\" sizes=\"(max-width: 300px) 100vw, 300px\" \/><\/a>&#8220;Imamo krilaticu &#8220;Smijeh je ozbiljna stvar&#8221; \u0161to i jeste u su\u0161tini jer smijeh i oru\u017eje i odbrambeni mehanizam, a da je smijeh sa pozornice znak pitanja da li treba ne\u0161to mijenjati po\u010dev\u0161i prvo od sebe , pa tek onda da usmjerimo misao ka dru\u0161tvu da bi na\u0161a budu\u0107nost bila puna zdravog smijeha&#8221; izjavio je Knjeginji\u0107.<\/p>\n<p>Selektor Zoran Baro\u0161 rekao je novinarima da se, gledaju\u0107i preko 25 prijavljenih predstava, nekako samo po sebi se nametnulo da bi komedija trebala da bude \u017eanr koji \u0107e preovladavati na festivalu i to ozbiljna komedija i zbog toga i ovaj slogan &#8220;Smijeh je ozbiljna stvar&#8221;.<\/p>\n<p>Predstavom &#8220;LJudi od voska&#8221; Narodnog pozori\u0161ta Sombor ve\u010deras je po\u010deo takmi\u010darski dio, a nakon svake predstave odr\u017eava se okrugli sto koji \u0107e voditi D\u017devdet Tuzli\u0107.<\/p>\n<p><a href=\"https:\/\/www.prijedordanas.com\/wp-content\/uploads\/2024\/09\/zlatna-vila-2024-ljudi-od-voska-1.jpg\"><img loading=\"lazy\" decoding=\"async\" class=\"alignleft size-medium wp-image-234067\" src=\"https:\/\/www.prijedordanas.com\/wp-content\/uploads\/2024\/09\/zlatna-vila-2024-ljudi-od-voska-1-300x225.jpg\" alt=\"\" width=\"300\" height=\"225\" srcset=\"https:\/\/www.prijedordanas.com\/wp-content\/uploads\/2024\/09\/zlatna-vila-2024-ljudi-od-voska-1-300x225.jpg 300w, https:\/\/www.prijedordanas.com\/wp-content\/uploads\/2024\/09\/zlatna-vila-2024-ljudi-od-voska-1-640x480.jpg 640w, https:\/\/www.prijedordanas.com\/wp-content\/uploads\/2024\/09\/zlatna-vila-2024-ljudi-od-voska-1.jpg 667w\" sizes=\"(max-width: 300px) 100vw, 300px\" \/><\/a>Sutra \u0107e u prate\u0107em programu bi\u0107e predstavljen lik i djelo Miodraga Petrovi\u0107a \u010ckalje kroz izlo\u017ebu Jugoslovenske kinoteke i knjigu njegovog sina, \u010cedomira Petrovi\u0107a, &#8220;Bilo nekad jedno vreme kad su ljudi bili bolji&#8221;, a Korifej teatar Kola\u0161in igra\u0107e predstavu &#8220;Krst sa petokrakom&#8221;.<\/p>\n<p>U srijedu, 25. septembra, u prate\u0107em programu bi\u0107e predstavljanje glumice Nele Mihailovi\u0107, a Narodno pozori\u0161te Republike Srpske i Narodno pozori\u0161te Beograd igraju &#8220;Urnebesnu tragediju&#8221;.<\/p>\n<p>Narednog dana u prate\u0107em programu bi\u0107e predstavljen glumac Mirvad Kuri\u0107, a Bosansko narodno pozori\u0161te Zenica igra predstavu &#8220;Kiselina&#8221;.<\/p>\n<p>U petak, 27. septembra, u prate\u0107em programu je predstavljanje glumice Olge Odanovi\u0107 Petrovi\u0107, a Hrvatsko narodno kazali\u0161te Osijek igra predstavu &#8220;Maratonci tr\u010de po\u010dasni krug&#8221;.<\/p>\n<p><a href=\"https:\/\/www.prijedordanas.com\/wp-content\/uploads\/2024\/09\/zlatna-vila-2024-ljudi-od-voska-2.jpg\"><img loading=\"lazy\" decoding=\"async\" src=\"https:\/\/www.prijedordanas.com\/wp-content\/uploads\/2024\/09\/zlatna-vila-2024-ljudi-od-voska-2-300x225.jpg\" alt=\"\" width=\"300\" height=\"225\" class=\"alignleft size-medium wp-image-234068\" srcset=\"https:\/\/www.prijedordanas.com\/wp-content\/uploads\/2024\/09\/zlatna-vila-2024-ljudi-od-voska-2-300x225.jpg 300w, https:\/\/www.prijedordanas.com\/wp-content\/uploads\/2024\/09\/zlatna-vila-2024-ljudi-od-voska-2-640x480.jpg 640w, https:\/\/www.prijedordanas.com\/wp-content\/uploads\/2024\/09\/zlatna-vila-2024-ljudi-od-voska-2.jpg 667w\" sizes=\"(max-width: 300px) 100vw, 300px\" \/><\/a>Za subotu je predvi\u0111eno sve\u010dano zatvaranje festivala na kojem \u0107e biti dodijeljene nagrade i odr\u017ean koncert grupe &#8220;Combine quartet&#8221; iz Banjaluke.<\/p>\n<p>\u017diri \u010dine Olga Odanovi\u0107 Petrovi\u0107, David Ali\u0107 i Zijah Sokolovi\u0107, a gledaoci \u0107e glasanjem na pole\u0111ini ulaznica odlu\u010diti o pobjedniku prema ocjeni publike.<\/p>\n<p>Pokrovitelj &#8220;Zlatne vile&#8221; je grad Prijedor.<\/p>\n<p><a href=\"https:\/\/www.prijedorgrad.org\/sr-EU\/vijesti-sadrzaj.html?vid=20813\" target=\"_blank\" rel=\"noopener\">prijedorgrad.org<\/a><\/p>\n","protected":false},"excerpt":{"rendered":"<p>Me\u0111unarodni festival pozori\u0161ta &#8220;Zlatna vila&#8221; otvoren je ve\u010deras u Prijedoru, odr\u017eava se 17. put i okupio je pozori\u0161ta iz Republike Srpske, Federacije BiH, Hrvatske, Srbije i Crne Gore. Festival je [&hellip;]<\/p>\n","protected":false},"author":1,"featured_media":0,"comment_status":"closed","ping_status":"open","sticky":false,"template":"","format":"standard","meta":{"_monsterinsights_skip_tracking":false,"_monsterinsights_sitenote_active":false,"_monsterinsights_sitenote_note":"","_monsterinsights_sitenote_category":0,"footnotes":""},"categories":[6],"tags":[],"yoast_head":"<!-- This site is optimized with the Yoast SEO plugin v21.6 - https:\/\/yoast.com\/wordpress\/plugins\/seo\/ -->\n<title>Prijedor: Otvoren 17. Me\u0111unarodni festival pozori\u0161ta &quot;Zlatna vila&quot; - FOTO - PrijedorDanas.com - Prijedorski gradski portal<\/title>\n<meta name=\"robots\" content=\"index, follow, max-snippet:-1, max-image-preview:large, max-video-preview:-1\" \/>\n<link rel=\"canonical\" href=\"https:\/\/www.prijedordanas.com\/?p=234064\" \/>\n<meta property=\"og:locale\" content=\"en_US\" \/>\n<meta property=\"og:type\" content=\"article\" \/>\n<meta property=\"og:title\" content=\"Prijedor: Otvoren 17. Me\u0111unarodni festival pozori\u0161ta &quot;Zlatna vila&quot; - FOTO - PrijedorDanas.com - Prijedorski gradski portal\" \/>\n<meta property=\"og:description\" content=\"Me\u0111unarodni festival pozori\u0161ta &#8220;Zlatna vila&#8221; otvoren je ve\u010deras u Prijedoru, odr\u017eava se 17. put i okupio je pozori\u0161ta iz Republike Srpske, Federacije BiH, Hrvatske, Srbije i Crne Gore. Festival je [&hellip;]\" \/>\n<meta property=\"og:url\" content=\"https:\/\/www.prijedordanas.com\/?p=234064\" \/>\n<meta property=\"og:site_name\" content=\"PrijedorDanas.com - Prijedorski gradski portal\" \/>\n<meta property=\"article:publisher\" content=\"https:\/\/www.facebook.com\/PrijedorDanasCom\/\" \/>\n<meta property=\"article:published_time\" content=\"2024-09-23T20:24:19+00:00\" \/>\n<meta property=\"article:modified_time\" content=\"2024-09-23T21:12:52+00:00\" \/>\n<meta property=\"og:image\" content=\"https:\/\/www.prijedordanas.com\/wp-content\/uploads\/2024\/09\/prijedorgradorg-zlatna-vila-2024-otvaranje-1-300x225.jpg\" \/>\n<meta name=\"author\" content=\"admin\" \/>\n<meta name=\"twitter:card\" content=\"summary_large_image\" \/>\n<meta name=\"twitter:label1\" content=\"Written by\" \/>\n\t<meta name=\"twitter:data1\" content=\"admin\" \/>\n\t<meta name=\"twitter:label2\" content=\"Est. reading time\" \/>\n\t<meta name=\"twitter:data2\" content=\"3 minutes\" \/>\n<script type=\"application\/ld+json\" class=\"yoast-schema-graph\">{\"@context\":\"https:\/\/schema.org\",\"@graph\":[{\"@type\":\"Article\",\"@id\":\"https:\/\/www.prijedordanas.com\/?p=234064#article\",\"isPartOf\":{\"@id\":\"https:\/\/www.prijedordanas.com\/?p=234064\"},\"author\":{\"name\":\"admin\",\"@id\":\"https:\/\/www.prijedordanas.com\/#\/schema\/person\/4e08ccf29b506ca916ff86d46bb700e6\"},\"headline\":\"Prijedor: Otvoren 17. Me\u0111unarodni festival pozori\u0161ta &#8220;Zlatna vila&#8221; &#8211; FOTO\",\"datePublished\":\"2024-09-23T20:24:19+00:00\",\"dateModified\":\"2024-09-23T21:12:52+00:00\",\"mainEntityOfPage\":{\"@id\":\"https:\/\/www.prijedordanas.com\/?p=234064\"},\"wordCount\":474,\"publisher\":{\"@id\":\"https:\/\/www.prijedordanas.com\/#organization\"},\"articleSection\":[\"Kultura\"],\"inLanguage\":\"en-US\"},{\"@type\":\"WebPage\",\"@id\":\"https:\/\/www.prijedordanas.com\/?p=234064\",\"url\":\"https:\/\/www.prijedordanas.com\/?p=234064\",\"name\":\"Prijedor: Otvoren 17. Me\u0111unarodni festival pozori\u0161ta \\\"Zlatna vila\\\" - FOTO - PrijedorDanas.com - Prijedorski gradski portal\",\"isPartOf\":{\"@id\":\"https:\/\/www.prijedordanas.com\/#website\"},\"datePublished\":\"2024-09-23T20:24:19+00:00\",\"dateModified\":\"2024-09-23T21:12:52+00:00\",\"breadcrumb\":{\"@id\":\"https:\/\/www.prijedordanas.com\/?p=234064#breadcrumb\"},\"inLanguage\":\"en-US\",\"potentialAction\":[{\"@type\":\"ReadAction\",\"target\":[\"https:\/\/www.prijedordanas.com\/?p=234064\"]}]},{\"@type\":\"BreadcrumbList\",\"@id\":\"https:\/\/www.prijedordanas.com\/?p=234064#breadcrumb\",\"itemListElement\":[{\"@type\":\"ListItem\",\"position\":1,\"name\":\"Home\",\"item\":\"https:\/\/www.prijedordanas.com\/\"},{\"@type\":\"ListItem\",\"position\":2,\"name\":\"Prijedor: Otvoren 17. Me\u0111unarodni festival pozori\u0161ta &#8220;Zlatna vila&#8221; &#8211; FOTO\"}]},{\"@type\":\"WebSite\",\"@id\":\"https:\/\/www.prijedordanas.com\/#website\",\"url\":\"https:\/\/www.prijedordanas.com\/\",\"name\":\"PrijedorDanas.com - Prijedorski gradski portal\",\"description\":\"Portal o doga\u0111anjima u gradu Prijedoru\",\"publisher\":{\"@id\":\"https:\/\/www.prijedordanas.com\/#organization\"},\"potentialAction\":[{\"@type\":\"SearchAction\",\"target\":{\"@type\":\"EntryPoint\",\"urlTemplate\":\"https:\/\/www.prijedordanas.com\/?s={search_term_string}\"},\"query-input\":\"required name=search_term_string\"}],\"inLanguage\":\"en-US\"},{\"@type\":\"Organization\",\"@id\":\"https:\/\/www.prijedordanas.com\/#organization\",\"name\":\"PrijedorDanas.com\",\"url\":\"https:\/\/www.prijedordanas.com\/\",\"logo\":{\"@type\":\"ImageObject\",\"inLanguage\":\"en-US\",\"@id\":\"https:\/\/www.prijedordanas.com\/#\/schema\/logo\/image\/\",\"url\":\"http:\/\/www.prijedordanas.com\/wp-content\/uploads\/2021\/12\/logopng.png\",\"contentUrl\":\"http:\/\/www.prijedordanas.com\/wp-content\/uploads\/2021\/12\/logopng.png\",\"width\":1019,\"height\":776,\"caption\":\"PrijedorDanas.com\"},\"image\":{\"@id\":\"https:\/\/www.prijedordanas.com\/#\/schema\/logo\/image\/\"},\"sameAs\":[\"https:\/\/www.facebook.com\/PrijedorDanasCom\/\"]},{\"@type\":\"Person\",\"@id\":\"https:\/\/www.prijedordanas.com\/#\/schema\/person\/4e08ccf29b506ca916ff86d46bb700e6\",\"name\":\"admin\",\"image\":{\"@type\":\"ImageObject\",\"inLanguage\":\"en-US\",\"@id\":\"https:\/\/www.prijedordanas.com\/#\/schema\/person\/image\/\",\"url\":\"https:\/\/secure.gravatar.com\/avatar\/1d3fc949d550f0b53a5f0d51e06dfd79?s=96&d=mm&r=g\",\"contentUrl\":\"https:\/\/secure.gravatar.com\/avatar\/1d3fc949d550f0b53a5f0d51e06dfd79?s=96&d=mm&r=g\",\"caption\":\"admin\"},\"url\":\"https:\/\/www.prijedordanas.com\/?author=1\"}]}<\/script>\n<!-- \/ Yoast SEO plugin. -->","yoast_head_json":{"title":"Prijedor: Otvoren 17. Me\u0111unarodni festival pozori\u0161ta \"Zlatna vila\" - FOTO - PrijedorDanas.com - Prijedorski gradski portal","robots":{"index":"index","follow":"follow","max-snippet":"max-snippet:-1","max-image-preview":"max-image-preview:large","max-video-preview":"max-video-preview:-1"},"canonical":"https:\/\/www.prijedordanas.com\/?p=234064","og_locale":"en_US","og_type":"article","og_title":"Prijedor: Otvoren 17. Me\u0111unarodni festival pozori\u0161ta \"Zlatna vila\" - FOTO - PrijedorDanas.com - Prijedorski gradski portal","og_description":"Me\u0111unarodni festival pozori\u0161ta &#8220;Zlatna vila&#8221; otvoren je ve\u010deras u Prijedoru, odr\u017eava se 17. put i okupio je pozori\u0161ta iz Republike Srpske, Federacije BiH, Hrvatske, Srbije i Crne Gore. Festival je [&hellip;]","og_url":"https:\/\/www.prijedordanas.com\/?p=234064","og_site_name":"PrijedorDanas.com - Prijedorski gradski portal","article_publisher":"https:\/\/www.facebook.com\/PrijedorDanasCom\/","article_published_time":"2024-09-23T20:24:19+00:00","article_modified_time":"2024-09-23T21:12:52+00:00","og_image":[{"url":"https:\/\/www.prijedordanas.com\/wp-content\/uploads\/2024\/09\/prijedorgradorg-zlatna-vila-2024-otvaranje-1-300x225.jpg"}],"author":"admin","twitter_card":"summary_large_image","twitter_misc":{"Written by":"admin","Est. reading time":"3 minutes"},"schema":{"@context":"https:\/\/schema.org","@graph":[{"@type":"Article","@id":"https:\/\/www.prijedordanas.com\/?p=234064#article","isPartOf":{"@id":"https:\/\/www.prijedordanas.com\/?p=234064"},"author":{"name":"admin","@id":"https:\/\/www.prijedordanas.com\/#\/schema\/person\/4e08ccf29b506ca916ff86d46bb700e6"},"headline":"Prijedor: Otvoren 17. Me\u0111unarodni festival pozori\u0161ta &#8220;Zlatna vila&#8221; &#8211; FOTO","datePublished":"2024-09-23T20:24:19+00:00","dateModified":"2024-09-23T21:12:52+00:00","mainEntityOfPage":{"@id":"https:\/\/www.prijedordanas.com\/?p=234064"},"wordCount":474,"publisher":{"@id":"https:\/\/www.prijedordanas.com\/#organization"},"articleSection":["Kultura"],"inLanguage":"en-US"},{"@type":"WebPage","@id":"https:\/\/www.prijedordanas.com\/?p=234064","url":"https:\/\/www.prijedordanas.com\/?p=234064","name":"Prijedor: Otvoren 17. Me\u0111unarodni festival pozori\u0161ta \"Zlatna vila\" - FOTO - PrijedorDanas.com - Prijedorski gradski portal","isPartOf":{"@id":"https:\/\/www.prijedordanas.com\/#website"},"datePublished":"2024-09-23T20:24:19+00:00","dateModified":"2024-09-23T21:12:52+00:00","breadcrumb":{"@id":"https:\/\/www.prijedordanas.com\/?p=234064#breadcrumb"},"inLanguage":"en-US","potentialAction":[{"@type":"ReadAction","target":["https:\/\/www.prijedordanas.com\/?p=234064"]}]},{"@type":"BreadcrumbList","@id":"https:\/\/www.prijedordanas.com\/?p=234064#breadcrumb","itemListElement":[{"@type":"ListItem","position":1,"name":"Home","item":"https:\/\/www.prijedordanas.com\/"},{"@type":"ListItem","position":2,"name":"Prijedor: Otvoren 17. Me\u0111unarodni festival pozori\u0161ta &#8220;Zlatna vila&#8221; &#8211; FOTO"}]},{"@type":"WebSite","@id":"https:\/\/www.prijedordanas.com\/#website","url":"https:\/\/www.prijedordanas.com\/","name":"PrijedorDanas.com - Prijedorski gradski portal","description":"Portal o doga\u0111anjima u gradu Prijedoru","publisher":{"@id":"https:\/\/www.prijedordanas.com\/#organization"},"potentialAction":[{"@type":"SearchAction","target":{"@type":"EntryPoint","urlTemplate":"https:\/\/www.prijedordanas.com\/?s={search_term_string}"},"query-input":"required name=search_term_string"}],"inLanguage":"en-US"},{"@type":"Organization","@id":"https:\/\/www.prijedordanas.com\/#organization","name":"PrijedorDanas.com","url":"https:\/\/www.prijedordanas.com\/","logo":{"@type":"ImageObject","inLanguage":"en-US","@id":"https:\/\/www.prijedordanas.com\/#\/schema\/logo\/image\/","url":"http:\/\/www.prijedordanas.com\/wp-content\/uploads\/2021\/12\/logopng.png","contentUrl":"http:\/\/www.prijedordanas.com\/wp-content\/uploads\/2021\/12\/logopng.png","width":1019,"height":776,"caption":"PrijedorDanas.com"},"image":{"@id":"https:\/\/www.prijedordanas.com\/#\/schema\/logo\/image\/"},"sameAs":["https:\/\/www.facebook.com\/PrijedorDanasCom\/"]},{"@type":"Person","@id":"https:\/\/www.prijedordanas.com\/#\/schema\/person\/4e08ccf29b506ca916ff86d46bb700e6","name":"admin","image":{"@type":"ImageObject","inLanguage":"en-US","@id":"https:\/\/www.prijedordanas.com\/#\/schema\/person\/image\/","url":"https:\/\/secure.gravatar.com\/avatar\/1d3fc949d550f0b53a5f0d51e06dfd79?s=96&d=mm&r=g","contentUrl":"https:\/\/secure.gravatar.com\/avatar\/1d3fc949d550f0b53a5f0d51e06dfd79?s=96&d=mm&r=g","caption":"admin"},"url":"https:\/\/www.prijedordanas.com\/?author=1"}]}},"_links":{"self":[{"href":"https:\/\/www.prijedordanas.com\/index.php?rest_route=\/wp\/v2\/posts\/234064"}],"collection":[{"href":"https:\/\/www.prijedordanas.com\/index.php?rest_route=\/wp\/v2\/posts"}],"about":[{"href":"https:\/\/www.prijedordanas.com\/index.php?rest_route=\/wp\/v2\/types\/post"}],"author":[{"embeddable":true,"href":"https:\/\/www.prijedordanas.com\/index.php?rest_route=\/wp\/v2\/users\/1"}],"replies":[{"embeddable":true,"href":"https:\/\/www.prijedordanas.com\/index.php?rest_route=%2Fwp%2Fv2%2Fcomments&post=234064"}],"version-history":[{"count":2,"href":"https:\/\/www.prijedordanas.com\/index.php?rest_route=\/wp\/v2\/posts\/234064\/revisions"}],"predecessor-version":[{"id":234070,"href":"https:\/\/www.prijedordanas.com\/index.php?rest_route=\/wp\/v2\/posts\/234064\/revisions\/234070"}],"wp:attachment":[{"href":"https:\/\/www.prijedordanas.com\/index.php?rest_route=%2Fwp%2Fv2%2Fmedia&parent=234064"}],"wp:term":[{"taxonomy":"category","embeddable":true,"href":"https:\/\/www.prijedordanas.com\/index.php?rest_route=%2Fwp%2Fv2%2Fcategories&post=234064"},{"taxonomy":"post_tag","embeddable":true,"href":"https:\/\/www.prijedordanas.com\/index.php?rest_route=%2Fwp%2Fv2%2Ftags&post=234064"}],"curies":[{"name":"wp","href":"https:\/\/api.w.org\/{rel}","templated":true}]}}