{"id":234049,"date":"2024-09-23T10:39:54","date_gmt":"2024-09-23T08:39:54","guid":{"rendered":"https:\/\/www.prijedordanas.com\/?p=234049"},"modified":"2024-09-23T10:39:54","modified_gmt":"2024-09-23T08:39:54","slug":"komunalne-usluge-prijedor-slike-svakodnevnog-radnog-okruzenja-osjecaj-stida-pretvorile-u-osjecaj-ponosa-foto","status":"publish","type":"post","link":"https:\/\/www.prijedordanas.com\/?p=234049","title":{"rendered":"&#8220;Komunalne usluge&#8221; Prijedor: Slike svakodnevnog radnog okru\u017eenja osje\u0107aj stida pretvorile u osje\u0107aj ponosa &#8211; FOTO"},"content":{"rendered":"<p><a href=\"https:\/\/www.prijedordanas.com\/wp-content\/uploads\/2024\/09\/komunalne-usluge-prijedor-terenski-rad-1.jpg\"><img loading=\"lazy\" decoding=\"async\" class=\"alignleft size-medium wp-image-234050\" src=\"https:\/\/www.prijedordanas.com\/wp-content\/uploads\/2024\/09\/komunalne-usluge-prijedor-terenski-rad-1-300x225.jpg\" alt=\"\" width=\"300\" height=\"225\" srcset=\"https:\/\/www.prijedordanas.com\/wp-content\/uploads\/2024\/09\/komunalne-usluge-prijedor-terenski-rad-1-300x225.jpg 300w, https:\/\/www.prijedordanas.com\/wp-content\/uploads\/2024\/09\/komunalne-usluge-prijedor-terenski-rad-1-640x480.jpg 640w, https:\/\/www.prijedordanas.com\/wp-content\/uploads\/2024\/09\/komunalne-usluge-prijedor-terenski-rad-1.jpg 667w\" sizes=\"(max-width: 300px) 100vw, 300px\" \/><\/a>Prijedorsko preduzec\u0301e \u201eKomunalne usluge\u201c jedno je od rijetkih u regionu iz ove bran\u0161e koje s gra\u0111anima svakodnevno komunicira i putem dru\u0161tvenih mre\u017ea, \u0161to je za kratko vrijeme dovelo smanjenja predrasuda o \u201ekomunalcima\u201c, ali i do otkrivanja po\u010dinilaca prekr\u0161aja i krivi\u010dnih djela na \u0161tetu ove firme, izjavila je rukovodilac Slu\u017ebe op\u0161tih poslova u ovom preduzec\u0301u Zorana Mirkovic\u0301.<\/p>\n<p>Ona vjeruje da je ovakvo otvaranje ka javnosti postepeno dovelo do toga da su sve vec\u0301em broju sugra\u0111ana pribli\u017eene brojne i raznovrsne djelatnosti ovog preduzec\u0301a, za koje su ranije me\u0111u prvim asocijacijama prljav\u0161tina, ne\u010distoc\u0301a, \u010dak i sramota, a da se vremenom do\u0161lo do promjene percepcije.<\/p>\n<p>\u201eTo i jeste namjera bila &#8211; da na\u0161e radne kolege, koji su po prirodi posla najvidljiviji na javnim povr\u0161inama, ljudi prepoznaju, cijene i uva\u017eavaju kao vrijedne radnike i reakcije sa terena su sve pozitivnije. I to je dragocjeno\u201c, rekla je Mirkovic\u0301eva za <a href=\"https:\/\/www.prijedordanas.com\" target=\"_blank\" rel=\"noopener noreferrer\">www.prijedordanas.com<\/a>..<\/p>\n<p>Tri i po godine, koliko je pro\u0161lo od prve Fejsbuk objave, relativno je kratko vrijeme za promjenu svijesti u korist i radnika i firme, ali je na primjeru Prijedora evidentno da se to desilo.<\/p>\n<p><a href=\"https:\/\/www.prijedordanas.com\/wp-content\/uploads\/2024\/09\/komunalne-usluge-prijedor-terenski-rad-2.jpg\"><img loading=\"lazy\" decoding=\"async\" class=\"alignleft size-medium wp-image-234051\" src=\"https:\/\/www.prijedordanas.com\/wp-content\/uploads\/2024\/09\/komunalne-usluge-prijedor-terenski-rad-2-258x300.jpg\" alt=\"\" width=\"258\" height=\"300\" srcset=\"https:\/\/www.prijedordanas.com\/wp-content\/uploads\/2024\/09\/komunalne-usluge-prijedor-terenski-rad-2-258x300.jpg 258w, https:\/\/www.prijedordanas.com\/wp-content\/uploads\/2024\/09\/komunalne-usluge-prijedor-terenski-rad-2.jpg 516w\" sizes=\"(max-width: 258px) 100vw, 258px\" \/><\/a>\u201eNa\u0161e radnike sugra\u0111ani pozdravljaju, prepoznaju ih sa fotografija i videa koji su na dru\u0161tvenim mre\u017eama, po\u010daste pic\u0301em, iznesu im vode u vrelim ljetnim danima, po\u010daste ih, progovore koju s njima. Toliko su oni zadovoljni da, kad se ponovo sretnemo ili kad ih ponovo slikam, sami uzvikuju moto preduzec\u0301a, `Za \u010dist Prijedor!`, znaju da c\u0301e se to negdje vidjeti i \u010duti, pa rade s jo\u0161 vi\u0161e elana. Ne da nema stida, nego itekako ima ponosa\u201c, dodaje.<\/p>\n<p>Mirkovic\u0301eva je zavr\u0161ila Fakultet politi\u010dkih nauka Univerziteta u Beogradu, zaposlena je u \u201eKomunalnim uslugama\u201c 20 godina i vodi tim koji upravlja i dru\u0161tvenim mre\u017eama.<\/p>\n<p>Kada je po\u010dela da kreira i ure\u0111uje multimedijalne sadr\u017eaje, samo je znala da to nec\u0301e biti suve servisne informacije, a nije znala da li c\u0301e ikoga zanimati komunalno preduzec\u0301e, kontejneri, prljavi i razbacan otpad&#8230;<\/p>\n<p>\u201ePitala sam se kako gra\u0111anima pribli\u017eiti i na\u0161e radnike i sve druge djelatnosti, pa sam onda od gra\u0111evine, recikla\u017ee, azila za pse, deponije, rasadnika, gradske \u010distoc\u0301e i odvoza otpada tra\u017eila da me zovu kad imaju vec\u0301e akcije. Kad si na terenu s ljudima, to je jedna prizemnost iz koje neminovno iza\u0111e toplina, koja putem objava dolazi i do gra\u0111ana. A onda od gra\u0111ana sti\u017eu povratne informacije gdje se udio pozitivnih komentara konstantno povec\u0301ava na ra\u010dun onih negativnih\u201c, isti\u010de Mirkovic\u0301eva.<\/p>\n<p>Ona nagla\u0161ava da se ni u jednom momentu preduzec\u0301e ne poku\u0161ava pravdati za neura\u0111en posao niti ga prec\u0301utati, nego se oglasi, jasno preuzme odgovornost i zamoli za razumijevanje.<\/p>\n<p><a href=\"https:\/\/www.prijedordanas.com\/wp-content\/uploads\/2024\/09\/komunalne-usluge-prijedor-uredjena-kontejnerska-mjesta.jpg\"><img loading=\"lazy\" decoding=\"async\" class=\"alignleft size-medium wp-image-234052\" src=\"https:\/\/www.prijedordanas.com\/wp-content\/uploads\/2024\/09\/komunalne-usluge-prijedor-uredjena-kontejnerska-mjesta-300x225.jpg\" alt=\"\" width=\"300\" height=\"225\" srcset=\"https:\/\/www.prijedordanas.com\/wp-content\/uploads\/2024\/09\/komunalne-usluge-prijedor-uredjena-kontejnerska-mjesta-300x225.jpg 300w, https:\/\/www.prijedordanas.com\/wp-content\/uploads\/2024\/09\/komunalne-usluge-prijedor-uredjena-kontejnerska-mjesta-640x480.jpg 640w, https:\/\/www.prijedordanas.com\/wp-content\/uploads\/2024\/09\/komunalne-usluge-prijedor-uredjena-kontejnerska-mjesta.jpg 667w\" sizes=\"(max-width: 300px) 100vw, 300px\" \/><\/a>\u201eBilo je situacija kad nisu svi kamioni za odvoz otpada u funkciju, pa usluga bude usporena. Pamtim i vreli dan kad su svi stali. Svi u istom danu. I svima treba popravak, rezervni dio, servis. S druge strane, ima dijelova grada gdje tri puta dnevno odvozimo otpad, nekad i \u010detiri. Ili da se po na\u0161im kamionima mo\u017ee sat navijati\u201c, prisjec\u0301a se Mirkovic\u0301eva.<\/p>\n<p>Ona smatra da su to sve momenti koji u zbiru dovode do promjene percepcije kojoj se i te\u017eilo \u2013 da gra\u0111ani, kada do\u0111u na kontejnersko mjesto, primijete i kad su kontejneri prazni, a mjesto o\u010di\u0161c\u0301eno i ure\u0111eno, a ne samo kad je zatrpano otpadom.<\/p>\n<p>\u201ePostepeno smo i\u0161li ka tome da podr\u0161ku koju dobijamo od sugra\u0111ana pretvaramo kod njih u svijest o njihovoj vlastitoj odgovornosti, a kasnije tu svijest dalje transformi\u0161emo u prakti\u010dno djelovanje dajuc\u0301i na zna\u010daju i posvec\u0301ujuc\u0301i znatan prostor ulozi gra\u0111ana, a sve sa zajedni\u010dkim ciljem da na\u0161 grad bude blistaviji\u201c, poja\u0161njava Mirkovic\u0301eva.<\/p>\n<p>Ubrzo su gra\u0111ani po\u010deli u komentarima osu\u0111ivati, a onda i prijavljivati ne\u010dije neodgovorno pona\u0161anje, fotografisati, javljati lokacije, gdje brz protok informacija \u010desto vodi ka brzim reakcijama, a uspje\u0161na interakcija ka utisku da je vec\u0301ini ljudi stalo do reda i da cijene rad.<\/p>\n<p><a href=\"https:\/\/www.prijedordanas.com\/wp-content\/uploads\/2024\/07\/komunalno-preduzece-rad-na-vrucinama.jpg\"><img loading=\"lazy\" decoding=\"async\" class=\"alignleft size-medium wp-image-229649\" src=\"https:\/\/www.prijedordanas.com\/wp-content\/uploads\/2024\/07\/komunalno-preduzece-rad-na-vrucinama-300x225.jpg\" alt=\"\" width=\"300\" height=\"225\" srcset=\"https:\/\/www.prijedordanas.com\/wp-content\/uploads\/2024\/07\/komunalno-preduzece-rad-na-vrucinama-300x225.jpg 300w, https:\/\/www.prijedordanas.com\/wp-content\/uploads\/2024\/07\/komunalno-preduzece-rad-na-vrucinama-640x480.jpg 640w, https:\/\/www.prijedordanas.com\/wp-content\/uploads\/2024\/07\/komunalno-preduzece-rad-na-vrucinama.jpg 667w\" sizes=\"(max-width: 300px) 100vw, 300px\" \/><\/a>\u201ePaljenja kontejnera su velike \u0161tete za na\u0161u firmu, ogroman a nepotreban tro\u0161ak. Naj\u010de\u0161c\u0301e je to nenamjerno, zbog luga i pepela, i stalno apelujemo da se odgovorno odla\u017ee otpad. Ali imali smo i namjerna paljenja gdje su, zahvaljujuc\u0301i brzoj reakciji lokalnih medija i portala, video nadzoru i policiji, po\u010dinioci brzo i otkrivani, kao i oni koji su ru\u0161ili kontejnere. Javnost na takve pojave reaguje osu\u0111ujuc\u0301e\u201c, navela je Mirkovic\u0301eva.<\/p>\n<p>U ovom mjesecu slu\u010daj na Pec\u0301anima izazvao je veliku pa\u017enju javnosti kad se na zemljanu povr\u0161inu uz glavnu ulicu, u kojoj je nedavno zavr\u0161enu rekonstrukcija vrijedna milion i po maraka, na koju je ovo preduzec\u0301e tek posadilo travu, cvijec\u0301e i ukrasno bilje, popelo i zaglibilo teretno motorno vozilo jedne firme, uni\u0161tilo zasade i ostavilo duboke tragove prilikom izvla\u010denja.<\/p>\n<p>\u201eSa vi\u0161e strana dobili smo fotografije ogor\u010denih kom\u0161ija, ali ih je dobio i poslodavac koji je prona\u0161ao radnika i poslao ga nazad s lopatom da poravna teren. I te smo fotografije dobili i, iako je u pitanju nemio slu\u010daj, ishod je opet u korist svih nas. Uvijek insistiramo na tome: ne vi, ne mi, nego svi zajedno\u201c, potcrtava Mirkovic\u0301eva.<\/p>\n<p><a href=\"https:\/\/www.prijedordanas.com\/wp-content\/uploads\/2024\/08\/kozarski-komunalne-usluge-pd-prikupljanje-otpada-ljeto2024-2.jpg\"><img loading=\"lazy\" decoding=\"async\" class=\"alignleft size-medium wp-image-231691\" src=\"https:\/\/www.prijedordanas.com\/wp-content\/uploads\/2024\/08\/kozarski-komunalne-usluge-pd-prikupljanje-otpada-ljeto2024-2-300x225.jpg\" alt=\"\" width=\"300\" height=\"225\" srcset=\"https:\/\/www.prijedordanas.com\/wp-content\/uploads\/2024\/08\/kozarski-komunalne-usluge-pd-prikupljanje-otpada-ljeto2024-2-300x225.jpg 300w, https:\/\/www.prijedordanas.com\/wp-content\/uploads\/2024\/08\/kozarski-komunalne-usluge-pd-prikupljanje-otpada-ljeto2024-2-640x480.jpg 640w, https:\/\/www.prijedordanas.com\/wp-content\/uploads\/2024\/08\/kozarski-komunalne-usluge-pd-prikupljanje-otpada-ljeto2024-2.jpg 667w\" sizes=\"(max-width: 300px) 100vw, 300px\" \/><\/a>\u201eKomunalne usluge\u201c, u odnosu na broj stanovnika Prijedora ili na broj korisnika svojih usluga, nemaju velik broj pratilaca \u2013 oko 2.500.<\/p>\n<p>Me\u0111utim, u onlajn interakciji je zastupljenost pratilaca svega pet do deset odsto, a, buduc\u0301i da su stranice javne i svima dostupne, 95 odsto posjetilaca nisu pratioci.<\/p>\n<p>\u201eTo zna\u010di da gledaju na\u0161e sadr\u017eaje. Vjerujemo da smo iskreno\u0161c\u0301u i transparentno\u0161c\u0301u stvorili jednu empatiju koju prije nismo imali. Na 60.000 pregleda na\u0161eg videa o ukra\u0161avanju javnih povr\u0161ina cvijec\u0301em u povodu Dana grada pozavidjele bi nam i neke zvijezde estrade\u201c, pri\u010da kroz smijeh Mirkovic\u0301eva.<\/p>\n<p>Za bran\u0161u stambeno-komunalnih poslova, nerijetko opterec\u0301enu stereotipima, kontinuirani ali dozirani aktivizam na dru\u0161tvenim mre\u017eema umnogome je pospje\u0161io dobijanje povratne informacije od lokalne zajednice, moguc\u0301nost brze reakcije na bahata pona\u0161anja, saradljivost lokalnih medija i portala, prostor za pobolj\u0161anje vlastitog rada na bazi umjesnih kritika i pridobijanje gra\u0111ana na stranu radnika ove firme.<\/p>\n<p><a href=\"https:\/\/www.prijedordanas.com\/wp-content\/uploads\/2024\/05\/kozarski-radnice-komunalnog-rasadjuju-cvijece.jpg\"><img loading=\"lazy\" decoding=\"async\" class=\"alignleft size-medium wp-image-226521\" src=\"https:\/\/www.prijedordanas.com\/wp-content\/uploads\/2024\/05\/kozarski-radnice-komunalnog-rasadjuju-cvijece-300x176.jpg\" alt=\"\" width=\"300\" height=\"176\" srcset=\"https:\/\/www.prijedordanas.com\/wp-content\/uploads\/2024\/05\/kozarski-radnice-komunalnog-rasadjuju-cvijece-300x176.jpg 300w, https:\/\/www.prijedordanas.com\/wp-content\/uploads\/2024\/05\/kozarski-radnice-komunalnog-rasadjuju-cvijece.jpg 600w\" sizes=\"(max-width: 300px) 100vw, 300px\" \/><\/a>\u201eKad neko pogrdnim imenom nazove moje radne kolege, ka\u017eem da smo smec\u0301ari mi koji proizvodimo i bacamo otpad, a ne ljudi koji ga za nama \u010diste i odvoze. Ali je toga sve manje, a afirmativnog je sve vi\u0161e. Evo, neki dan, oni u kabanicama, kao buba-\u0161vabe. Bio ponedjeljak, ona ki\u0161a, po\u010detak radne sedmice, tmuran dan. Pomislim da s malo \u017eute boje to razbijem. I neko napisa, povec\u0301ajte im plate, za rad po takvom vremenu. Eto efekta\u201c, pri\u010da Mirkovic\u0301eva.<\/p>\n<p>Tekst \u2013 Katarina Pani\u0107 &#8211; <a href=\"https:\/\/www.prijedordanas.com\" target=\"_blank\" rel=\"noopener noreferrer\">www.prijedordanas.com<\/a><br \/>\nFoto &#8211; Komunalne usluge Prijedor<\/p>\n","protected":false},"excerpt":{"rendered":"<p>Prijedorsko preduzec\u0301e \u201eKomunalne usluge\u201c jedno je od rijetkih u regionu iz ove bran\u0161e koje s gra\u0111anima svakodnevno komunicira i putem dru\u0161tvenih mre\u017ea, \u0161to je za kratko vrijeme dovelo smanjenja predrasuda [&hellip;]<\/p>\n","protected":false},"author":1,"featured_media":0,"comment_status":"closed","ping_status":"open","sticky":false,"template":"","format":"standard","meta":{"_monsterinsights_skip_tracking":false,"_monsterinsights_sitenote_active":false,"_monsterinsights_sitenote_note":"","_monsterinsights_sitenote_category":0,"footnotes":""},"categories":[4],"tags":[],"yoast_head":"<!-- This site is optimized with the Yoast SEO plugin v21.6 - https:\/\/yoast.com\/wordpress\/plugins\/seo\/ -->\n<title>&quot;Komunalne usluge&quot; Prijedor: Slike svakodnevnog radnog okru\u017eenja osje\u0107aj stida pretvorile u osje\u0107aj ponosa - FOTO - PrijedorDanas.com - Prijedorski gradski portal<\/title>\n<meta name=\"robots\" content=\"index, follow, max-snippet:-1, max-image-preview:large, max-video-preview:-1\" \/>\n<link rel=\"canonical\" href=\"https:\/\/www.prijedordanas.com\/?p=234049\" \/>\n<meta property=\"og:locale\" content=\"en_US\" \/>\n<meta property=\"og:type\" content=\"article\" \/>\n<meta property=\"og:title\" content=\"&quot;Komunalne usluge&quot; Prijedor: Slike svakodnevnog radnog okru\u017eenja osje\u0107aj stida pretvorile u osje\u0107aj ponosa - FOTO - PrijedorDanas.com - Prijedorski gradski portal\" \/>\n<meta property=\"og:description\" content=\"Prijedorsko preduzec\u0301e \u201eKomunalne usluge\u201c jedno je od rijetkih u regionu iz ove bran\u0161e koje s gra\u0111anima svakodnevno komunicira i putem dru\u0161tvenih mre\u017ea, \u0161to je za kratko vrijeme dovelo smanjenja predrasuda [&hellip;]\" \/>\n<meta property=\"og:url\" content=\"https:\/\/www.prijedordanas.com\/?p=234049\" \/>\n<meta property=\"og:site_name\" content=\"PrijedorDanas.com - Prijedorski gradski portal\" \/>\n<meta property=\"article:publisher\" content=\"https:\/\/www.facebook.com\/PrijedorDanasCom\/\" \/>\n<meta property=\"article:published_time\" content=\"2024-09-23T08:39:54+00:00\" \/>\n<meta property=\"og:image\" content=\"https:\/\/www.prijedordanas.com\/wp-content\/uploads\/2024\/09\/komunalne-usluge-prijedor-terenski-rad-1-300x225.jpg\" \/>\n<meta name=\"author\" content=\"admin\" \/>\n<meta name=\"twitter:card\" content=\"summary_large_image\" \/>\n<meta name=\"twitter:label1\" content=\"Written by\" \/>\n\t<meta name=\"twitter:data1\" content=\"admin\" \/>\n\t<meta name=\"twitter:label2\" content=\"Est. reading time\" \/>\n\t<meta name=\"twitter:data2\" content=\"6 minutes\" \/>\n<script type=\"application\/ld+json\" class=\"yoast-schema-graph\">{\"@context\":\"https:\/\/schema.org\",\"@graph\":[{\"@type\":\"Article\",\"@id\":\"https:\/\/www.prijedordanas.com\/?p=234049#article\",\"isPartOf\":{\"@id\":\"https:\/\/www.prijedordanas.com\/?p=234049\"},\"author\":{\"name\":\"admin\",\"@id\":\"https:\/\/www.prijedordanas.com\/#\/schema\/person\/4e08ccf29b506ca916ff86d46bb700e6\"},\"headline\":\"&#8220;Komunalne usluge&#8221; Prijedor: Slike svakodnevnog radnog okru\u017eenja osje\u0107aj stida pretvorile u osje\u0107aj ponosa &#8211; FOTO\",\"datePublished\":\"2024-09-23T08:39:54+00:00\",\"dateModified\":\"2024-09-23T08:39:54+00:00\",\"mainEntityOfPage\":{\"@id\":\"https:\/\/www.prijedordanas.com\/?p=234049\"},\"wordCount\":1204,\"publisher\":{\"@id\":\"https:\/\/www.prijedordanas.com\/#organization\"},\"articleSection\":[\"Dru\u0161tvo\"],\"inLanguage\":\"en-US\"},{\"@type\":\"WebPage\",\"@id\":\"https:\/\/www.prijedordanas.com\/?p=234049\",\"url\":\"https:\/\/www.prijedordanas.com\/?p=234049\",\"name\":\"\\\"Komunalne usluge\\\" Prijedor: Slike svakodnevnog radnog okru\u017eenja osje\u0107aj stida pretvorile u osje\u0107aj ponosa - FOTO - PrijedorDanas.com - Prijedorski gradski portal\",\"isPartOf\":{\"@id\":\"https:\/\/www.prijedordanas.com\/#website\"},\"datePublished\":\"2024-09-23T08:39:54+00:00\",\"dateModified\":\"2024-09-23T08:39:54+00:00\",\"breadcrumb\":{\"@id\":\"https:\/\/www.prijedordanas.com\/?p=234049#breadcrumb\"},\"inLanguage\":\"en-US\",\"potentialAction\":[{\"@type\":\"ReadAction\",\"target\":[\"https:\/\/www.prijedordanas.com\/?p=234049\"]}]},{\"@type\":\"BreadcrumbList\",\"@id\":\"https:\/\/www.prijedordanas.com\/?p=234049#breadcrumb\",\"itemListElement\":[{\"@type\":\"ListItem\",\"position\":1,\"name\":\"Home\",\"item\":\"https:\/\/www.prijedordanas.com\/\"},{\"@type\":\"ListItem\",\"position\":2,\"name\":\"&#8220;Komunalne usluge&#8221; Prijedor: Slike svakodnevnog radnog okru\u017eenja osje\u0107aj stida pretvorile u osje\u0107aj ponosa &#8211; FOTO\"}]},{\"@type\":\"WebSite\",\"@id\":\"https:\/\/www.prijedordanas.com\/#website\",\"url\":\"https:\/\/www.prijedordanas.com\/\",\"name\":\"PrijedorDanas.com - Prijedorski gradski portal\",\"description\":\"Portal o doga\u0111anjima u gradu Prijedoru\",\"publisher\":{\"@id\":\"https:\/\/www.prijedordanas.com\/#organization\"},\"potentialAction\":[{\"@type\":\"SearchAction\",\"target\":{\"@type\":\"EntryPoint\",\"urlTemplate\":\"https:\/\/www.prijedordanas.com\/?s={search_term_string}\"},\"query-input\":\"required name=search_term_string\"}],\"inLanguage\":\"en-US\"},{\"@type\":\"Organization\",\"@id\":\"https:\/\/www.prijedordanas.com\/#organization\",\"name\":\"PrijedorDanas.com\",\"url\":\"https:\/\/www.prijedordanas.com\/\",\"logo\":{\"@type\":\"ImageObject\",\"inLanguage\":\"en-US\",\"@id\":\"https:\/\/www.prijedordanas.com\/#\/schema\/logo\/image\/\",\"url\":\"http:\/\/www.prijedordanas.com\/wp-content\/uploads\/2021\/12\/logopng.png\",\"contentUrl\":\"http:\/\/www.prijedordanas.com\/wp-content\/uploads\/2021\/12\/logopng.png\",\"width\":1019,\"height\":776,\"caption\":\"PrijedorDanas.com\"},\"image\":{\"@id\":\"https:\/\/www.prijedordanas.com\/#\/schema\/logo\/image\/\"},\"sameAs\":[\"https:\/\/www.facebook.com\/PrijedorDanasCom\/\"]},{\"@type\":\"Person\",\"@id\":\"https:\/\/www.prijedordanas.com\/#\/schema\/person\/4e08ccf29b506ca916ff86d46bb700e6\",\"name\":\"admin\",\"image\":{\"@type\":\"ImageObject\",\"inLanguage\":\"en-US\",\"@id\":\"https:\/\/www.prijedordanas.com\/#\/schema\/person\/image\/\",\"url\":\"https:\/\/secure.gravatar.com\/avatar\/1d3fc949d550f0b53a5f0d51e06dfd79?s=96&d=mm&r=g\",\"contentUrl\":\"https:\/\/secure.gravatar.com\/avatar\/1d3fc949d550f0b53a5f0d51e06dfd79?s=96&d=mm&r=g\",\"caption\":\"admin\"},\"url\":\"https:\/\/www.prijedordanas.com\/?author=1\"}]}<\/script>\n<!-- \/ Yoast SEO plugin. -->","yoast_head_json":{"title":"\"Komunalne usluge\" Prijedor: Slike svakodnevnog radnog okru\u017eenja osje\u0107aj stida pretvorile u osje\u0107aj ponosa - FOTO - PrijedorDanas.com - Prijedorski gradski portal","robots":{"index":"index","follow":"follow","max-snippet":"max-snippet:-1","max-image-preview":"max-image-preview:large","max-video-preview":"max-video-preview:-1"},"canonical":"https:\/\/www.prijedordanas.com\/?p=234049","og_locale":"en_US","og_type":"article","og_title":"\"Komunalne usluge\" Prijedor: Slike svakodnevnog radnog okru\u017eenja osje\u0107aj stida pretvorile u osje\u0107aj ponosa - FOTO - PrijedorDanas.com - Prijedorski gradski portal","og_description":"Prijedorsko preduzec\u0301e \u201eKomunalne usluge\u201c jedno je od rijetkih u regionu iz ove bran\u0161e koje s gra\u0111anima svakodnevno komunicira i putem dru\u0161tvenih mre\u017ea, \u0161to je za kratko vrijeme dovelo smanjenja predrasuda [&hellip;]","og_url":"https:\/\/www.prijedordanas.com\/?p=234049","og_site_name":"PrijedorDanas.com - Prijedorski gradski portal","article_publisher":"https:\/\/www.facebook.com\/PrijedorDanasCom\/","article_published_time":"2024-09-23T08:39:54+00:00","og_image":[{"url":"https:\/\/www.prijedordanas.com\/wp-content\/uploads\/2024\/09\/komunalne-usluge-prijedor-terenski-rad-1-300x225.jpg"}],"author":"admin","twitter_card":"summary_large_image","twitter_misc":{"Written by":"admin","Est. reading time":"6 minutes"},"schema":{"@context":"https:\/\/schema.org","@graph":[{"@type":"Article","@id":"https:\/\/www.prijedordanas.com\/?p=234049#article","isPartOf":{"@id":"https:\/\/www.prijedordanas.com\/?p=234049"},"author":{"name":"admin","@id":"https:\/\/www.prijedordanas.com\/#\/schema\/person\/4e08ccf29b506ca916ff86d46bb700e6"},"headline":"&#8220;Komunalne usluge&#8221; Prijedor: Slike svakodnevnog radnog okru\u017eenja osje\u0107aj stida pretvorile u osje\u0107aj ponosa &#8211; FOTO","datePublished":"2024-09-23T08:39:54+00:00","dateModified":"2024-09-23T08:39:54+00:00","mainEntityOfPage":{"@id":"https:\/\/www.prijedordanas.com\/?p=234049"},"wordCount":1204,"publisher":{"@id":"https:\/\/www.prijedordanas.com\/#organization"},"articleSection":["Dru\u0161tvo"],"inLanguage":"en-US"},{"@type":"WebPage","@id":"https:\/\/www.prijedordanas.com\/?p=234049","url":"https:\/\/www.prijedordanas.com\/?p=234049","name":"\"Komunalne usluge\" Prijedor: Slike svakodnevnog radnog okru\u017eenja osje\u0107aj stida pretvorile u osje\u0107aj ponosa - FOTO - PrijedorDanas.com - Prijedorski gradski portal","isPartOf":{"@id":"https:\/\/www.prijedordanas.com\/#website"},"datePublished":"2024-09-23T08:39:54+00:00","dateModified":"2024-09-23T08:39:54+00:00","breadcrumb":{"@id":"https:\/\/www.prijedordanas.com\/?p=234049#breadcrumb"},"inLanguage":"en-US","potentialAction":[{"@type":"ReadAction","target":["https:\/\/www.prijedordanas.com\/?p=234049"]}]},{"@type":"BreadcrumbList","@id":"https:\/\/www.prijedordanas.com\/?p=234049#breadcrumb","itemListElement":[{"@type":"ListItem","position":1,"name":"Home","item":"https:\/\/www.prijedordanas.com\/"},{"@type":"ListItem","position":2,"name":"&#8220;Komunalne usluge&#8221; Prijedor: Slike svakodnevnog radnog okru\u017eenja osje\u0107aj stida pretvorile u osje\u0107aj ponosa &#8211; FOTO"}]},{"@type":"WebSite","@id":"https:\/\/www.prijedordanas.com\/#website","url":"https:\/\/www.prijedordanas.com\/","name":"PrijedorDanas.com - Prijedorski gradski portal","description":"Portal o doga\u0111anjima u gradu Prijedoru","publisher":{"@id":"https:\/\/www.prijedordanas.com\/#organization"},"potentialAction":[{"@type":"SearchAction","target":{"@type":"EntryPoint","urlTemplate":"https:\/\/www.prijedordanas.com\/?s={search_term_string}"},"query-input":"required name=search_term_string"}],"inLanguage":"en-US"},{"@type":"Organization","@id":"https:\/\/www.prijedordanas.com\/#organization","name":"PrijedorDanas.com","url":"https:\/\/www.prijedordanas.com\/","logo":{"@type":"ImageObject","inLanguage":"en-US","@id":"https:\/\/www.prijedordanas.com\/#\/schema\/logo\/image\/","url":"http:\/\/www.prijedordanas.com\/wp-content\/uploads\/2021\/12\/logopng.png","contentUrl":"http:\/\/www.prijedordanas.com\/wp-content\/uploads\/2021\/12\/logopng.png","width":1019,"height":776,"caption":"PrijedorDanas.com"},"image":{"@id":"https:\/\/www.prijedordanas.com\/#\/schema\/logo\/image\/"},"sameAs":["https:\/\/www.facebook.com\/PrijedorDanasCom\/"]},{"@type":"Person","@id":"https:\/\/www.prijedordanas.com\/#\/schema\/person\/4e08ccf29b506ca916ff86d46bb700e6","name":"admin","image":{"@type":"ImageObject","inLanguage":"en-US","@id":"https:\/\/www.prijedordanas.com\/#\/schema\/person\/image\/","url":"https:\/\/secure.gravatar.com\/avatar\/1d3fc949d550f0b53a5f0d51e06dfd79?s=96&d=mm&r=g","contentUrl":"https:\/\/secure.gravatar.com\/avatar\/1d3fc949d550f0b53a5f0d51e06dfd79?s=96&d=mm&r=g","caption":"admin"},"url":"https:\/\/www.prijedordanas.com\/?author=1"}]}},"_links":{"self":[{"href":"https:\/\/www.prijedordanas.com\/index.php?rest_route=\/wp\/v2\/posts\/234049"}],"collection":[{"href":"https:\/\/www.prijedordanas.com\/index.php?rest_route=\/wp\/v2\/posts"}],"about":[{"href":"https:\/\/www.prijedordanas.com\/index.php?rest_route=\/wp\/v2\/types\/post"}],"author":[{"embeddable":true,"href":"https:\/\/www.prijedordanas.com\/index.php?rest_route=\/wp\/v2\/users\/1"}],"replies":[{"embeddable":true,"href":"https:\/\/www.prijedordanas.com\/index.php?rest_route=%2Fwp%2Fv2%2Fcomments&post=234049"}],"version-history":[{"count":1,"href":"https:\/\/www.prijedordanas.com\/index.php?rest_route=\/wp\/v2\/posts\/234049\/revisions"}],"predecessor-version":[{"id":234053,"href":"https:\/\/www.prijedordanas.com\/index.php?rest_route=\/wp\/v2\/posts\/234049\/revisions\/234053"}],"wp:attachment":[{"href":"https:\/\/www.prijedordanas.com\/index.php?rest_route=%2Fwp%2Fv2%2Fmedia&parent=234049"}],"wp:term":[{"taxonomy":"category","embeddable":true,"href":"https:\/\/www.prijedordanas.com\/index.php?rest_route=%2Fwp%2Fv2%2Fcategories&post=234049"},{"taxonomy":"post_tag","embeddable":true,"href":"https:\/\/www.prijedordanas.com\/index.php?rest_route=%2Fwp%2Fv2%2Ftags&post=234049"}],"curies":[{"name":"wp","href":"https:\/\/api.w.org\/{rel}","templated":true}]}}