{"id":233945,"date":"2024-09-21T14:11:51","date_gmt":"2024-09-21T12:11:51","guid":{"rendered":"https:\/\/www.prijedordanas.com\/?p=233945"},"modified":"2024-09-21T14:11:51","modified_gmt":"2024-09-21T12:11:51","slug":"sve-je-spremno-za-zlatnu-vilu-tradicija-i-smijeh-su-ozbiljne-stvari","status":"publish","type":"post","link":"https:\/\/www.prijedordanas.com\/?p=233945","title":{"rendered":"Sve je spremno za \u201eZlatnu vilu\u201d: Tradicija i smijeh su ozbiljne stvari"},"content":{"rendered":"<p><a href=\"https:\/\/www.prijedordanas.com\/wp-content\/uploads\/2024\/09\/srdjan-knjeginjic-3.jpg\"><img loading=\"lazy\" decoding=\"async\" src=\"https:\/\/www.prijedordanas.com\/wp-content\/uploads\/2024\/09\/srdjan-knjeginjic-3-300x225.jpg\" alt=\"\" width=\"300\" height=\"225\" class=\"alignleft size-medium wp-image-233946\" srcset=\"https:\/\/www.prijedordanas.com\/wp-content\/uploads\/2024\/09\/srdjan-knjeginjic-3-300x225.jpg 300w, https:\/\/www.prijedordanas.com\/wp-content\/uploads\/2024\/09\/srdjan-knjeginjic-3-640x480.jpg 640w, https:\/\/www.prijedordanas.com\/wp-content\/uploads\/2024\/09\/srdjan-knjeginjic-3.jpg 667w\" sizes=\"(max-width: 300px) 100vw, 300px\" \/><\/a>Sa ponosom mogu re\u0107i da smo spremni za na\u0161 Internacionalni festival pozori\u0161ta \u201cZlatna vila\u201d. Ove godine mu je sedamnaesti ro\u0111endan, ali prvi put smo obratili pa\u017enju na tematiku pa mu je krilatica: \u201cSmijeh je ozbiljna stvar\u201d, gdje smo selektovali vi\u0161e predstava komedije.<\/p>\n<p>Ovim rije\u010dima Sr\u0111an Knjeginji\u0107, direktor Gradskog pozori\u0161ta Prijedor najavio je odr\u017eavanje 17. festivala \u201cZlatna vila\u201d, koji \u0107e trajati od 23. do 28. septembra. Sve\u010dano otvaranje zakazano je od 19.30 \u010dasova, a potom \u0107e biti odigrana predstava \u201cLjudi od voska\u201d u re\u017eiji Ivana Vanje Ala\u010da, Narodnog pozori\u0161ta Sombor.<\/p>\n<p>Prvi \u010dovjek pozori\u0161ta iz Prijedora isti\u010de da je ove godine akcenat na komedijama te su odlu\u010dili da daju na neki na\u010din oma\u017e najve\u0107em srpskom i jugoslovenskom komi\u010daru Miodragu Petrovi\u0107u \u010ckalji.<\/p>\n<p>&#8211; Ove godine fokus festivala je usmjeren na komediju kao pozori\u0161ni \u017eanr, a po\u0161to je Miodrag Petrovi\u0107 \u010ckalja, legenda doma\u0107e kinematografije, najpoznatiji po komediji, odlu\u010dili smo da odamo specijalno priznanje kroz prate\u0107i program. Zbog toga smo odlu\u010dili da predstavimo izlo\u017ebu Jugoslovenske kinoteke i da predstavimo knjigu njegovog sina \u010cedomira Petrovi\u0107a \u201cBilo nekad jedno vreme kad su ljudi bili bolji\u201d, \u0161to se de\u0161ava 24. septembra u 18 \u010dasova i nakon toga publika \u0107e imati priliku da u\u017eiva gledaju\u0107i \u201cKorifej teatar\u201d sa Kola\u0161ina sa predstavom \u201cKrst sa petokrakom\u201d &#8211; rekao je Knjeginji\u0107.<\/p>\n<p>Tre\u0107eg festivalskog dana, 25. septembra, u prate\u0107em programu bi\u0107e predstavljanje glumice Nele Mihailovi\u0107, a Narodno pozori\u0161te Republike Srpske i Narodno pozori\u0161te Beograd igraju \u201cUrnebesnu tragediju\u201d.<\/p>\n<p>Narednog dana u prate\u0107em programu bi\u0107e predstavljen glumac Mirvad Kuri\u0107, a Bosansko narodno pozori\u0161te iz Zenice igra predstavu \u201cKiselina\u201d. Za 27. septembar planirano je da u prate\u0107em programu bude predstavljena glumica Olga Odanovi\u0107 Petrovi\u0107, a Hrvatsko narodno kazali\u0161te iz Osijeka igra predstavu \u201cMaratonci tr\u010de po\u010dasni krug\u201d, dok je za 28. septembar predvi\u0111eno sve\u010dano zatvaranje festivala, na kojem \u0107e biti uru\u010dene nagrade i odr\u017ean koncert grupe \u201cKombajn kvartet\u201d iz Banjaluke.<\/p>\n<p>Kompleti ulaznica mogu se kupiti do ponedjeljka, 16. septembra, po cijeni od 60 KM za sve dane festivala, a od narednog dana u prodaji \u0107e biti i pojedina\u010dne ulaznice po cijeni od po 15 KM za svaku predstavu.<\/p>\n<p>Svi prate\u0107i programi su u 18 \u010dasova, a sve predstave su takmi\u010darskog karaktera i po\u010dinju u 20 \u010dasova.<\/p>\n<p>Ime<br \/>\nSvi podaci upu\u0107uju na \u010dinjenicu da su po\u010deci pozori\u0161nog \u017eivota u Prijedoru povezani s nastankom i radom Srpsko-pravoslavnog crkvenog pjeva\u010dkog dru\u0161tva \u201cVila\u201d.<\/p>\n<p>Ovo dru\u0161tvo je utemeljeno 1885. godine kao jedno od najstarijih u Bosni i Hercegovini, odmah nakon mostarskih \u201cGusala\u201d, a istovremeno s tuzlanskim dru\u0161tvom \u201cNjego\u0161\u201d. Dramska sekcija koja je u \u201cVili\u201d oformljena ubrzo nakon registrovanja dru\u0161tva i koja je djelovala u kontinuitetu, mo\u017ee se tako s pravom smatrati prete\u010dom Pozori\u0161ta Prijedor te izvori\u0161tem za ime festivala u njegovoj organizaciji.<\/p>\n<p>Glas Srpske<\/p>\n","protected":false},"excerpt":{"rendered":"<p>Sa ponosom mogu re\u0107i da smo spremni za na\u0161 Internacionalni festival pozori\u0161ta \u201cZlatna vila\u201d. Ove godine mu je sedamnaesti ro\u0111endan, ali prvi put smo obratili pa\u017enju na tematiku pa mu [&hellip;]<\/p>\n","protected":false},"author":1,"featured_media":0,"comment_status":"closed","ping_status":"open","sticky":false,"template":"","format":"standard","meta":{"_monsterinsights_skip_tracking":false,"_monsterinsights_sitenote_active":false,"_monsterinsights_sitenote_note":"","_monsterinsights_sitenote_category":0,"footnotes":""},"categories":[6],"tags":[],"yoast_head":"<!-- This site is optimized with the Yoast SEO plugin v21.6 - https:\/\/yoast.com\/wordpress\/plugins\/seo\/ -->\n<title>Sve je spremno za \u201eZlatnu vilu\u201d: Tradicija i smijeh su ozbiljne stvari - PrijedorDanas.com - Prijedorski gradski portal<\/title>\n<meta name=\"robots\" content=\"index, follow, max-snippet:-1, max-image-preview:large, max-video-preview:-1\" \/>\n<link rel=\"canonical\" href=\"https:\/\/www.prijedordanas.com\/?p=233945\" \/>\n<meta property=\"og:locale\" content=\"en_US\" \/>\n<meta property=\"og:type\" content=\"article\" \/>\n<meta property=\"og:title\" content=\"Sve je spremno za \u201eZlatnu vilu\u201d: Tradicija i smijeh su ozbiljne stvari - PrijedorDanas.com - Prijedorski gradski portal\" \/>\n<meta property=\"og:description\" content=\"Sa ponosom mogu re\u0107i da smo spremni za na\u0161 Internacionalni festival pozori\u0161ta \u201cZlatna vila\u201d. Ove godine mu je sedamnaesti ro\u0111endan, ali prvi put smo obratili pa\u017enju na tematiku pa mu [&hellip;]\" \/>\n<meta property=\"og:url\" content=\"https:\/\/www.prijedordanas.com\/?p=233945\" \/>\n<meta property=\"og:site_name\" content=\"PrijedorDanas.com - Prijedorski gradski portal\" \/>\n<meta property=\"article:publisher\" content=\"https:\/\/www.facebook.com\/PrijedorDanasCom\/\" \/>\n<meta property=\"article:published_time\" content=\"2024-09-21T12:11:51+00:00\" \/>\n<meta property=\"og:image\" content=\"https:\/\/www.prijedordanas.com\/wp-content\/uploads\/2024\/09\/srdjan-knjeginjic-3-300x225.jpg\" \/>\n<meta name=\"author\" content=\"admin\" \/>\n<meta name=\"twitter:card\" content=\"summary_large_image\" \/>\n<meta name=\"twitter:label1\" content=\"Written by\" \/>\n\t<meta name=\"twitter:data1\" content=\"admin\" \/>\n<script type=\"application\/ld+json\" class=\"yoast-schema-graph\">{\"@context\":\"https:\/\/schema.org\",\"@graph\":[{\"@type\":\"Article\",\"@id\":\"https:\/\/www.prijedordanas.com\/?p=233945#article\",\"isPartOf\":{\"@id\":\"https:\/\/www.prijedordanas.com\/?p=233945\"},\"author\":{\"name\":\"admin\",\"@id\":\"https:\/\/www.prijedordanas.com\/#\/schema\/person\/4e08ccf29b506ca916ff86d46bb700e6\"},\"headline\":\"Sve je spremno za \u201eZlatnu vilu\u201d: Tradicija i smijeh su ozbiljne stvari\",\"datePublished\":\"2024-09-21T12:11:51+00:00\",\"dateModified\":\"2024-09-21T12:11:51+00:00\",\"mainEntityOfPage\":{\"@id\":\"https:\/\/www.prijedordanas.com\/?p=233945\"},\"wordCount\":503,\"publisher\":{\"@id\":\"https:\/\/www.prijedordanas.com\/#organization\"},\"articleSection\":[\"Kultura\"],\"inLanguage\":\"en-US\"},{\"@type\":\"WebPage\",\"@id\":\"https:\/\/www.prijedordanas.com\/?p=233945\",\"url\":\"https:\/\/www.prijedordanas.com\/?p=233945\",\"name\":\"Sve je spremno za \u201eZlatnu vilu\u201d: Tradicija i smijeh su ozbiljne stvari - PrijedorDanas.com - Prijedorski gradski portal\",\"isPartOf\":{\"@id\":\"https:\/\/www.prijedordanas.com\/#website\"},\"datePublished\":\"2024-09-21T12:11:51+00:00\",\"dateModified\":\"2024-09-21T12:11:51+00:00\",\"breadcrumb\":{\"@id\":\"https:\/\/www.prijedordanas.com\/?p=233945#breadcrumb\"},\"inLanguage\":\"en-US\",\"potentialAction\":[{\"@type\":\"ReadAction\",\"target\":[\"https:\/\/www.prijedordanas.com\/?p=233945\"]}]},{\"@type\":\"BreadcrumbList\",\"@id\":\"https:\/\/www.prijedordanas.com\/?p=233945#breadcrumb\",\"itemListElement\":[{\"@type\":\"ListItem\",\"position\":1,\"name\":\"Home\",\"item\":\"https:\/\/www.prijedordanas.com\/\"},{\"@type\":\"ListItem\",\"position\":2,\"name\":\"Sve je spremno za \u201eZlatnu vilu\u201d: Tradicija i smijeh su ozbiljne stvari\"}]},{\"@type\":\"WebSite\",\"@id\":\"https:\/\/www.prijedordanas.com\/#website\",\"url\":\"https:\/\/www.prijedordanas.com\/\",\"name\":\"PrijedorDanas.com - Prijedorski gradski portal\",\"description\":\"Portal o doga\u0111anjima u gradu Prijedoru\",\"publisher\":{\"@id\":\"https:\/\/www.prijedordanas.com\/#organization\"},\"potentialAction\":[{\"@type\":\"SearchAction\",\"target\":{\"@type\":\"EntryPoint\",\"urlTemplate\":\"https:\/\/www.prijedordanas.com\/?s={search_term_string}\"},\"query-input\":\"required name=search_term_string\"}],\"inLanguage\":\"en-US\"},{\"@type\":\"Organization\",\"@id\":\"https:\/\/www.prijedordanas.com\/#organization\",\"name\":\"PrijedorDanas.com\",\"url\":\"https:\/\/www.prijedordanas.com\/\",\"logo\":{\"@type\":\"ImageObject\",\"inLanguage\":\"en-US\",\"@id\":\"https:\/\/www.prijedordanas.com\/#\/schema\/logo\/image\/\",\"url\":\"http:\/\/www.prijedordanas.com\/wp-content\/uploads\/2021\/12\/logopng.png\",\"contentUrl\":\"http:\/\/www.prijedordanas.com\/wp-content\/uploads\/2021\/12\/logopng.png\",\"width\":1019,\"height\":776,\"caption\":\"PrijedorDanas.com\"},\"image\":{\"@id\":\"https:\/\/www.prijedordanas.com\/#\/schema\/logo\/image\/\"},\"sameAs\":[\"https:\/\/www.facebook.com\/PrijedorDanasCom\/\"]},{\"@type\":\"Person\",\"@id\":\"https:\/\/www.prijedordanas.com\/#\/schema\/person\/4e08ccf29b506ca916ff86d46bb700e6\",\"name\":\"admin\",\"image\":{\"@type\":\"ImageObject\",\"inLanguage\":\"en-US\",\"@id\":\"https:\/\/www.prijedordanas.com\/#\/schema\/person\/image\/\",\"url\":\"https:\/\/secure.gravatar.com\/avatar\/1d3fc949d550f0b53a5f0d51e06dfd79?s=96&d=mm&r=g\",\"contentUrl\":\"https:\/\/secure.gravatar.com\/avatar\/1d3fc949d550f0b53a5f0d51e06dfd79?s=96&d=mm&r=g\",\"caption\":\"admin\"},\"url\":\"https:\/\/www.prijedordanas.com\/?author=1\"}]}<\/script>\n<!-- \/ Yoast SEO plugin. -->","yoast_head_json":{"title":"Sve je spremno za \u201eZlatnu vilu\u201d: Tradicija i smijeh su ozbiljne stvari - PrijedorDanas.com - Prijedorski gradski portal","robots":{"index":"index","follow":"follow","max-snippet":"max-snippet:-1","max-image-preview":"max-image-preview:large","max-video-preview":"max-video-preview:-1"},"canonical":"https:\/\/www.prijedordanas.com\/?p=233945","og_locale":"en_US","og_type":"article","og_title":"Sve je spremno za \u201eZlatnu vilu\u201d: Tradicija i smijeh su ozbiljne stvari - PrijedorDanas.com - Prijedorski gradski portal","og_description":"Sa ponosom mogu re\u0107i da smo spremni za na\u0161 Internacionalni festival pozori\u0161ta \u201cZlatna vila\u201d. Ove godine mu je sedamnaesti ro\u0111endan, ali prvi put smo obratili pa\u017enju na tematiku pa mu [&hellip;]","og_url":"https:\/\/www.prijedordanas.com\/?p=233945","og_site_name":"PrijedorDanas.com - Prijedorski gradski portal","article_publisher":"https:\/\/www.facebook.com\/PrijedorDanasCom\/","article_published_time":"2024-09-21T12:11:51+00:00","og_image":[{"url":"https:\/\/www.prijedordanas.com\/wp-content\/uploads\/2024\/09\/srdjan-knjeginjic-3-300x225.jpg"}],"author":"admin","twitter_card":"summary_large_image","twitter_misc":{"Written by":"admin"},"schema":{"@context":"https:\/\/schema.org","@graph":[{"@type":"Article","@id":"https:\/\/www.prijedordanas.com\/?p=233945#article","isPartOf":{"@id":"https:\/\/www.prijedordanas.com\/?p=233945"},"author":{"name":"admin","@id":"https:\/\/www.prijedordanas.com\/#\/schema\/person\/4e08ccf29b506ca916ff86d46bb700e6"},"headline":"Sve je spremno za \u201eZlatnu vilu\u201d: Tradicija i smijeh su ozbiljne stvari","datePublished":"2024-09-21T12:11:51+00:00","dateModified":"2024-09-21T12:11:51+00:00","mainEntityOfPage":{"@id":"https:\/\/www.prijedordanas.com\/?p=233945"},"wordCount":503,"publisher":{"@id":"https:\/\/www.prijedordanas.com\/#organization"},"articleSection":["Kultura"],"inLanguage":"en-US"},{"@type":"WebPage","@id":"https:\/\/www.prijedordanas.com\/?p=233945","url":"https:\/\/www.prijedordanas.com\/?p=233945","name":"Sve je spremno za \u201eZlatnu vilu\u201d: Tradicija i smijeh su ozbiljne stvari - PrijedorDanas.com - Prijedorski gradski portal","isPartOf":{"@id":"https:\/\/www.prijedordanas.com\/#website"},"datePublished":"2024-09-21T12:11:51+00:00","dateModified":"2024-09-21T12:11:51+00:00","breadcrumb":{"@id":"https:\/\/www.prijedordanas.com\/?p=233945#breadcrumb"},"inLanguage":"en-US","potentialAction":[{"@type":"ReadAction","target":["https:\/\/www.prijedordanas.com\/?p=233945"]}]},{"@type":"BreadcrumbList","@id":"https:\/\/www.prijedordanas.com\/?p=233945#breadcrumb","itemListElement":[{"@type":"ListItem","position":1,"name":"Home","item":"https:\/\/www.prijedordanas.com\/"},{"@type":"ListItem","position":2,"name":"Sve je spremno za \u201eZlatnu vilu\u201d: Tradicija i smijeh su ozbiljne stvari"}]},{"@type":"WebSite","@id":"https:\/\/www.prijedordanas.com\/#website","url":"https:\/\/www.prijedordanas.com\/","name":"PrijedorDanas.com - Prijedorski gradski portal","description":"Portal o doga\u0111anjima u gradu Prijedoru","publisher":{"@id":"https:\/\/www.prijedordanas.com\/#organization"},"potentialAction":[{"@type":"SearchAction","target":{"@type":"EntryPoint","urlTemplate":"https:\/\/www.prijedordanas.com\/?s={search_term_string}"},"query-input":"required name=search_term_string"}],"inLanguage":"en-US"},{"@type":"Organization","@id":"https:\/\/www.prijedordanas.com\/#organization","name":"PrijedorDanas.com","url":"https:\/\/www.prijedordanas.com\/","logo":{"@type":"ImageObject","inLanguage":"en-US","@id":"https:\/\/www.prijedordanas.com\/#\/schema\/logo\/image\/","url":"http:\/\/www.prijedordanas.com\/wp-content\/uploads\/2021\/12\/logopng.png","contentUrl":"http:\/\/www.prijedordanas.com\/wp-content\/uploads\/2021\/12\/logopng.png","width":1019,"height":776,"caption":"PrijedorDanas.com"},"image":{"@id":"https:\/\/www.prijedordanas.com\/#\/schema\/logo\/image\/"},"sameAs":["https:\/\/www.facebook.com\/PrijedorDanasCom\/"]},{"@type":"Person","@id":"https:\/\/www.prijedordanas.com\/#\/schema\/person\/4e08ccf29b506ca916ff86d46bb700e6","name":"admin","image":{"@type":"ImageObject","inLanguage":"en-US","@id":"https:\/\/www.prijedordanas.com\/#\/schema\/person\/image\/","url":"https:\/\/secure.gravatar.com\/avatar\/1d3fc949d550f0b53a5f0d51e06dfd79?s=96&d=mm&r=g","contentUrl":"https:\/\/secure.gravatar.com\/avatar\/1d3fc949d550f0b53a5f0d51e06dfd79?s=96&d=mm&r=g","caption":"admin"},"url":"https:\/\/www.prijedordanas.com\/?author=1"}]}},"_links":{"self":[{"href":"https:\/\/www.prijedordanas.com\/index.php?rest_route=\/wp\/v2\/posts\/233945"}],"collection":[{"href":"https:\/\/www.prijedordanas.com\/index.php?rest_route=\/wp\/v2\/posts"}],"about":[{"href":"https:\/\/www.prijedordanas.com\/index.php?rest_route=\/wp\/v2\/types\/post"}],"author":[{"embeddable":true,"href":"https:\/\/www.prijedordanas.com\/index.php?rest_route=\/wp\/v2\/users\/1"}],"replies":[{"embeddable":true,"href":"https:\/\/www.prijedordanas.com\/index.php?rest_route=%2Fwp%2Fv2%2Fcomments&post=233945"}],"version-history":[{"count":1,"href":"https:\/\/www.prijedordanas.com\/index.php?rest_route=\/wp\/v2\/posts\/233945\/revisions"}],"predecessor-version":[{"id":233947,"href":"https:\/\/www.prijedordanas.com\/index.php?rest_route=\/wp\/v2\/posts\/233945\/revisions\/233947"}],"wp:attachment":[{"href":"https:\/\/www.prijedordanas.com\/index.php?rest_route=%2Fwp%2Fv2%2Fmedia&parent=233945"}],"wp:term":[{"taxonomy":"category","embeddable":true,"href":"https:\/\/www.prijedordanas.com\/index.php?rest_route=%2Fwp%2Fv2%2Fcategories&post=233945"},{"taxonomy":"post_tag","embeddable":true,"href":"https:\/\/www.prijedordanas.com\/index.php?rest_route=%2Fwp%2Fv2%2Ftags&post=233945"}],"curies":[{"name":"wp","href":"https:\/\/api.w.org\/{rel}","templated":true}]}}