{"id":233854,"date":"2024-09-20T03:06:29","date_gmt":"2024-09-20T01:06:29","guid":{"rendered":"https:\/\/www.prijedordanas.com\/?p=233854"},"modified":"2024-09-20T03:06:29","modified_gmt":"2024-09-20T01:06:29","slug":"srdan-knjeginjic-glumac-i-direktor-pozorista-prijedor-pozoriste-je-najbolje-ogledalo-stvarnosti","status":"publish","type":"post","link":"https:\/\/www.prijedordanas.com\/?p=233854","title":{"rendered":"Sr\u0111an Knjeginji\u0107, glumac i direktor Pozori\u0161ta Prijedor: Pozori\u0161te je najbolje ogledalo stvarnosti"},"content":{"rendered":"<p><a href=\"https:\/\/www.prijedordanas.com\/wp-content\/uploads\/2024\/09\/srdjan-knjeginjic-1.jpg\"><img loading=\"lazy\" decoding=\"async\" class=\"alignleft size-medium wp-image-233851\" src=\"https:\/\/www.prijedordanas.com\/wp-content\/uploads\/2024\/09\/srdjan-knjeginjic-1-300x225.jpg\" alt=\"\" width=\"300\" height=\"225\" srcset=\"https:\/\/www.prijedordanas.com\/wp-content\/uploads\/2024\/09\/srdjan-knjeginjic-1-300x225.jpg 300w, https:\/\/www.prijedordanas.com\/wp-content\/uploads\/2024\/09\/srdjan-knjeginjic-1-640x480.jpg 640w, https:\/\/www.prijedordanas.com\/wp-content\/uploads\/2024\/09\/srdjan-knjeginjic-1.jpg 667w\" sizes=\"(max-width: 300px) 100vw, 300px\" \/><\/a>Komadi kao \u0161to su \u201cKauboji\u201d i \u201cLet iznad kukavi\u010djeg gnijezda\u201d jesu upravo jedni od onih koji su ostavili traga u dramskom svijetu.<\/p>\n<p>To su moderni komadi sa referencama na dana\u0161nje doba, tako da nismo morali da ih prilago\u0111avamo sada\u0161njici, kao \u0161to bi to bio slu\u010daj da smo radili \u0160ekspira ili nekog epohalnog pisca iz pro\u0161losti.<\/p>\n<p>Rekao je ovo za \u201cGlas Srpske\u201d Sr\u0111an Knjeginji\u0107, glumac i direktor Pozori\u0161ta Prijedor, komentari\u0161u\u0107i kako je teatar u kojem on djeluje na sceni i iza nje, pri\u0161ao vlastitoj postavci legendarnih komada \u201cLet iznad kukav\u010dijeg gnijezda\u201d i \u201cKauboji\u201d, koji su izazavali brojne pohvale kritike i struke, uz odli\u010dne reakcije publike.<\/p>\n<p>Talentovani umjetnik isti\u010de da komade takve te\u017eine i tradicije nije lako prilagoditi doma\u0107oj sceni, ali da njihova vrijednost uz trud ansambla brzo prevazilazi granice lokalnog.<\/p>\n<p>&#8211; Prilago\u0111avanje ovih tekstova doma\u0107oj sceni jeste zadatak kojem smo pristupili u smislu koju pri\u010du mi \u017eelimo da ka\u017eemo odre\u0111enim komadom i na \u0161ta dru\u0161tvu da skrenemo pa\u017enju. U dogovoru sa rediteljem, uspjeli smo da na\u0111emo zajedni\u010dki jezik i mislim da je publika shvatila poentu &#8211; rekao je Knjeginji\u0107.<\/p>\n<p>GLAS: Predstavu \u201cLet\u201d re\u017eirao je Goran Damjanac, jedan od na\u0161ih poznatijih pozori\u0161nih reditelja. Pretpostavljamo da je bilo veoma izazovno raditi s njim u gluma\u010dkom smislu, ali po\u0161to se Vi bavite i organizacionim problemima, koliko je bilo te\u0161ko u sebi pomiriti obje funkcije i pri\u0107i liku doktora na pravi na\u010din?<\/p>\n<p>KNjEGINJI\u0106: Jeste, Goran je upravo profesor pozori\u0161ne re\u017eije na AU Univerziteta u Banjaluci pa se znamo ve\u0107 dugi niz godina i odli\u010dno razumijemo, po\u0161to je radio kao asistent dok sam bio student. Posao glumca i posao direktora pozori\u0161ta su dijametralno suprotni, ali i jedan i drugi iziskuju veliki rad i predanost. Sa te ta\u010dke gledi\u0161ta, trudim se da, kad obavljam jednu funkciju, bar malo zanemarim ovu drugu. Sre\u0107om, na\u0161 ansambl je odli\u010dan, pun razumijevanja pa uspijevam sve da izbalansiram. Sa druge strane, gluma je djelatnost za koju sam se opredijelio u \u017eivotu, prema kojoj osje\u0107am istinsku ljubav i strast, tako da mi posao na daskama na neki na\u010din do\u0111e kao izduvni ventil za posao koji radim u kancelariji.<\/p>\n<p><a href=\"https:\/\/www.prijedordanas.com\/wp-content\/uploads\/2024\/09\/srdjan-knjeginjic-2.jpg\"><img loading=\"lazy\" decoding=\"async\" src=\"https:\/\/www.prijedordanas.com\/wp-content\/uploads\/2024\/09\/srdjan-knjeginjic-2-300x225.jpg\" alt=\"\" width=\"300\" height=\"225\" class=\"alignleft size-medium wp-image-233852\" srcset=\"https:\/\/www.prijedordanas.com\/wp-content\/uploads\/2024\/09\/srdjan-knjeginjic-2-300x225.jpg 300w, https:\/\/www.prijedordanas.com\/wp-content\/uploads\/2024\/09\/srdjan-knjeginjic-2-640x480.jpg 640w, https:\/\/www.prijedordanas.com\/wp-content\/uploads\/2024\/09\/srdjan-knjeginjic-2.jpg 667w\" sizes=\"(max-width: 300px) 100vw, 300px\" \/><\/a>GLAS: Pomenuli smo ve\u0107 da pored glume Vi, ve\u0107 tre\u0107u godinu zaredom, obavljate funkciju direktora Gradskog pozori\u0161ta Prijedor. Po\u0161to je jasno da kod nas ta funkcija ne zna\u010di beneficije, ve\u0107 brojne obaveze i pritiske koliko je nezgodno u isto vrijeme igrati na daskama i iza njih?<\/p>\n<p>KNjEGINJI\u0106: Svaki dio posla nosi svoje breme, a mi smo svi zajedno spremni za sve ve\u0107e i te\u017ee izazove. Pozori\u0161te je ogledalo svega \u0161to se de\u0161ava oko nas, ono vjerno odslikava krvnu sliku dru\u0161tva i stavove obi\u010dnih ljudi, zato ga uvijek preporu\u010dujem prije gledanja televizora, \u010ditanja magazina, \u010dak i novina, jer sve ono \u0161to igramo na daskama nije ni\u0161ta drugo do preslikavanje aktuelnog \u017eivota. Na\u0161a igra na daskama nije iluzija \u017eivota, to je \u017eivot onakav kakav nas je zadesio u datom trenu i kakav danas \u017eivimo.<\/p>\n<p>GLAS: Kada su se utisci u vezi sa prethodnom sezonom slegli, a ra\u010dunice sabrale kako gledate na prethodnu sezonu Pozori\u0161ta Prijedor, koje je ne tako davno obilje\u017eilo i zna\u010dajan jubilej od 70 godina?<\/p>\n<p>KNjEGINJI\u0106: Prethodna sezona je bila 71. po redu. Sad je ve\u0107 72. Mogu re\u0107i da sam veoma zadovoljan. Sala je bila puna od septembra do juna, imali smo razne sadr\u017eaje, gostovanja na koja smo i\u0161li, pozori\u0161ta koja su dolazila kod nas, kulturne razmjene, sklapanje prijateljstava. Jedna veoma dinami\u010dna i plodonosna sezona, a najve\u0107a nagrada koju jedno pozori\u0161te mo\u017ee da dobije jeste sama publika, odnosno nova lica u gledali\u0161tu. Primijetio sam posljednjih godina da na\u0161e pozori\u0161te ima progresivni rast mla\u0111e publike, \u0161to je dokaz da i mladi razmi\u0161ljaju, imaju svoje kriti\u010dke stavove i duhovno se razvijaju. Mi \u0107emo da nastavimo sa radom kako najbolje umijemo i nadamo se da \u0107e trend rasta publike da opstane. Naravno, ne mogu da ne spomenem na\u0161u stalnu publiku i da ih pohvalim, evo, javno, pred svima i izrazim svoju zahvalnost \u0161to su tu, \u010dak i kad je lo\u0161e vrijeme napolju.<\/p>\n<p>GLAS: Poznato je da se od pro\u0161losti u teatru ne \u017eivi pa se name\u0107e pitanje \u0161ta publika mo\u017ee o\u010dekivati od Pozori\u0161ta Prijedor u sljede\u0107oj sezoni?<\/p>\n<p>KNjEGINJI\u0106: To je ta\u010dno, svaka sezona iziskuje novi rad, nova pitanja i novu komunikaciju sa publikom, teme, ideje, poruke, upozorenja. Ove sezone po\u010dinjemo sa dje\u010djom predstavom, autorskim radom Marka Vukosava, na\u0161eg glumca, a u pitanju su doma\u0107e bajke. Godinama unazad sam imao ideju da oformim dje\u010dju scenu i da redovno radimo predstave za djecu, jer nam je manjkalo toga, tako da sada svoj fokus usmjeravamo na tu predstavu. Sljede\u0107e kalendarske godine sigurno \u0107e biti jo\u0161 najmanje dvije predstave, komedija i drama, najvjerovatnije.<\/p>\n<p>Festival<br \/>\nGLAS: Jedan od simbola teatra u Prijedoru jeste i festival \u201cZlatna vila\u201d, koji polako ali sigurno sti\u010de prepoznatljiv kvalitet i tradiciju?<\/p>\n<p>KNjEGINJI\u0106: Sa ponosom mogu re\u0107i da smo spremni za na\u0161 Internacionalni festival pozori\u0161ta \u201cZlatna vila\u201d. Ove godine mu je sedamnaesti ro\u0111endan. Po prvi put smo obratili pa\u017enju na tematiku, krilatica mu je \u201cSmijeh je ozbiljna stvar\u201d gdje smo selektovali vi\u0161e predstava komedije. Tako\u0111e, ovo nam je prvi put da se, od ove godine, uz pomo\u0107 kulturnog sektora grada Prijedora, festival odr\u017eava svake godine, do sada je bio bijenalni. Publika \u0107e mo\u0107i da u\u017eiva u pet predstava, a u pitanju su pozori\u0161ta iz regiona: NPRS iz Banjaluke u koprodukciji sa NP iz Beograda, BNP Zenica, NP Sombor, HNK Osijek i Korifej teatar iz Kola\u0161ina. Organizaciono smo sve priveli kraju i sada sa nestrpljenjem \u010dekamo po\u010detak. Festival \u0107e trajati od 23. do 28. septembra.<\/p>\n<p>Glas Srpske<\/p>\n","protected":false},"excerpt":{"rendered":"<p>Komadi kao \u0161to su \u201cKauboji\u201d i \u201cLet iznad kukavi\u010djeg gnijezda\u201d jesu upravo jedni od onih koji su ostavili traga u dramskom svijetu. To su moderni komadi sa referencama na dana\u0161nje [&hellip;]<\/p>\n","protected":false},"author":1,"featured_media":0,"comment_status":"closed","ping_status":"open","sticky":false,"template":"","format":"standard","meta":{"_monsterinsights_skip_tracking":false,"_monsterinsights_sitenote_active":false,"_monsterinsights_sitenote_note":"","_monsterinsights_sitenote_category":0,"footnotes":""},"categories":[6],"tags":[],"yoast_head":"<!-- This site is optimized with the Yoast SEO plugin v21.6 - https:\/\/yoast.com\/wordpress\/plugins\/seo\/ -->\n<title>Sr\u0111an Knjeginji\u0107, glumac i direktor Pozori\u0161ta Prijedor: Pozori\u0161te je najbolje ogledalo stvarnosti - PrijedorDanas.com - Prijedorski gradski portal<\/title>\n<meta name=\"robots\" content=\"index, follow, max-snippet:-1, max-image-preview:large, max-video-preview:-1\" \/>\n<link rel=\"canonical\" href=\"https:\/\/www.prijedordanas.com\/?p=233854\" \/>\n<meta property=\"og:locale\" content=\"en_US\" \/>\n<meta property=\"og:type\" content=\"article\" \/>\n<meta property=\"og:title\" content=\"Sr\u0111an Knjeginji\u0107, glumac i direktor Pozori\u0161ta Prijedor: Pozori\u0161te je najbolje ogledalo stvarnosti - PrijedorDanas.com - Prijedorski gradski portal\" \/>\n<meta property=\"og:description\" content=\"Komadi kao \u0161to su \u201cKauboji\u201d i \u201cLet iznad kukavi\u010djeg gnijezda\u201d jesu upravo jedni od onih koji su ostavili traga u dramskom svijetu. To su moderni komadi sa referencama na dana\u0161nje [&hellip;]\" \/>\n<meta property=\"og:url\" content=\"https:\/\/www.prijedordanas.com\/?p=233854\" \/>\n<meta property=\"og:site_name\" content=\"PrijedorDanas.com - Prijedorski gradski portal\" \/>\n<meta property=\"article:publisher\" content=\"https:\/\/www.facebook.com\/PrijedorDanasCom\/\" \/>\n<meta property=\"article:published_time\" content=\"2024-09-20T01:06:29+00:00\" \/>\n<meta property=\"og:image\" content=\"https:\/\/www.prijedordanas.com\/wp-content\/uploads\/2024\/09\/srdjan-knjeginjic-1-300x225.jpg\" \/>\n<meta name=\"author\" content=\"admin\" \/>\n<meta name=\"twitter:card\" content=\"summary_large_image\" \/>\n<meta name=\"twitter:label1\" content=\"Written by\" \/>\n\t<meta name=\"twitter:data1\" content=\"admin\" \/>\n<script type=\"application\/ld+json\" class=\"yoast-schema-graph\">{\"@context\":\"https:\/\/schema.org\",\"@graph\":[{\"@type\":\"Article\",\"@id\":\"https:\/\/www.prijedordanas.com\/?p=233854#article\",\"isPartOf\":{\"@id\":\"https:\/\/www.prijedordanas.com\/?p=233854\"},\"author\":{\"name\":\"admin\",\"@id\":\"https:\/\/www.prijedordanas.com\/#\/schema\/person\/4e08ccf29b506ca916ff86d46bb700e6\"},\"headline\":\"Sr\u0111an Knjeginji\u0107, glumac i direktor Pozori\u0161ta Prijedor: Pozori\u0161te je najbolje ogledalo stvarnosti\",\"datePublished\":\"2024-09-20T01:06:29+00:00\",\"dateModified\":\"2024-09-20T01:06:29+00:00\",\"mainEntityOfPage\":{\"@id\":\"https:\/\/www.prijedordanas.com\/?p=233854\"},\"wordCount\":1022,\"publisher\":{\"@id\":\"https:\/\/www.prijedordanas.com\/#organization\"},\"articleSection\":[\"Kultura\"],\"inLanguage\":\"en-US\"},{\"@type\":\"WebPage\",\"@id\":\"https:\/\/www.prijedordanas.com\/?p=233854\",\"url\":\"https:\/\/www.prijedordanas.com\/?p=233854\",\"name\":\"Sr\u0111an Knjeginji\u0107, glumac i direktor Pozori\u0161ta Prijedor: Pozori\u0161te je najbolje ogledalo stvarnosti - PrijedorDanas.com - Prijedorski gradski portal\",\"isPartOf\":{\"@id\":\"https:\/\/www.prijedordanas.com\/#website\"},\"datePublished\":\"2024-09-20T01:06:29+00:00\",\"dateModified\":\"2024-09-20T01:06:29+00:00\",\"breadcrumb\":{\"@id\":\"https:\/\/www.prijedordanas.com\/?p=233854#breadcrumb\"},\"inLanguage\":\"en-US\",\"potentialAction\":[{\"@type\":\"ReadAction\",\"target\":[\"https:\/\/www.prijedordanas.com\/?p=233854\"]}]},{\"@type\":\"BreadcrumbList\",\"@id\":\"https:\/\/www.prijedordanas.com\/?p=233854#breadcrumb\",\"itemListElement\":[{\"@type\":\"ListItem\",\"position\":1,\"name\":\"Home\",\"item\":\"https:\/\/www.prijedordanas.com\/\"},{\"@type\":\"ListItem\",\"position\":2,\"name\":\"Sr\u0111an Knjeginji\u0107, glumac i direktor Pozori\u0161ta Prijedor: Pozori\u0161te je najbolje ogledalo stvarnosti\"}]},{\"@type\":\"WebSite\",\"@id\":\"https:\/\/www.prijedordanas.com\/#website\",\"url\":\"https:\/\/www.prijedordanas.com\/\",\"name\":\"PrijedorDanas.com - Prijedorski gradski portal\",\"description\":\"Portal o doga\u0111anjima u gradu Prijedoru\",\"publisher\":{\"@id\":\"https:\/\/www.prijedordanas.com\/#organization\"},\"potentialAction\":[{\"@type\":\"SearchAction\",\"target\":{\"@type\":\"EntryPoint\",\"urlTemplate\":\"https:\/\/www.prijedordanas.com\/?s={search_term_string}\"},\"query-input\":\"required name=search_term_string\"}],\"inLanguage\":\"en-US\"},{\"@type\":\"Organization\",\"@id\":\"https:\/\/www.prijedordanas.com\/#organization\",\"name\":\"PrijedorDanas.com\",\"url\":\"https:\/\/www.prijedordanas.com\/\",\"logo\":{\"@type\":\"ImageObject\",\"inLanguage\":\"en-US\",\"@id\":\"https:\/\/www.prijedordanas.com\/#\/schema\/logo\/image\/\",\"url\":\"http:\/\/www.prijedordanas.com\/wp-content\/uploads\/2021\/12\/logopng.png\",\"contentUrl\":\"http:\/\/www.prijedordanas.com\/wp-content\/uploads\/2021\/12\/logopng.png\",\"width\":1019,\"height\":776,\"caption\":\"PrijedorDanas.com\"},\"image\":{\"@id\":\"https:\/\/www.prijedordanas.com\/#\/schema\/logo\/image\/\"},\"sameAs\":[\"https:\/\/www.facebook.com\/PrijedorDanasCom\/\"]},{\"@type\":\"Person\",\"@id\":\"https:\/\/www.prijedordanas.com\/#\/schema\/person\/4e08ccf29b506ca916ff86d46bb700e6\",\"name\":\"admin\",\"image\":{\"@type\":\"ImageObject\",\"inLanguage\":\"en-US\",\"@id\":\"https:\/\/www.prijedordanas.com\/#\/schema\/person\/image\/\",\"url\":\"https:\/\/secure.gravatar.com\/avatar\/1d3fc949d550f0b53a5f0d51e06dfd79?s=96&d=mm&r=g\",\"contentUrl\":\"https:\/\/secure.gravatar.com\/avatar\/1d3fc949d550f0b53a5f0d51e06dfd79?s=96&d=mm&r=g\",\"caption\":\"admin\"},\"url\":\"https:\/\/www.prijedordanas.com\/?author=1\"}]}<\/script>\n<!-- \/ Yoast SEO plugin. -->","yoast_head_json":{"title":"Sr\u0111an Knjeginji\u0107, glumac i direktor Pozori\u0161ta Prijedor: Pozori\u0161te je najbolje ogledalo stvarnosti - PrijedorDanas.com - Prijedorski gradski portal","robots":{"index":"index","follow":"follow","max-snippet":"max-snippet:-1","max-image-preview":"max-image-preview:large","max-video-preview":"max-video-preview:-1"},"canonical":"https:\/\/www.prijedordanas.com\/?p=233854","og_locale":"en_US","og_type":"article","og_title":"Sr\u0111an Knjeginji\u0107, glumac i direktor Pozori\u0161ta Prijedor: Pozori\u0161te je najbolje ogledalo stvarnosti - PrijedorDanas.com - Prijedorski gradski portal","og_description":"Komadi kao \u0161to su \u201cKauboji\u201d i \u201cLet iznad kukavi\u010djeg gnijezda\u201d jesu upravo jedni od onih koji su ostavili traga u dramskom svijetu. To su moderni komadi sa referencama na dana\u0161nje [&hellip;]","og_url":"https:\/\/www.prijedordanas.com\/?p=233854","og_site_name":"PrijedorDanas.com - Prijedorski gradski portal","article_publisher":"https:\/\/www.facebook.com\/PrijedorDanasCom\/","article_published_time":"2024-09-20T01:06:29+00:00","og_image":[{"url":"https:\/\/www.prijedordanas.com\/wp-content\/uploads\/2024\/09\/srdjan-knjeginjic-1-300x225.jpg"}],"author":"admin","twitter_card":"summary_large_image","twitter_misc":{"Written by":"admin"},"schema":{"@context":"https:\/\/schema.org","@graph":[{"@type":"Article","@id":"https:\/\/www.prijedordanas.com\/?p=233854#article","isPartOf":{"@id":"https:\/\/www.prijedordanas.com\/?p=233854"},"author":{"name":"admin","@id":"https:\/\/www.prijedordanas.com\/#\/schema\/person\/4e08ccf29b506ca916ff86d46bb700e6"},"headline":"Sr\u0111an Knjeginji\u0107, glumac i direktor Pozori\u0161ta Prijedor: Pozori\u0161te je najbolje ogledalo stvarnosti","datePublished":"2024-09-20T01:06:29+00:00","dateModified":"2024-09-20T01:06:29+00:00","mainEntityOfPage":{"@id":"https:\/\/www.prijedordanas.com\/?p=233854"},"wordCount":1022,"publisher":{"@id":"https:\/\/www.prijedordanas.com\/#organization"},"articleSection":["Kultura"],"inLanguage":"en-US"},{"@type":"WebPage","@id":"https:\/\/www.prijedordanas.com\/?p=233854","url":"https:\/\/www.prijedordanas.com\/?p=233854","name":"Sr\u0111an Knjeginji\u0107, glumac i direktor Pozori\u0161ta Prijedor: Pozori\u0161te je najbolje ogledalo stvarnosti - PrijedorDanas.com - Prijedorski gradski portal","isPartOf":{"@id":"https:\/\/www.prijedordanas.com\/#website"},"datePublished":"2024-09-20T01:06:29+00:00","dateModified":"2024-09-20T01:06:29+00:00","breadcrumb":{"@id":"https:\/\/www.prijedordanas.com\/?p=233854#breadcrumb"},"inLanguage":"en-US","potentialAction":[{"@type":"ReadAction","target":["https:\/\/www.prijedordanas.com\/?p=233854"]}]},{"@type":"BreadcrumbList","@id":"https:\/\/www.prijedordanas.com\/?p=233854#breadcrumb","itemListElement":[{"@type":"ListItem","position":1,"name":"Home","item":"https:\/\/www.prijedordanas.com\/"},{"@type":"ListItem","position":2,"name":"Sr\u0111an Knjeginji\u0107, glumac i direktor Pozori\u0161ta Prijedor: Pozori\u0161te je najbolje ogledalo stvarnosti"}]},{"@type":"WebSite","@id":"https:\/\/www.prijedordanas.com\/#website","url":"https:\/\/www.prijedordanas.com\/","name":"PrijedorDanas.com - Prijedorski gradski portal","description":"Portal o doga\u0111anjima u gradu Prijedoru","publisher":{"@id":"https:\/\/www.prijedordanas.com\/#organization"},"potentialAction":[{"@type":"SearchAction","target":{"@type":"EntryPoint","urlTemplate":"https:\/\/www.prijedordanas.com\/?s={search_term_string}"},"query-input":"required name=search_term_string"}],"inLanguage":"en-US"},{"@type":"Organization","@id":"https:\/\/www.prijedordanas.com\/#organization","name":"PrijedorDanas.com","url":"https:\/\/www.prijedordanas.com\/","logo":{"@type":"ImageObject","inLanguage":"en-US","@id":"https:\/\/www.prijedordanas.com\/#\/schema\/logo\/image\/","url":"http:\/\/www.prijedordanas.com\/wp-content\/uploads\/2021\/12\/logopng.png","contentUrl":"http:\/\/www.prijedordanas.com\/wp-content\/uploads\/2021\/12\/logopng.png","width":1019,"height":776,"caption":"PrijedorDanas.com"},"image":{"@id":"https:\/\/www.prijedordanas.com\/#\/schema\/logo\/image\/"},"sameAs":["https:\/\/www.facebook.com\/PrijedorDanasCom\/"]},{"@type":"Person","@id":"https:\/\/www.prijedordanas.com\/#\/schema\/person\/4e08ccf29b506ca916ff86d46bb700e6","name":"admin","image":{"@type":"ImageObject","inLanguage":"en-US","@id":"https:\/\/www.prijedordanas.com\/#\/schema\/person\/image\/","url":"https:\/\/secure.gravatar.com\/avatar\/1d3fc949d550f0b53a5f0d51e06dfd79?s=96&d=mm&r=g","contentUrl":"https:\/\/secure.gravatar.com\/avatar\/1d3fc949d550f0b53a5f0d51e06dfd79?s=96&d=mm&r=g","caption":"admin"},"url":"https:\/\/www.prijedordanas.com\/?author=1"}]}},"_links":{"self":[{"href":"https:\/\/www.prijedordanas.com\/index.php?rest_route=\/wp\/v2\/posts\/233854"}],"collection":[{"href":"https:\/\/www.prijedordanas.com\/index.php?rest_route=\/wp\/v2\/posts"}],"about":[{"href":"https:\/\/www.prijedordanas.com\/index.php?rest_route=\/wp\/v2\/types\/post"}],"author":[{"embeddable":true,"href":"https:\/\/www.prijedordanas.com\/index.php?rest_route=\/wp\/v2\/users\/1"}],"replies":[{"embeddable":true,"href":"https:\/\/www.prijedordanas.com\/index.php?rest_route=%2Fwp%2Fv2%2Fcomments&post=233854"}],"version-history":[{"count":1,"href":"https:\/\/www.prijedordanas.com\/index.php?rest_route=\/wp\/v2\/posts\/233854\/revisions"}],"predecessor-version":[{"id":233855,"href":"https:\/\/www.prijedordanas.com\/index.php?rest_route=\/wp\/v2\/posts\/233854\/revisions\/233855"}],"wp:attachment":[{"href":"https:\/\/www.prijedordanas.com\/index.php?rest_route=%2Fwp%2Fv2%2Fmedia&parent=233854"}],"wp:term":[{"taxonomy":"category","embeddable":true,"href":"https:\/\/www.prijedordanas.com\/index.php?rest_route=%2Fwp%2Fv2%2Fcategories&post=233854"},{"taxonomy":"post_tag","embeddable":true,"href":"https:\/\/www.prijedordanas.com\/index.php?rest_route=%2Fwp%2Fv2%2Ftags&post=233854"}],"curies":[{"name":"wp","href":"https:\/\/api.w.org\/{rel}","templated":true}]}}