{"id":233541,"date":"2024-09-14T08:04:45","date_gmt":"2024-09-14T06:04:45","guid":{"rendered":"https:\/\/www.prijedordanas.com\/?p=233541"},"modified":"2024-09-14T08:04:45","modified_gmt":"2024-09-14T06:04:45","slug":"slavi-hrama-svetih-novomucenika-jasenovackih-u-meduvodu-kumovalo-13-prijedorcana","status":"publish","type":"post","link":"https:\/\/www.prijedordanas.com\/?p=233541","title":{"rendered":"Slavi hrama Svetih novomu\u010denika jasenova\u010dkih u Me\u0111uvo\u0111u kumovalo 13 Prijedor\u010dana"},"content":{"rendered":"<p><a href=\"https:\/\/www.prijedordanas.com\/wp-content\/uploads\/2024\/09\/medjuvodje-slava-hrama-svetih-novomucenika-jasenovackih.jpg\"><img loading=\"lazy\" decoding=\"async\" src=\"https:\/\/www.prijedordanas.com\/wp-content\/uploads\/2024\/09\/medjuvodje-slava-hrama-svetih-novomucenika-jasenovackih-300x225.jpg\" alt=\"\" width=\"300\" height=\"225\" class=\"alignleft size-medium wp-image-233542\" srcset=\"https:\/\/www.prijedordanas.com\/wp-content\/uploads\/2024\/09\/medjuvodje-slava-hrama-svetih-novomucenika-jasenovackih-300x225.jpg 300w, https:\/\/www.prijedordanas.com\/wp-content\/uploads\/2024\/09\/medjuvodje-slava-hrama-svetih-novomucenika-jasenovackih-640x480.jpg 640w, https:\/\/www.prijedordanas.com\/wp-content\/uploads\/2024\/09\/medjuvodje-slava-hrama-svetih-novomucenika-jasenovackih.jpg 667w\" sizes=\"(max-width: 300px) 100vw, 300px\" \/><\/a>U Crkvenoj op\u0161tini Me\u0111uvo\u0111e Eparhije banjalu\u010dke u petak je obilje\u017eena slava prvog hrama pod Kozarom posve\u0107enog Svetim novomu\u010denicima jasenova\u010dkim.<\/p>\n<p>Svetu liturgiju uz osve\u0161tanje slavskog \u017eita i kola\u010da slu\u017eili su sve\u0161tenici dubi\u010dkog i prijedorskog namjesni\u0161tva, a slavi hrama posve\u0107enog jasenova\u010dkim novomu\u010denicima, koji je u izgradnji, kumovalo je 13 Prijedor\u010dana.<\/p>\n<p>Jedan od kumova slave hrama Dragan Gruban iz prijedorskog sela Mari\u010dka, rekao je novinarima da mu je velika \u010dast \u0161to je danas, na poziv paroha kne\u017ei\u010dkog \u017deljka Jev\u0111eni\u0107a, kum hrama posve\u0107enog Svetim novomu\u010denicima jasenova\u010dkim, kao i svim drugim pojedincima koji su danas bili kumovi slave hrama.<\/p>\n<p>Poslanik u Narodnoj skup\u0161tini Republike Srpske i predsjednik gra\u0111evinskog odbora za izgradnju hrama Darko Banjac istakao je nekoliko va\u017enih trenutaka za izgradnju hrama u Me\u0111uvo\u0111u, mjestu na kome je bio sabirni centar naroda sa Kozare koji je odvo\u017een u koncentracioni logor Jasenovac.<\/p>\n<p>&#8220;To je veliko stradanje srpskog naroda i u su\u0161tini najve\u0107i genocid koji je ikad izvr\u0161en nad srpskim narodom&#8221;, rekao je Banjac, podsjetiv\u0161i da je srpski narod drugi narod u Evropi po stradanju u logorima u Drugom svjetskom ratu, a da je na\u010din na koji su ljudi ubijani u Jasenovcu bio nezapam\u0107en u svijetu.<\/p>\n<p>Banjac je naglasio da upravo Hram svetih novomu\u010denika jasenova\u010dkih svjedo\u010di o tom vremenu i \u0161alje poruku budu\u0107im generacijama \u0161ta su pro\u017eivjeli njihovi preci u Drugom svjetskom ratu.<\/p>\n<p>Banjac, koji je unuk jasenova\u010dkog logora\u0161a, rekao je da je trebalo puno vremena da njegov djed po\u010dne pri\u010dati o tim zvjerstvima.<\/p>\n<p>&#8220;Budu\u0107nost treba graditi na na\u010din da nas istorija opominje i da znamo ko su nam pravi prijatelji, a ko neprijatelji&#8221;, ka\u017ee Banjac.<\/p>\n<p>Prema njegovim rije\u010dima, hram je izgra\u0111en i pokriven, a posebno je bio va\u017ean trenutak podizanja tri zvona u ovom kozara\u010dkom kraju.<\/p>\n<p>&#8220;To je bio posebno emotivan do\u017eivljaj za sve nas, kumove zvona i sve mje\u0161tane devet sela mjesne zajednice Me\u0111uvo\u0111e\u201d, rekao je Banjac, dodav\u0161i da zvona treba da zvone i vode u pravoslavnu vjeru, ali i opominju na ogromno stradanje srpskog naroda kroz istoriju.<\/p>\n<p>Paroh kne\u017ei\u010dki \u017deljko Jev\u0111eni\u0107 rekao je novinarima da je smisao izgradnje hramova da se u\u0111e u zajednicu sa Bogom i svim svetim, a da narod ovog kraja ima i te kako razloga za to jer su njegovi sveti i njegovi krvni srodnici, njihovi preci, jasenova\u010dki stradalnici.<\/p>\n<p>Sve\u0161tenik Jev\u0111eni\u0107 je rekao je da gradnja hrama posve\u0107enog Svetim novomu\u010denicima jasenova\u010dkim u crkvenoj op\u0161tini Me\u0111uvo\u0111e te\u010de zadovoljavaju\u0107om dinamikom i zahvalio brojnim pojedincima, institucijama i organizacijama iz zemlje i svih dijelova svijeta koji poma\u017eu izgradnju ovog hrama.<\/p>\n<p>On o\u010dekuje da \u0107e hram biti zavr\u0161en sljede\u0107e godine povodom 80 godina od oslobo\u0111enja Jasenovca.<\/p>\n<p>Obilje\u017eavanju slave Hrama Svetih novomu\u010denika jasenova\u010dkih u Me\u0111uvo\u0111u danas je prisustvovali su i poslanici u Narodnoj skup\u0161tini Republike Srpske Dragan Brdar i Bobana \u0106ibi\u0107, na\u010delnik op\u0161tine Kozarska Dubica Radenko Relji\u0107, na\u010delnik op\u0161tine Kostajnica Nikola Janjetovi\u0107, brojni op\u0161tinski zvani\u010dnici i vjernici, potomci jasenova\u010dkih stradalnika.<\/p>\n<p>Kumovi slave hrama bili su Miroslav Radivojac, Milenko Joki\u0107, Dalibor Kon\u010dar, Boris Novakovi\u0107 Kop\u010di\u0107, Vjekoslav Ba\u0161i\u0107, Sa\u0161a Lazi\u0107, Zoran Stoji\u0107, Dragan Aleksi\u0107, Zoran Topi\u0107, Bo\u017eidar Marjanovi\u0107, Goran Velaula, Du\u0161ko Mileti\u0107 i Dragan Gruban.<\/p>\n<p>Sveti srpski novomu\u010denici jasenova\u010dki \u017ertve su usta\u0161kog genocida nad Srbima u logoru Jasenovac u vrijeme postojanja Nezavisne Dr\u017eave Hrvatske, koje je u kalendar svetih unijela i koje proslavlja Srpska pravoslavna crkva \/SPC\/.<\/p>\n<p>Sveti arhijerejski sabor SPC je 16. aprila 2010. godine donio odluku da se spomen Svetih novomu\u010denika jasenova\u010dkih proslavlja 31. avgusta po julijanskom, odnosno 13. septembra po gregorijanskom kalendaru. <\/p>\n<p>SRNA<\/p>\n","protected":false},"excerpt":{"rendered":"<p>U Crkvenoj op\u0161tini Me\u0111uvo\u0111e Eparhije banjalu\u010dke u petak je obilje\u017eena slava prvog hrama pod Kozarom posve\u0107enog Svetim novomu\u010denicima jasenova\u010dkim. Svetu liturgiju uz osve\u0161tanje slavskog \u017eita i kola\u010da slu\u017eili su sve\u0161tenici [&hellip;]<\/p>\n","protected":false},"author":1,"featured_media":0,"comment_status":"closed","ping_status":"open","sticky":false,"template":"","format":"standard","meta":{"_monsterinsights_skip_tracking":false,"_monsterinsights_sitenote_active":false,"_monsterinsights_sitenote_note":"","_monsterinsights_sitenote_category":0,"footnotes":""},"categories":[3],"tags":[],"yoast_head":"<!-- This site is optimized with the Yoast SEO plugin v21.6 - https:\/\/yoast.com\/wordpress\/plugins\/seo\/ -->\n<title>Slavi hrama Svetih novomu\u010denika jasenova\u010dkih u Me\u0111uvo\u0111u kumovalo 13 Prijedor\u010dana - PrijedorDanas.com - Prijedorski gradski portal<\/title>\n<meta name=\"robots\" content=\"index, follow, max-snippet:-1, max-image-preview:large, max-video-preview:-1\" \/>\n<link rel=\"canonical\" href=\"https:\/\/www.prijedordanas.com\/?p=233541\" \/>\n<meta property=\"og:locale\" content=\"en_US\" \/>\n<meta property=\"og:type\" content=\"article\" \/>\n<meta property=\"og:title\" content=\"Slavi hrama Svetih novomu\u010denika jasenova\u010dkih u Me\u0111uvo\u0111u kumovalo 13 Prijedor\u010dana - PrijedorDanas.com - Prijedorski gradski portal\" \/>\n<meta property=\"og:description\" content=\"U Crkvenoj op\u0161tini Me\u0111uvo\u0111e Eparhije banjalu\u010dke u petak je obilje\u017eena slava prvog hrama pod Kozarom posve\u0107enog Svetim novomu\u010denicima jasenova\u010dkim. Svetu liturgiju uz osve\u0161tanje slavskog \u017eita i kola\u010da slu\u017eili su sve\u0161tenici [&hellip;]\" \/>\n<meta property=\"og:url\" content=\"https:\/\/www.prijedordanas.com\/?p=233541\" \/>\n<meta property=\"og:site_name\" content=\"PrijedorDanas.com - Prijedorski gradski portal\" \/>\n<meta property=\"article:publisher\" content=\"https:\/\/www.facebook.com\/PrijedorDanasCom\/\" \/>\n<meta property=\"article:published_time\" content=\"2024-09-14T06:04:45+00:00\" \/>\n<meta property=\"og:image\" content=\"https:\/\/www.prijedordanas.com\/wp-content\/uploads\/2024\/09\/medjuvodje-slava-hrama-svetih-novomucenika-jasenovackih-300x225.jpg\" \/>\n<meta name=\"author\" content=\"admin\" \/>\n<meta name=\"twitter:card\" content=\"summary_large_image\" \/>\n<meta name=\"twitter:label1\" content=\"Written by\" \/>\n\t<meta name=\"twitter:data1\" content=\"admin\" \/>\n<script type=\"application\/ld+json\" class=\"yoast-schema-graph\">{\"@context\":\"https:\/\/schema.org\",\"@graph\":[{\"@type\":\"Article\",\"@id\":\"https:\/\/www.prijedordanas.com\/?p=233541#article\",\"isPartOf\":{\"@id\":\"https:\/\/www.prijedordanas.com\/?p=233541\"},\"author\":{\"name\":\"admin\",\"@id\":\"https:\/\/www.prijedordanas.com\/#\/schema\/person\/4e08ccf29b506ca916ff86d46bb700e6\"},\"headline\":\"Slavi hrama Svetih novomu\u010denika jasenova\u010dkih u Me\u0111uvo\u0111u kumovalo 13 Prijedor\u010dana\",\"datePublished\":\"2024-09-14T06:04:45+00:00\",\"dateModified\":\"2024-09-14T06:04:45+00:00\",\"mainEntityOfPage\":{\"@id\":\"https:\/\/www.prijedordanas.com\/?p=233541\"},\"wordCount\":670,\"publisher\":{\"@id\":\"https:\/\/www.prijedordanas.com\/#organization\"},\"articleSection\":[\"\u017divot\"],\"inLanguage\":\"en-US\"},{\"@type\":\"WebPage\",\"@id\":\"https:\/\/www.prijedordanas.com\/?p=233541\",\"url\":\"https:\/\/www.prijedordanas.com\/?p=233541\",\"name\":\"Slavi hrama Svetih novomu\u010denika jasenova\u010dkih u Me\u0111uvo\u0111u kumovalo 13 Prijedor\u010dana - PrijedorDanas.com - Prijedorski gradski portal\",\"isPartOf\":{\"@id\":\"https:\/\/www.prijedordanas.com\/#website\"},\"datePublished\":\"2024-09-14T06:04:45+00:00\",\"dateModified\":\"2024-09-14T06:04:45+00:00\",\"breadcrumb\":{\"@id\":\"https:\/\/www.prijedordanas.com\/?p=233541#breadcrumb\"},\"inLanguage\":\"en-US\",\"potentialAction\":[{\"@type\":\"ReadAction\",\"target\":[\"https:\/\/www.prijedordanas.com\/?p=233541\"]}]},{\"@type\":\"BreadcrumbList\",\"@id\":\"https:\/\/www.prijedordanas.com\/?p=233541#breadcrumb\",\"itemListElement\":[{\"@type\":\"ListItem\",\"position\":1,\"name\":\"Home\",\"item\":\"https:\/\/www.prijedordanas.com\/\"},{\"@type\":\"ListItem\",\"position\":2,\"name\":\"Slavi hrama Svetih novomu\u010denika jasenova\u010dkih u Me\u0111uvo\u0111u kumovalo 13 Prijedor\u010dana\"}]},{\"@type\":\"WebSite\",\"@id\":\"https:\/\/www.prijedordanas.com\/#website\",\"url\":\"https:\/\/www.prijedordanas.com\/\",\"name\":\"PrijedorDanas.com - Prijedorski gradski portal\",\"description\":\"Portal o doga\u0111anjima u gradu Prijedoru\",\"publisher\":{\"@id\":\"https:\/\/www.prijedordanas.com\/#organization\"},\"potentialAction\":[{\"@type\":\"SearchAction\",\"target\":{\"@type\":\"EntryPoint\",\"urlTemplate\":\"https:\/\/www.prijedordanas.com\/?s={search_term_string}\"},\"query-input\":\"required name=search_term_string\"}],\"inLanguage\":\"en-US\"},{\"@type\":\"Organization\",\"@id\":\"https:\/\/www.prijedordanas.com\/#organization\",\"name\":\"PrijedorDanas.com\",\"url\":\"https:\/\/www.prijedordanas.com\/\",\"logo\":{\"@type\":\"ImageObject\",\"inLanguage\":\"en-US\",\"@id\":\"https:\/\/www.prijedordanas.com\/#\/schema\/logo\/image\/\",\"url\":\"http:\/\/www.prijedordanas.com\/wp-content\/uploads\/2021\/12\/logopng.png\",\"contentUrl\":\"http:\/\/www.prijedordanas.com\/wp-content\/uploads\/2021\/12\/logopng.png\",\"width\":1019,\"height\":776,\"caption\":\"PrijedorDanas.com\"},\"image\":{\"@id\":\"https:\/\/www.prijedordanas.com\/#\/schema\/logo\/image\/\"},\"sameAs\":[\"https:\/\/www.facebook.com\/PrijedorDanasCom\/\"]},{\"@type\":\"Person\",\"@id\":\"https:\/\/www.prijedordanas.com\/#\/schema\/person\/4e08ccf29b506ca916ff86d46bb700e6\",\"name\":\"admin\",\"image\":{\"@type\":\"ImageObject\",\"inLanguage\":\"en-US\",\"@id\":\"https:\/\/www.prijedordanas.com\/#\/schema\/person\/image\/\",\"url\":\"https:\/\/secure.gravatar.com\/avatar\/1d3fc949d550f0b53a5f0d51e06dfd79?s=96&d=mm&r=g\",\"contentUrl\":\"https:\/\/secure.gravatar.com\/avatar\/1d3fc949d550f0b53a5f0d51e06dfd79?s=96&d=mm&r=g\",\"caption\":\"admin\"},\"url\":\"https:\/\/www.prijedordanas.com\/?author=1\"}]}<\/script>\n<!-- \/ Yoast SEO plugin. -->","yoast_head_json":{"title":"Slavi hrama Svetih novomu\u010denika jasenova\u010dkih u Me\u0111uvo\u0111u kumovalo 13 Prijedor\u010dana - PrijedorDanas.com - Prijedorski gradski portal","robots":{"index":"index","follow":"follow","max-snippet":"max-snippet:-1","max-image-preview":"max-image-preview:large","max-video-preview":"max-video-preview:-1"},"canonical":"https:\/\/www.prijedordanas.com\/?p=233541","og_locale":"en_US","og_type":"article","og_title":"Slavi hrama Svetih novomu\u010denika jasenova\u010dkih u Me\u0111uvo\u0111u kumovalo 13 Prijedor\u010dana - PrijedorDanas.com - Prijedorski gradski portal","og_description":"U Crkvenoj op\u0161tini Me\u0111uvo\u0111e Eparhije banjalu\u010dke u petak je obilje\u017eena slava prvog hrama pod Kozarom posve\u0107enog Svetim novomu\u010denicima jasenova\u010dkim. Svetu liturgiju uz osve\u0161tanje slavskog \u017eita i kola\u010da slu\u017eili su sve\u0161tenici [&hellip;]","og_url":"https:\/\/www.prijedordanas.com\/?p=233541","og_site_name":"PrijedorDanas.com - Prijedorski gradski portal","article_publisher":"https:\/\/www.facebook.com\/PrijedorDanasCom\/","article_published_time":"2024-09-14T06:04:45+00:00","og_image":[{"url":"https:\/\/www.prijedordanas.com\/wp-content\/uploads\/2024\/09\/medjuvodje-slava-hrama-svetih-novomucenika-jasenovackih-300x225.jpg"}],"author":"admin","twitter_card":"summary_large_image","twitter_misc":{"Written by":"admin"},"schema":{"@context":"https:\/\/schema.org","@graph":[{"@type":"Article","@id":"https:\/\/www.prijedordanas.com\/?p=233541#article","isPartOf":{"@id":"https:\/\/www.prijedordanas.com\/?p=233541"},"author":{"name":"admin","@id":"https:\/\/www.prijedordanas.com\/#\/schema\/person\/4e08ccf29b506ca916ff86d46bb700e6"},"headline":"Slavi hrama Svetih novomu\u010denika jasenova\u010dkih u Me\u0111uvo\u0111u kumovalo 13 Prijedor\u010dana","datePublished":"2024-09-14T06:04:45+00:00","dateModified":"2024-09-14T06:04:45+00:00","mainEntityOfPage":{"@id":"https:\/\/www.prijedordanas.com\/?p=233541"},"wordCount":670,"publisher":{"@id":"https:\/\/www.prijedordanas.com\/#organization"},"articleSection":["\u017divot"],"inLanguage":"en-US"},{"@type":"WebPage","@id":"https:\/\/www.prijedordanas.com\/?p=233541","url":"https:\/\/www.prijedordanas.com\/?p=233541","name":"Slavi hrama Svetih novomu\u010denika jasenova\u010dkih u Me\u0111uvo\u0111u kumovalo 13 Prijedor\u010dana - PrijedorDanas.com - Prijedorski gradski portal","isPartOf":{"@id":"https:\/\/www.prijedordanas.com\/#website"},"datePublished":"2024-09-14T06:04:45+00:00","dateModified":"2024-09-14T06:04:45+00:00","breadcrumb":{"@id":"https:\/\/www.prijedordanas.com\/?p=233541#breadcrumb"},"inLanguage":"en-US","potentialAction":[{"@type":"ReadAction","target":["https:\/\/www.prijedordanas.com\/?p=233541"]}]},{"@type":"BreadcrumbList","@id":"https:\/\/www.prijedordanas.com\/?p=233541#breadcrumb","itemListElement":[{"@type":"ListItem","position":1,"name":"Home","item":"https:\/\/www.prijedordanas.com\/"},{"@type":"ListItem","position":2,"name":"Slavi hrama Svetih novomu\u010denika jasenova\u010dkih u Me\u0111uvo\u0111u kumovalo 13 Prijedor\u010dana"}]},{"@type":"WebSite","@id":"https:\/\/www.prijedordanas.com\/#website","url":"https:\/\/www.prijedordanas.com\/","name":"PrijedorDanas.com - Prijedorski gradski portal","description":"Portal o doga\u0111anjima u gradu Prijedoru","publisher":{"@id":"https:\/\/www.prijedordanas.com\/#organization"},"potentialAction":[{"@type":"SearchAction","target":{"@type":"EntryPoint","urlTemplate":"https:\/\/www.prijedordanas.com\/?s={search_term_string}"},"query-input":"required name=search_term_string"}],"inLanguage":"en-US"},{"@type":"Organization","@id":"https:\/\/www.prijedordanas.com\/#organization","name":"PrijedorDanas.com","url":"https:\/\/www.prijedordanas.com\/","logo":{"@type":"ImageObject","inLanguage":"en-US","@id":"https:\/\/www.prijedordanas.com\/#\/schema\/logo\/image\/","url":"http:\/\/www.prijedordanas.com\/wp-content\/uploads\/2021\/12\/logopng.png","contentUrl":"http:\/\/www.prijedordanas.com\/wp-content\/uploads\/2021\/12\/logopng.png","width":1019,"height":776,"caption":"PrijedorDanas.com"},"image":{"@id":"https:\/\/www.prijedordanas.com\/#\/schema\/logo\/image\/"},"sameAs":["https:\/\/www.facebook.com\/PrijedorDanasCom\/"]},{"@type":"Person","@id":"https:\/\/www.prijedordanas.com\/#\/schema\/person\/4e08ccf29b506ca916ff86d46bb700e6","name":"admin","image":{"@type":"ImageObject","inLanguage":"en-US","@id":"https:\/\/www.prijedordanas.com\/#\/schema\/person\/image\/","url":"https:\/\/secure.gravatar.com\/avatar\/1d3fc949d550f0b53a5f0d51e06dfd79?s=96&d=mm&r=g","contentUrl":"https:\/\/secure.gravatar.com\/avatar\/1d3fc949d550f0b53a5f0d51e06dfd79?s=96&d=mm&r=g","caption":"admin"},"url":"https:\/\/www.prijedordanas.com\/?author=1"}]}},"_links":{"self":[{"href":"https:\/\/www.prijedordanas.com\/index.php?rest_route=\/wp\/v2\/posts\/233541"}],"collection":[{"href":"https:\/\/www.prijedordanas.com\/index.php?rest_route=\/wp\/v2\/posts"}],"about":[{"href":"https:\/\/www.prijedordanas.com\/index.php?rest_route=\/wp\/v2\/types\/post"}],"author":[{"embeddable":true,"href":"https:\/\/www.prijedordanas.com\/index.php?rest_route=\/wp\/v2\/users\/1"}],"replies":[{"embeddable":true,"href":"https:\/\/www.prijedordanas.com\/index.php?rest_route=%2Fwp%2Fv2%2Fcomments&post=233541"}],"version-history":[{"count":1,"href":"https:\/\/www.prijedordanas.com\/index.php?rest_route=\/wp\/v2\/posts\/233541\/revisions"}],"predecessor-version":[{"id":233543,"href":"https:\/\/www.prijedordanas.com\/index.php?rest_route=\/wp\/v2\/posts\/233541\/revisions\/233543"}],"wp:attachment":[{"href":"https:\/\/www.prijedordanas.com\/index.php?rest_route=%2Fwp%2Fv2%2Fmedia&parent=233541"}],"wp:term":[{"taxonomy":"category","embeddable":true,"href":"https:\/\/www.prijedordanas.com\/index.php?rest_route=%2Fwp%2Fv2%2Fcategories&post=233541"},{"taxonomy":"post_tag","embeddable":true,"href":"https:\/\/www.prijedordanas.com\/index.php?rest_route=%2Fwp%2Fv2%2Ftags&post=233541"}],"curies":[{"name":"wp","href":"https:\/\/api.w.org\/{rel}","templated":true}]}}