{"id":233287,"date":"2024-09-09T14:17:28","date_gmt":"2024-09-09T12:17:28","guid":{"rendered":"https:\/\/www.prijedordanas.com\/?p=233287"},"modified":"2024-09-09T14:17:28","modified_gmt":"2024-09-09T12:17:28","slug":"gradska-izborna-komisija-prijedor-imenovani-clanovi-birackih-odbora-i-mobilnih-timova-pogledajte-spisak","status":"publish","type":"post","link":"https:\/\/www.prijedordanas.com\/?p=233287","title":{"rendered":"Gradska izborna komisija Prijedor: Imenovani \u010dlanovi bira\u010dkih odbora i mobilnih timova, pogledajte spisak"},"content":{"rendered":"<p><a href=\"https:\/\/www.prijedordanas.com\/wp-content\/uploads\/2024\/08\/izbori-2024-logo.jpg\"><img loading=\"lazy\" decoding=\"async\" src=\"https:\/\/www.prijedordanas.com\/wp-content\/uploads\/2024\/08\/izbori-2024-logo-300x277.jpg\" alt=\"\" width=\"300\" height=\"277\" class=\"alignleft size-medium wp-image-232540\" srcset=\"https:\/\/www.prijedordanas.com\/wp-content\/uploads\/2024\/08\/izbori-2024-logo-300x277.jpg 300w, https:\/\/www.prijedordanas.com\/wp-content\/uploads\/2024\/08\/izbori-2024-logo.jpg 600w\" sizes=\"(max-width: 300px) 100vw, 300px\" \/><\/a>Gradska izborna komisija Prijedor imenovala je 992 \u010dlana bira\u010dkih odbora i mobilnih timova, izjavio je danas predsjednik ovog tijela \u017deljko \u0160kondri\u0107.<\/p>\n<p>\u0160kondri\u0107 je naveo da se od Centralne izborne komisije BiH o\u010dekuje aplikacija za unos ovih imena i da se nakon toga spisak mo\u017ee smatrati kona\u010dnim, dodaju\u0107i da je zbog izmjena izbornih propisa dinamika pripreme znatno sporija od uobi\u010dajene.<\/p>\n<p>&#8220;Nedostaje nam i znatan broj predsjednika i zamjenika predsjednika bira\u010dkih odbora, kao i ljudi koji \u0107e biti anga\u017eovani za koordinaciju i rad na skenerima na 25 bira\u010dkih mjesta na kojima \u0107e se koristiti skeneri&#8221;, rekao je \u0160kondri\u0107 Srni.<\/p>\n<p>On je za sutra najavio dopremanje prvog dijela takzvanog neosjetljivog izbornog materijala u Prijedor.<\/p>\n<p>U Prijedoru pravo glasa ima 85.569 gra\u0111ana, a u\u010destvuju 23 politi\u010dka subjekta. <\/p>\n<p>SRNA<\/p>\n<p>Imena \u010dlanova bira\u010dkih odbora mo\u017eete pogledati <strong><a href=\"https:\/\/www.prijedorgrad.org\/files\/sadrzaj\/S20752_Rjesenja%20BO%202024.pdf\" rel=\"noopener\" target=\"_blank\">OVDJE<\/a><\/strong><\/p>\n","protected":false},"excerpt":{"rendered":"<p>Gradska izborna komisija Prijedor imenovala je 992 \u010dlana bira\u010dkih odbora i mobilnih timova, izjavio je danas predsjednik ovog tijela \u017deljko \u0160kondri\u0107. \u0160kondri\u0107 je naveo da se od Centralne izborne komisije [&hellip;]<\/p>\n","protected":false},"author":1,"featured_media":0,"comment_status":"closed","ping_status":"open","sticky":false,"template":"","format":"standard","meta":{"_monsterinsights_skip_tracking":false,"_monsterinsights_sitenote_active":false,"_monsterinsights_sitenote_note":"","_monsterinsights_sitenote_category":0,"footnotes":""},"categories":[4,11585],"tags":[],"yoast_head":"<!-- This site is optimized with the Yoast SEO plugin v21.6 - https:\/\/yoast.com\/wordpress\/plugins\/seo\/ -->\n<title>Gradska izborna komisija Prijedor: Imenovani \u010dlanovi bira\u010dkih odbora i mobilnih timova, pogledajte spisak - PrijedorDanas.com - Prijedorski gradski portal<\/title>\n<meta name=\"robots\" content=\"index, follow, max-snippet:-1, max-image-preview:large, max-video-preview:-1\" \/>\n<link rel=\"canonical\" href=\"https:\/\/www.prijedordanas.com\/?p=233287\" \/>\n<meta property=\"og:locale\" content=\"en_US\" \/>\n<meta property=\"og:type\" content=\"article\" \/>\n<meta property=\"og:title\" content=\"Gradska izborna komisija Prijedor: Imenovani \u010dlanovi bira\u010dkih odbora i mobilnih timova, pogledajte spisak - PrijedorDanas.com - Prijedorski gradski portal\" \/>\n<meta property=\"og:description\" content=\"Gradska izborna komisija Prijedor imenovala je 992 \u010dlana bira\u010dkih odbora i mobilnih timova, izjavio je danas predsjednik ovog tijela \u017deljko \u0160kondri\u0107. \u0160kondri\u0107 je naveo da se od Centralne izborne komisije [&hellip;]\" \/>\n<meta property=\"og:url\" content=\"https:\/\/www.prijedordanas.com\/?p=233287\" \/>\n<meta property=\"og:site_name\" content=\"PrijedorDanas.com - Prijedorski gradski portal\" \/>\n<meta property=\"article:publisher\" content=\"https:\/\/www.facebook.com\/PrijedorDanasCom\/\" \/>\n<meta property=\"article:published_time\" content=\"2024-09-09T12:17:28+00:00\" \/>\n<meta property=\"og:image\" content=\"https:\/\/www.prijedordanas.com\/wp-content\/uploads\/2024\/08\/izbori-2024-logo-300x277.jpg\" \/>\n<meta name=\"author\" content=\"admin\" \/>\n<meta name=\"twitter:card\" content=\"summary_large_image\" \/>\n<meta name=\"twitter:label1\" content=\"Written by\" \/>\n\t<meta name=\"twitter:data1\" content=\"admin\" \/>\n\t<meta name=\"twitter:label2\" content=\"Est. reading time\" \/>\n\t<meta name=\"twitter:data2\" content=\"1 minute\" \/>\n<script type=\"application\/ld+json\" class=\"yoast-schema-graph\">{\"@context\":\"https:\/\/schema.org\",\"@graph\":[{\"@type\":\"Article\",\"@id\":\"https:\/\/www.prijedordanas.com\/?p=233287#article\",\"isPartOf\":{\"@id\":\"https:\/\/www.prijedordanas.com\/?p=233287\"},\"author\":{\"name\":\"admin\",\"@id\":\"https:\/\/www.prijedordanas.com\/#\/schema\/person\/4e08ccf29b506ca916ff86d46bb700e6\"},\"headline\":\"Gradska izborna komisija Prijedor: Imenovani \u010dlanovi bira\u010dkih odbora i mobilnih timova, pogledajte spisak\",\"datePublished\":\"2024-09-09T12:17:28+00:00\",\"dateModified\":\"2024-09-09T12:17:28+00:00\",\"mainEntityOfPage\":{\"@id\":\"https:\/\/www.prijedordanas.com\/?p=233287\"},\"wordCount\":155,\"publisher\":{\"@id\":\"https:\/\/www.prijedordanas.com\/#organization\"},\"articleSection\":[\"Dru\u0161tvo\",\"Izbori\"],\"inLanguage\":\"en-US\"},{\"@type\":\"WebPage\",\"@id\":\"https:\/\/www.prijedordanas.com\/?p=233287\",\"url\":\"https:\/\/www.prijedordanas.com\/?p=233287\",\"name\":\"Gradska izborna komisija Prijedor: Imenovani \u010dlanovi bira\u010dkih odbora i mobilnih timova, pogledajte spisak - PrijedorDanas.com - Prijedorski gradski portal\",\"isPartOf\":{\"@id\":\"https:\/\/www.prijedordanas.com\/#website\"},\"datePublished\":\"2024-09-09T12:17:28+00:00\",\"dateModified\":\"2024-09-09T12:17:28+00:00\",\"breadcrumb\":{\"@id\":\"https:\/\/www.prijedordanas.com\/?p=233287#breadcrumb\"},\"inLanguage\":\"en-US\",\"potentialAction\":[{\"@type\":\"ReadAction\",\"target\":[\"https:\/\/www.prijedordanas.com\/?p=233287\"]}]},{\"@type\":\"BreadcrumbList\",\"@id\":\"https:\/\/www.prijedordanas.com\/?p=233287#breadcrumb\",\"itemListElement\":[{\"@type\":\"ListItem\",\"position\":1,\"name\":\"Home\",\"item\":\"https:\/\/www.prijedordanas.com\/\"},{\"@type\":\"ListItem\",\"position\":2,\"name\":\"Gradska izborna komisija Prijedor: Imenovani \u010dlanovi bira\u010dkih odbora i mobilnih timova, pogledajte spisak\"}]},{\"@type\":\"WebSite\",\"@id\":\"https:\/\/www.prijedordanas.com\/#website\",\"url\":\"https:\/\/www.prijedordanas.com\/\",\"name\":\"PrijedorDanas.com - Prijedorski gradski portal\",\"description\":\"Portal o doga\u0111anjima u gradu Prijedoru\",\"publisher\":{\"@id\":\"https:\/\/www.prijedordanas.com\/#organization\"},\"potentialAction\":[{\"@type\":\"SearchAction\",\"target\":{\"@type\":\"EntryPoint\",\"urlTemplate\":\"https:\/\/www.prijedordanas.com\/?s={search_term_string}\"},\"query-input\":\"required name=search_term_string\"}],\"inLanguage\":\"en-US\"},{\"@type\":\"Organization\",\"@id\":\"https:\/\/www.prijedordanas.com\/#organization\",\"name\":\"PrijedorDanas.com\",\"url\":\"https:\/\/www.prijedordanas.com\/\",\"logo\":{\"@type\":\"ImageObject\",\"inLanguage\":\"en-US\",\"@id\":\"https:\/\/www.prijedordanas.com\/#\/schema\/logo\/image\/\",\"url\":\"http:\/\/www.prijedordanas.com\/wp-content\/uploads\/2021\/12\/logopng.png\",\"contentUrl\":\"http:\/\/www.prijedordanas.com\/wp-content\/uploads\/2021\/12\/logopng.png\",\"width\":1019,\"height\":776,\"caption\":\"PrijedorDanas.com\"},\"image\":{\"@id\":\"https:\/\/www.prijedordanas.com\/#\/schema\/logo\/image\/\"},\"sameAs\":[\"https:\/\/www.facebook.com\/PrijedorDanasCom\/\"]},{\"@type\":\"Person\",\"@id\":\"https:\/\/www.prijedordanas.com\/#\/schema\/person\/4e08ccf29b506ca916ff86d46bb700e6\",\"name\":\"admin\",\"image\":{\"@type\":\"ImageObject\",\"inLanguage\":\"en-US\",\"@id\":\"https:\/\/www.prijedordanas.com\/#\/schema\/person\/image\/\",\"url\":\"https:\/\/secure.gravatar.com\/avatar\/1d3fc949d550f0b53a5f0d51e06dfd79?s=96&d=mm&r=g\",\"contentUrl\":\"https:\/\/secure.gravatar.com\/avatar\/1d3fc949d550f0b53a5f0d51e06dfd79?s=96&d=mm&r=g\",\"caption\":\"admin\"},\"url\":\"https:\/\/www.prijedordanas.com\/?author=1\"}]}<\/script>\n<!-- \/ Yoast SEO plugin. -->","yoast_head_json":{"title":"Gradska izborna komisija Prijedor: Imenovani \u010dlanovi bira\u010dkih odbora i mobilnih timova, pogledajte spisak - PrijedorDanas.com - Prijedorski gradski portal","robots":{"index":"index","follow":"follow","max-snippet":"max-snippet:-1","max-image-preview":"max-image-preview:large","max-video-preview":"max-video-preview:-1"},"canonical":"https:\/\/www.prijedordanas.com\/?p=233287","og_locale":"en_US","og_type":"article","og_title":"Gradska izborna komisija Prijedor: Imenovani \u010dlanovi bira\u010dkih odbora i mobilnih timova, pogledajte spisak - PrijedorDanas.com - Prijedorski gradski portal","og_description":"Gradska izborna komisija Prijedor imenovala je 992 \u010dlana bira\u010dkih odbora i mobilnih timova, izjavio je danas predsjednik ovog tijela \u017deljko \u0160kondri\u0107. \u0160kondri\u0107 je naveo da se od Centralne izborne komisije [&hellip;]","og_url":"https:\/\/www.prijedordanas.com\/?p=233287","og_site_name":"PrijedorDanas.com - Prijedorski gradski portal","article_publisher":"https:\/\/www.facebook.com\/PrijedorDanasCom\/","article_published_time":"2024-09-09T12:17:28+00:00","og_image":[{"url":"https:\/\/www.prijedordanas.com\/wp-content\/uploads\/2024\/08\/izbori-2024-logo-300x277.jpg"}],"author":"admin","twitter_card":"summary_large_image","twitter_misc":{"Written by":"admin","Est. reading time":"1 minute"},"schema":{"@context":"https:\/\/schema.org","@graph":[{"@type":"Article","@id":"https:\/\/www.prijedordanas.com\/?p=233287#article","isPartOf":{"@id":"https:\/\/www.prijedordanas.com\/?p=233287"},"author":{"name":"admin","@id":"https:\/\/www.prijedordanas.com\/#\/schema\/person\/4e08ccf29b506ca916ff86d46bb700e6"},"headline":"Gradska izborna komisija Prijedor: Imenovani \u010dlanovi bira\u010dkih odbora i mobilnih timova, pogledajte spisak","datePublished":"2024-09-09T12:17:28+00:00","dateModified":"2024-09-09T12:17:28+00:00","mainEntityOfPage":{"@id":"https:\/\/www.prijedordanas.com\/?p=233287"},"wordCount":155,"publisher":{"@id":"https:\/\/www.prijedordanas.com\/#organization"},"articleSection":["Dru\u0161tvo","Izbori"],"inLanguage":"en-US"},{"@type":"WebPage","@id":"https:\/\/www.prijedordanas.com\/?p=233287","url":"https:\/\/www.prijedordanas.com\/?p=233287","name":"Gradska izborna komisija Prijedor: Imenovani \u010dlanovi bira\u010dkih odbora i mobilnih timova, pogledajte spisak - PrijedorDanas.com - Prijedorski gradski portal","isPartOf":{"@id":"https:\/\/www.prijedordanas.com\/#website"},"datePublished":"2024-09-09T12:17:28+00:00","dateModified":"2024-09-09T12:17:28+00:00","breadcrumb":{"@id":"https:\/\/www.prijedordanas.com\/?p=233287#breadcrumb"},"inLanguage":"en-US","potentialAction":[{"@type":"ReadAction","target":["https:\/\/www.prijedordanas.com\/?p=233287"]}]},{"@type":"BreadcrumbList","@id":"https:\/\/www.prijedordanas.com\/?p=233287#breadcrumb","itemListElement":[{"@type":"ListItem","position":1,"name":"Home","item":"https:\/\/www.prijedordanas.com\/"},{"@type":"ListItem","position":2,"name":"Gradska izborna komisija Prijedor: Imenovani \u010dlanovi bira\u010dkih odbora i mobilnih timova, pogledajte spisak"}]},{"@type":"WebSite","@id":"https:\/\/www.prijedordanas.com\/#website","url":"https:\/\/www.prijedordanas.com\/","name":"PrijedorDanas.com - Prijedorski gradski portal","description":"Portal o doga\u0111anjima u gradu Prijedoru","publisher":{"@id":"https:\/\/www.prijedordanas.com\/#organization"},"potentialAction":[{"@type":"SearchAction","target":{"@type":"EntryPoint","urlTemplate":"https:\/\/www.prijedordanas.com\/?s={search_term_string}"},"query-input":"required name=search_term_string"}],"inLanguage":"en-US"},{"@type":"Organization","@id":"https:\/\/www.prijedordanas.com\/#organization","name":"PrijedorDanas.com","url":"https:\/\/www.prijedordanas.com\/","logo":{"@type":"ImageObject","inLanguage":"en-US","@id":"https:\/\/www.prijedordanas.com\/#\/schema\/logo\/image\/","url":"http:\/\/www.prijedordanas.com\/wp-content\/uploads\/2021\/12\/logopng.png","contentUrl":"http:\/\/www.prijedordanas.com\/wp-content\/uploads\/2021\/12\/logopng.png","width":1019,"height":776,"caption":"PrijedorDanas.com"},"image":{"@id":"https:\/\/www.prijedordanas.com\/#\/schema\/logo\/image\/"},"sameAs":["https:\/\/www.facebook.com\/PrijedorDanasCom\/"]},{"@type":"Person","@id":"https:\/\/www.prijedordanas.com\/#\/schema\/person\/4e08ccf29b506ca916ff86d46bb700e6","name":"admin","image":{"@type":"ImageObject","inLanguage":"en-US","@id":"https:\/\/www.prijedordanas.com\/#\/schema\/person\/image\/","url":"https:\/\/secure.gravatar.com\/avatar\/1d3fc949d550f0b53a5f0d51e06dfd79?s=96&d=mm&r=g","contentUrl":"https:\/\/secure.gravatar.com\/avatar\/1d3fc949d550f0b53a5f0d51e06dfd79?s=96&d=mm&r=g","caption":"admin"},"url":"https:\/\/www.prijedordanas.com\/?author=1"}]}},"_links":{"self":[{"href":"https:\/\/www.prijedordanas.com\/index.php?rest_route=\/wp\/v2\/posts\/233287"}],"collection":[{"href":"https:\/\/www.prijedordanas.com\/index.php?rest_route=\/wp\/v2\/posts"}],"about":[{"href":"https:\/\/www.prijedordanas.com\/index.php?rest_route=\/wp\/v2\/types\/post"}],"author":[{"embeddable":true,"href":"https:\/\/www.prijedordanas.com\/index.php?rest_route=\/wp\/v2\/users\/1"}],"replies":[{"embeddable":true,"href":"https:\/\/www.prijedordanas.com\/index.php?rest_route=%2Fwp%2Fv2%2Fcomments&post=233287"}],"version-history":[{"count":2,"href":"https:\/\/www.prijedordanas.com\/index.php?rest_route=\/wp\/v2\/posts\/233287\/revisions"}],"predecessor-version":[{"id":233292,"href":"https:\/\/www.prijedordanas.com\/index.php?rest_route=\/wp\/v2\/posts\/233287\/revisions\/233292"}],"wp:attachment":[{"href":"https:\/\/www.prijedordanas.com\/index.php?rest_route=%2Fwp%2Fv2%2Fmedia&parent=233287"}],"wp:term":[{"taxonomy":"category","embeddable":true,"href":"https:\/\/www.prijedordanas.com\/index.php?rest_route=%2Fwp%2Fv2%2Fcategories&post=233287"},{"taxonomy":"post_tag","embeddable":true,"href":"https:\/\/www.prijedordanas.com\/index.php?rest_route=%2Fwp%2Fv2%2Ftags&post=233287"}],"curies":[{"name":"wp","href":"https:\/\/api.w.org\/{rel}","templated":true}]}}