{"id":233173,"date":"2024-09-07T13:21:41","date_gmt":"2024-09-07T11:21:41","guid":{"rendered":"https:\/\/www.prijedordanas.com\/?p=233173"},"modified":"2024-09-07T13:21:41","modified_gmt":"2024-09-07T11:21:41","slug":"fk-omarska-sudijska-komisija-fsrs-obrisala-crveni-karton-rosicu-pokrenut-disciplinski-postupak-protiv-rastoke","status":"publish","type":"post","link":"https:\/\/www.prijedordanas.com\/?p=233173","title":{"rendered":"FK Omarska: Sudijska komisija FSRS &#8220;obrisala&#8221; crveni karton Rosi\u0107u, pokrenut disciplinski postupak protiv Rastoke"},"content":{"rendered":"<p><a href=\"https:\/\/www.prijedordanas.com\/wp-content\/uploads\/2024\/09\/omarska-rosic2024.jpg\"><img loading=\"lazy\" decoding=\"async\" src=\"https:\/\/www.prijedordanas.com\/wp-content\/uploads\/2024\/09\/omarska-rosic2024-208x300.jpg\" alt=\"\" width=\"208\" height=\"300\" class=\"alignleft size-medium wp-image-233174\" srcset=\"https:\/\/www.prijedordanas.com\/wp-content\/uploads\/2024\/09\/omarska-rosic2024-208x300.jpg 208w, https:\/\/www.prijedordanas.com\/wp-content\/uploads\/2024\/09\/omarska-rosic2024.jpg 450w\" sizes=\"(max-width: 208px) 100vw, 208px\" \/><\/a>&#8220;Obrisan&#8221; crveni karton dodijeljen Branku Rosi\u0107u i pokrenut disciplinski postupak protiv Rastka Rastoke.<\/p>\n<p>Ovo je ukratko epilog sjednice Sudijske komisije FSRS koja je zasjedala nakon \u017ealbe FK &#8220;Omarska&#8221;.<\/p>\n<p>Nakon isklju\u010denja njihovog igra\u010da Branka Rosi\u0107a na utakmici 4. kola Druge lige RS &#8211; Grupa Zapad izme\u0111u &#8220;Sloge&#8221; iz Srpca i &#8220;Omarske&#8221; koju su doma\u0107i dobili rezultatom 3:1, gosti su podnijeli \u017ealbu.<\/p>\n<p>-Kao \u0161to ste navikli da vas izvje\u0161tavamo o svim pozitivnim i negativnim stvarima kluba, a cijene\u0107i da zbog navija\u010da i simpatizera i postoji klub i da je to i na\u0161a obaveza, donosimo vam epilog de\u0161avanja sa utakmice iz Srpca i spornog isklju\u010denja &#8211; naveli su iz ovog kluba.<\/p>\n<p>Nakon me\u010da sa &#8220;Slogom&#8221;, FK &#8220;Omarska&#8221; je uputila prigovor na isklju\u010denje Branka Rosi\u0107a, s obzirom da su smatrali da on nije u\u010destvovao u spornoj situaciji u 74. minuti i &#8220;me\u0111usobnom naguravanju igra\u010da&#8221;. <\/p>\n<p>Prigovor je upu\u0107en Takmi\u010darskoj i Sudijskoj komisiji FSRS, a sve u skladu sa Propozicijama takmi\u010denja i Pravilnikom o fudbalskim takmi\u010denjima FSRS.<\/p>\n<p>-Takmi\u010darska komisija je, postupaju\u0107i u skladu sa Pravilnikom o fudbalskim takmi\u010denjima uputila predmet Sudijskoj komisija za postupanje i davanje mi\u0161ljenja a u vezi sporne situacije iz 74.minute. Sudijska komisija je pregledala snimak, odr\u017eala sjednicu i dostavila mi\u0161ljenje Takmi\u010darskoj komisiji. U njemu se navodi da je nakon pregleda nepobitno utvr\u0111eno da je igra\u010d broj 7, Rosi\u0107 Branko, pogre\u0161no isklju\u010den te da je trebao biti isklju\u010den igra\u010d broj 6, Rastoka Rastko. Takmi\u010darska komisija je uva\u017eila mi\u0161ljenje Sudijske komisije i na sjednici donjela odluku da se izvr\u0161i ispravka zapisnika i brisanje crvenog kartona Branku Rosi\u0107u, a prijavu protiv Rastoka Rastka proslijedila Disciplinskoj komisiji na dalje postupanje &#8211; potvrdili su iz FK &#8220;Omarska&#8221;.<\/p>\n<p>Ovo zna\u010di da \u0107e Rosi\u0107, koji je najbolji igra\u010d i strijelac kluba na po\u010detku \u0161ampionata, imati pravo nastupa u derbi me\u010du u nedjelju u kojem se sastaju &#8220;Omarska&#8221; i &#8220;Tekstilac&#8221; iz Dervente.<\/p>\n<p>Sa druge strane, zbog pokrenutog disciplinskog postupka Rastoka nema pravo nastupa do okon\u010danja istog.<\/p>\n<p>-Takmi\u010darska i Sudijska komisija su pokazale visok nivo odgovornosti i profesionalnosti i donijeli ispravnu odluku &#8211; zaklju\u010duju u drugoliga\u0161u iz Omarske.<\/p>\n<p>Tekst &#8211; <a href=\"https:\/\/www.prijedordanas.com\" target=\"_blank\" rel=\"noopener noreferrer\">www.prijedordanas.com<\/a><br \/>\nFoto &#8211; FK Omarska<\/p>\n","protected":false},"excerpt":{"rendered":"<p>&#8220;Obrisan&#8221; crveni karton dodijeljen Branku Rosi\u0107u i pokrenut disciplinski postupak protiv Rastka Rastoke. Ovo je ukratko epilog sjednice Sudijske komisije FSRS koja je zasjedala nakon \u017ealbe FK &#8220;Omarska&#8221;. Nakon isklju\u010denja [&hellip;]<\/p>\n","protected":false},"author":1,"featured_media":0,"comment_status":"closed","ping_status":"open","sticky":false,"template":"","format":"standard","meta":{"_monsterinsights_skip_tracking":false,"_monsterinsights_sitenote_active":false,"_monsterinsights_sitenote_note":"","_monsterinsights_sitenote_category":0,"footnotes":""},"categories":[7],"tags":[],"yoast_head":"<!-- This site is optimized with the Yoast SEO plugin v21.6 - https:\/\/yoast.com\/wordpress\/plugins\/seo\/ -->\n<title>FK Omarska: Sudijska komisija FSRS &quot;obrisala&quot; crveni karton Rosi\u0107u, pokrenut disciplinski postupak protiv Rastoke - PrijedorDanas.com - Prijedorski gradski portal<\/title>\n<meta name=\"robots\" content=\"index, follow, max-snippet:-1, max-image-preview:large, max-video-preview:-1\" \/>\n<link rel=\"canonical\" href=\"https:\/\/www.prijedordanas.com\/?p=233173\" \/>\n<meta property=\"og:locale\" content=\"en_US\" \/>\n<meta property=\"og:type\" content=\"article\" \/>\n<meta property=\"og:title\" content=\"FK Omarska: Sudijska komisija FSRS &quot;obrisala&quot; crveni karton Rosi\u0107u, pokrenut disciplinski postupak protiv Rastoke - PrijedorDanas.com - Prijedorski gradski portal\" \/>\n<meta property=\"og:description\" content=\"&#8220;Obrisan&#8221; crveni karton dodijeljen Branku Rosi\u0107u i pokrenut disciplinski postupak protiv Rastka Rastoke. Ovo je ukratko epilog sjednice Sudijske komisije FSRS koja je zasjedala nakon \u017ealbe FK &#8220;Omarska&#8221;. Nakon isklju\u010denja [&hellip;]\" \/>\n<meta property=\"og:url\" content=\"https:\/\/www.prijedordanas.com\/?p=233173\" \/>\n<meta property=\"og:site_name\" content=\"PrijedorDanas.com - Prijedorski gradski portal\" \/>\n<meta property=\"article:publisher\" content=\"https:\/\/www.facebook.com\/PrijedorDanasCom\/\" \/>\n<meta property=\"article:published_time\" content=\"2024-09-07T11:21:41+00:00\" \/>\n<meta property=\"og:image\" content=\"https:\/\/www.prijedordanas.com\/wp-content\/uploads\/2024\/09\/omarska-rosic2024-208x300.jpg\" \/>\n<meta name=\"author\" content=\"admin\" \/>\n<meta name=\"twitter:card\" content=\"summary_large_image\" \/>\n<meta name=\"twitter:label1\" content=\"Written by\" \/>\n\t<meta name=\"twitter:data1\" content=\"admin\" \/>\n<script type=\"application\/ld+json\" class=\"yoast-schema-graph\">{\"@context\":\"https:\/\/schema.org\",\"@graph\":[{\"@type\":\"Article\",\"@id\":\"https:\/\/www.prijedordanas.com\/?p=233173#article\",\"isPartOf\":{\"@id\":\"https:\/\/www.prijedordanas.com\/?p=233173\"},\"author\":{\"name\":\"admin\",\"@id\":\"https:\/\/www.prijedordanas.com\/#\/schema\/person\/4e08ccf29b506ca916ff86d46bb700e6\"},\"headline\":\"FK Omarska: Sudijska komisija FSRS &#8220;obrisala&#8221; crveni karton Rosi\u0107u, pokrenut disciplinski postupak protiv Rastoke\",\"datePublished\":\"2024-09-07T11:21:41+00:00\",\"dateModified\":\"2024-09-07T11:21:41+00:00\",\"mainEntityOfPage\":{\"@id\":\"https:\/\/www.prijedordanas.com\/?p=233173\"},\"wordCount\":401,\"publisher\":{\"@id\":\"https:\/\/www.prijedordanas.com\/#organization\"},\"articleSection\":[\"Sport\"],\"inLanguage\":\"en-US\"},{\"@type\":\"WebPage\",\"@id\":\"https:\/\/www.prijedordanas.com\/?p=233173\",\"url\":\"https:\/\/www.prijedordanas.com\/?p=233173\",\"name\":\"FK Omarska: Sudijska komisija FSRS \\\"obrisala\\\" crveni karton Rosi\u0107u, pokrenut disciplinski postupak protiv Rastoke - PrijedorDanas.com - Prijedorski gradski portal\",\"isPartOf\":{\"@id\":\"https:\/\/www.prijedordanas.com\/#website\"},\"datePublished\":\"2024-09-07T11:21:41+00:00\",\"dateModified\":\"2024-09-07T11:21:41+00:00\",\"breadcrumb\":{\"@id\":\"https:\/\/www.prijedordanas.com\/?p=233173#breadcrumb\"},\"inLanguage\":\"en-US\",\"potentialAction\":[{\"@type\":\"ReadAction\",\"target\":[\"https:\/\/www.prijedordanas.com\/?p=233173\"]}]},{\"@type\":\"BreadcrumbList\",\"@id\":\"https:\/\/www.prijedordanas.com\/?p=233173#breadcrumb\",\"itemListElement\":[{\"@type\":\"ListItem\",\"position\":1,\"name\":\"Home\",\"item\":\"https:\/\/www.prijedordanas.com\/\"},{\"@type\":\"ListItem\",\"position\":2,\"name\":\"FK Omarska: Sudijska komisija FSRS &#8220;obrisala&#8221; crveni karton Rosi\u0107u, pokrenut disciplinski postupak protiv Rastoke\"}]},{\"@type\":\"WebSite\",\"@id\":\"https:\/\/www.prijedordanas.com\/#website\",\"url\":\"https:\/\/www.prijedordanas.com\/\",\"name\":\"PrijedorDanas.com - Prijedorski gradski portal\",\"description\":\"Portal o doga\u0111anjima u gradu Prijedoru\",\"publisher\":{\"@id\":\"https:\/\/www.prijedordanas.com\/#organization\"},\"potentialAction\":[{\"@type\":\"SearchAction\",\"target\":{\"@type\":\"EntryPoint\",\"urlTemplate\":\"https:\/\/www.prijedordanas.com\/?s={search_term_string}\"},\"query-input\":\"required name=search_term_string\"}],\"inLanguage\":\"en-US\"},{\"@type\":\"Organization\",\"@id\":\"https:\/\/www.prijedordanas.com\/#organization\",\"name\":\"PrijedorDanas.com\",\"url\":\"https:\/\/www.prijedordanas.com\/\",\"logo\":{\"@type\":\"ImageObject\",\"inLanguage\":\"en-US\",\"@id\":\"https:\/\/www.prijedordanas.com\/#\/schema\/logo\/image\/\",\"url\":\"http:\/\/www.prijedordanas.com\/wp-content\/uploads\/2021\/12\/logopng.png\",\"contentUrl\":\"http:\/\/www.prijedordanas.com\/wp-content\/uploads\/2021\/12\/logopng.png\",\"width\":1019,\"height\":776,\"caption\":\"PrijedorDanas.com\"},\"image\":{\"@id\":\"https:\/\/www.prijedordanas.com\/#\/schema\/logo\/image\/\"},\"sameAs\":[\"https:\/\/www.facebook.com\/PrijedorDanasCom\/\"]},{\"@type\":\"Person\",\"@id\":\"https:\/\/www.prijedordanas.com\/#\/schema\/person\/4e08ccf29b506ca916ff86d46bb700e6\",\"name\":\"admin\",\"image\":{\"@type\":\"ImageObject\",\"inLanguage\":\"en-US\",\"@id\":\"https:\/\/www.prijedordanas.com\/#\/schema\/person\/image\/\",\"url\":\"https:\/\/secure.gravatar.com\/avatar\/1d3fc949d550f0b53a5f0d51e06dfd79?s=96&d=mm&r=g\",\"contentUrl\":\"https:\/\/secure.gravatar.com\/avatar\/1d3fc949d550f0b53a5f0d51e06dfd79?s=96&d=mm&r=g\",\"caption\":\"admin\"},\"url\":\"https:\/\/www.prijedordanas.com\/?author=1\"}]}<\/script>\n<!-- \/ Yoast SEO plugin. -->","yoast_head_json":{"title":"FK Omarska: Sudijska komisija FSRS \"obrisala\" crveni karton Rosi\u0107u, pokrenut disciplinski postupak protiv Rastoke - PrijedorDanas.com - Prijedorski gradski portal","robots":{"index":"index","follow":"follow","max-snippet":"max-snippet:-1","max-image-preview":"max-image-preview:large","max-video-preview":"max-video-preview:-1"},"canonical":"https:\/\/www.prijedordanas.com\/?p=233173","og_locale":"en_US","og_type":"article","og_title":"FK Omarska: Sudijska komisija FSRS \"obrisala\" crveni karton Rosi\u0107u, pokrenut disciplinski postupak protiv Rastoke - PrijedorDanas.com - Prijedorski gradski portal","og_description":"&#8220;Obrisan&#8221; crveni karton dodijeljen Branku Rosi\u0107u i pokrenut disciplinski postupak protiv Rastka Rastoke. Ovo je ukratko epilog sjednice Sudijske komisije FSRS koja je zasjedala nakon \u017ealbe FK &#8220;Omarska&#8221;. Nakon isklju\u010denja [&hellip;]","og_url":"https:\/\/www.prijedordanas.com\/?p=233173","og_site_name":"PrijedorDanas.com - Prijedorski gradski portal","article_publisher":"https:\/\/www.facebook.com\/PrijedorDanasCom\/","article_published_time":"2024-09-07T11:21:41+00:00","og_image":[{"url":"https:\/\/www.prijedordanas.com\/wp-content\/uploads\/2024\/09\/omarska-rosic2024-208x300.jpg"}],"author":"admin","twitter_card":"summary_large_image","twitter_misc":{"Written by":"admin"},"schema":{"@context":"https:\/\/schema.org","@graph":[{"@type":"Article","@id":"https:\/\/www.prijedordanas.com\/?p=233173#article","isPartOf":{"@id":"https:\/\/www.prijedordanas.com\/?p=233173"},"author":{"name":"admin","@id":"https:\/\/www.prijedordanas.com\/#\/schema\/person\/4e08ccf29b506ca916ff86d46bb700e6"},"headline":"FK Omarska: Sudijska komisija FSRS &#8220;obrisala&#8221; crveni karton Rosi\u0107u, pokrenut disciplinski postupak protiv Rastoke","datePublished":"2024-09-07T11:21:41+00:00","dateModified":"2024-09-07T11:21:41+00:00","mainEntityOfPage":{"@id":"https:\/\/www.prijedordanas.com\/?p=233173"},"wordCount":401,"publisher":{"@id":"https:\/\/www.prijedordanas.com\/#organization"},"articleSection":["Sport"],"inLanguage":"en-US"},{"@type":"WebPage","@id":"https:\/\/www.prijedordanas.com\/?p=233173","url":"https:\/\/www.prijedordanas.com\/?p=233173","name":"FK Omarska: Sudijska komisija FSRS \"obrisala\" crveni karton Rosi\u0107u, pokrenut disciplinski postupak protiv Rastoke - PrijedorDanas.com - Prijedorski gradski portal","isPartOf":{"@id":"https:\/\/www.prijedordanas.com\/#website"},"datePublished":"2024-09-07T11:21:41+00:00","dateModified":"2024-09-07T11:21:41+00:00","breadcrumb":{"@id":"https:\/\/www.prijedordanas.com\/?p=233173#breadcrumb"},"inLanguage":"en-US","potentialAction":[{"@type":"ReadAction","target":["https:\/\/www.prijedordanas.com\/?p=233173"]}]},{"@type":"BreadcrumbList","@id":"https:\/\/www.prijedordanas.com\/?p=233173#breadcrumb","itemListElement":[{"@type":"ListItem","position":1,"name":"Home","item":"https:\/\/www.prijedordanas.com\/"},{"@type":"ListItem","position":2,"name":"FK Omarska: Sudijska komisija FSRS &#8220;obrisala&#8221; crveni karton Rosi\u0107u, pokrenut disciplinski postupak protiv Rastoke"}]},{"@type":"WebSite","@id":"https:\/\/www.prijedordanas.com\/#website","url":"https:\/\/www.prijedordanas.com\/","name":"PrijedorDanas.com - Prijedorski gradski portal","description":"Portal o doga\u0111anjima u gradu Prijedoru","publisher":{"@id":"https:\/\/www.prijedordanas.com\/#organization"},"potentialAction":[{"@type":"SearchAction","target":{"@type":"EntryPoint","urlTemplate":"https:\/\/www.prijedordanas.com\/?s={search_term_string}"},"query-input":"required name=search_term_string"}],"inLanguage":"en-US"},{"@type":"Organization","@id":"https:\/\/www.prijedordanas.com\/#organization","name":"PrijedorDanas.com","url":"https:\/\/www.prijedordanas.com\/","logo":{"@type":"ImageObject","inLanguage":"en-US","@id":"https:\/\/www.prijedordanas.com\/#\/schema\/logo\/image\/","url":"http:\/\/www.prijedordanas.com\/wp-content\/uploads\/2021\/12\/logopng.png","contentUrl":"http:\/\/www.prijedordanas.com\/wp-content\/uploads\/2021\/12\/logopng.png","width":1019,"height":776,"caption":"PrijedorDanas.com"},"image":{"@id":"https:\/\/www.prijedordanas.com\/#\/schema\/logo\/image\/"},"sameAs":["https:\/\/www.facebook.com\/PrijedorDanasCom\/"]},{"@type":"Person","@id":"https:\/\/www.prijedordanas.com\/#\/schema\/person\/4e08ccf29b506ca916ff86d46bb700e6","name":"admin","image":{"@type":"ImageObject","inLanguage":"en-US","@id":"https:\/\/www.prijedordanas.com\/#\/schema\/person\/image\/","url":"https:\/\/secure.gravatar.com\/avatar\/1d3fc949d550f0b53a5f0d51e06dfd79?s=96&d=mm&r=g","contentUrl":"https:\/\/secure.gravatar.com\/avatar\/1d3fc949d550f0b53a5f0d51e06dfd79?s=96&d=mm&r=g","caption":"admin"},"url":"https:\/\/www.prijedordanas.com\/?author=1"}]}},"_links":{"self":[{"href":"https:\/\/www.prijedordanas.com\/index.php?rest_route=\/wp\/v2\/posts\/233173"}],"collection":[{"href":"https:\/\/www.prijedordanas.com\/index.php?rest_route=\/wp\/v2\/posts"}],"about":[{"href":"https:\/\/www.prijedordanas.com\/index.php?rest_route=\/wp\/v2\/types\/post"}],"author":[{"embeddable":true,"href":"https:\/\/www.prijedordanas.com\/index.php?rest_route=\/wp\/v2\/users\/1"}],"replies":[{"embeddable":true,"href":"https:\/\/www.prijedordanas.com\/index.php?rest_route=%2Fwp%2Fv2%2Fcomments&post=233173"}],"version-history":[{"count":1,"href":"https:\/\/www.prijedordanas.com\/index.php?rest_route=\/wp\/v2\/posts\/233173\/revisions"}],"predecessor-version":[{"id":233175,"href":"https:\/\/www.prijedordanas.com\/index.php?rest_route=\/wp\/v2\/posts\/233173\/revisions\/233175"}],"wp:attachment":[{"href":"https:\/\/www.prijedordanas.com\/index.php?rest_route=%2Fwp%2Fv2%2Fmedia&parent=233173"}],"wp:term":[{"taxonomy":"category","embeddable":true,"href":"https:\/\/www.prijedordanas.com\/index.php?rest_route=%2Fwp%2Fv2%2Fcategories&post=233173"},{"taxonomy":"post_tag","embeddable":true,"href":"https:\/\/www.prijedordanas.com\/index.php?rest_route=%2Fwp%2Fv2%2Ftags&post=233173"}],"curies":[{"name":"wp","href":"https:\/\/api.w.org\/{rel}","templated":true}]}}