{"id":233170,"date":"2024-09-07T12:56:39","date_gmt":"2024-09-07T10:56:39","guid":{"rendered":"https:\/\/www.prijedordanas.com\/?p=233170"},"modified":"2024-09-07T12:56:39","modified_gmt":"2024-09-07T10:56:39","slug":"ombudsman-djeca-ne-smiju-biti-iskoristavana-za-politicke-ciljeve-odraslih-u-okviru-predizborne-kampanje","status":"publish","type":"post","link":"https:\/\/www.prijedordanas.com\/?p=233170","title":{"rendered":"Ombudsman: Djeca ne smiju biti iskori\u0161tavana za politi\u010dke ciljeve odraslih u okviru predizborne kampanje"},"content":{"rendered":"<p><a href=\"https:\/\/www.prijedordanas.com\/wp-content\/uploads\/2024\/09\/freepik-djeca-ilustracija.jpg\"><img loading=\"lazy\" decoding=\"async\" src=\"https:\/\/www.prijedordanas.com\/wp-content\/uploads\/2024\/09\/freepik-djeca-ilustracija-300x225.jpg\" alt=\"\" width=\"300\" height=\"225\" class=\"alignleft size-medium wp-image-233171\" srcset=\"https:\/\/www.prijedordanas.com\/wp-content\/uploads\/2024\/09\/freepik-djeca-ilustracija-300x225.jpg 300w, https:\/\/www.prijedordanas.com\/wp-content\/uploads\/2024\/09\/freepik-djeca-ilustracija-640x480.jpg 640w, https:\/\/www.prijedordanas.com\/wp-content\/uploads\/2024\/09\/freepik-djeca-ilustracija.jpg 667w\" sizes=\"(max-width: 300px) 100vw, 300px\" \/><\/a>Ombudsman za djecu RS poru\u010dujr da djeca ne smiju biti iskori\u0161tavana za politi\u010dke ciljeve odraslih u okviru predizborne kampanje koje je po\u010dela u BiH.<\/p>\n<p>&#8220;Djeca imaju pravo aktivno u\u010destvovati u dru\u0161tvu i trebaju imati pristup politi\u010darima, ali zato da bi im iznijela svoja mi\u0161ljenja, ukazala im o svojim potrebama i \u017eeljama te ih podstakla na dono\u0161enje odluka na korist svoj djeci. S obzirom na to da Ombudsman za djecu nije ovla\u0161ten zabraniti, niti sankcionisati neprimjerene postupke politi\u010dara, upozoravamo i dajemo preporuke za za\u0161titu prava djece kada je u pitanju kori\u0161tenje djece u politi\u010dke svrhe&#8221;, navode oni.<\/p>\n<p>Kako dodaju, apeluje na sve politi\u010dke stranke, javnost i medije da u izbornoj kampanji za lokalne izbore 2024. godine ne koriste (zloupotrebljavaju) djecu u izbornim aktivnostima.<\/p>\n<p>&#8220;Ne smijemo tolerisati bilo kakvu zloupotrebu djece, pa ni zloupotrebu u predizbornim aktivnostima. Apelujemo na politi\u010dke stranke i njihove kandidate da odr\u017eavanje izbornih aktivnosti ne provode u \u0161kolskim prostorijama, \u0161kolskim salama i dvori\u0161tima, na dje\u010dijim igrali\u0161tima, niti da ometaju redovne nastavne procese i ne koriste djecu da promovi\u0161u svoje politi\u010dke subjekte, te da se suzdr\u017ee od pozivanja na svoja okupljanja mladih mla\u0111ih od 18 godina, odnosno djece&#8221;, saop\u0161teno je iz Ombudsman za djecu.<\/p>\n<p>Oni tako\u0111e apeluju na politi\u010dke subjekte da uva\u017eavaju prava djece na privatnost, i da se suzdr\u017ee od kori\u0161\u0107enja slika i video zapisa djece u svojim kampanjama.<\/p>\n<p>&#8220;Nikome ne treba dozvoliti nezakonito i nemoralno izlaganje djece bilo \u010demu \u0161to ne spada u njihove \u0161kolske i porodi\u010dne obaveze, \u0161to nije u interesu djeteta, te ombudsman za djecu apeluje na sve subjekte za\u0161tite da u suprotnom treba da koriste sva zakonska ovla\u0161\u0107enja da najrigoroznije sankcioni\u0161u svakog ko poku\u0161a da zloupotrijebi djecu. Upotreba djece tokom izborne kampanje je vrlo uznemiruju\u0107a pojava i nije u skladu sa za\u0161titom najboljeg interesa djece, te grubo povre\u0111uju prava djece \u010dija za\u0161tita treba da bude primarni cilj i odgovornost svih nas odraslih&#8221;, navode oni.<\/p>\n<p>Kako isti\u010du, djeca jedino mogu biti u fokusu programa politi\u010dkih stranaka ako ti program imaju cilj da djeci pru\u017ee podsticajno i sigurno okru\u017eenje, da im ponude rje\u0161enja koja \u0107e omogu\u0107iti svakom djetetu da ostvari sva svoja prava u najve\u0107oj mogu\u0107oj mjeri.<\/p>\n<p><a href=\"https:\/\/www.nezavisne.com\/novosti\/bih\/Ombudsman-Djeca-ne-smiju-biti-iskoristavana-za-politicke-ciljeve\/854686\" rel=\"noopener\" target=\"_blank\">nezavisne.com<\/a><\/p>\n","protected":false},"excerpt":{"rendered":"<p>Ombudsman za djecu RS poru\u010dujr da djeca ne smiju biti iskori\u0161tavana za politi\u010dke ciljeve odraslih u okviru predizborne kampanje koje je po\u010dela u BiH. &#8220;Djeca imaju pravo aktivno u\u010destvovati u [&hellip;]<\/p>\n","protected":false},"author":1,"featured_media":0,"comment_status":"closed","ping_status":"open","sticky":false,"template":"","format":"standard","meta":{"_monsterinsights_skip_tracking":false,"_monsterinsights_sitenote_active":false,"_monsterinsights_sitenote_note":"","_monsterinsights_sitenote_category":0,"footnotes":""},"categories":[11585],"tags":[],"yoast_head":"<!-- This site is optimized with the Yoast SEO plugin v21.6 - https:\/\/yoast.com\/wordpress\/plugins\/seo\/ -->\n<title>Ombudsman: Djeca ne smiju biti iskori\u0161tavana za politi\u010dke ciljeve odraslih u okviru predizborne kampanje - PrijedorDanas.com - Prijedorski gradski portal<\/title>\n<meta name=\"robots\" content=\"index, follow, max-snippet:-1, max-image-preview:large, max-video-preview:-1\" \/>\n<link rel=\"canonical\" href=\"https:\/\/www.prijedordanas.com\/?p=233170\" \/>\n<meta property=\"og:locale\" content=\"en_US\" \/>\n<meta property=\"og:type\" content=\"article\" \/>\n<meta property=\"og:title\" content=\"Ombudsman: Djeca ne smiju biti iskori\u0161tavana za politi\u010dke ciljeve odraslih u okviru predizborne kampanje - PrijedorDanas.com - Prijedorski gradski portal\" \/>\n<meta property=\"og:description\" content=\"Ombudsman za djecu RS poru\u010dujr da djeca ne smiju biti iskori\u0161tavana za politi\u010dke ciljeve odraslih u okviru predizborne kampanje koje je po\u010dela u BiH. &#8220;Djeca imaju pravo aktivno u\u010destvovati u [&hellip;]\" \/>\n<meta property=\"og:url\" content=\"https:\/\/www.prijedordanas.com\/?p=233170\" \/>\n<meta property=\"og:site_name\" content=\"PrijedorDanas.com - Prijedorski gradski portal\" \/>\n<meta property=\"article:publisher\" content=\"https:\/\/www.facebook.com\/PrijedorDanasCom\/\" \/>\n<meta property=\"article:published_time\" content=\"2024-09-07T10:56:39+00:00\" \/>\n<meta property=\"og:image\" content=\"https:\/\/www.prijedordanas.com\/wp-content\/uploads\/2024\/09\/freepik-djeca-ilustracija-300x225.jpg\" \/>\n<meta name=\"author\" content=\"admin\" \/>\n<meta name=\"twitter:card\" content=\"summary_large_image\" \/>\n<meta name=\"twitter:label1\" content=\"Written by\" \/>\n\t<meta name=\"twitter:data1\" content=\"admin\" \/>\n<script type=\"application\/ld+json\" class=\"yoast-schema-graph\">{\"@context\":\"https:\/\/schema.org\",\"@graph\":[{\"@type\":\"Article\",\"@id\":\"https:\/\/www.prijedordanas.com\/?p=233170#article\",\"isPartOf\":{\"@id\":\"https:\/\/www.prijedordanas.com\/?p=233170\"},\"author\":{\"name\":\"admin\",\"@id\":\"https:\/\/www.prijedordanas.com\/#\/schema\/person\/4e08ccf29b506ca916ff86d46bb700e6\"},\"headline\":\"Ombudsman: Djeca ne smiju biti iskori\u0161tavana za politi\u010dke ciljeve odraslih u okviru predizborne kampanje\",\"datePublished\":\"2024-09-07T10:56:39+00:00\",\"dateModified\":\"2024-09-07T10:56:39+00:00\",\"mainEntityOfPage\":{\"@id\":\"https:\/\/www.prijedordanas.com\/?p=233170\"},\"wordCount\":414,\"publisher\":{\"@id\":\"https:\/\/www.prijedordanas.com\/#organization\"},\"articleSection\":[\"Izbori\"],\"inLanguage\":\"en-US\"},{\"@type\":\"WebPage\",\"@id\":\"https:\/\/www.prijedordanas.com\/?p=233170\",\"url\":\"https:\/\/www.prijedordanas.com\/?p=233170\",\"name\":\"Ombudsman: Djeca ne smiju biti iskori\u0161tavana za politi\u010dke ciljeve odraslih u okviru predizborne kampanje - PrijedorDanas.com - Prijedorski gradski portal\",\"isPartOf\":{\"@id\":\"https:\/\/www.prijedordanas.com\/#website\"},\"datePublished\":\"2024-09-07T10:56:39+00:00\",\"dateModified\":\"2024-09-07T10:56:39+00:00\",\"breadcrumb\":{\"@id\":\"https:\/\/www.prijedordanas.com\/?p=233170#breadcrumb\"},\"inLanguage\":\"en-US\",\"potentialAction\":[{\"@type\":\"ReadAction\",\"target\":[\"https:\/\/www.prijedordanas.com\/?p=233170\"]}]},{\"@type\":\"BreadcrumbList\",\"@id\":\"https:\/\/www.prijedordanas.com\/?p=233170#breadcrumb\",\"itemListElement\":[{\"@type\":\"ListItem\",\"position\":1,\"name\":\"Home\",\"item\":\"https:\/\/www.prijedordanas.com\/\"},{\"@type\":\"ListItem\",\"position\":2,\"name\":\"Ombudsman: Djeca ne smiju biti iskori\u0161tavana za politi\u010dke ciljeve odraslih u okviru predizborne kampanje\"}]},{\"@type\":\"WebSite\",\"@id\":\"https:\/\/www.prijedordanas.com\/#website\",\"url\":\"https:\/\/www.prijedordanas.com\/\",\"name\":\"PrijedorDanas.com - Prijedorski gradski portal\",\"description\":\"Portal o doga\u0111anjima u gradu Prijedoru\",\"publisher\":{\"@id\":\"https:\/\/www.prijedordanas.com\/#organization\"},\"potentialAction\":[{\"@type\":\"SearchAction\",\"target\":{\"@type\":\"EntryPoint\",\"urlTemplate\":\"https:\/\/www.prijedordanas.com\/?s={search_term_string}\"},\"query-input\":\"required name=search_term_string\"}],\"inLanguage\":\"en-US\"},{\"@type\":\"Organization\",\"@id\":\"https:\/\/www.prijedordanas.com\/#organization\",\"name\":\"PrijedorDanas.com\",\"url\":\"https:\/\/www.prijedordanas.com\/\",\"logo\":{\"@type\":\"ImageObject\",\"inLanguage\":\"en-US\",\"@id\":\"https:\/\/www.prijedordanas.com\/#\/schema\/logo\/image\/\",\"url\":\"http:\/\/www.prijedordanas.com\/wp-content\/uploads\/2021\/12\/logopng.png\",\"contentUrl\":\"http:\/\/www.prijedordanas.com\/wp-content\/uploads\/2021\/12\/logopng.png\",\"width\":1019,\"height\":776,\"caption\":\"PrijedorDanas.com\"},\"image\":{\"@id\":\"https:\/\/www.prijedordanas.com\/#\/schema\/logo\/image\/\"},\"sameAs\":[\"https:\/\/www.facebook.com\/PrijedorDanasCom\/\"]},{\"@type\":\"Person\",\"@id\":\"https:\/\/www.prijedordanas.com\/#\/schema\/person\/4e08ccf29b506ca916ff86d46bb700e6\",\"name\":\"admin\",\"image\":{\"@type\":\"ImageObject\",\"inLanguage\":\"en-US\",\"@id\":\"https:\/\/www.prijedordanas.com\/#\/schema\/person\/image\/\",\"url\":\"https:\/\/secure.gravatar.com\/avatar\/1d3fc949d550f0b53a5f0d51e06dfd79?s=96&d=mm&r=g\",\"contentUrl\":\"https:\/\/secure.gravatar.com\/avatar\/1d3fc949d550f0b53a5f0d51e06dfd79?s=96&d=mm&r=g\",\"caption\":\"admin\"},\"url\":\"https:\/\/www.prijedordanas.com\/?author=1\"}]}<\/script>\n<!-- \/ Yoast SEO plugin. -->","yoast_head_json":{"title":"Ombudsman: Djeca ne smiju biti iskori\u0161tavana za politi\u010dke ciljeve odraslih u okviru predizborne kampanje - PrijedorDanas.com - Prijedorski gradski portal","robots":{"index":"index","follow":"follow","max-snippet":"max-snippet:-1","max-image-preview":"max-image-preview:large","max-video-preview":"max-video-preview:-1"},"canonical":"https:\/\/www.prijedordanas.com\/?p=233170","og_locale":"en_US","og_type":"article","og_title":"Ombudsman: Djeca ne smiju biti iskori\u0161tavana za politi\u010dke ciljeve odraslih u okviru predizborne kampanje - PrijedorDanas.com - Prijedorski gradski portal","og_description":"Ombudsman za djecu RS poru\u010dujr da djeca ne smiju biti iskori\u0161tavana za politi\u010dke ciljeve odraslih u okviru predizborne kampanje koje je po\u010dela u BiH. &#8220;Djeca imaju pravo aktivno u\u010destvovati u [&hellip;]","og_url":"https:\/\/www.prijedordanas.com\/?p=233170","og_site_name":"PrijedorDanas.com - Prijedorski gradski portal","article_publisher":"https:\/\/www.facebook.com\/PrijedorDanasCom\/","article_published_time":"2024-09-07T10:56:39+00:00","og_image":[{"url":"https:\/\/www.prijedordanas.com\/wp-content\/uploads\/2024\/09\/freepik-djeca-ilustracija-300x225.jpg"}],"author":"admin","twitter_card":"summary_large_image","twitter_misc":{"Written by":"admin"},"schema":{"@context":"https:\/\/schema.org","@graph":[{"@type":"Article","@id":"https:\/\/www.prijedordanas.com\/?p=233170#article","isPartOf":{"@id":"https:\/\/www.prijedordanas.com\/?p=233170"},"author":{"name":"admin","@id":"https:\/\/www.prijedordanas.com\/#\/schema\/person\/4e08ccf29b506ca916ff86d46bb700e6"},"headline":"Ombudsman: Djeca ne smiju biti iskori\u0161tavana za politi\u010dke ciljeve odraslih u okviru predizborne kampanje","datePublished":"2024-09-07T10:56:39+00:00","dateModified":"2024-09-07T10:56:39+00:00","mainEntityOfPage":{"@id":"https:\/\/www.prijedordanas.com\/?p=233170"},"wordCount":414,"publisher":{"@id":"https:\/\/www.prijedordanas.com\/#organization"},"articleSection":["Izbori"],"inLanguage":"en-US"},{"@type":"WebPage","@id":"https:\/\/www.prijedordanas.com\/?p=233170","url":"https:\/\/www.prijedordanas.com\/?p=233170","name":"Ombudsman: Djeca ne smiju biti iskori\u0161tavana za politi\u010dke ciljeve odraslih u okviru predizborne kampanje - PrijedorDanas.com - Prijedorski gradski portal","isPartOf":{"@id":"https:\/\/www.prijedordanas.com\/#website"},"datePublished":"2024-09-07T10:56:39+00:00","dateModified":"2024-09-07T10:56:39+00:00","breadcrumb":{"@id":"https:\/\/www.prijedordanas.com\/?p=233170#breadcrumb"},"inLanguage":"en-US","potentialAction":[{"@type":"ReadAction","target":["https:\/\/www.prijedordanas.com\/?p=233170"]}]},{"@type":"BreadcrumbList","@id":"https:\/\/www.prijedordanas.com\/?p=233170#breadcrumb","itemListElement":[{"@type":"ListItem","position":1,"name":"Home","item":"https:\/\/www.prijedordanas.com\/"},{"@type":"ListItem","position":2,"name":"Ombudsman: Djeca ne smiju biti iskori\u0161tavana za politi\u010dke ciljeve odraslih u okviru predizborne kampanje"}]},{"@type":"WebSite","@id":"https:\/\/www.prijedordanas.com\/#website","url":"https:\/\/www.prijedordanas.com\/","name":"PrijedorDanas.com - Prijedorski gradski portal","description":"Portal o doga\u0111anjima u gradu Prijedoru","publisher":{"@id":"https:\/\/www.prijedordanas.com\/#organization"},"potentialAction":[{"@type":"SearchAction","target":{"@type":"EntryPoint","urlTemplate":"https:\/\/www.prijedordanas.com\/?s={search_term_string}"},"query-input":"required name=search_term_string"}],"inLanguage":"en-US"},{"@type":"Organization","@id":"https:\/\/www.prijedordanas.com\/#organization","name":"PrijedorDanas.com","url":"https:\/\/www.prijedordanas.com\/","logo":{"@type":"ImageObject","inLanguage":"en-US","@id":"https:\/\/www.prijedordanas.com\/#\/schema\/logo\/image\/","url":"http:\/\/www.prijedordanas.com\/wp-content\/uploads\/2021\/12\/logopng.png","contentUrl":"http:\/\/www.prijedordanas.com\/wp-content\/uploads\/2021\/12\/logopng.png","width":1019,"height":776,"caption":"PrijedorDanas.com"},"image":{"@id":"https:\/\/www.prijedordanas.com\/#\/schema\/logo\/image\/"},"sameAs":["https:\/\/www.facebook.com\/PrijedorDanasCom\/"]},{"@type":"Person","@id":"https:\/\/www.prijedordanas.com\/#\/schema\/person\/4e08ccf29b506ca916ff86d46bb700e6","name":"admin","image":{"@type":"ImageObject","inLanguage":"en-US","@id":"https:\/\/www.prijedordanas.com\/#\/schema\/person\/image\/","url":"https:\/\/secure.gravatar.com\/avatar\/1d3fc949d550f0b53a5f0d51e06dfd79?s=96&d=mm&r=g","contentUrl":"https:\/\/secure.gravatar.com\/avatar\/1d3fc949d550f0b53a5f0d51e06dfd79?s=96&d=mm&r=g","caption":"admin"},"url":"https:\/\/www.prijedordanas.com\/?author=1"}]}},"_links":{"self":[{"href":"https:\/\/www.prijedordanas.com\/index.php?rest_route=\/wp\/v2\/posts\/233170"}],"collection":[{"href":"https:\/\/www.prijedordanas.com\/index.php?rest_route=\/wp\/v2\/posts"}],"about":[{"href":"https:\/\/www.prijedordanas.com\/index.php?rest_route=\/wp\/v2\/types\/post"}],"author":[{"embeddable":true,"href":"https:\/\/www.prijedordanas.com\/index.php?rest_route=\/wp\/v2\/users\/1"}],"replies":[{"embeddable":true,"href":"https:\/\/www.prijedordanas.com\/index.php?rest_route=%2Fwp%2Fv2%2Fcomments&post=233170"}],"version-history":[{"count":1,"href":"https:\/\/www.prijedordanas.com\/index.php?rest_route=\/wp\/v2\/posts\/233170\/revisions"}],"predecessor-version":[{"id":233172,"href":"https:\/\/www.prijedordanas.com\/index.php?rest_route=\/wp\/v2\/posts\/233170\/revisions\/233172"}],"wp:attachment":[{"href":"https:\/\/www.prijedordanas.com\/index.php?rest_route=%2Fwp%2Fv2%2Fmedia&parent=233170"}],"wp:term":[{"taxonomy":"category","embeddable":true,"href":"https:\/\/www.prijedordanas.com\/index.php?rest_route=%2Fwp%2Fv2%2Fcategories&post=233170"},{"taxonomy":"post_tag","embeddable":true,"href":"https:\/\/www.prijedordanas.com\/index.php?rest_route=%2Fwp%2Fv2%2Ftags&post=233170"}],"curies":[{"name":"wp","href":"https:\/\/api.w.org\/{rel}","templated":true}]}}