{"id":23316,"date":"2015-05-27T17:06:06","date_gmt":"2015-05-27T16:06:06","guid":{"rendered":"https:\/\/www.prijedordanas.com\/?p=23316"},"modified":"2015-05-27T17:06:06","modified_gmt":"2015-05-27T16:06:06","slug":"dodite-na-humanitarni-koncert-za-nadu-video","status":"publish","type":"post","link":"https:\/\/www.prijedordanas.com\/?p=23316","title":{"rendered":"DO\u0110ITE NA HUMANITARNI KONCERT &#8220;ZA NA\u0110U&#8221; \u2013 VIDEO"},"content":{"rendered":"<p><a href=\"https:\/\/www.prijedordanas.com\/wp-content\/uploads\/2015\/05\/humanitarni-koncert-za-nadju-1.jpg\"><img loading=\"lazy\" decoding=\"async\" class=\"alignleft size-medium wp-image-23153\" src=\"https:\/\/www.prijedordanas.com\/wp-content\/uploads\/2015\/05\/humanitarni-koncert-za-nadju-1-300x185.jpg\" alt=\"humanitarni koncert za nadju (1)\" width=\"300\" height=\"185\" srcset=\"https:\/\/www.prijedordanas.com\/wp-content\/uploads\/2015\/05\/humanitarni-koncert-za-nadju-1-300x185.jpg 300w, https:\/\/www.prijedordanas.com\/wp-content\/uploads\/2015\/05\/humanitarni-koncert-za-nadju-1.jpg 600w\" sizes=\"(max-width: 300px) 100vw, 300px\" \/><\/a>U Prijedoru \u0107e ve\u010deras biti odr\u017ean humanitarni koncert sa kojeg \u0107e biti prikupljena sredstva za lije\u010denje troipogodi\u0161nje djevoj\u010dice Na\u0111e Turudije, koja ima rijetko oboljenje.<\/p>\n<p>Ovom humanitarnom akcijom prikuplja se novac za Na\u0111in put u Italiju, gdje bi trebalo da je pregleda \u010duveni gastroenterolog iz Amerike Alberto Penja, koji dolazi u Evropu nakon deset godina.<\/p>\n<p>Djevoj\u010dica bi u Italiju trebalo da putuje sa majkom Du\u0161icom i dje\u010dijim hirurgom Sanjom Sin\u0111i\u0107 iz beogradske Dje\u010dije klinike u Tir\u0161ovoj.<\/p>\n<p>Na\u0111a Turudija iz Prijedora rodila se sa te\u0161kim i rijetkim anomalijama urogenitalnog trakta i jedini je pacijent sa takvom dijagnozom u Evropi.<\/p>\n<p><a href=\"https:\/\/www.prijedordanas.com\/wp-content\/uploads\/2015\/05\/humanitarni-koncert-za-nadju-3.jpg\"><img loading=\"lazy\" decoding=\"async\" class=\"alignleft size-medium wp-image-23154\" src=\"https:\/\/www.prijedordanas.com\/wp-content\/uploads\/2015\/05\/humanitarni-koncert-za-nadju-3-300x189.jpg\" alt=\"humanitarni koncert za nadju (3)\" width=\"300\" height=\"189\" srcset=\"https:\/\/www.prijedordanas.com\/wp-content\/uploads\/2015\/05\/humanitarni-koncert-za-nadju-3-300x189.jpg 300w, https:\/\/www.prijedordanas.com\/wp-content\/uploads\/2015\/05\/humanitarni-koncert-za-nadju-3.jpg 600w\" sizes=\"(max-width: 300px) 100vw, 300px\" \/><\/a>&#8220;Ro\u0111ena je bez analnog i vaginalnog otvora i odmah po ro\u0111enju imala je prvu operaciju, a za svoje nepune \u010detiri godine ukupno \u0161est&#8221;, rekao je Na\u0111in otac Mladen.<\/p>\n<p>On ka\u017ee da je Na\u0111i kada je imala godinu dana dijagnostikovan ulcerozni kolitis od kojeg se ni do danas nije izlije\u010dila, jer ne podnosi nijednu od isprobanih terapija.<\/p>\n<p>&#8220;Jedina nada nam je \u010duveni gastroenterolog Alberto Penja, koji je vrhunski stru\u010dnjak za ovu oblast i koji je imao 300 operacija, ali nijedan slu\u010daj kao Na\u0111in&#8221;, rekao je Turudija.<\/p>\n<p>Humanitarni koncert &#8220;Za Na\u0111u&#8221; bi\u0107e odr\u017ean u prijedorskoj dvorani &#8220;Mladost&#8221; sa po\u010detkom u 19.00 \u010dasova, a cijena ulaznice je tri KM.<\/p>\n<p><a href=\"https:\/\/www.prijedordanas.com\/wp-content\/uploads\/2015\/05\/humanitarni-koncert-za-nadju-2.jpg\"><img loading=\"lazy\" decoding=\"async\" class=\"alignleft size-medium wp-image-23155\" src=\"https:\/\/www.prijedordanas.com\/wp-content\/uploads\/2015\/05\/humanitarni-koncert-za-nadju-2-300x225.jpg\" alt=\"humanitarni koncert za nadju (2)\" width=\"300\" height=\"225\" srcset=\"https:\/\/www.prijedordanas.com\/wp-content\/uploads\/2015\/05\/humanitarni-koncert-za-nadju-2-300x225.jpg 300w, https:\/\/www.prijedordanas.com\/wp-content\/uploads\/2015\/05\/humanitarni-koncert-za-nadju-2.jpg 600w\" sizes=\"(max-width: 300px) 100vw, 300px\" \/><\/a>Inicijator i organizator humanitarnog koncerta je Izvorna grupa &#8220;Novo Potkozarje&#8221; iz Prijedora, a osim njih na koncertu \u0107e nastupiti i kulturno-umjetni\u010dka dru\u0161tva &#8220;Doktor Mladen Stojanovi\u0107&#8221;, &#8220;Milan Egi\u0107&#8221;, &#8220;Kozara&#8221; &#8220;Kne\u0161polje&#8221;, grupa Jandrino jato, Dragan i Divna Stojisavljevi\u0107, Ranko Stojanovi\u0107, Kraji\u0161nici Boro i Sale i Momo Stani\u0107.<\/p>\n<p>Turudija radi u pilani u Srpcu, a supruga Du\u0161ica nije zaposlena. Iz Prijedora su se preselili u Banjaluku da bi bili bli\u017ee Klini\u010dkom centru. Osim Na\u0111e, imaju i dvogodi\u0161njeg sina.<\/p>\n<p>Pomo\u0107 za lije\u010denje male Na\u0111e mo\u017ee se uplatiti na \u017eiro ra\u010dun broj 5551000020669213 u Novoj banci, koji je otvoren na ime Du\u0161ica Turudija.<\/p>\n<p>SRNA<br \/>\nVideo &#8211; RTRS<\/p>\n<p><iframe loading=\"lazy\" width=\"500\" height=\"375\" src=\"https:\/\/www.youtube.com\/embed\/7Y6pyVvng7I?feature=oembed\" frameborder=\"0\" allowfullscreen><\/iframe><\/p>\n","protected":false},"excerpt":{"rendered":"<p>U Prijedoru \u0107e ve\u010deras biti odr\u017ean humanitarni koncert sa kojeg \u0107e biti prikupljena sredstva za lije\u010denje troipogodi\u0161nje djevoj\u010dice Na\u0111e Turudije, koja ima rijetko oboljenje. Ovom humanitarnom akcijom prikuplja se novac [&hellip;]<\/p>\n","protected":false},"author":1,"featured_media":0,"comment_status":"closed","ping_status":"open","sticky":false,"template":"","format":"standard","meta":{"_monsterinsights_skip_tracking":false,"_monsterinsights_sitenote_active":false,"_monsterinsights_sitenote_note":"","_monsterinsights_sitenote_category":0,"footnotes":""},"categories":[4],"tags":[2032,3670,3521],"yoast_head":"<!-- This site is optimized with the Yoast SEO plugin v21.6 - https:\/\/yoast.com\/wordpress\/plugins\/seo\/ -->\n<title>DO\u0110ITE NA HUMANITARNI KONCERT &quot;ZA NA\u0110U&quot; \u2013 VIDEO - PrijedorDanas.com - Prijedorski gradski portal<\/title>\n<meta name=\"robots\" content=\"index, follow, max-snippet:-1, max-image-preview:large, max-video-preview:-1\" \/>\n<link rel=\"canonical\" href=\"https:\/\/www.prijedordanas.com\/?p=23316\" \/>\n<meta property=\"og:locale\" content=\"en_US\" \/>\n<meta property=\"og:type\" content=\"article\" \/>\n<meta property=\"og:title\" content=\"DO\u0110ITE NA HUMANITARNI KONCERT &quot;ZA NA\u0110U&quot; \u2013 VIDEO - PrijedorDanas.com - Prijedorski gradski portal\" \/>\n<meta property=\"og:description\" content=\"U Prijedoru \u0107e ve\u010deras biti odr\u017ean humanitarni koncert sa kojeg \u0107e biti prikupljena sredstva za lije\u010denje troipogodi\u0161nje djevoj\u010dice Na\u0111e Turudije, koja ima rijetko oboljenje. Ovom humanitarnom akcijom prikuplja se novac [&hellip;]\" \/>\n<meta property=\"og:url\" content=\"https:\/\/www.prijedordanas.com\/?p=23316\" \/>\n<meta property=\"og:site_name\" content=\"PrijedorDanas.com - Prijedorski gradski portal\" \/>\n<meta property=\"article:publisher\" content=\"https:\/\/www.facebook.com\/PrijedorDanasCom\/\" \/>\n<meta property=\"article:published_time\" content=\"2015-05-27T16:06:06+00:00\" \/>\n<meta property=\"og:image\" content=\"https:\/\/www.prijedordanas.com\/wp-content\/uploads\/2015\/05\/humanitarni-koncert-za-nadju-1-300x185.jpg\" \/>\n<meta name=\"author\" content=\"admin\" \/>\n<meta name=\"twitter:card\" content=\"summary_large_image\" \/>\n<meta name=\"twitter:label1\" content=\"Written by\" \/>\n\t<meta name=\"twitter:data1\" content=\"admin\" \/>\n\t<meta name=\"twitter:label2\" content=\"Est. reading time\" \/>\n\t<meta name=\"twitter:data2\" content=\"2 minutes\" \/>\n<script type=\"application\/ld+json\" class=\"yoast-schema-graph\">{\"@context\":\"https:\/\/schema.org\",\"@graph\":[{\"@type\":\"Article\",\"@id\":\"https:\/\/www.prijedordanas.com\/?p=23316#article\",\"isPartOf\":{\"@id\":\"https:\/\/www.prijedordanas.com\/?p=23316\"},\"author\":{\"name\":\"admin\",\"@id\":\"https:\/\/www.prijedordanas.com\/#\/schema\/person\/4e08ccf29b506ca916ff86d46bb700e6\"},\"headline\":\"DO\u0110ITE NA HUMANITARNI KONCERT &#8220;ZA NA\u0110U&#8221; \u2013 VIDEO\",\"datePublished\":\"2015-05-27T16:06:06+00:00\",\"dateModified\":\"2015-05-27T16:06:06+00:00\",\"mainEntityOfPage\":{\"@id\":\"https:\/\/www.prijedordanas.com\/?p=23316\"},\"wordCount\":359,\"publisher\":{\"@id\":\"https:\/\/www.prijedordanas.com\/#organization\"},\"keywords\":[\"humanitarni koncert\",\"Turudija\",\"Za Na\u0111u\"],\"articleSection\":[\"Dru\u0161tvo\"],\"inLanguage\":\"en-US\"},{\"@type\":\"WebPage\",\"@id\":\"https:\/\/www.prijedordanas.com\/?p=23316\",\"url\":\"https:\/\/www.prijedordanas.com\/?p=23316\",\"name\":\"DO\u0110ITE NA HUMANITARNI KONCERT \\\"ZA NA\u0110U\\\" \u2013 VIDEO - PrijedorDanas.com - Prijedorski gradski portal\",\"isPartOf\":{\"@id\":\"https:\/\/www.prijedordanas.com\/#website\"},\"datePublished\":\"2015-05-27T16:06:06+00:00\",\"dateModified\":\"2015-05-27T16:06:06+00:00\",\"breadcrumb\":{\"@id\":\"https:\/\/www.prijedordanas.com\/?p=23316#breadcrumb\"},\"inLanguage\":\"en-US\",\"potentialAction\":[{\"@type\":\"ReadAction\",\"target\":[\"https:\/\/www.prijedordanas.com\/?p=23316\"]}]},{\"@type\":\"BreadcrumbList\",\"@id\":\"https:\/\/www.prijedordanas.com\/?p=23316#breadcrumb\",\"itemListElement\":[{\"@type\":\"ListItem\",\"position\":1,\"name\":\"Home\",\"item\":\"https:\/\/www.prijedordanas.com\/\"},{\"@type\":\"ListItem\",\"position\":2,\"name\":\"DO\u0110ITE NA HUMANITARNI KONCERT &#8220;ZA NA\u0110U&#8221; \u2013 VIDEO\"}]},{\"@type\":\"WebSite\",\"@id\":\"https:\/\/www.prijedordanas.com\/#website\",\"url\":\"https:\/\/www.prijedordanas.com\/\",\"name\":\"PrijedorDanas.com - Prijedorski gradski portal\",\"description\":\"Portal o doga\u0111anjima u gradu Prijedoru\",\"publisher\":{\"@id\":\"https:\/\/www.prijedordanas.com\/#organization\"},\"potentialAction\":[{\"@type\":\"SearchAction\",\"target\":{\"@type\":\"EntryPoint\",\"urlTemplate\":\"https:\/\/www.prijedordanas.com\/?s={search_term_string}\"},\"query-input\":\"required name=search_term_string\"}],\"inLanguage\":\"en-US\"},{\"@type\":\"Organization\",\"@id\":\"https:\/\/www.prijedordanas.com\/#organization\",\"name\":\"PrijedorDanas.com\",\"url\":\"https:\/\/www.prijedordanas.com\/\",\"logo\":{\"@type\":\"ImageObject\",\"inLanguage\":\"en-US\",\"@id\":\"https:\/\/www.prijedordanas.com\/#\/schema\/logo\/image\/\",\"url\":\"http:\/\/www.prijedordanas.com\/wp-content\/uploads\/2021\/12\/logopng.png\",\"contentUrl\":\"http:\/\/www.prijedordanas.com\/wp-content\/uploads\/2021\/12\/logopng.png\",\"width\":1019,\"height\":776,\"caption\":\"PrijedorDanas.com\"},\"image\":{\"@id\":\"https:\/\/www.prijedordanas.com\/#\/schema\/logo\/image\/\"},\"sameAs\":[\"https:\/\/www.facebook.com\/PrijedorDanasCom\/\"]},{\"@type\":\"Person\",\"@id\":\"https:\/\/www.prijedordanas.com\/#\/schema\/person\/4e08ccf29b506ca916ff86d46bb700e6\",\"name\":\"admin\",\"image\":{\"@type\":\"ImageObject\",\"inLanguage\":\"en-US\",\"@id\":\"https:\/\/www.prijedordanas.com\/#\/schema\/person\/image\/\",\"url\":\"https:\/\/secure.gravatar.com\/avatar\/1d3fc949d550f0b53a5f0d51e06dfd79?s=96&d=mm&r=g\",\"contentUrl\":\"https:\/\/secure.gravatar.com\/avatar\/1d3fc949d550f0b53a5f0d51e06dfd79?s=96&d=mm&r=g\",\"caption\":\"admin\"},\"url\":\"https:\/\/www.prijedordanas.com\/?author=1\"}]}<\/script>\n<!-- \/ Yoast SEO plugin. -->","yoast_head_json":{"title":"DO\u0110ITE NA HUMANITARNI KONCERT \"ZA NA\u0110U\" \u2013 VIDEO - PrijedorDanas.com - Prijedorski gradski portal","robots":{"index":"index","follow":"follow","max-snippet":"max-snippet:-1","max-image-preview":"max-image-preview:large","max-video-preview":"max-video-preview:-1"},"canonical":"https:\/\/www.prijedordanas.com\/?p=23316","og_locale":"en_US","og_type":"article","og_title":"DO\u0110ITE NA HUMANITARNI KONCERT \"ZA NA\u0110U\" \u2013 VIDEO - PrijedorDanas.com - Prijedorski gradski portal","og_description":"U Prijedoru \u0107e ve\u010deras biti odr\u017ean humanitarni koncert sa kojeg \u0107e biti prikupljena sredstva za lije\u010denje troipogodi\u0161nje djevoj\u010dice Na\u0111e Turudije, koja ima rijetko oboljenje. Ovom humanitarnom akcijom prikuplja se novac [&hellip;]","og_url":"https:\/\/www.prijedordanas.com\/?p=23316","og_site_name":"PrijedorDanas.com - Prijedorski gradski portal","article_publisher":"https:\/\/www.facebook.com\/PrijedorDanasCom\/","article_published_time":"2015-05-27T16:06:06+00:00","og_image":[{"url":"https:\/\/www.prijedordanas.com\/wp-content\/uploads\/2015\/05\/humanitarni-koncert-za-nadju-1-300x185.jpg"}],"author":"admin","twitter_card":"summary_large_image","twitter_misc":{"Written by":"admin","Est. reading time":"2 minutes"},"schema":{"@context":"https:\/\/schema.org","@graph":[{"@type":"Article","@id":"https:\/\/www.prijedordanas.com\/?p=23316#article","isPartOf":{"@id":"https:\/\/www.prijedordanas.com\/?p=23316"},"author":{"name":"admin","@id":"https:\/\/www.prijedordanas.com\/#\/schema\/person\/4e08ccf29b506ca916ff86d46bb700e6"},"headline":"DO\u0110ITE NA HUMANITARNI KONCERT &#8220;ZA NA\u0110U&#8221; \u2013 VIDEO","datePublished":"2015-05-27T16:06:06+00:00","dateModified":"2015-05-27T16:06:06+00:00","mainEntityOfPage":{"@id":"https:\/\/www.prijedordanas.com\/?p=23316"},"wordCount":359,"publisher":{"@id":"https:\/\/www.prijedordanas.com\/#organization"},"keywords":["humanitarni koncert","Turudija","Za Na\u0111u"],"articleSection":["Dru\u0161tvo"],"inLanguage":"en-US"},{"@type":"WebPage","@id":"https:\/\/www.prijedordanas.com\/?p=23316","url":"https:\/\/www.prijedordanas.com\/?p=23316","name":"DO\u0110ITE NA HUMANITARNI KONCERT \"ZA NA\u0110U\" \u2013 VIDEO - PrijedorDanas.com - Prijedorski gradski portal","isPartOf":{"@id":"https:\/\/www.prijedordanas.com\/#website"},"datePublished":"2015-05-27T16:06:06+00:00","dateModified":"2015-05-27T16:06:06+00:00","breadcrumb":{"@id":"https:\/\/www.prijedordanas.com\/?p=23316#breadcrumb"},"inLanguage":"en-US","potentialAction":[{"@type":"ReadAction","target":["https:\/\/www.prijedordanas.com\/?p=23316"]}]},{"@type":"BreadcrumbList","@id":"https:\/\/www.prijedordanas.com\/?p=23316#breadcrumb","itemListElement":[{"@type":"ListItem","position":1,"name":"Home","item":"https:\/\/www.prijedordanas.com\/"},{"@type":"ListItem","position":2,"name":"DO\u0110ITE NA HUMANITARNI KONCERT &#8220;ZA NA\u0110U&#8221; \u2013 VIDEO"}]},{"@type":"WebSite","@id":"https:\/\/www.prijedordanas.com\/#website","url":"https:\/\/www.prijedordanas.com\/","name":"PrijedorDanas.com - Prijedorski gradski portal","description":"Portal o doga\u0111anjima u gradu Prijedoru","publisher":{"@id":"https:\/\/www.prijedordanas.com\/#organization"},"potentialAction":[{"@type":"SearchAction","target":{"@type":"EntryPoint","urlTemplate":"https:\/\/www.prijedordanas.com\/?s={search_term_string}"},"query-input":"required name=search_term_string"}],"inLanguage":"en-US"},{"@type":"Organization","@id":"https:\/\/www.prijedordanas.com\/#organization","name":"PrijedorDanas.com","url":"https:\/\/www.prijedordanas.com\/","logo":{"@type":"ImageObject","inLanguage":"en-US","@id":"https:\/\/www.prijedordanas.com\/#\/schema\/logo\/image\/","url":"http:\/\/www.prijedordanas.com\/wp-content\/uploads\/2021\/12\/logopng.png","contentUrl":"http:\/\/www.prijedordanas.com\/wp-content\/uploads\/2021\/12\/logopng.png","width":1019,"height":776,"caption":"PrijedorDanas.com"},"image":{"@id":"https:\/\/www.prijedordanas.com\/#\/schema\/logo\/image\/"},"sameAs":["https:\/\/www.facebook.com\/PrijedorDanasCom\/"]},{"@type":"Person","@id":"https:\/\/www.prijedordanas.com\/#\/schema\/person\/4e08ccf29b506ca916ff86d46bb700e6","name":"admin","image":{"@type":"ImageObject","inLanguage":"en-US","@id":"https:\/\/www.prijedordanas.com\/#\/schema\/person\/image\/","url":"https:\/\/secure.gravatar.com\/avatar\/1d3fc949d550f0b53a5f0d51e06dfd79?s=96&d=mm&r=g","contentUrl":"https:\/\/secure.gravatar.com\/avatar\/1d3fc949d550f0b53a5f0d51e06dfd79?s=96&d=mm&r=g","caption":"admin"},"url":"https:\/\/www.prijedordanas.com\/?author=1"}]}},"_links":{"self":[{"href":"https:\/\/www.prijedordanas.com\/index.php?rest_route=\/wp\/v2\/posts\/23316"}],"collection":[{"href":"https:\/\/www.prijedordanas.com\/index.php?rest_route=\/wp\/v2\/posts"}],"about":[{"href":"https:\/\/www.prijedordanas.com\/index.php?rest_route=\/wp\/v2\/types\/post"}],"author":[{"embeddable":true,"href":"https:\/\/www.prijedordanas.com\/index.php?rest_route=\/wp\/v2\/users\/1"}],"replies":[{"embeddable":true,"href":"https:\/\/www.prijedordanas.com\/index.php?rest_route=%2Fwp%2Fv2%2Fcomments&post=23316"}],"version-history":[{"count":1,"href":"https:\/\/www.prijedordanas.com\/index.php?rest_route=\/wp\/v2\/posts\/23316\/revisions"}],"predecessor-version":[{"id":23317,"href":"https:\/\/www.prijedordanas.com\/index.php?rest_route=\/wp\/v2\/posts\/23316\/revisions\/23317"}],"wp:attachment":[{"href":"https:\/\/www.prijedordanas.com\/index.php?rest_route=%2Fwp%2Fv2%2Fmedia&parent=23316"}],"wp:term":[{"taxonomy":"category","embeddable":true,"href":"https:\/\/www.prijedordanas.com\/index.php?rest_route=%2Fwp%2Fv2%2Fcategories&post=23316"},{"taxonomy":"post_tag","embeddable":true,"href":"https:\/\/www.prijedordanas.com\/index.php?rest_route=%2Fwp%2Fv2%2Ftags&post=23316"}],"curies":[{"name":"wp","href":"https:\/\/api.w.org\/{rel}","templated":true}]}}