{"id":233140,"date":"2024-09-06T21:10:22","date_gmt":"2024-09-06T19:10:22","guid":{"rendered":"https:\/\/www.prijedordanas.com\/?p=233140"},"modified":"2024-09-07T09:23:13","modified_gmt":"2024-09-07T07:23:13","slug":"knjizevni-susreti-na-kozari-pero-zubac-ovogodisnji-laureat-nagrade-skender-kulenovic-knjizevni-vijenac-kozare-foto-video","status":"publish","type":"post","link":"https:\/\/www.prijedordanas.com\/?p=233140","title":{"rendered":"Knji\u017eevni susreti na Kozari: Pero Zubac ovogodi\u0161nji laureat nagrade &#8220;Skender Kulenovi\u0107-Knji\u017eevni vijenac Kozare&#8221; &#8211; FOTO\/VIDEO"},"content":{"rendered":"<p><a href=\"https:\/\/www.prijedordanas.com\/wp-content\/uploads\/2024\/09\/pero-zubac.jpg\"><img loading=\"lazy\" decoding=\"async\" class=\"alignleft size-medium wp-image-233141\" src=\"https:\/\/www.prijedordanas.com\/wp-content\/uploads\/2024\/09\/pero-zubac-300x225.jpg\" alt=\"\" width=\"300\" height=\"225\" srcset=\"https:\/\/www.prijedordanas.com\/wp-content\/uploads\/2024\/09\/pero-zubac-300x225.jpg 300w, https:\/\/www.prijedordanas.com\/wp-content\/uploads\/2024\/09\/pero-zubac-640x480.jpg 640w, https:\/\/www.prijedordanas.com\/wp-content\/uploads\/2024\/09\/pero-zubac.jpg 667w\" sizes=\"(max-width: 300px) 100vw, 300px\" \/><\/a>Pjesnik Pero Zubac ovogodi\u0161nji je laureat nagrade &#8220;Skender Kulenovi\u0107 &#8211; Knji\u017eevni vijenac Kozare&#8221; koja mu je dodijeljena za \u017eivotno djelo.<\/p>\n<p>Jednoglasnu odluku \u017eirija 52. Knji\u017eevnih susreta na Kozari obrazlo\u017eio je predsjednik \u017eirija Vule \u017duri\u0107 koji je novinarima izjavio da smatra da je dovoljno re\u0107i Pero Zubac i da je to bude sasvim dovoljno obrazlo\u017eenje ove nagrade.<\/p>\n<p>&#8220;Ne samo poznavaoci knji\u017eevnosti i poezije nego i svi \u0111aci i svi oni koje je makar jednom zainteresovala poezija znaju ko je Pero Zubac ne samo po djelu nego i po liku, a ono \u0161to ga obilje\u017eava je njegovo prvo djelo `Mostarske ki\u0161e` koje je nastalo prije gotovo 70 godina&#8221;, rekao je \u017duri\u0107.<\/p>\n<p><a href=\"https:\/\/www.prijedordanas.com\/wp-content\/uploads\/2024\/09\/prijedorgradorg-knjizevni-susreti-2024-odluka-o-nagradi-1.jpg\"><img loading=\"lazy\" decoding=\"async\" class=\"alignleft size-medium wp-image-233142\" src=\"https:\/\/www.prijedordanas.com\/wp-content\/uploads\/2024\/09\/prijedorgradorg-knjizevni-susreti-2024-odluka-o-nagradi-1-300x225.jpg\" alt=\"\" width=\"300\" height=\"225\" srcset=\"https:\/\/www.prijedordanas.com\/wp-content\/uploads\/2024\/09\/prijedorgradorg-knjizevni-susreti-2024-odluka-o-nagradi-1-300x225.jpg 300w, https:\/\/www.prijedordanas.com\/wp-content\/uploads\/2024\/09\/prijedorgradorg-knjizevni-susreti-2024-odluka-o-nagradi-1-640x480.jpg 640w, https:\/\/www.prijedordanas.com\/wp-content\/uploads\/2024\/09\/prijedorgradorg-knjizevni-susreti-2024-odluka-o-nagradi-1.jpg 667w\" sizes=\"(max-width: 300px) 100vw, 300px\" \/><\/a>On je dodao da je rije\u010d o srpskom pjesniku \u010dijim se stihovima i dalje raduju ljudi iz svih predjela u kojima se na tom lijepom i bistrom srpskom jeziku voli, tuguje, pjeva i \u0107uti.<\/p>\n<p>&#8220;Poezija Pere Zupca je od njegovih prvih stihova bila i ostala na\u0161a odbrana pred svim onim \u0161to sa sobom donosi dobro nam poznata tama, a njegove knjige se i dalje i\u0161\u010ditavaju i njegova pjesni\u010dka rije\u010d je jo\u0161 uvijek dio lijepog , najljep\u0161eg \u010ditala\u010dkog sna&#8221;, navodi se u tekstu obrazlo\u017eenja \u017eirija u kojem su pored \u017duri\u0107a bili i Zdravko Miov\u010di\u0107 i Vladan Bartula.<\/p>\n<p>Nagrada \u0107e Peri Zupcu biti dodijeljena 19. septembra na centralnoj knji\u017eevnoj ve\u010deri pod nazivom &#8220;Kozara pamti&#8221; u Pozori\u0161tu Prijedor, dok je dru\u017eenje sa nagra\u0111enim pjesnikom predvi\u0111eno dan kasnije, 20.septembra na Ve\u010deri laureata.<\/p>\n<p><a href=\"https:\/\/www.prijedordanas.com\/wp-content\/uploads\/2024\/09\/prijedorgradorg-knjizevni-susreti-2024-odluka-o-nagradi-2.jpg\"><img loading=\"lazy\" decoding=\"async\" class=\"alignleft size-medium wp-image-233143\" src=\"https:\/\/www.prijedordanas.com\/wp-content\/uploads\/2024\/09\/prijedorgradorg-knjizevni-susreti-2024-odluka-o-nagradi-2-210x300.jpg\" alt=\"\" width=\"210\" height=\"300\" srcset=\"https:\/\/www.prijedordanas.com\/wp-content\/uploads\/2024\/09\/prijedorgradorg-knjizevni-susreti-2024-odluka-o-nagradi-2-210x300.jpg 210w, https:\/\/www.prijedordanas.com\/wp-content\/uploads\/2024\/09\/prijedorgradorg-knjizevni-susreti-2024-odluka-o-nagradi-2-716x1024.jpg 716w, https:\/\/www.prijedordanas.com\/wp-content\/uploads\/2024\/09\/prijedorgradorg-knjizevni-susreti-2024-odluka-o-nagradi-2-768x1098.jpg 768w, https:\/\/www.prijedordanas.com\/wp-content\/uploads\/2024\/09\/prijedorgradorg-knjizevni-susreti-2024-odluka-o-nagradi-2-1074x1536.jpg 1074w, https:\/\/www.prijedordanas.com\/wp-content\/uploads\/2024\/09\/prijedorgradorg-knjizevni-susreti-2024-odluka-o-nagradi-2.jpg 1119w\" sizes=\"(max-width: 210px) 100vw, 210px\" \/><\/a>Na\u010delnik gradskog Odjeljenja za kulturu, me\u0111unarodnu saradnju, sport i nevladine organizacije Aleksandar Milje\u0161i\u0107 istakao je da je Grad Prijedor veoma ponosan na manifestaciju Knji\u017eevni susreti na Kozari koju organizuje sa velikom energijom i ponosom te pozvao sugra\u0111ane da u\u010destvuju u bogatom programu ovogodi\u0161njih susreta na Kozari.<\/p>\n<p>Ovogodi\u0161nji Knji\u017eevni susreti zasnovani su na dva programska dijela: kulturi sje\u0107anja i knji\u017eevnosti. U okviru prvog segmenta, na Pale\u017eu je obilje\u017een ro\u0111endan Skendera Kulenovi\u0107a, a vijenci \u0107e biti polo\u017eeni i za pale borce na Kozari te kod Kulenovi\u0107eve biste, rekao je urednik programa Zoran Stani\u0107.<\/p>\n<p>\u201cIma\u0107emo i tribinu kojom \u0107emo obilje\u017eiti sve srpske knji\u017eevne jubileje, od Branka Radi\u010devi\u0107a, Nu\u0161i\u0107a, Panti\u0107a \u2026 Tu su i dvije promocije knjiga o Stojanovi\u0107ima, \u2018Nas dva brata\u2019 o Sretenu i Mladenu, Vuleta \u017duri\u0107a, i knjiga o Sretenu Stojanovi\u0107u iz Srpske knji\u017eevne zadruge\u201d, pojasnio je Stani\u0107.<\/p>\n<p>Susreti se nastavljaju ve\u010deras kada \u0107e u Muzeju Kozare biti odr\u017eana promocija knjige &#8220;Nas dva brata&#8221; o legendama ovog kraja doktoru Mladenu i Sretenu Stojanovi\u0107u na kojoj u\u010destvuju autor Vule \u017duri\u0107 i Manojlo Manjo Vukoti\u0107, direktor Izdava\u010dke ku\u0107e &#8220;Vukoti\u0107 media&#8221;.<\/p>\n<p>Organizator i generalni pokrovitelj 52.Knji\u017eevnih susreta na Kozari je grad Prijedor, saorganizatori gradovi Banjaluka, Gradi\u0161ka i Lakta\u0161i, te op\u0161tine Srbac, Kostajnica, Novi Grad i Kozarska Dubica, a pokrovitelj Ministarstvo prosvjete i kulture Republike Srpske i sponzor nov\u010danog dijela nagrade Arcelor Mital Prijedor.<\/p>\n<p><a href=\"https:\/\/www.prijedorgrad.org\/sr-EU\/vijesti-sadrzaj.html?vid=20743\" target=\"_blank\" rel=\"noopener\">prijedorgrad.org<\/a><\/p>\n<p><a href=\"https:\/\/www.prijedordanas.com\/wp-content\/uploads\/2024\/09\/prijedorgradorg-knjizevni-susreti-2024-odluka-o-nagradi-3.jpg\"><img loading=\"lazy\" decoding=\"async\" src=\"https:\/\/www.prijedordanas.com\/wp-content\/uploads\/2024\/09\/prijedorgradorg-knjizevni-susreti-2024-odluka-o-nagradi-3-300x200.jpg\" alt=\"\" width=\"300\" height=\"200\" class=\"alignleft size-medium wp-image-233144\" srcset=\"https:\/\/www.prijedordanas.com\/wp-content\/uploads\/2024\/09\/prijedorgradorg-knjizevni-susreti-2024-odluka-o-nagradi-3-300x200.jpg 300w, https:\/\/www.prijedordanas.com\/wp-content\/uploads\/2024\/09\/prijedorgradorg-knjizevni-susreti-2024-odluka-o-nagradi-3-480x320.jpg 480w, https:\/\/www.prijedordanas.com\/wp-content\/uploads\/2024\/09\/prijedorgradorg-knjizevni-susreti-2024-odluka-o-nagradi-3.jpg 600w\" sizes=\"(max-width: 300px) 100vw, 300px\" \/><\/a> <a href=\"https:\/\/www.prijedordanas.com\/wp-content\/uploads\/2024\/09\/prijedorgradorg-knjizevni-susreti-2024-odluka-o-nagradi-4.jpg\"><img loading=\"lazy\" decoding=\"async\" src=\"https:\/\/www.prijedordanas.com\/wp-content\/uploads\/2024\/09\/prijedorgradorg-knjizevni-susreti-2024-odluka-o-nagradi-4-300x200.jpg\" alt=\"\" width=\"300\" height=\"200\" class=\"alignleft size-medium wp-image-233145\" srcset=\"https:\/\/www.prijedordanas.com\/wp-content\/uploads\/2024\/09\/prijedorgradorg-knjizevni-susreti-2024-odluka-o-nagradi-4-300x200.jpg 300w, https:\/\/www.prijedordanas.com\/wp-content\/uploads\/2024\/09\/prijedorgradorg-knjizevni-susreti-2024-odluka-o-nagradi-4-480x320.jpg 480w, https:\/\/www.prijedordanas.com\/wp-content\/uploads\/2024\/09\/prijedorgradorg-knjizevni-susreti-2024-odluka-o-nagradi-4.jpg 600w\" sizes=\"(max-width: 300px) 100vw, 300px\" \/><\/a> <a href=\"https:\/\/www.prijedordanas.com\/wp-content\/uploads\/2024\/09\/prijedorgradorg-knjizevni-susreti-2024-odluka-o-nagradi-5.jpg\"><img loading=\"lazy\" decoding=\"async\" src=\"https:\/\/www.prijedordanas.com\/wp-content\/uploads\/2024\/09\/prijedorgradorg-knjizevni-susreti-2024-odluka-o-nagradi-5-300x200.jpg\" alt=\"\" width=\"300\" height=\"200\" class=\"alignleft size-medium wp-image-233146\" srcset=\"https:\/\/www.prijedordanas.com\/wp-content\/uploads\/2024\/09\/prijedorgradorg-knjizevni-susreti-2024-odluka-o-nagradi-5-300x200.jpg 300w, https:\/\/www.prijedordanas.com\/wp-content\/uploads\/2024\/09\/prijedorgradorg-knjizevni-susreti-2024-odluka-o-nagradi-5-480x320.jpg 480w, https:\/\/www.prijedordanas.com\/wp-content\/uploads\/2024\/09\/prijedorgradorg-knjizevni-susreti-2024-odluka-o-nagradi-5.jpg 600w\" sizes=\"(max-width: 300px) 100vw, 300px\" \/><\/a><\/p>\n<p><iframe loading=\"lazy\" title=\"ZUPCU NAGRADA ZA \u017dIVOTNO DJELO\" width=\"500\" height=\"281\" src=\"https:\/\/www.youtube.com\/embed\/UZNyO0pUWLE?feature=oembed\" frameborder=\"0\" allow=\"accelerometer; autoplay; clipboard-write; encrypted-media; gyroscope; picture-in-picture; web-share\" referrerpolicy=\"strict-origin-when-cross-origin\" allowfullscreen><\/iframe><\/p>\n","protected":false},"excerpt":{"rendered":"<p>Pjesnik Pero Zubac ovogodi\u0161nji je laureat nagrade &#8220;Skender Kulenovi\u0107 &#8211; Knji\u017eevni vijenac Kozare&#8221; koja mu je dodijeljena za \u017eivotno djelo. Jednoglasnu odluku \u017eirija 52. Knji\u017eevnih susreta na Kozari obrazlo\u017eio je [&hellip;]<\/p>\n","protected":false},"author":1,"featured_media":0,"comment_status":"closed","ping_status":"open","sticky":false,"template":"","format":"standard","meta":{"_monsterinsights_skip_tracking":false,"_monsterinsights_sitenote_active":false,"_monsterinsights_sitenote_note":"","_monsterinsights_sitenote_category":0,"footnotes":""},"categories":[6],"tags":[],"yoast_head":"<!-- This site is optimized with the Yoast SEO plugin v21.6 - https:\/\/yoast.com\/wordpress\/plugins\/seo\/ -->\n<title>Knji\u017eevni susreti na Kozari: Pero Zubac ovogodi\u0161nji laureat nagrade &quot;Skender Kulenovi\u0107-Knji\u017eevni vijenac Kozare&quot; - FOTO\/VIDEO - PrijedorDanas.com - Prijedorski gradski portal<\/title>\n<meta name=\"robots\" content=\"index, follow, max-snippet:-1, max-image-preview:large, max-video-preview:-1\" \/>\n<link rel=\"canonical\" href=\"https:\/\/www.prijedordanas.com\/?p=233140\" \/>\n<meta property=\"og:locale\" content=\"en_US\" \/>\n<meta property=\"og:type\" content=\"article\" \/>\n<meta property=\"og:title\" content=\"Knji\u017eevni susreti na Kozari: Pero Zubac ovogodi\u0161nji laureat nagrade &quot;Skender Kulenovi\u0107-Knji\u017eevni vijenac Kozare&quot; - FOTO\/VIDEO - PrijedorDanas.com - Prijedorski gradski portal\" \/>\n<meta property=\"og:description\" content=\"Pjesnik Pero Zubac ovogodi\u0161nji je laureat nagrade &#8220;Skender Kulenovi\u0107 &#8211; Knji\u017eevni vijenac Kozare&#8221; koja mu je dodijeljena za \u017eivotno djelo. Jednoglasnu odluku \u017eirija 52. Knji\u017eevnih susreta na Kozari obrazlo\u017eio je [&hellip;]\" \/>\n<meta property=\"og:url\" content=\"https:\/\/www.prijedordanas.com\/?p=233140\" \/>\n<meta property=\"og:site_name\" content=\"PrijedorDanas.com - Prijedorski gradski portal\" \/>\n<meta property=\"article:publisher\" content=\"https:\/\/www.facebook.com\/PrijedorDanasCom\/\" \/>\n<meta property=\"article:published_time\" content=\"2024-09-06T19:10:22+00:00\" \/>\n<meta property=\"article:modified_time\" content=\"2024-09-07T07:23:13+00:00\" \/>\n<meta property=\"og:image\" content=\"https:\/\/www.prijedordanas.com\/wp-content\/uploads\/2024\/09\/pero-zubac-300x225.jpg\" \/>\n<meta name=\"author\" content=\"admin\" \/>\n<meta name=\"twitter:card\" content=\"summary_large_image\" \/>\n<meta name=\"twitter:label1\" content=\"Written by\" \/>\n\t<meta name=\"twitter:data1\" content=\"admin\" \/>\n\t<meta name=\"twitter:label2\" content=\"Est. reading time\" \/>\n\t<meta name=\"twitter:data2\" content=\"3 minutes\" \/>\n<script type=\"application\/ld+json\" class=\"yoast-schema-graph\">{\"@context\":\"https:\/\/schema.org\",\"@graph\":[{\"@type\":\"Article\",\"@id\":\"https:\/\/www.prijedordanas.com\/?p=233140#article\",\"isPartOf\":{\"@id\":\"https:\/\/www.prijedordanas.com\/?p=233140\"},\"author\":{\"name\":\"admin\",\"@id\":\"https:\/\/www.prijedordanas.com\/#\/schema\/person\/4e08ccf29b506ca916ff86d46bb700e6\"},\"headline\":\"Knji\u017eevni susreti na Kozari: Pero Zubac ovogodi\u0161nji laureat nagrade &#8220;Skender Kulenovi\u0107-Knji\u017eevni vijenac Kozare&#8221; &#8211; FOTO\/VIDEO\",\"datePublished\":\"2024-09-06T19:10:22+00:00\",\"dateModified\":\"2024-09-07T07:23:13+00:00\",\"mainEntityOfPage\":{\"@id\":\"https:\/\/www.prijedordanas.com\/?p=233140\"},\"wordCount\":545,\"publisher\":{\"@id\":\"https:\/\/www.prijedordanas.com\/#organization\"},\"articleSection\":[\"Kultura\"],\"inLanguage\":\"en-US\"},{\"@type\":\"WebPage\",\"@id\":\"https:\/\/www.prijedordanas.com\/?p=233140\",\"url\":\"https:\/\/www.prijedordanas.com\/?p=233140\",\"name\":\"Knji\u017eevni susreti na Kozari: Pero Zubac ovogodi\u0161nji laureat nagrade \\\"Skender Kulenovi\u0107-Knji\u017eevni vijenac Kozare\\\" - FOTO\/VIDEO - PrijedorDanas.com - Prijedorski gradski portal\",\"isPartOf\":{\"@id\":\"https:\/\/www.prijedordanas.com\/#website\"},\"datePublished\":\"2024-09-06T19:10:22+00:00\",\"dateModified\":\"2024-09-07T07:23:13+00:00\",\"breadcrumb\":{\"@id\":\"https:\/\/www.prijedordanas.com\/?p=233140#breadcrumb\"},\"inLanguage\":\"en-US\",\"potentialAction\":[{\"@type\":\"ReadAction\",\"target\":[\"https:\/\/www.prijedordanas.com\/?p=233140\"]}]},{\"@type\":\"BreadcrumbList\",\"@id\":\"https:\/\/www.prijedordanas.com\/?p=233140#breadcrumb\",\"itemListElement\":[{\"@type\":\"ListItem\",\"position\":1,\"name\":\"Home\",\"item\":\"https:\/\/www.prijedordanas.com\/\"},{\"@type\":\"ListItem\",\"position\":2,\"name\":\"Knji\u017eevni susreti na Kozari: Pero Zubac ovogodi\u0161nji laureat nagrade &#8220;Skender Kulenovi\u0107-Knji\u017eevni vijenac Kozare&#8221; &#8211; FOTO\/VIDEO\"}]},{\"@type\":\"WebSite\",\"@id\":\"https:\/\/www.prijedordanas.com\/#website\",\"url\":\"https:\/\/www.prijedordanas.com\/\",\"name\":\"PrijedorDanas.com - Prijedorski gradski portal\",\"description\":\"Portal o doga\u0111anjima u gradu Prijedoru\",\"publisher\":{\"@id\":\"https:\/\/www.prijedordanas.com\/#organization\"},\"potentialAction\":[{\"@type\":\"SearchAction\",\"target\":{\"@type\":\"EntryPoint\",\"urlTemplate\":\"https:\/\/www.prijedordanas.com\/?s={search_term_string}\"},\"query-input\":\"required name=search_term_string\"}],\"inLanguage\":\"en-US\"},{\"@type\":\"Organization\",\"@id\":\"https:\/\/www.prijedordanas.com\/#organization\",\"name\":\"PrijedorDanas.com\",\"url\":\"https:\/\/www.prijedordanas.com\/\",\"logo\":{\"@type\":\"ImageObject\",\"inLanguage\":\"en-US\",\"@id\":\"https:\/\/www.prijedordanas.com\/#\/schema\/logo\/image\/\",\"url\":\"http:\/\/www.prijedordanas.com\/wp-content\/uploads\/2021\/12\/logopng.png\",\"contentUrl\":\"http:\/\/www.prijedordanas.com\/wp-content\/uploads\/2021\/12\/logopng.png\",\"width\":1019,\"height\":776,\"caption\":\"PrijedorDanas.com\"},\"image\":{\"@id\":\"https:\/\/www.prijedordanas.com\/#\/schema\/logo\/image\/\"},\"sameAs\":[\"https:\/\/www.facebook.com\/PrijedorDanasCom\/\"]},{\"@type\":\"Person\",\"@id\":\"https:\/\/www.prijedordanas.com\/#\/schema\/person\/4e08ccf29b506ca916ff86d46bb700e6\",\"name\":\"admin\",\"image\":{\"@type\":\"ImageObject\",\"inLanguage\":\"en-US\",\"@id\":\"https:\/\/www.prijedordanas.com\/#\/schema\/person\/image\/\",\"url\":\"https:\/\/secure.gravatar.com\/avatar\/1d3fc949d550f0b53a5f0d51e06dfd79?s=96&d=mm&r=g\",\"contentUrl\":\"https:\/\/secure.gravatar.com\/avatar\/1d3fc949d550f0b53a5f0d51e06dfd79?s=96&d=mm&r=g\",\"caption\":\"admin\"},\"url\":\"https:\/\/www.prijedordanas.com\/?author=1\"}]}<\/script>\n<!-- \/ Yoast SEO plugin. -->","yoast_head_json":{"title":"Knji\u017eevni susreti na Kozari: Pero Zubac ovogodi\u0161nji laureat nagrade \"Skender Kulenovi\u0107-Knji\u017eevni vijenac Kozare\" - FOTO\/VIDEO - PrijedorDanas.com - Prijedorski gradski portal","robots":{"index":"index","follow":"follow","max-snippet":"max-snippet:-1","max-image-preview":"max-image-preview:large","max-video-preview":"max-video-preview:-1"},"canonical":"https:\/\/www.prijedordanas.com\/?p=233140","og_locale":"en_US","og_type":"article","og_title":"Knji\u017eevni susreti na Kozari: Pero Zubac ovogodi\u0161nji laureat nagrade \"Skender Kulenovi\u0107-Knji\u017eevni vijenac Kozare\" - FOTO\/VIDEO - PrijedorDanas.com - Prijedorski gradski portal","og_description":"Pjesnik Pero Zubac ovogodi\u0161nji je laureat nagrade &#8220;Skender Kulenovi\u0107 &#8211; Knji\u017eevni vijenac Kozare&#8221; koja mu je dodijeljena za \u017eivotno djelo. Jednoglasnu odluku \u017eirija 52. Knji\u017eevnih susreta na Kozari obrazlo\u017eio je [&hellip;]","og_url":"https:\/\/www.prijedordanas.com\/?p=233140","og_site_name":"PrijedorDanas.com - Prijedorski gradski portal","article_publisher":"https:\/\/www.facebook.com\/PrijedorDanasCom\/","article_published_time":"2024-09-06T19:10:22+00:00","article_modified_time":"2024-09-07T07:23:13+00:00","og_image":[{"url":"https:\/\/www.prijedordanas.com\/wp-content\/uploads\/2024\/09\/pero-zubac-300x225.jpg"}],"author":"admin","twitter_card":"summary_large_image","twitter_misc":{"Written by":"admin","Est. reading time":"3 minutes"},"schema":{"@context":"https:\/\/schema.org","@graph":[{"@type":"Article","@id":"https:\/\/www.prijedordanas.com\/?p=233140#article","isPartOf":{"@id":"https:\/\/www.prijedordanas.com\/?p=233140"},"author":{"name":"admin","@id":"https:\/\/www.prijedordanas.com\/#\/schema\/person\/4e08ccf29b506ca916ff86d46bb700e6"},"headline":"Knji\u017eevni susreti na Kozari: Pero Zubac ovogodi\u0161nji laureat nagrade &#8220;Skender Kulenovi\u0107-Knji\u017eevni vijenac Kozare&#8221; &#8211; FOTO\/VIDEO","datePublished":"2024-09-06T19:10:22+00:00","dateModified":"2024-09-07T07:23:13+00:00","mainEntityOfPage":{"@id":"https:\/\/www.prijedordanas.com\/?p=233140"},"wordCount":545,"publisher":{"@id":"https:\/\/www.prijedordanas.com\/#organization"},"articleSection":["Kultura"],"inLanguage":"en-US"},{"@type":"WebPage","@id":"https:\/\/www.prijedordanas.com\/?p=233140","url":"https:\/\/www.prijedordanas.com\/?p=233140","name":"Knji\u017eevni susreti na Kozari: Pero Zubac ovogodi\u0161nji laureat nagrade \"Skender Kulenovi\u0107-Knji\u017eevni vijenac Kozare\" - FOTO\/VIDEO - PrijedorDanas.com - Prijedorski gradski portal","isPartOf":{"@id":"https:\/\/www.prijedordanas.com\/#website"},"datePublished":"2024-09-06T19:10:22+00:00","dateModified":"2024-09-07T07:23:13+00:00","breadcrumb":{"@id":"https:\/\/www.prijedordanas.com\/?p=233140#breadcrumb"},"inLanguage":"en-US","potentialAction":[{"@type":"ReadAction","target":["https:\/\/www.prijedordanas.com\/?p=233140"]}]},{"@type":"BreadcrumbList","@id":"https:\/\/www.prijedordanas.com\/?p=233140#breadcrumb","itemListElement":[{"@type":"ListItem","position":1,"name":"Home","item":"https:\/\/www.prijedordanas.com\/"},{"@type":"ListItem","position":2,"name":"Knji\u017eevni susreti na Kozari: Pero Zubac ovogodi\u0161nji laureat nagrade &#8220;Skender Kulenovi\u0107-Knji\u017eevni vijenac Kozare&#8221; &#8211; FOTO\/VIDEO"}]},{"@type":"WebSite","@id":"https:\/\/www.prijedordanas.com\/#website","url":"https:\/\/www.prijedordanas.com\/","name":"PrijedorDanas.com - Prijedorski gradski portal","description":"Portal o doga\u0111anjima u gradu Prijedoru","publisher":{"@id":"https:\/\/www.prijedordanas.com\/#organization"},"potentialAction":[{"@type":"SearchAction","target":{"@type":"EntryPoint","urlTemplate":"https:\/\/www.prijedordanas.com\/?s={search_term_string}"},"query-input":"required name=search_term_string"}],"inLanguage":"en-US"},{"@type":"Organization","@id":"https:\/\/www.prijedordanas.com\/#organization","name":"PrijedorDanas.com","url":"https:\/\/www.prijedordanas.com\/","logo":{"@type":"ImageObject","inLanguage":"en-US","@id":"https:\/\/www.prijedordanas.com\/#\/schema\/logo\/image\/","url":"http:\/\/www.prijedordanas.com\/wp-content\/uploads\/2021\/12\/logopng.png","contentUrl":"http:\/\/www.prijedordanas.com\/wp-content\/uploads\/2021\/12\/logopng.png","width":1019,"height":776,"caption":"PrijedorDanas.com"},"image":{"@id":"https:\/\/www.prijedordanas.com\/#\/schema\/logo\/image\/"},"sameAs":["https:\/\/www.facebook.com\/PrijedorDanasCom\/"]},{"@type":"Person","@id":"https:\/\/www.prijedordanas.com\/#\/schema\/person\/4e08ccf29b506ca916ff86d46bb700e6","name":"admin","image":{"@type":"ImageObject","inLanguage":"en-US","@id":"https:\/\/www.prijedordanas.com\/#\/schema\/person\/image\/","url":"https:\/\/secure.gravatar.com\/avatar\/1d3fc949d550f0b53a5f0d51e06dfd79?s=96&d=mm&r=g","contentUrl":"https:\/\/secure.gravatar.com\/avatar\/1d3fc949d550f0b53a5f0d51e06dfd79?s=96&d=mm&r=g","caption":"admin"},"url":"https:\/\/www.prijedordanas.com\/?author=1"}]}},"_links":{"self":[{"href":"https:\/\/www.prijedordanas.com\/index.php?rest_route=\/wp\/v2\/posts\/233140"}],"collection":[{"href":"https:\/\/www.prijedordanas.com\/index.php?rest_route=\/wp\/v2\/posts"}],"about":[{"href":"https:\/\/www.prijedordanas.com\/index.php?rest_route=\/wp\/v2\/types\/post"}],"author":[{"embeddable":true,"href":"https:\/\/www.prijedordanas.com\/index.php?rest_route=\/wp\/v2\/users\/1"}],"replies":[{"embeddable":true,"href":"https:\/\/www.prijedordanas.com\/index.php?rest_route=%2Fwp%2Fv2%2Fcomments&post=233140"}],"version-history":[{"count":1,"href":"https:\/\/www.prijedordanas.com\/index.php?rest_route=\/wp\/v2\/posts\/233140\/revisions"}],"predecessor-version":[{"id":233147,"href":"https:\/\/www.prijedordanas.com\/index.php?rest_route=\/wp\/v2\/posts\/233140\/revisions\/233147"}],"wp:attachment":[{"href":"https:\/\/www.prijedordanas.com\/index.php?rest_route=%2Fwp%2Fv2%2Fmedia&parent=233140"}],"wp:term":[{"taxonomy":"category","embeddable":true,"href":"https:\/\/www.prijedordanas.com\/index.php?rest_route=%2Fwp%2Fv2%2Fcategories&post=233140"},{"taxonomy":"post_tag","embeddable":true,"href":"https:\/\/www.prijedordanas.com\/index.php?rest_route=%2Fwp%2Fv2%2Ftags&post=233140"}],"curies":[{"name":"wp","href":"https:\/\/api.w.org\/{rel}","templated":true}]}}