{"id":232907,"date":"2024-09-03T23:02:17","date_gmt":"2024-09-03T21:02:17","guid":{"rendered":"https:\/\/www.prijedordanas.com\/?p=232907"},"modified":"2024-09-03T23:02:17","modified_gmt":"2024-09-03T21:02:17","slug":"otvoreni-dani-sporta-prijedor-2024-foto","status":"publish","type":"post","link":"https:\/\/www.prijedordanas.com\/?p=232907","title":{"rendered":"Otvoreni Dani sporta &#8220;Prijedor 2024&#8221; &#8211; FOTO"},"content":{"rendered":"<p><a href=\"https:\/\/www.prijedordanas.com\/wp-content\/uploads\/2024\/09\/prijedorgradorg-dani-sporta-2024-pocetak-1.jpg\"><img loading=\"lazy\" decoding=\"async\" class=\"alignleft size-medium wp-image-232908\" src=\"https:\/\/www.prijedordanas.com\/wp-content\/uploads\/2024\/09\/prijedorgradorg-dani-sporta-2024-pocetak-1-300x225.jpg\" alt=\"\" width=\"300\" height=\"225\" srcset=\"https:\/\/www.prijedordanas.com\/wp-content\/uploads\/2024\/09\/prijedorgradorg-dani-sporta-2024-pocetak-1-300x225.jpg 300w, https:\/\/www.prijedordanas.com\/wp-content\/uploads\/2024\/09\/prijedorgradorg-dani-sporta-2024-pocetak-1-640x480.jpg 640w, https:\/\/www.prijedordanas.com\/wp-content\/uploads\/2024\/09\/prijedorgradorg-dani-sporta-2024-pocetak-1.jpg 667w\" sizes=\"(max-width: 300px) 100vw, 300px\" \/><\/a>Na Trgu majora Zorana Karlice ve\u010deras je otvorena manifestacija Dani sporta &#8220;Prijedor 2024&#8221; koja se po tre\u0107i put organizuje u Prijedoru.<\/p>\n<p>Na\u010delnik gradskog Odjeljenja za kulturu, me\u0111unarodnu saradnju, sport i nevladine organizacije Aleksandar Milje\u0161i\u0107 izjavio je novinarima da je ova manifestacija sinergija Gradske uprave i svih klubova koji egzistiraju u ovom gradu.<\/p>\n<p>&#8220;Imamo jedan zajedni\u010dki cilj, a to je da na ulicama na\u0161eg grada predstavimo sve gradske sportske klubove i to posebno najmla\u0111im sugra\u0111anima kako bi oni isprobali te sportove i otkrili \u0161ta to njih zanima i da po\u010dnu da treniraju u nekim od njih&#8221;, rekao je Milje\u0161i\u0107.<\/p>\n<p>On je dodao da je su\u0161tina manifestacije promocija i popularizacija sporta, a ne klubova i to sa ciljem da se \u0161to ve\u0107i broj mladih bavi sportom te da postoje pokazatelji da je iz godine u godinu evidentiran blagi porast najmla\u0111ih u svim klubovima.<\/p>\n<p><a href=\"https:\/\/www.prijedordanas.com\/wp-content\/uploads\/2024\/09\/prijedorgradorg-dani-sporta-2024-pocetak-3.jpg\"><img loading=\"lazy\" decoding=\"async\" class=\"alignleft size-medium wp-image-232909\" src=\"https:\/\/www.prijedordanas.com\/wp-content\/uploads\/2024\/09\/prijedorgradorg-dani-sporta-2024-pocetak-3-300x200.jpg\" alt=\"\" width=\"300\" height=\"200\" srcset=\"https:\/\/www.prijedordanas.com\/wp-content\/uploads\/2024\/09\/prijedorgradorg-dani-sporta-2024-pocetak-3-300x200.jpg 300w, https:\/\/www.prijedordanas.com\/wp-content\/uploads\/2024\/09\/prijedorgradorg-dani-sporta-2024-pocetak-3-480x320.jpg 480w, https:\/\/www.prijedordanas.com\/wp-content\/uploads\/2024\/09\/prijedorgradorg-dani-sporta-2024-pocetak-3.jpg 600w\" sizes=\"(max-width: 300px) 100vw, 300px\" \/><\/a>&#8220;Ovo je samo jedna od mjera kojom, uz ulaganje u sportsku infrastrukturu, stipendiranje mladih perspektivnih sportista i pove\u0107ana ukupna izdvajanja za sportske klubove i za njihovo opremanje , mo\u017eemo da opravdamo ono \u010demu te\u017eimo, a to je da je Prijedor grad sporta&#8221;, istakao je Milje\u0161i\u0107.<\/p>\n<p>On je dodao da su se prve ve\u010deri manifestacije predstavili adrenalinski sportovi \/sportsko penjanje, planinarenje, aero-sport\/jedrili\u010darstvo , padobranstvo, biciklizam stoni tenis, \u0161ah, kros-fit, bodi- bilding, kuglanje i izvi\u0111a\u0161tvo.<\/p>\n<p>Milje\u0161i\u0107 je potvrdio da je predvi\u0111eno da manifestacija traje do \u010detvrtka 5.septembra kada je planiran defile svih u\u010desnika.<\/p>\n<p>Pokrovitelj manifestacije je Grad Prijedor uz u\u010de\u0161\u0107e svih sportskih klubova sa podru\u010dja grada.<\/p>\n<p><a href=\"https:\/\/www.prijedorgrad.org\/sr-EU\/vijesti-sadrzaj.html?vid=20690\" target=\"_blank\" rel=\"noopener\">prijedorgrad.org<\/a><\/p>\n<p><a href=\"https:\/\/www.prijedordanas.com\/wp-content\/uploads\/2024\/09\/prijedorgradorg-dani-sporta-2024-pocetak-4.jpg\"><img loading=\"lazy\" decoding=\"async\" class=\"alignleft size-medium wp-image-232910\" src=\"https:\/\/www.prijedordanas.com\/wp-content\/uploads\/2024\/09\/prijedorgradorg-dani-sporta-2024-pocetak-4-300x200.jpg\" alt=\"\" width=\"300\" height=\"200\" srcset=\"https:\/\/www.prijedordanas.com\/wp-content\/uploads\/2024\/09\/prijedorgradorg-dani-sporta-2024-pocetak-4-300x200.jpg 300w, https:\/\/www.prijedordanas.com\/wp-content\/uploads\/2024\/09\/prijedorgradorg-dani-sporta-2024-pocetak-4-480x320.jpg 480w, https:\/\/www.prijedordanas.com\/wp-content\/uploads\/2024\/09\/prijedorgradorg-dani-sporta-2024-pocetak-4.jpg 600w\" sizes=\"(max-width: 300px) 100vw, 300px\" \/><\/a> <a href=\"https:\/\/www.prijedordanas.com\/wp-content\/uploads\/2024\/09\/prijedorgradorg-dani-sporta-2024-pocetak-8.jpg\"><img loading=\"lazy\" decoding=\"async\" class=\"alignleft size-medium wp-image-232911\" src=\"https:\/\/www.prijedordanas.com\/wp-content\/uploads\/2024\/09\/prijedorgradorg-dani-sporta-2024-pocetak-8-300x200.jpg\" alt=\"\" width=\"300\" height=\"200\" srcset=\"https:\/\/www.prijedordanas.com\/wp-content\/uploads\/2024\/09\/prijedorgradorg-dani-sporta-2024-pocetak-8-300x200.jpg 300w, https:\/\/www.prijedordanas.com\/wp-content\/uploads\/2024\/09\/prijedorgradorg-dani-sporta-2024-pocetak-8-480x320.jpg 480w, https:\/\/www.prijedordanas.com\/wp-content\/uploads\/2024\/09\/prijedorgradorg-dani-sporta-2024-pocetak-8.jpg 600w\" sizes=\"(max-width: 300px) 100vw, 300px\" \/><\/a> <a href=\"https:\/\/www.prijedordanas.com\/wp-content\/uploads\/2024\/09\/prijedorgradorg-dani-sporta-2024-pocetak-6.jpg\"><img loading=\"lazy\" decoding=\"async\" class=\"alignleft size-medium wp-image-232912\" src=\"https:\/\/www.prijedordanas.com\/wp-content\/uploads\/2024\/09\/prijedorgradorg-dani-sporta-2024-pocetak-6-300x200.jpg\" alt=\"\" width=\"300\" height=\"200\" srcset=\"https:\/\/www.prijedordanas.com\/wp-content\/uploads\/2024\/09\/prijedorgradorg-dani-sporta-2024-pocetak-6-300x200.jpg 300w, https:\/\/www.prijedordanas.com\/wp-content\/uploads\/2024\/09\/prijedorgradorg-dani-sporta-2024-pocetak-6-480x320.jpg 480w, https:\/\/www.prijedordanas.com\/wp-content\/uploads\/2024\/09\/prijedorgradorg-dani-sporta-2024-pocetak-6.jpg 600w\" sizes=\"(max-width: 300px) 100vw, 300px\" \/><\/a> <a href=\"https:\/\/www.prijedordanas.com\/wp-content\/uploads\/2024\/09\/prijedorgradorg-dani-sporta-2024-pocetak-5.jpg\"><img loading=\"lazy\" decoding=\"async\" class=\"alignleft size-medium wp-image-232913\" src=\"https:\/\/www.prijedordanas.com\/wp-content\/uploads\/2024\/09\/prijedorgradorg-dani-sporta-2024-pocetak-5-300x200.jpg\" alt=\"\" width=\"300\" height=\"200\" srcset=\"https:\/\/www.prijedordanas.com\/wp-content\/uploads\/2024\/09\/prijedorgradorg-dani-sporta-2024-pocetak-5-300x200.jpg 300w, https:\/\/www.prijedordanas.com\/wp-content\/uploads\/2024\/09\/prijedorgradorg-dani-sporta-2024-pocetak-5-480x320.jpg 480w, https:\/\/www.prijedordanas.com\/wp-content\/uploads\/2024\/09\/prijedorgradorg-dani-sporta-2024-pocetak-5.jpg 600w\" sizes=\"(max-width: 300px) 100vw, 300px\" \/><\/a> <a href=\"https:\/\/www.prijedordanas.com\/wp-content\/uploads\/2024\/09\/prijedorgradorg-dani-sporta-2024-pocetak-9.jpg\"><img loading=\"lazy\" decoding=\"async\" class=\"alignleft size-medium wp-image-232914\" src=\"https:\/\/www.prijedordanas.com\/wp-content\/uploads\/2024\/09\/prijedorgradorg-dani-sporta-2024-pocetak-9-300x200.jpg\" alt=\"\" width=\"300\" height=\"200\" srcset=\"https:\/\/www.prijedordanas.com\/wp-content\/uploads\/2024\/09\/prijedorgradorg-dani-sporta-2024-pocetak-9-300x200.jpg 300w, https:\/\/www.prijedordanas.com\/wp-content\/uploads\/2024\/09\/prijedorgradorg-dani-sporta-2024-pocetak-9-480x320.jpg 480w, https:\/\/www.prijedordanas.com\/wp-content\/uploads\/2024\/09\/prijedorgradorg-dani-sporta-2024-pocetak-9.jpg 600w\" sizes=\"(max-width: 300px) 100vw, 300px\" \/><\/a> <a href=\"https:\/\/www.prijedordanas.com\/wp-content\/uploads\/2024\/09\/prijedorgradorg-dani-sporta-2024-pocetak-7.jpg\"><img loading=\"lazy\" decoding=\"async\" class=\"alignleft size-medium wp-image-232915\" src=\"https:\/\/www.prijedordanas.com\/wp-content\/uploads\/2024\/09\/prijedorgradorg-dani-sporta-2024-pocetak-7-300x200.jpg\" alt=\"\" width=\"300\" height=\"200\" srcset=\"https:\/\/www.prijedordanas.com\/wp-content\/uploads\/2024\/09\/prijedorgradorg-dani-sporta-2024-pocetak-7-300x200.jpg 300w, https:\/\/www.prijedordanas.com\/wp-content\/uploads\/2024\/09\/prijedorgradorg-dani-sporta-2024-pocetak-7-480x320.jpg 480w, https:\/\/www.prijedordanas.com\/wp-content\/uploads\/2024\/09\/prijedorgradorg-dani-sporta-2024-pocetak-7.jpg 600w\" sizes=\"(max-width: 300px) 100vw, 300px\" \/><\/a><\/p>\n","protected":false},"excerpt":{"rendered":"<p>Na Trgu majora Zorana Karlice ve\u010deras je otvorena manifestacija Dani sporta &#8220;Prijedor 2024&#8221; koja se po tre\u0107i put organizuje u Prijedoru. Na\u010delnik gradskog Odjeljenja za kulturu, me\u0111unarodnu saradnju, sport i [&hellip;]<\/p>\n","protected":false},"author":1,"featured_media":0,"comment_status":"closed","ping_status":"open","sticky":false,"template":"","format":"standard","meta":{"_monsterinsights_skip_tracking":false,"_monsterinsights_sitenote_active":false,"_monsterinsights_sitenote_note":"","_monsterinsights_sitenote_category":0,"footnotes":""},"categories":[4,7],"tags":[],"yoast_head":"<!-- This site is optimized with the Yoast SEO plugin v21.6 - https:\/\/yoast.com\/wordpress\/plugins\/seo\/ -->\n<title>Otvoreni Dani sporta &quot;Prijedor 2024&quot; - FOTO - PrijedorDanas.com - Prijedorski gradski portal<\/title>\n<meta name=\"robots\" content=\"index, follow, max-snippet:-1, max-image-preview:large, max-video-preview:-1\" \/>\n<link rel=\"canonical\" href=\"https:\/\/www.prijedordanas.com\/?p=232907\" \/>\n<meta property=\"og:locale\" content=\"en_US\" \/>\n<meta property=\"og:type\" content=\"article\" \/>\n<meta property=\"og:title\" content=\"Otvoreni Dani sporta &quot;Prijedor 2024&quot; - FOTO - PrijedorDanas.com - Prijedorski gradski portal\" \/>\n<meta property=\"og:description\" content=\"Na Trgu majora Zorana Karlice ve\u010deras je otvorena manifestacija Dani sporta &#8220;Prijedor 2024&#8221; koja se po tre\u0107i put organizuje u Prijedoru. Na\u010delnik gradskog Odjeljenja za kulturu, me\u0111unarodnu saradnju, sport i [&hellip;]\" \/>\n<meta property=\"og:url\" content=\"https:\/\/www.prijedordanas.com\/?p=232907\" \/>\n<meta property=\"og:site_name\" content=\"PrijedorDanas.com - Prijedorski gradski portal\" \/>\n<meta property=\"article:publisher\" content=\"https:\/\/www.facebook.com\/PrijedorDanasCom\/\" \/>\n<meta property=\"article:published_time\" content=\"2024-09-03T21:02:17+00:00\" \/>\n<meta property=\"og:image\" content=\"https:\/\/www.prijedordanas.com\/wp-content\/uploads\/2024\/09\/prijedorgradorg-dani-sporta-2024-pocetak-1-300x225.jpg\" \/>\n<meta name=\"author\" content=\"admin\" \/>\n<meta name=\"twitter:card\" content=\"summary_large_image\" \/>\n<meta name=\"twitter:label1\" content=\"Written by\" \/>\n\t<meta name=\"twitter:data1\" content=\"admin\" \/>\n\t<meta name=\"twitter:label2\" content=\"Est. reading time\" \/>\n\t<meta name=\"twitter:data2\" content=\"3 minutes\" \/>\n<script type=\"application\/ld+json\" class=\"yoast-schema-graph\">{\"@context\":\"https:\/\/schema.org\",\"@graph\":[{\"@type\":\"Article\",\"@id\":\"https:\/\/www.prijedordanas.com\/?p=232907#article\",\"isPartOf\":{\"@id\":\"https:\/\/www.prijedordanas.com\/?p=232907\"},\"author\":{\"name\":\"admin\",\"@id\":\"https:\/\/www.prijedordanas.com\/#\/schema\/person\/4e08ccf29b506ca916ff86d46bb700e6\"},\"headline\":\"Otvoreni Dani sporta &#8220;Prijedor 2024&#8221; &#8211; FOTO\",\"datePublished\":\"2024-09-03T21:02:17+00:00\",\"dateModified\":\"2024-09-03T21:02:17+00:00\",\"mainEntityOfPage\":{\"@id\":\"https:\/\/www.prijedordanas.com\/?p=232907\"},\"wordCount\":279,\"publisher\":{\"@id\":\"https:\/\/www.prijedordanas.com\/#organization\"},\"articleSection\":[\"Dru\u0161tvo\",\"Sport\"],\"inLanguage\":\"en-US\"},{\"@type\":\"WebPage\",\"@id\":\"https:\/\/www.prijedordanas.com\/?p=232907\",\"url\":\"https:\/\/www.prijedordanas.com\/?p=232907\",\"name\":\"Otvoreni Dani sporta \\\"Prijedor 2024\\\" - FOTO - PrijedorDanas.com - Prijedorski gradski portal\",\"isPartOf\":{\"@id\":\"https:\/\/www.prijedordanas.com\/#website\"},\"datePublished\":\"2024-09-03T21:02:17+00:00\",\"dateModified\":\"2024-09-03T21:02:17+00:00\",\"breadcrumb\":{\"@id\":\"https:\/\/www.prijedordanas.com\/?p=232907#breadcrumb\"},\"inLanguage\":\"en-US\",\"potentialAction\":[{\"@type\":\"ReadAction\",\"target\":[\"https:\/\/www.prijedordanas.com\/?p=232907\"]}]},{\"@type\":\"BreadcrumbList\",\"@id\":\"https:\/\/www.prijedordanas.com\/?p=232907#breadcrumb\",\"itemListElement\":[{\"@type\":\"ListItem\",\"position\":1,\"name\":\"Home\",\"item\":\"https:\/\/www.prijedordanas.com\/\"},{\"@type\":\"ListItem\",\"position\":2,\"name\":\"Otvoreni Dani sporta &#8220;Prijedor 2024&#8221; &#8211; FOTO\"}]},{\"@type\":\"WebSite\",\"@id\":\"https:\/\/www.prijedordanas.com\/#website\",\"url\":\"https:\/\/www.prijedordanas.com\/\",\"name\":\"PrijedorDanas.com - Prijedorski gradski portal\",\"description\":\"Portal o doga\u0111anjima u gradu Prijedoru\",\"publisher\":{\"@id\":\"https:\/\/www.prijedordanas.com\/#organization\"},\"potentialAction\":[{\"@type\":\"SearchAction\",\"target\":{\"@type\":\"EntryPoint\",\"urlTemplate\":\"https:\/\/www.prijedordanas.com\/?s={search_term_string}\"},\"query-input\":\"required name=search_term_string\"}],\"inLanguage\":\"en-US\"},{\"@type\":\"Organization\",\"@id\":\"https:\/\/www.prijedordanas.com\/#organization\",\"name\":\"PrijedorDanas.com\",\"url\":\"https:\/\/www.prijedordanas.com\/\",\"logo\":{\"@type\":\"ImageObject\",\"inLanguage\":\"en-US\",\"@id\":\"https:\/\/www.prijedordanas.com\/#\/schema\/logo\/image\/\",\"url\":\"http:\/\/www.prijedordanas.com\/wp-content\/uploads\/2021\/12\/logopng.png\",\"contentUrl\":\"http:\/\/www.prijedordanas.com\/wp-content\/uploads\/2021\/12\/logopng.png\",\"width\":1019,\"height\":776,\"caption\":\"PrijedorDanas.com\"},\"image\":{\"@id\":\"https:\/\/www.prijedordanas.com\/#\/schema\/logo\/image\/\"},\"sameAs\":[\"https:\/\/www.facebook.com\/PrijedorDanasCom\/\"]},{\"@type\":\"Person\",\"@id\":\"https:\/\/www.prijedordanas.com\/#\/schema\/person\/4e08ccf29b506ca916ff86d46bb700e6\",\"name\":\"admin\",\"image\":{\"@type\":\"ImageObject\",\"inLanguage\":\"en-US\",\"@id\":\"https:\/\/www.prijedordanas.com\/#\/schema\/person\/image\/\",\"url\":\"https:\/\/secure.gravatar.com\/avatar\/1d3fc949d550f0b53a5f0d51e06dfd79?s=96&d=mm&r=g\",\"contentUrl\":\"https:\/\/secure.gravatar.com\/avatar\/1d3fc949d550f0b53a5f0d51e06dfd79?s=96&d=mm&r=g\",\"caption\":\"admin\"},\"url\":\"https:\/\/www.prijedordanas.com\/?author=1\"}]}<\/script>\n<!-- \/ Yoast SEO plugin. -->","yoast_head_json":{"title":"Otvoreni Dani sporta \"Prijedor 2024\" - FOTO - PrijedorDanas.com - Prijedorski gradski portal","robots":{"index":"index","follow":"follow","max-snippet":"max-snippet:-1","max-image-preview":"max-image-preview:large","max-video-preview":"max-video-preview:-1"},"canonical":"https:\/\/www.prijedordanas.com\/?p=232907","og_locale":"en_US","og_type":"article","og_title":"Otvoreni Dani sporta \"Prijedor 2024\" - FOTO - PrijedorDanas.com - Prijedorski gradski portal","og_description":"Na Trgu majora Zorana Karlice ve\u010deras je otvorena manifestacija Dani sporta &#8220;Prijedor 2024&#8221; koja se po tre\u0107i put organizuje u Prijedoru. Na\u010delnik gradskog Odjeljenja za kulturu, me\u0111unarodnu saradnju, sport i [&hellip;]","og_url":"https:\/\/www.prijedordanas.com\/?p=232907","og_site_name":"PrijedorDanas.com - Prijedorski gradski portal","article_publisher":"https:\/\/www.facebook.com\/PrijedorDanasCom\/","article_published_time":"2024-09-03T21:02:17+00:00","og_image":[{"url":"https:\/\/www.prijedordanas.com\/wp-content\/uploads\/2024\/09\/prijedorgradorg-dani-sporta-2024-pocetak-1-300x225.jpg"}],"author":"admin","twitter_card":"summary_large_image","twitter_misc":{"Written by":"admin","Est. reading time":"3 minutes"},"schema":{"@context":"https:\/\/schema.org","@graph":[{"@type":"Article","@id":"https:\/\/www.prijedordanas.com\/?p=232907#article","isPartOf":{"@id":"https:\/\/www.prijedordanas.com\/?p=232907"},"author":{"name":"admin","@id":"https:\/\/www.prijedordanas.com\/#\/schema\/person\/4e08ccf29b506ca916ff86d46bb700e6"},"headline":"Otvoreni Dani sporta &#8220;Prijedor 2024&#8221; &#8211; FOTO","datePublished":"2024-09-03T21:02:17+00:00","dateModified":"2024-09-03T21:02:17+00:00","mainEntityOfPage":{"@id":"https:\/\/www.prijedordanas.com\/?p=232907"},"wordCount":279,"publisher":{"@id":"https:\/\/www.prijedordanas.com\/#organization"},"articleSection":["Dru\u0161tvo","Sport"],"inLanguage":"en-US"},{"@type":"WebPage","@id":"https:\/\/www.prijedordanas.com\/?p=232907","url":"https:\/\/www.prijedordanas.com\/?p=232907","name":"Otvoreni Dani sporta \"Prijedor 2024\" - FOTO - PrijedorDanas.com - Prijedorski gradski portal","isPartOf":{"@id":"https:\/\/www.prijedordanas.com\/#website"},"datePublished":"2024-09-03T21:02:17+00:00","dateModified":"2024-09-03T21:02:17+00:00","breadcrumb":{"@id":"https:\/\/www.prijedordanas.com\/?p=232907#breadcrumb"},"inLanguage":"en-US","potentialAction":[{"@type":"ReadAction","target":["https:\/\/www.prijedordanas.com\/?p=232907"]}]},{"@type":"BreadcrumbList","@id":"https:\/\/www.prijedordanas.com\/?p=232907#breadcrumb","itemListElement":[{"@type":"ListItem","position":1,"name":"Home","item":"https:\/\/www.prijedordanas.com\/"},{"@type":"ListItem","position":2,"name":"Otvoreni Dani sporta &#8220;Prijedor 2024&#8221; &#8211; FOTO"}]},{"@type":"WebSite","@id":"https:\/\/www.prijedordanas.com\/#website","url":"https:\/\/www.prijedordanas.com\/","name":"PrijedorDanas.com - Prijedorski gradski portal","description":"Portal o doga\u0111anjima u gradu Prijedoru","publisher":{"@id":"https:\/\/www.prijedordanas.com\/#organization"},"potentialAction":[{"@type":"SearchAction","target":{"@type":"EntryPoint","urlTemplate":"https:\/\/www.prijedordanas.com\/?s={search_term_string}"},"query-input":"required name=search_term_string"}],"inLanguage":"en-US"},{"@type":"Organization","@id":"https:\/\/www.prijedordanas.com\/#organization","name":"PrijedorDanas.com","url":"https:\/\/www.prijedordanas.com\/","logo":{"@type":"ImageObject","inLanguage":"en-US","@id":"https:\/\/www.prijedordanas.com\/#\/schema\/logo\/image\/","url":"http:\/\/www.prijedordanas.com\/wp-content\/uploads\/2021\/12\/logopng.png","contentUrl":"http:\/\/www.prijedordanas.com\/wp-content\/uploads\/2021\/12\/logopng.png","width":1019,"height":776,"caption":"PrijedorDanas.com"},"image":{"@id":"https:\/\/www.prijedordanas.com\/#\/schema\/logo\/image\/"},"sameAs":["https:\/\/www.facebook.com\/PrijedorDanasCom\/"]},{"@type":"Person","@id":"https:\/\/www.prijedordanas.com\/#\/schema\/person\/4e08ccf29b506ca916ff86d46bb700e6","name":"admin","image":{"@type":"ImageObject","inLanguage":"en-US","@id":"https:\/\/www.prijedordanas.com\/#\/schema\/person\/image\/","url":"https:\/\/secure.gravatar.com\/avatar\/1d3fc949d550f0b53a5f0d51e06dfd79?s=96&d=mm&r=g","contentUrl":"https:\/\/secure.gravatar.com\/avatar\/1d3fc949d550f0b53a5f0d51e06dfd79?s=96&d=mm&r=g","caption":"admin"},"url":"https:\/\/www.prijedordanas.com\/?author=1"}]}},"_links":{"self":[{"href":"https:\/\/www.prijedordanas.com\/index.php?rest_route=\/wp\/v2\/posts\/232907"}],"collection":[{"href":"https:\/\/www.prijedordanas.com\/index.php?rest_route=\/wp\/v2\/posts"}],"about":[{"href":"https:\/\/www.prijedordanas.com\/index.php?rest_route=\/wp\/v2\/types\/post"}],"author":[{"embeddable":true,"href":"https:\/\/www.prijedordanas.com\/index.php?rest_route=\/wp\/v2\/users\/1"}],"replies":[{"embeddable":true,"href":"https:\/\/www.prijedordanas.com\/index.php?rest_route=%2Fwp%2Fv2%2Fcomments&post=232907"}],"version-history":[{"count":1,"href":"https:\/\/www.prijedordanas.com\/index.php?rest_route=\/wp\/v2\/posts\/232907\/revisions"}],"predecessor-version":[{"id":232916,"href":"https:\/\/www.prijedordanas.com\/index.php?rest_route=\/wp\/v2\/posts\/232907\/revisions\/232916"}],"wp:attachment":[{"href":"https:\/\/www.prijedordanas.com\/index.php?rest_route=%2Fwp%2Fv2%2Fmedia&parent=232907"}],"wp:term":[{"taxonomy":"category","embeddable":true,"href":"https:\/\/www.prijedordanas.com\/index.php?rest_route=%2Fwp%2Fv2%2Fcategories&post=232907"},{"taxonomy":"post_tag","embeddable":true,"href":"https:\/\/www.prijedordanas.com\/index.php?rest_route=%2Fwp%2Fv2%2Ftags&post=232907"}],"curies":[{"name":"wp","href":"https:\/\/api.w.org\/{rel}","templated":true}]}}