{"id":232767,"date":"2024-09-01T10:30:12","date_gmt":"2024-09-01T08:30:12","guid":{"rendered":"https:\/\/www.prijedordanas.com\/?p=232767"},"modified":"2024-09-01T10:30:12","modified_gmt":"2024-09-01T08:30:12","slug":"u-prijedoru-otvorena-kancelarija-nezavisnog-pokreta-svojim-putem-igor-radojicic-foto","status":"publish","type":"post","link":"https:\/\/www.prijedordanas.com\/?p=232767","title":{"rendered":"U Prijedoru otvorena kancelarija Nezavisnog pokreta &#8220;Svojim putem&#8221; &#8211; Igor Radoji\u010di\u0107 &#8211; FOTO"},"content":{"rendered":"<p><a href=\"https:\/\/www.prijedordanas.com\/wp-content\/uploads\/2024\/09\/np-svojim-putem-igor-radojicic-kancelarija-prijedor-1.jpg\"><img loading=\"lazy\" decoding=\"async\" class=\"alignleft size-medium wp-image-232769\" src=\"https:\/\/www.prijedordanas.com\/wp-content\/uploads\/2024\/09\/np-svojim-putem-igor-radojicic-kancelarija-prijedor-1-300x300.jpg\" alt=\"\" width=\"300\" height=\"300\" srcset=\"https:\/\/www.prijedordanas.com\/wp-content\/uploads\/2024\/09\/np-svojim-putem-igor-radojicic-kancelarija-prijedor-1-300x300.jpg 300w, https:\/\/www.prijedordanas.com\/wp-content\/uploads\/2024\/09\/np-svojim-putem-igor-radojicic-kancelarija-prijedor-1-150x150.jpg 150w, https:\/\/www.prijedordanas.com\/wp-content\/uploads\/2024\/09\/np-svojim-putem-igor-radojicic-kancelarija-prijedor-1-50x50.jpg 50w, https:\/\/www.prijedordanas.com\/wp-content\/uploads\/2024\/09\/np-svojim-putem-igor-radojicic-kancelarija-prijedor-1.jpg 600w\" sizes=\"(max-width: 300px) 100vw, 300px\" \/><\/a>Nezavisni pokret \u201eSvojim putem\u201c &#8211; Igor Radoji\u010di\u0107 otvorio je u ju\u010de svoju kancelariju u Prijedoru.<\/p>\n<p>Predsjednik Pokreta Igor Radoji\u010di\u0107 rekao je da je ovo va\u017ean momenat za Pokret jer bez Prijedora, kao tre\u0107eg po veli\u010dini grada u Republici Srpskoj i centra regije, ovaj politi\u010dki subjekt ne bi bio kompletan.<\/p>\n<p>\u201eNadam se da je ovo bitan momenat i za Prijedor, zato \u0161to sam potpuno ubije\u0111en da ovdje postoji ogroman prostor za djelovanje. Ne\u0107u obrazlagati za\u0161to i kako, ali Prijedor je, po onome svemu \u0161to smo mi istra\u017eivali i posmatrali, najve\u0107a sredina u Republike Srpskoj sa najve\u0107im brojem neopredijeljenih i neanga\u017eovanih\u201c, kazao je Radoji\u010di\u0107.<\/p>\n<p>On je naveo da ima utisak da Prijedor spava i da se ne de\u0161ava ni\u0161ta, iako je velika sredina iz koje bi trebalo da stalno vibrira, da se de\u0161avaju doga\u0111aji, da se rade projekti, da \u010ditava velika i bogata regija ide naprijed.<\/p>\n<p><a href=\"https:\/\/www.prijedordanas.com\/wp-content\/uploads\/2024\/09\/np-svojim-putem-igor-radojicic-kancelarija-prijedor-3.jpg\"><img loading=\"lazy\" decoding=\"async\" class=\"alignleft size-medium wp-image-232770\" src=\"https:\/\/www.prijedordanas.com\/wp-content\/uploads\/2024\/09\/np-svojim-putem-igor-radojicic-kancelarija-prijedor-3-300x200.jpg\" alt=\"\" width=\"300\" height=\"200\" srcset=\"https:\/\/www.prijedordanas.com\/wp-content\/uploads\/2024\/09\/np-svojim-putem-igor-radojicic-kancelarija-prijedor-3-300x200.jpg 300w, https:\/\/www.prijedordanas.com\/wp-content\/uploads\/2024\/09\/np-svojim-putem-igor-radojicic-kancelarija-prijedor-3-480x320.jpg 480w, https:\/\/www.prijedordanas.com\/wp-content\/uploads\/2024\/09\/np-svojim-putem-igor-radojicic-kancelarija-prijedor-3.jpg 600w\" sizes=\"(max-width: 300px) 100vw, 300px\" \/><\/a>\u201eNeko to mora da probudi ili da prodrma. Ovdje je izuzetno mlada ekipa i ja sam veoma sre\u0107an \u0161to su ovi ljudi na \u010delu sa Radenkom Banovi\u0107em prihvatili se ovog posla. Ve\u0107ina ili svi, mislim, prvi put su u politici i neka im je bog na pomo\u0107i. Ali to je fina pri\u010da za Prijedor zato \u0161to su novi ljudi, obrazovani, idu svojim putem i u privatnim \u017eivotima, situirani, sposobni i mogu da razmi\u0161ljaju o narednom periodu od 10, 20 i 30 godina za Prijedor i za mjesto u kojem \u017eive\u201c, istakao je Radoji\u010di\u0107.<\/p>\n<p>On je naglasio da se prvo treba fokusirati na to da u Prijedoru ljudi najprije \u010duju da postoji ovaj pokret i da se svje\u017ea, mlada, nova, obrazovana, kulturna ekipa postavi kao alternativa svima.<\/p>\n<p><a href=\"https:\/\/www.prijedordanas.com\/wp-content\/uploads\/2024\/09\/np-svojim-putem-igor-radojicic-kancelarija-prijedor-8.jpg\"><img loading=\"lazy\" decoding=\"async\" class=\"alignleft size-medium wp-image-232772\" src=\"https:\/\/www.prijedordanas.com\/wp-content\/uploads\/2024\/09\/np-svojim-putem-igor-radojicic-kancelarija-prijedor-8-300x200.jpg\" alt=\"\" width=\"300\" height=\"200\" srcset=\"https:\/\/www.prijedordanas.com\/wp-content\/uploads\/2024\/09\/np-svojim-putem-igor-radojicic-kancelarija-prijedor-8-300x200.jpg 300w, https:\/\/www.prijedordanas.com\/wp-content\/uploads\/2024\/09\/np-svojim-putem-igor-radojicic-kancelarija-prijedor-8-480x320.jpg 480w, https:\/\/www.prijedordanas.com\/wp-content\/uploads\/2024\/09\/np-svojim-putem-igor-radojicic-kancelarija-prijedor-8.jpg 600w\" sizes=\"(max-width: 300px) 100vw, 300px\" \/><\/a>\u201eJer lokalna vlast, koja je ista kao i republi\u010dka, ja mislim da, osim \u0161to im je voda nanijela da su postali vlast sticajem razli\u010ditih okolnosti, da ne bi izdr\u017eavali ozbiljnu konkurenciju i ozbiljnu organizovanu politi\u010dku partiju u kojoj smo\u201c, dodao je Radoji\u010di\u0107 ocjenjuju\u0107i da ve\u0107 na op\u0161tim izborima 2026. ova stranka mo\u017ee biti ne najve\u0107i ali klju\u010dni politi\u010dki subjekt i u Banjaluci i u Prijedoru i u Republici Srpskoj.<\/p>\n<p>Potpredsjednik Pokreta i povjerenik za Prijedor Radenko Banovi\u0107 rekao je da je ekipa koja se okupila u Prijedorua mlada i perspektiva, a ljudi obrazovani, ostvareni u svojim profesijama i ne zavise ni na koji na\u010din od vlasti.<\/p>\n<p>\u201eDa do\u0111emo do ljudi, to nije lako u uslovima ovakvih medijskih okolnosti gdje vlast ima svoje medije, opozicija svoje. Mi svoju \u0161ansu tra\u017eimo preko li\u010dnih kontakata i preko socijalnih mre\u017ea\u201c, naveo je Banovi\u0107.<\/p>\n<p><a href=\"https:\/\/www.prijedordanas.com\/wp-content\/uploads\/2024\/09\/np-svojim-putem-igor-radojicic-kancelarija-prijedor-5.jpg\"><img loading=\"lazy\" decoding=\"async\" class=\"alignleft size-medium wp-image-232773\" src=\"https:\/\/www.prijedordanas.com\/wp-content\/uploads\/2024\/09\/np-svojim-putem-igor-radojicic-kancelarija-prijedor-5-300x200.jpg\" alt=\"\" width=\"300\" height=\"200\" srcset=\"https:\/\/www.prijedordanas.com\/wp-content\/uploads\/2024\/09\/np-svojim-putem-igor-radojicic-kancelarija-prijedor-5-300x200.jpg 300w, https:\/\/www.prijedordanas.com\/wp-content\/uploads\/2024\/09\/np-svojim-putem-igor-radojicic-kancelarija-prijedor-5-480x320.jpg 480w, https:\/\/www.prijedordanas.com\/wp-content\/uploads\/2024\/09\/np-svojim-putem-igor-radojicic-kancelarija-prijedor-5.jpg 600w\" sizes=\"(max-width: 300px) 100vw, 300px\" \/><\/a>On je ocijenio da je u Prijedoru situacija lo\u0161a po vi\u0161e osnova.<\/p>\n<p>\u201ePrethodne \u010detiri godine smo imali istu vlast &#8211; stabilnu skup\u0161tinsku ve\u0107inu, gradona\u010delnika, republi\u010dku vlast, predsjednika, vlast na nivou BiH, dakle, idealne politi\u010dke uslove da se u Prijedoru stvori neka bolja perspektiva za ovaj grad. Me\u0111utim, nije ura\u0111eno ni\u0161ta, na\u017ealost, a obe\u0107avano je mnogo\u201c, dodao je Banovi\u0107.<\/p>\n<p>On je naglasio da inicijativa mora da krene iz ovog grada.<\/p>\n<p><a href=\"https:\/\/www.prijedordanas.com\/wp-content\/uploads\/2024\/09\/np-svojim-putem-igor-radojicic-kancelarija-prijedor-6.jpg\"><img loading=\"lazy\" decoding=\"async\" class=\"alignleft size-medium wp-image-232774\" src=\"https:\/\/www.prijedordanas.com\/wp-content\/uploads\/2024\/09\/np-svojim-putem-igor-radojicic-kancelarija-prijedor-6-300x200.jpg\" alt=\"\" width=\"300\" height=\"200\" srcset=\"https:\/\/www.prijedordanas.com\/wp-content\/uploads\/2024\/09\/np-svojim-putem-igor-radojicic-kancelarija-prijedor-6-300x200.jpg 300w, https:\/\/www.prijedordanas.com\/wp-content\/uploads\/2024\/09\/np-svojim-putem-igor-radojicic-kancelarija-prijedor-6-480x320.jpg 480w, https:\/\/www.prijedordanas.com\/wp-content\/uploads\/2024\/09\/np-svojim-putem-igor-radojicic-kancelarija-prijedor-6.jpg 600w\" sizes=\"(max-width: 300px) 100vw, 300px\" \/><\/a>\u201eNiko nama ni\u0161ta ne\u0107e dati. Prvo, svi mi se moramo izboriti ovdje za svoju poziciju, a da onda odavde idemo i tra\u017eimo ne\u0161to za ovaj grad i od Republike. Ja mislim da je to mogu\u0107e ako stavimo dru\u0161tveni interes ispred svog li\u010dnog. I to jest ideja svih koji smo ovdje okupljeni. Bi\u0107e te\u0161ko, ne\u0107e biti lako, ali imamo \u0161ansu i da\u0107emo sve od sebe. Nadam se da \u0107e ljudi prepoznati ovo sve o \u010demu pri\u010damo, jer to je stvarno istina i svi ljudi koji su ovdje se okupili su dobronamjerni, \u010destiti, po\u0161teni, vrijedni ljudi. I ovaj grad zaista ima \u0161ansu da izabere takve ljude\u201c, poru\u010dio je Banovi\u0107.<\/p>\n<p>Kancelarija se nalazi na adresi Svetosavska 18, kod parkinga Jereza.<\/p>\n<p>Tekst &#8211; <a href=\"https:\/\/www.prijedordanas.com\" target=\"_blank\" rel=\"noopener noreferrer\">www.prijedordanas.com<\/a><br \/>\nFoto &#8211; ustupljeni foto<\/p>\n<p><a href=\"https:\/\/www.prijedordanas.com\/wp-content\/uploads\/2024\/09\/np-svojim-putem-igor-radojicic-kancelarija-prijedor-4.jpg\"><img loading=\"lazy\" decoding=\"async\" class=\"alignleft size-medium wp-image-232775\" src=\"https:\/\/www.prijedordanas.com\/wp-content\/uploads\/2024\/09\/np-svojim-putem-igor-radojicic-kancelarija-prijedor-4-300x200.jpg\" alt=\"\" width=\"300\" height=\"200\" srcset=\"https:\/\/www.prijedordanas.com\/wp-content\/uploads\/2024\/09\/np-svojim-putem-igor-radojicic-kancelarija-prijedor-4-300x200.jpg 300w, https:\/\/www.prijedordanas.com\/wp-content\/uploads\/2024\/09\/np-svojim-putem-igor-radojicic-kancelarija-prijedor-4-480x320.jpg 480w, https:\/\/www.prijedordanas.com\/wp-content\/uploads\/2024\/09\/np-svojim-putem-igor-radojicic-kancelarija-prijedor-4.jpg 600w\" sizes=\"(max-width: 300px) 100vw, 300px\" \/><\/a> <a href=\"https:\/\/www.prijedordanas.com\/wp-content\/uploads\/2024\/09\/np-svojim-putem-igor-radojicic-kancelarija-prijedor-7.jpg\"><img loading=\"lazy\" decoding=\"async\" class=\"alignleft size-medium wp-image-232776\" src=\"https:\/\/www.prijedordanas.com\/wp-content\/uploads\/2024\/09\/np-svojim-putem-igor-radojicic-kancelarija-prijedor-7-300x200.jpg\" alt=\"\" width=\"300\" height=\"200\" srcset=\"https:\/\/www.prijedordanas.com\/wp-content\/uploads\/2024\/09\/np-svojim-putem-igor-radojicic-kancelarija-prijedor-7-300x200.jpg 300w, https:\/\/www.prijedordanas.com\/wp-content\/uploads\/2024\/09\/np-svojim-putem-igor-radojicic-kancelarija-prijedor-7-480x320.jpg 480w, https:\/\/www.prijedordanas.com\/wp-content\/uploads\/2024\/09\/np-svojim-putem-igor-radojicic-kancelarija-prijedor-7.jpg 600w\" sizes=\"(max-width: 300px) 100vw, 300px\" \/><\/a><\/p>\n","protected":false},"excerpt":{"rendered":"<p>Nezavisni pokret \u201eSvojim putem\u201c &#8211; Igor Radoji\u010di\u0107 otvorio je u ju\u010de svoju kancelariju u Prijedoru. Predsjednik Pokreta Igor Radoji\u010di\u0107 rekao je da je ovo va\u017ean momenat za Pokret jer bez [&hellip;]<\/p>\n","protected":false},"author":1,"featured_media":0,"comment_status":"closed","ping_status":"open","sticky":false,"template":"","format":"standard","meta":{"_monsterinsights_skip_tracking":false,"_monsterinsights_sitenote_active":false,"_monsterinsights_sitenote_note":"","_monsterinsights_sitenote_category":0,"footnotes":""},"categories":[8],"tags":[],"yoast_head":"<!-- This site is optimized with the Yoast SEO plugin v21.6 - https:\/\/yoast.com\/wordpress\/plugins\/seo\/ -->\n<title>U Prijedoru otvorena kancelarija Nezavisnog pokreta &quot;Svojim putem&quot; - Igor Radoji\u010di\u0107 - FOTO - PrijedorDanas.com - Prijedorski gradski portal<\/title>\n<meta name=\"robots\" content=\"index, follow, max-snippet:-1, max-image-preview:large, max-video-preview:-1\" \/>\n<link rel=\"canonical\" href=\"https:\/\/www.prijedordanas.com\/?p=232767\" \/>\n<meta property=\"og:locale\" content=\"en_US\" \/>\n<meta property=\"og:type\" content=\"article\" \/>\n<meta property=\"og:title\" content=\"U Prijedoru otvorena kancelarija Nezavisnog pokreta &quot;Svojim putem&quot; - Igor Radoji\u010di\u0107 - FOTO - PrijedorDanas.com - Prijedorski gradski portal\" \/>\n<meta property=\"og:description\" content=\"Nezavisni pokret \u201eSvojim putem\u201c &#8211; Igor Radoji\u010di\u0107 otvorio je u ju\u010de svoju kancelariju u Prijedoru. Predsjednik Pokreta Igor Radoji\u010di\u0107 rekao je da je ovo va\u017ean momenat za Pokret jer bez [&hellip;]\" \/>\n<meta property=\"og:url\" content=\"https:\/\/www.prijedordanas.com\/?p=232767\" \/>\n<meta property=\"og:site_name\" content=\"PrijedorDanas.com - Prijedorski gradski portal\" \/>\n<meta property=\"article:publisher\" content=\"https:\/\/www.facebook.com\/PrijedorDanasCom\/\" \/>\n<meta property=\"article:published_time\" content=\"2024-09-01T08:30:12+00:00\" \/>\n<meta property=\"og:image\" content=\"https:\/\/www.prijedordanas.com\/wp-content\/uploads\/2024\/09\/np-svojim-putem-igor-radojicic-kancelarija-prijedor-1-300x300.jpg\" \/>\n<meta name=\"author\" content=\"admin\" \/>\n<meta name=\"twitter:card\" content=\"summary_large_image\" \/>\n<meta name=\"twitter:label1\" content=\"Written by\" \/>\n\t<meta name=\"twitter:data1\" content=\"admin\" \/>\n\t<meta name=\"twitter:label2\" content=\"Est. reading time\" \/>\n\t<meta name=\"twitter:data2\" content=\"5 minutes\" \/>\n<script type=\"application\/ld+json\" class=\"yoast-schema-graph\">{\"@context\":\"https:\/\/schema.org\",\"@graph\":[{\"@type\":\"Article\",\"@id\":\"https:\/\/www.prijedordanas.com\/?p=232767#article\",\"isPartOf\":{\"@id\":\"https:\/\/www.prijedordanas.com\/?p=232767\"},\"author\":{\"name\":\"admin\",\"@id\":\"https:\/\/www.prijedordanas.com\/#\/schema\/person\/4e08ccf29b506ca916ff86d46bb700e6\"},\"headline\":\"U Prijedoru otvorena kancelarija Nezavisnog pokreta &#8220;Svojim putem&#8221; &#8211; Igor Radoji\u010di\u0107 &#8211; FOTO\",\"datePublished\":\"2024-09-01T08:30:12+00:00\",\"dateModified\":\"2024-09-01T08:30:12+00:00\",\"mainEntityOfPage\":{\"@id\":\"https:\/\/www.prijedordanas.com\/?p=232767\"},\"wordCount\":682,\"publisher\":{\"@id\":\"https:\/\/www.prijedordanas.com\/#organization\"},\"articleSection\":[\"Svakodnevno\"],\"inLanguage\":\"en-US\"},{\"@type\":\"WebPage\",\"@id\":\"https:\/\/www.prijedordanas.com\/?p=232767\",\"url\":\"https:\/\/www.prijedordanas.com\/?p=232767\",\"name\":\"U Prijedoru otvorena kancelarija Nezavisnog pokreta \\\"Svojim putem\\\" - Igor Radoji\u010di\u0107 - FOTO - PrijedorDanas.com - Prijedorski gradski portal\",\"isPartOf\":{\"@id\":\"https:\/\/www.prijedordanas.com\/#website\"},\"datePublished\":\"2024-09-01T08:30:12+00:00\",\"dateModified\":\"2024-09-01T08:30:12+00:00\",\"breadcrumb\":{\"@id\":\"https:\/\/www.prijedordanas.com\/?p=232767#breadcrumb\"},\"inLanguage\":\"en-US\",\"potentialAction\":[{\"@type\":\"ReadAction\",\"target\":[\"https:\/\/www.prijedordanas.com\/?p=232767\"]}]},{\"@type\":\"BreadcrumbList\",\"@id\":\"https:\/\/www.prijedordanas.com\/?p=232767#breadcrumb\",\"itemListElement\":[{\"@type\":\"ListItem\",\"position\":1,\"name\":\"Home\",\"item\":\"https:\/\/www.prijedordanas.com\/\"},{\"@type\":\"ListItem\",\"position\":2,\"name\":\"U Prijedoru otvorena kancelarija Nezavisnog pokreta &#8220;Svojim putem&#8221; &#8211; Igor Radoji\u010di\u0107 &#8211; FOTO\"}]},{\"@type\":\"WebSite\",\"@id\":\"https:\/\/www.prijedordanas.com\/#website\",\"url\":\"https:\/\/www.prijedordanas.com\/\",\"name\":\"PrijedorDanas.com - Prijedorski gradski portal\",\"description\":\"Portal o doga\u0111anjima u gradu Prijedoru\",\"publisher\":{\"@id\":\"https:\/\/www.prijedordanas.com\/#organization\"},\"potentialAction\":[{\"@type\":\"SearchAction\",\"target\":{\"@type\":\"EntryPoint\",\"urlTemplate\":\"https:\/\/www.prijedordanas.com\/?s={search_term_string}\"},\"query-input\":\"required name=search_term_string\"}],\"inLanguage\":\"en-US\"},{\"@type\":\"Organization\",\"@id\":\"https:\/\/www.prijedordanas.com\/#organization\",\"name\":\"PrijedorDanas.com\",\"url\":\"https:\/\/www.prijedordanas.com\/\",\"logo\":{\"@type\":\"ImageObject\",\"inLanguage\":\"en-US\",\"@id\":\"https:\/\/www.prijedordanas.com\/#\/schema\/logo\/image\/\",\"url\":\"http:\/\/www.prijedordanas.com\/wp-content\/uploads\/2021\/12\/logopng.png\",\"contentUrl\":\"http:\/\/www.prijedordanas.com\/wp-content\/uploads\/2021\/12\/logopng.png\",\"width\":1019,\"height\":776,\"caption\":\"PrijedorDanas.com\"},\"image\":{\"@id\":\"https:\/\/www.prijedordanas.com\/#\/schema\/logo\/image\/\"},\"sameAs\":[\"https:\/\/www.facebook.com\/PrijedorDanasCom\/\"]},{\"@type\":\"Person\",\"@id\":\"https:\/\/www.prijedordanas.com\/#\/schema\/person\/4e08ccf29b506ca916ff86d46bb700e6\",\"name\":\"admin\",\"image\":{\"@type\":\"ImageObject\",\"inLanguage\":\"en-US\",\"@id\":\"https:\/\/www.prijedordanas.com\/#\/schema\/person\/image\/\",\"url\":\"https:\/\/secure.gravatar.com\/avatar\/1d3fc949d550f0b53a5f0d51e06dfd79?s=96&d=mm&r=g\",\"contentUrl\":\"https:\/\/secure.gravatar.com\/avatar\/1d3fc949d550f0b53a5f0d51e06dfd79?s=96&d=mm&r=g\",\"caption\":\"admin\"},\"url\":\"https:\/\/www.prijedordanas.com\/?author=1\"}]}<\/script>\n<!-- \/ Yoast SEO plugin. -->","yoast_head_json":{"title":"U Prijedoru otvorena kancelarija Nezavisnog pokreta \"Svojim putem\" - Igor Radoji\u010di\u0107 - FOTO - PrijedorDanas.com - Prijedorski gradski portal","robots":{"index":"index","follow":"follow","max-snippet":"max-snippet:-1","max-image-preview":"max-image-preview:large","max-video-preview":"max-video-preview:-1"},"canonical":"https:\/\/www.prijedordanas.com\/?p=232767","og_locale":"en_US","og_type":"article","og_title":"U Prijedoru otvorena kancelarija Nezavisnog pokreta \"Svojim putem\" - Igor Radoji\u010di\u0107 - FOTO - PrijedorDanas.com - Prijedorski gradski portal","og_description":"Nezavisni pokret \u201eSvojim putem\u201c &#8211; Igor Radoji\u010di\u0107 otvorio je u ju\u010de svoju kancelariju u Prijedoru. Predsjednik Pokreta Igor Radoji\u010di\u0107 rekao je da je ovo va\u017ean momenat za Pokret jer bez [&hellip;]","og_url":"https:\/\/www.prijedordanas.com\/?p=232767","og_site_name":"PrijedorDanas.com - Prijedorski gradski portal","article_publisher":"https:\/\/www.facebook.com\/PrijedorDanasCom\/","article_published_time":"2024-09-01T08:30:12+00:00","og_image":[{"url":"https:\/\/www.prijedordanas.com\/wp-content\/uploads\/2024\/09\/np-svojim-putem-igor-radojicic-kancelarija-prijedor-1-300x300.jpg"}],"author":"admin","twitter_card":"summary_large_image","twitter_misc":{"Written by":"admin","Est. reading time":"5 minutes"},"schema":{"@context":"https:\/\/schema.org","@graph":[{"@type":"Article","@id":"https:\/\/www.prijedordanas.com\/?p=232767#article","isPartOf":{"@id":"https:\/\/www.prijedordanas.com\/?p=232767"},"author":{"name":"admin","@id":"https:\/\/www.prijedordanas.com\/#\/schema\/person\/4e08ccf29b506ca916ff86d46bb700e6"},"headline":"U Prijedoru otvorena kancelarija Nezavisnog pokreta &#8220;Svojim putem&#8221; &#8211; Igor Radoji\u010di\u0107 &#8211; FOTO","datePublished":"2024-09-01T08:30:12+00:00","dateModified":"2024-09-01T08:30:12+00:00","mainEntityOfPage":{"@id":"https:\/\/www.prijedordanas.com\/?p=232767"},"wordCount":682,"publisher":{"@id":"https:\/\/www.prijedordanas.com\/#organization"},"articleSection":["Svakodnevno"],"inLanguage":"en-US"},{"@type":"WebPage","@id":"https:\/\/www.prijedordanas.com\/?p=232767","url":"https:\/\/www.prijedordanas.com\/?p=232767","name":"U Prijedoru otvorena kancelarija Nezavisnog pokreta \"Svojim putem\" - Igor Radoji\u010di\u0107 - FOTO - PrijedorDanas.com - Prijedorski gradski portal","isPartOf":{"@id":"https:\/\/www.prijedordanas.com\/#website"},"datePublished":"2024-09-01T08:30:12+00:00","dateModified":"2024-09-01T08:30:12+00:00","breadcrumb":{"@id":"https:\/\/www.prijedordanas.com\/?p=232767#breadcrumb"},"inLanguage":"en-US","potentialAction":[{"@type":"ReadAction","target":["https:\/\/www.prijedordanas.com\/?p=232767"]}]},{"@type":"BreadcrumbList","@id":"https:\/\/www.prijedordanas.com\/?p=232767#breadcrumb","itemListElement":[{"@type":"ListItem","position":1,"name":"Home","item":"https:\/\/www.prijedordanas.com\/"},{"@type":"ListItem","position":2,"name":"U Prijedoru otvorena kancelarija Nezavisnog pokreta &#8220;Svojim putem&#8221; &#8211; Igor Radoji\u010di\u0107 &#8211; FOTO"}]},{"@type":"WebSite","@id":"https:\/\/www.prijedordanas.com\/#website","url":"https:\/\/www.prijedordanas.com\/","name":"PrijedorDanas.com - Prijedorski gradski portal","description":"Portal o doga\u0111anjima u gradu Prijedoru","publisher":{"@id":"https:\/\/www.prijedordanas.com\/#organization"},"potentialAction":[{"@type":"SearchAction","target":{"@type":"EntryPoint","urlTemplate":"https:\/\/www.prijedordanas.com\/?s={search_term_string}"},"query-input":"required name=search_term_string"}],"inLanguage":"en-US"},{"@type":"Organization","@id":"https:\/\/www.prijedordanas.com\/#organization","name":"PrijedorDanas.com","url":"https:\/\/www.prijedordanas.com\/","logo":{"@type":"ImageObject","inLanguage":"en-US","@id":"https:\/\/www.prijedordanas.com\/#\/schema\/logo\/image\/","url":"http:\/\/www.prijedordanas.com\/wp-content\/uploads\/2021\/12\/logopng.png","contentUrl":"http:\/\/www.prijedordanas.com\/wp-content\/uploads\/2021\/12\/logopng.png","width":1019,"height":776,"caption":"PrijedorDanas.com"},"image":{"@id":"https:\/\/www.prijedordanas.com\/#\/schema\/logo\/image\/"},"sameAs":["https:\/\/www.facebook.com\/PrijedorDanasCom\/"]},{"@type":"Person","@id":"https:\/\/www.prijedordanas.com\/#\/schema\/person\/4e08ccf29b506ca916ff86d46bb700e6","name":"admin","image":{"@type":"ImageObject","inLanguage":"en-US","@id":"https:\/\/www.prijedordanas.com\/#\/schema\/person\/image\/","url":"https:\/\/secure.gravatar.com\/avatar\/1d3fc949d550f0b53a5f0d51e06dfd79?s=96&d=mm&r=g","contentUrl":"https:\/\/secure.gravatar.com\/avatar\/1d3fc949d550f0b53a5f0d51e06dfd79?s=96&d=mm&r=g","caption":"admin"},"url":"https:\/\/www.prijedordanas.com\/?author=1"}]}},"_links":{"self":[{"href":"https:\/\/www.prijedordanas.com\/index.php?rest_route=\/wp\/v2\/posts\/232767"}],"collection":[{"href":"https:\/\/www.prijedordanas.com\/index.php?rest_route=\/wp\/v2\/posts"}],"about":[{"href":"https:\/\/www.prijedordanas.com\/index.php?rest_route=\/wp\/v2\/types\/post"}],"author":[{"embeddable":true,"href":"https:\/\/www.prijedordanas.com\/index.php?rest_route=\/wp\/v2\/users\/1"}],"replies":[{"embeddable":true,"href":"https:\/\/www.prijedordanas.com\/index.php?rest_route=%2Fwp%2Fv2%2Fcomments&post=232767"}],"version-history":[{"count":1,"href":"https:\/\/www.prijedordanas.com\/index.php?rest_route=\/wp\/v2\/posts\/232767\/revisions"}],"predecessor-version":[{"id":232777,"href":"https:\/\/www.prijedordanas.com\/index.php?rest_route=\/wp\/v2\/posts\/232767\/revisions\/232777"}],"wp:attachment":[{"href":"https:\/\/www.prijedordanas.com\/index.php?rest_route=%2Fwp%2Fv2%2Fmedia&parent=232767"}],"wp:term":[{"taxonomy":"category","embeddable":true,"href":"https:\/\/www.prijedordanas.com\/index.php?rest_route=%2Fwp%2Fv2%2Fcategories&post=232767"},{"taxonomy":"post_tag","embeddable":true,"href":"https:\/\/www.prijedordanas.com\/index.php?rest_route=%2Fwp%2Fv2%2Ftags&post=232767"}],"curies":[{"name":"wp","href":"https:\/\/api.w.org\/{rel}","templated":true}]}}