{"id":232751,"date":"2024-08-31T10:16:55","date_gmt":"2024-08-31T08:16:55","guid":{"rendered":"https:\/\/www.prijedordanas.com\/?p=232751"},"modified":"2024-08-31T10:16:55","modified_gmt":"2024-08-31T08:16:55","slug":"prijedor-dani-sporta-od-3-do-5-septembra-video","status":"publish","type":"post","link":"https:\/\/www.prijedordanas.com\/?p=232751","title":{"rendered":"Prijedor: Dani sporta od 3. do 5. septembra &#8211; VIDEO"},"content":{"rendered":"<p><a href=\"https:\/\/www.prijedordanas.com\/wp-content\/uploads\/2024\/08\/kozarski-dani-sporta-arhiva.jpg\"><img loading=\"lazy\" decoding=\"async\" class=\"alignleft size-medium wp-image-232758\" src=\"https:\/\/www.prijedordanas.com\/wp-content\/uploads\/2024\/08\/kozarski-dani-sporta-arhiva-300x225.jpg\" alt=\"\" width=\"300\" height=\"225\" srcset=\"https:\/\/www.prijedordanas.com\/wp-content\/uploads\/2024\/08\/kozarski-dani-sporta-arhiva-300x225.jpg 300w, https:\/\/www.prijedordanas.com\/wp-content\/uploads\/2024\/08\/kozarski-dani-sporta-arhiva-640x480.jpg 640w, https:\/\/www.prijedordanas.com\/wp-content\/uploads\/2024\/08\/kozarski-dani-sporta-arhiva.jpg 667w\" sizes=\"(max-width: 300px) 100vw, 300px\" \/><\/a>Dani sporta u Prijedoru bi\u0107e odr\u017eani od 3. do 5. septemrba, a svakog dana manifestacije promovisa\u0107e se nekoliko razli\u010ditih sportova, dok je zavr\u0161nog predvi\u0111en sve\u010dani defile svih u\u010desnika, najavljeno je nakon sjednice Organizacionog odbora.<\/p>\n<p>Na\u010delnik gradskog Odjeljenja za kulturu, me\u0111unarodnu saradnju, sport i nevladine organizacije Aleksandar Milje\u0161i\u0107 pozvao je sportske klubove da maksimalno iskoriste mogu\u0107nost promocije koju im daje Gradska uprava i da poka\u017eu sugra\u0111anima \u0161ta rade, \u010dime se bave i koliko imaju \u010dlanova.<\/p>\n<p>&#8220;Posje\u0107enost kakvu bude imao koji klub, takvu \u0107e imati i podr\u0161ku grada. Priliku imaju svi i vjerujem da \u0107e je svi i iskoristiti&#8221;, rekao je Milje\u0161i\u0107 u obra\u0107anju Odboru kojim predsjedava.<\/p>\n<p><a href=\"https:\/\/www.prijedordanas.com\/wp-content\/uploads\/2024\/08\/kozarski-dani-sporta-2024-najava.jpg\"><img loading=\"lazy\" decoding=\"async\" src=\"https:\/\/www.prijedordanas.com\/wp-content\/uploads\/2024\/08\/kozarski-dani-sporta-2024-najava-300x225.jpg\" alt=\"\" width=\"300\" height=\"225\" class=\"alignleft size-medium wp-image-232759\" srcset=\"https:\/\/www.prijedordanas.com\/wp-content\/uploads\/2024\/08\/kozarski-dani-sporta-2024-najava-300x225.jpg 300w, https:\/\/www.prijedordanas.com\/wp-content\/uploads\/2024\/08\/kozarski-dani-sporta-2024-najava-640x480.jpg 640w, https:\/\/www.prijedordanas.com\/wp-content\/uploads\/2024\/08\/kozarski-dani-sporta-2024-najava.jpg 667w\" sizes=\"(max-width: 300px) 100vw, 300px\" \/><\/a>On je naveo da je uz podr\u0161ku gradona\u010delnika biti obezbije\u0111eno 500 majica sa logom &#8220;Dani sporta&#8221; koje \u0107e se dijeliti djeci na ovoj manifestaciji.<\/p>\n<p>\u010clan Organizacionog odbora Dejan Zdjelar predlo\u017eio je da se u\u010de\u0161\u0107e sportskih klubova u ovoj manifestaciji uvrsti u pravilnik o raspodjeli bud\u017eetskih sredstava sportskim kolektivima i da se na\u010din i obim u\u010de\u0161\u0107a uvrsti u bodovnu listu tog dokumenta.<\/p>\n<p>Manifestacija \u0107e biti odr\u017eavana na Trgu majora Zorana Karlice svakog dana od 18.00 do 21.00 \u010das.<\/p>\n<p>U slu\u010daju pogor\u0161anja vremenskih uslova, organizatori \u0107e obavijestiti javnost i u\u010desnike o izmjenama.<\/p>\n<p>SRNA<\/p>\n<p><iframe loading=\"lazy\" title=\"DANI SPORTA U PRIJEDORU OD 3. DO 5. SEPTEMBRA\" width=\"500\" height=\"281\" src=\"https:\/\/www.youtube.com\/embed\/OMm7EV6RWeQ?feature=oembed\" frameborder=\"0\" allow=\"accelerometer; autoplay; clipboard-write; encrypted-media; gyroscope; picture-in-picture; web-share\" referrerpolicy=\"strict-origin-when-cross-origin\" allowfullscreen><\/iframe><\/p>\n","protected":false},"excerpt":{"rendered":"<p>Dani sporta u Prijedoru bi\u0107e odr\u017eani od 3. do 5. septemrba, a svakog dana manifestacije promovisa\u0107e se nekoliko razli\u010ditih sportova, dok je zavr\u0161nog predvi\u0111en sve\u010dani defile svih u\u010desnika, najavljeno je [&hellip;]<\/p>\n","protected":false},"author":1,"featured_media":0,"comment_status":"closed","ping_status":"open","sticky":false,"template":"","format":"standard","meta":{"_monsterinsights_skip_tracking":false,"_monsterinsights_sitenote_active":false,"_monsterinsights_sitenote_note":"","_monsterinsights_sitenote_category":0,"footnotes":""},"categories":[4,7],"tags":[],"yoast_head":"<!-- This site is optimized with the Yoast SEO plugin v21.6 - https:\/\/yoast.com\/wordpress\/plugins\/seo\/ -->\n<title>Prijedor: Dani sporta od 3. do 5. septembra - VIDEO - PrijedorDanas.com - Prijedorski gradski portal<\/title>\n<meta name=\"robots\" content=\"index, follow, max-snippet:-1, max-image-preview:large, max-video-preview:-1\" \/>\n<link rel=\"canonical\" href=\"https:\/\/www.prijedordanas.com\/?p=232751\" \/>\n<meta property=\"og:locale\" content=\"en_US\" \/>\n<meta property=\"og:type\" content=\"article\" \/>\n<meta property=\"og:title\" content=\"Prijedor: Dani sporta od 3. do 5. septembra - VIDEO - PrijedorDanas.com - Prijedorski gradski portal\" \/>\n<meta property=\"og:description\" content=\"Dani sporta u Prijedoru bi\u0107e odr\u017eani od 3. do 5. septemrba, a svakog dana manifestacije promovisa\u0107e se nekoliko razli\u010ditih sportova, dok je zavr\u0161nog predvi\u0111en sve\u010dani defile svih u\u010desnika, najavljeno je [&hellip;]\" \/>\n<meta property=\"og:url\" content=\"https:\/\/www.prijedordanas.com\/?p=232751\" \/>\n<meta property=\"og:site_name\" content=\"PrijedorDanas.com - Prijedorski gradski portal\" \/>\n<meta property=\"article:publisher\" content=\"https:\/\/www.facebook.com\/PrijedorDanasCom\/\" \/>\n<meta property=\"article:published_time\" content=\"2024-08-31T08:16:55+00:00\" \/>\n<meta property=\"og:image\" content=\"https:\/\/www.prijedordanas.com\/wp-content\/uploads\/2024\/08\/kozarski-dani-sporta-arhiva-300x225.jpg\" \/>\n<meta name=\"author\" content=\"admin\" \/>\n<meta name=\"twitter:card\" content=\"summary_large_image\" \/>\n<meta name=\"twitter:label1\" content=\"Written by\" \/>\n\t<meta name=\"twitter:data1\" content=\"admin\" \/>\n\t<meta name=\"twitter:label2\" content=\"Est. reading time\" \/>\n\t<meta name=\"twitter:data2\" content=\"2 minutes\" \/>\n<script type=\"application\/ld+json\" class=\"yoast-schema-graph\">{\"@context\":\"https:\/\/schema.org\",\"@graph\":[{\"@type\":\"Article\",\"@id\":\"https:\/\/www.prijedordanas.com\/?p=232751#article\",\"isPartOf\":{\"@id\":\"https:\/\/www.prijedordanas.com\/?p=232751\"},\"author\":{\"name\":\"admin\",\"@id\":\"https:\/\/www.prijedordanas.com\/#\/schema\/person\/4e08ccf29b506ca916ff86d46bb700e6\"},\"headline\":\"Prijedor: Dani sporta od 3. do 5. septembra &#8211; VIDEO\",\"datePublished\":\"2024-08-31T08:16:55+00:00\",\"dateModified\":\"2024-08-31T08:16:55+00:00\",\"mainEntityOfPage\":{\"@id\":\"https:\/\/www.prijedordanas.com\/?p=232751\"},\"wordCount\":240,\"publisher\":{\"@id\":\"https:\/\/www.prijedordanas.com\/#organization\"},\"articleSection\":[\"Dru\u0161tvo\",\"Sport\"],\"inLanguage\":\"en-US\"},{\"@type\":\"WebPage\",\"@id\":\"https:\/\/www.prijedordanas.com\/?p=232751\",\"url\":\"https:\/\/www.prijedordanas.com\/?p=232751\",\"name\":\"Prijedor: Dani sporta od 3. do 5. septembra - VIDEO - PrijedorDanas.com - Prijedorski gradski portal\",\"isPartOf\":{\"@id\":\"https:\/\/www.prijedordanas.com\/#website\"},\"datePublished\":\"2024-08-31T08:16:55+00:00\",\"dateModified\":\"2024-08-31T08:16:55+00:00\",\"breadcrumb\":{\"@id\":\"https:\/\/www.prijedordanas.com\/?p=232751#breadcrumb\"},\"inLanguage\":\"en-US\",\"potentialAction\":[{\"@type\":\"ReadAction\",\"target\":[\"https:\/\/www.prijedordanas.com\/?p=232751\"]}]},{\"@type\":\"BreadcrumbList\",\"@id\":\"https:\/\/www.prijedordanas.com\/?p=232751#breadcrumb\",\"itemListElement\":[{\"@type\":\"ListItem\",\"position\":1,\"name\":\"Home\",\"item\":\"https:\/\/www.prijedordanas.com\/\"},{\"@type\":\"ListItem\",\"position\":2,\"name\":\"Prijedor: Dani sporta od 3. do 5. septembra &#8211; VIDEO\"}]},{\"@type\":\"WebSite\",\"@id\":\"https:\/\/www.prijedordanas.com\/#website\",\"url\":\"https:\/\/www.prijedordanas.com\/\",\"name\":\"PrijedorDanas.com - Prijedorski gradski portal\",\"description\":\"Portal o doga\u0111anjima u gradu Prijedoru\",\"publisher\":{\"@id\":\"https:\/\/www.prijedordanas.com\/#organization\"},\"potentialAction\":[{\"@type\":\"SearchAction\",\"target\":{\"@type\":\"EntryPoint\",\"urlTemplate\":\"https:\/\/www.prijedordanas.com\/?s={search_term_string}\"},\"query-input\":\"required name=search_term_string\"}],\"inLanguage\":\"en-US\"},{\"@type\":\"Organization\",\"@id\":\"https:\/\/www.prijedordanas.com\/#organization\",\"name\":\"PrijedorDanas.com\",\"url\":\"https:\/\/www.prijedordanas.com\/\",\"logo\":{\"@type\":\"ImageObject\",\"inLanguage\":\"en-US\",\"@id\":\"https:\/\/www.prijedordanas.com\/#\/schema\/logo\/image\/\",\"url\":\"http:\/\/www.prijedordanas.com\/wp-content\/uploads\/2021\/12\/logopng.png\",\"contentUrl\":\"http:\/\/www.prijedordanas.com\/wp-content\/uploads\/2021\/12\/logopng.png\",\"width\":1019,\"height\":776,\"caption\":\"PrijedorDanas.com\"},\"image\":{\"@id\":\"https:\/\/www.prijedordanas.com\/#\/schema\/logo\/image\/\"},\"sameAs\":[\"https:\/\/www.facebook.com\/PrijedorDanasCom\/\"]},{\"@type\":\"Person\",\"@id\":\"https:\/\/www.prijedordanas.com\/#\/schema\/person\/4e08ccf29b506ca916ff86d46bb700e6\",\"name\":\"admin\",\"image\":{\"@type\":\"ImageObject\",\"inLanguage\":\"en-US\",\"@id\":\"https:\/\/www.prijedordanas.com\/#\/schema\/person\/image\/\",\"url\":\"https:\/\/secure.gravatar.com\/avatar\/1d3fc949d550f0b53a5f0d51e06dfd79?s=96&d=mm&r=g\",\"contentUrl\":\"https:\/\/secure.gravatar.com\/avatar\/1d3fc949d550f0b53a5f0d51e06dfd79?s=96&d=mm&r=g\",\"caption\":\"admin\"},\"url\":\"https:\/\/www.prijedordanas.com\/?author=1\"}]}<\/script>\n<!-- \/ Yoast SEO plugin. -->","yoast_head_json":{"title":"Prijedor: Dani sporta od 3. do 5. septembra - VIDEO - PrijedorDanas.com - Prijedorski gradski portal","robots":{"index":"index","follow":"follow","max-snippet":"max-snippet:-1","max-image-preview":"max-image-preview:large","max-video-preview":"max-video-preview:-1"},"canonical":"https:\/\/www.prijedordanas.com\/?p=232751","og_locale":"en_US","og_type":"article","og_title":"Prijedor: Dani sporta od 3. do 5. septembra - VIDEO - PrijedorDanas.com - Prijedorski gradski portal","og_description":"Dani sporta u Prijedoru bi\u0107e odr\u017eani od 3. do 5. septemrba, a svakog dana manifestacije promovisa\u0107e se nekoliko razli\u010ditih sportova, dok je zavr\u0161nog predvi\u0111en sve\u010dani defile svih u\u010desnika, najavljeno je [&hellip;]","og_url":"https:\/\/www.prijedordanas.com\/?p=232751","og_site_name":"PrijedorDanas.com - Prijedorski gradski portal","article_publisher":"https:\/\/www.facebook.com\/PrijedorDanasCom\/","article_published_time":"2024-08-31T08:16:55+00:00","og_image":[{"url":"https:\/\/www.prijedordanas.com\/wp-content\/uploads\/2024\/08\/kozarski-dani-sporta-arhiva-300x225.jpg"}],"author":"admin","twitter_card":"summary_large_image","twitter_misc":{"Written by":"admin","Est. reading time":"2 minutes"},"schema":{"@context":"https:\/\/schema.org","@graph":[{"@type":"Article","@id":"https:\/\/www.prijedordanas.com\/?p=232751#article","isPartOf":{"@id":"https:\/\/www.prijedordanas.com\/?p=232751"},"author":{"name":"admin","@id":"https:\/\/www.prijedordanas.com\/#\/schema\/person\/4e08ccf29b506ca916ff86d46bb700e6"},"headline":"Prijedor: Dani sporta od 3. do 5. septembra &#8211; VIDEO","datePublished":"2024-08-31T08:16:55+00:00","dateModified":"2024-08-31T08:16:55+00:00","mainEntityOfPage":{"@id":"https:\/\/www.prijedordanas.com\/?p=232751"},"wordCount":240,"publisher":{"@id":"https:\/\/www.prijedordanas.com\/#organization"},"articleSection":["Dru\u0161tvo","Sport"],"inLanguage":"en-US"},{"@type":"WebPage","@id":"https:\/\/www.prijedordanas.com\/?p=232751","url":"https:\/\/www.prijedordanas.com\/?p=232751","name":"Prijedor: Dani sporta od 3. do 5. septembra - VIDEO - PrijedorDanas.com - Prijedorski gradski portal","isPartOf":{"@id":"https:\/\/www.prijedordanas.com\/#website"},"datePublished":"2024-08-31T08:16:55+00:00","dateModified":"2024-08-31T08:16:55+00:00","breadcrumb":{"@id":"https:\/\/www.prijedordanas.com\/?p=232751#breadcrumb"},"inLanguage":"en-US","potentialAction":[{"@type":"ReadAction","target":["https:\/\/www.prijedordanas.com\/?p=232751"]}]},{"@type":"BreadcrumbList","@id":"https:\/\/www.prijedordanas.com\/?p=232751#breadcrumb","itemListElement":[{"@type":"ListItem","position":1,"name":"Home","item":"https:\/\/www.prijedordanas.com\/"},{"@type":"ListItem","position":2,"name":"Prijedor: Dani sporta od 3. do 5. septembra &#8211; VIDEO"}]},{"@type":"WebSite","@id":"https:\/\/www.prijedordanas.com\/#website","url":"https:\/\/www.prijedordanas.com\/","name":"PrijedorDanas.com - Prijedorski gradski portal","description":"Portal o doga\u0111anjima u gradu Prijedoru","publisher":{"@id":"https:\/\/www.prijedordanas.com\/#organization"},"potentialAction":[{"@type":"SearchAction","target":{"@type":"EntryPoint","urlTemplate":"https:\/\/www.prijedordanas.com\/?s={search_term_string}"},"query-input":"required name=search_term_string"}],"inLanguage":"en-US"},{"@type":"Organization","@id":"https:\/\/www.prijedordanas.com\/#organization","name":"PrijedorDanas.com","url":"https:\/\/www.prijedordanas.com\/","logo":{"@type":"ImageObject","inLanguage":"en-US","@id":"https:\/\/www.prijedordanas.com\/#\/schema\/logo\/image\/","url":"http:\/\/www.prijedordanas.com\/wp-content\/uploads\/2021\/12\/logopng.png","contentUrl":"http:\/\/www.prijedordanas.com\/wp-content\/uploads\/2021\/12\/logopng.png","width":1019,"height":776,"caption":"PrijedorDanas.com"},"image":{"@id":"https:\/\/www.prijedordanas.com\/#\/schema\/logo\/image\/"},"sameAs":["https:\/\/www.facebook.com\/PrijedorDanasCom\/"]},{"@type":"Person","@id":"https:\/\/www.prijedordanas.com\/#\/schema\/person\/4e08ccf29b506ca916ff86d46bb700e6","name":"admin","image":{"@type":"ImageObject","inLanguage":"en-US","@id":"https:\/\/www.prijedordanas.com\/#\/schema\/person\/image\/","url":"https:\/\/secure.gravatar.com\/avatar\/1d3fc949d550f0b53a5f0d51e06dfd79?s=96&d=mm&r=g","contentUrl":"https:\/\/secure.gravatar.com\/avatar\/1d3fc949d550f0b53a5f0d51e06dfd79?s=96&d=mm&r=g","caption":"admin"},"url":"https:\/\/www.prijedordanas.com\/?author=1"}]}},"_links":{"self":[{"href":"https:\/\/www.prijedordanas.com\/index.php?rest_route=\/wp\/v2\/posts\/232751"}],"collection":[{"href":"https:\/\/www.prijedordanas.com\/index.php?rest_route=\/wp\/v2\/posts"}],"about":[{"href":"https:\/\/www.prijedordanas.com\/index.php?rest_route=\/wp\/v2\/types\/post"}],"author":[{"embeddable":true,"href":"https:\/\/www.prijedordanas.com\/index.php?rest_route=\/wp\/v2\/users\/1"}],"replies":[{"embeddable":true,"href":"https:\/\/www.prijedordanas.com\/index.php?rest_route=%2Fwp%2Fv2%2Fcomments&post=232751"}],"version-history":[{"count":2,"href":"https:\/\/www.prijedordanas.com\/index.php?rest_route=\/wp\/v2\/posts\/232751\/revisions"}],"predecessor-version":[{"id":232760,"href":"https:\/\/www.prijedordanas.com\/index.php?rest_route=\/wp\/v2\/posts\/232751\/revisions\/232760"}],"wp:attachment":[{"href":"https:\/\/www.prijedordanas.com\/index.php?rest_route=%2Fwp%2Fv2%2Fmedia&parent=232751"}],"wp:term":[{"taxonomy":"category","embeddable":true,"href":"https:\/\/www.prijedordanas.com\/index.php?rest_route=%2Fwp%2Fv2%2Fcategories&post=232751"},{"taxonomy":"post_tag","embeddable":true,"href":"https:\/\/www.prijedordanas.com\/index.php?rest_route=%2Fwp%2Fv2%2Ftags&post=232751"}],"curies":[{"name":"wp","href":"https:\/\/api.w.org\/{rel}","templated":true}]}}