{"id":23271,"date":"2015-05-26T18:50:23","date_gmt":"2015-05-26T17:50:23","guid":{"rendered":"https:\/\/www.prijedordanas.com\/?p=23271"},"modified":"2015-05-26T18:50:23","modified_gmt":"2015-05-26T17:50:23","slug":"obiljezena-godisnjice-formiranja-logora-trnopolje","status":"publish","type":"post","link":"https:\/\/www.prijedordanas.com\/?p=23271","title":{"rendered":"OBILJE\u017dENA GODI\u0160NJICE FORMIRANJA LOGORA TRNOPOLJE"},"content":{"rendered":"<p><a href=\"https:\/\/www.prijedordanas.com\/wp-content\/uploads\/2015\/05\/trnopolje-godisnjica-1.jpg\"><img loading=\"lazy\" decoding=\"async\" src=\"https:\/\/www.prijedordanas.com\/wp-content\/uploads\/2015\/05\/trnopolje-godisnjica-1-300x193.jpg\" alt=\"trnopolje-godisnjica (1)\" width=\"300\" height=\"193\" class=\"alignleft size-medium wp-image-23272\" srcset=\"https:\/\/www.prijedordanas.com\/wp-content\/uploads\/2015\/05\/trnopolje-godisnjica-1-300x193.jpg 300w, https:\/\/www.prijedordanas.com\/wp-content\/uploads\/2015\/05\/trnopolje-godisnjica-1.jpg 600w\" sizes=\"(max-width: 300px) 100vw, 300px\" \/><\/a>Na prostoru nekada\u0161njeg logora Trnopolje, u organizaciji Udru\u017eenja logora\u0161a Prijedor 92 i Kozarac, obilje\u017eene su 23. godine od stradanja prijedorskih logora\u0161a.<\/p>\n<p>Odlukom Kriznog \u0161taba op\u0161tine Prijedor, na dana\u0161nji dan 1992. godine, formiran je logor Trnopolje kroz koji je ljeta te godine pro\u0161lo oko 23.000 Prijedor\u010dana, nesrpskog stanovni\u0161tva. Ubijeno je oko 300 logora\u0161a.<br \/>\nHa\u0161ki tribunal okarakterisao je logor kao logor silovanja.<\/p>\n<p>Na ubijene nevine \u017ertve ovog logora kao i na patnje i stradanja pre\u017eivjelih danas na ovom mjestu ne podsje\u0107a gotovo ni\u0161ta, a lokalne vlasti Prijedora nerado u\u010destvuju u bilo kakvom potsje\u0107anju na dramati\u010dna de\u0161avanja koja su 1992. godine naredili politi\u010dari SDS-a.<\/p>\n<p>Prema rije\u010dima predsjednika Udru\u017eenja logora\u0161a Prijedor 92, Mirsada Duratovi\u0107a, mjesta poput nekada\u0161njeg logora Trnopolje, zaslu\u017euju da se po\u0161tuju. On smatra da je to obaveza prema stradalim, ali i pre\u017eivjelim logora\u0161ima.<\/p>\n<p>Bhrt.ba<br \/>\nFoto \u2013 Nijaz Huremovi\u0107\/Aleksandar Drakuli\u0107 \u2013 <a href=\"www.prijedordanas.com\" target=\"_blank\">www.prijedordanas.com<\/a><br \/>\n<a href=\"https:\/\/www.prijedordanas.com\/wp-content\/uploads\/2015\/05\/trnopolje-godisnjica-2.jpg\"><img loading=\"lazy\" decoding=\"async\" src=\"https:\/\/www.prijedordanas.com\/wp-content\/uploads\/2015\/05\/trnopolje-godisnjica-2-300x217.jpg\" alt=\"trnopolje-godisnjica (2)\" width=\"300\" height=\"217\" class=\"alignleft size-medium wp-image-23273\" srcset=\"https:\/\/www.prijedordanas.com\/wp-content\/uploads\/2015\/05\/trnopolje-godisnjica-2-300x217.jpg 300w, https:\/\/www.prijedordanas.com\/wp-content\/uploads\/2015\/05\/trnopolje-godisnjica-2.jpg 600w\" sizes=\"(max-width: 300px) 100vw, 300px\" \/><\/a> <a href=\"https:\/\/www.prijedordanas.com\/wp-content\/uploads\/2015\/05\/trnopolje-godisnjica-3.jpg\"><img loading=\"lazy\" decoding=\"async\" src=\"https:\/\/www.prijedordanas.com\/wp-content\/uploads\/2015\/05\/trnopolje-godisnjica-3-300x201.jpg\" alt=\"trnopolje-godisnjica (3)\" width=\"300\" height=\"201\" class=\"alignleft size-medium wp-image-23274\" srcset=\"https:\/\/www.prijedordanas.com\/wp-content\/uploads\/2015\/05\/trnopolje-godisnjica-3-300x201.jpg 300w, https:\/\/www.prijedordanas.com\/wp-content\/uploads\/2015\/05\/trnopolje-godisnjica-3-150x100.jpg 150w, https:\/\/www.prijedordanas.com\/wp-content\/uploads\/2015\/05\/trnopolje-godisnjica-3-200x133.jpg 200w, https:\/\/www.prijedordanas.com\/wp-content\/uploads\/2015\/05\/trnopolje-godisnjica-3-480x320.jpg 480w, https:\/\/www.prijedordanas.com\/wp-content\/uploads\/2015\/05\/trnopolje-godisnjica-3.jpg 600w\" sizes=\"(max-width: 300px) 100vw, 300px\" \/><\/a> <a href=\"https:\/\/www.prijedordanas.com\/wp-content\/uploads\/2015\/05\/trnopolje-godisnjica-4.jpg\"><img loading=\"lazy\" decoding=\"async\" src=\"https:\/\/www.prijedordanas.com\/wp-content\/uploads\/2015\/05\/trnopolje-godisnjica-4-300x187.jpg\" alt=\"trnopolje-godisnjica (4)\" width=\"300\" height=\"187\" class=\"alignleft size-medium wp-image-23275\" srcset=\"https:\/\/www.prijedordanas.com\/wp-content\/uploads\/2015\/05\/trnopolje-godisnjica-4-300x187.jpg 300w, https:\/\/www.prijedordanas.com\/wp-content\/uploads\/2015\/05\/trnopolje-godisnjica-4.jpg 600w\" sizes=\"(max-width: 300px) 100vw, 300px\" \/><\/a><\/p>\n","protected":false},"excerpt":{"rendered":"<p>Na prostoru nekada\u0161njeg logora Trnopolje, u organizaciji Udru\u017eenja logora\u0161a Prijedor 92 i Kozarac, obilje\u017eene su 23. godine od stradanja prijedorskih logora\u0161a. Odlukom Kriznog \u0161taba op\u0161tine Prijedor, na dana\u0161nji dan 1992. [&hellip;]<\/p>\n","protected":false},"author":1,"featured_media":0,"comment_status":"closed","ping_status":"open","sticky":false,"template":"","format":"standard","meta":{"_monsterinsights_skip_tracking":false,"_monsterinsights_sitenote_active":false,"_monsterinsights_sitenote_note":"","_monsterinsights_sitenote_category":0,"footnotes":""},"categories":[8],"tags":[82,737,1359],"yoast_head":"<!-- This site is optimized with the Yoast SEO plugin v21.6 - https:\/\/yoast.com\/wordpress\/plugins\/seo\/ -->\n<title>OBILJE\u017dENA GODI\u0160NJICE FORMIRANJA LOGORA TRNOPOLJE - PrijedorDanas.com - Prijedorski gradski portal<\/title>\n<meta name=\"robots\" content=\"index, follow, max-snippet:-1, max-image-preview:large, max-video-preview:-1\" \/>\n<link rel=\"canonical\" href=\"https:\/\/www.prijedordanas.com\/?p=23271\" \/>\n<meta property=\"og:locale\" content=\"en_US\" \/>\n<meta property=\"og:type\" content=\"article\" \/>\n<meta property=\"og:title\" content=\"OBILJE\u017dENA GODI\u0160NJICE FORMIRANJA LOGORA TRNOPOLJE - PrijedorDanas.com - Prijedorski gradski portal\" \/>\n<meta property=\"og:description\" content=\"Na prostoru nekada\u0161njeg logora Trnopolje, u organizaciji Udru\u017eenja logora\u0161a Prijedor 92 i Kozarac, obilje\u017eene su 23. godine od stradanja prijedorskih logora\u0161a. Odlukom Kriznog \u0161taba op\u0161tine Prijedor, na dana\u0161nji dan 1992. [&hellip;]\" \/>\n<meta property=\"og:url\" content=\"https:\/\/www.prijedordanas.com\/?p=23271\" \/>\n<meta property=\"og:site_name\" content=\"PrijedorDanas.com - Prijedorski gradski portal\" \/>\n<meta property=\"article:publisher\" content=\"https:\/\/www.facebook.com\/PrijedorDanasCom\/\" \/>\n<meta property=\"article:published_time\" content=\"2015-05-26T17:50:23+00:00\" \/>\n<meta property=\"og:image\" content=\"https:\/\/www.prijedordanas.com\/wp-content\/uploads\/2015\/05\/trnopolje-godisnjica-1-300x193.jpg\" \/>\n<meta name=\"author\" content=\"admin\" \/>\n<meta name=\"twitter:card\" content=\"summary_large_image\" \/>\n<meta name=\"twitter:label1\" content=\"Written by\" \/>\n\t<meta name=\"twitter:data1\" content=\"admin\" \/>\n\t<meta name=\"twitter:label2\" content=\"Est. reading time\" \/>\n\t<meta name=\"twitter:data2\" content=\"1 minute\" \/>\n<script type=\"application\/ld+json\" class=\"yoast-schema-graph\">{\"@context\":\"https:\/\/schema.org\",\"@graph\":[{\"@type\":\"Article\",\"@id\":\"https:\/\/www.prijedordanas.com\/?p=23271#article\",\"isPartOf\":{\"@id\":\"https:\/\/www.prijedordanas.com\/?p=23271\"},\"author\":{\"name\":\"admin\",\"@id\":\"https:\/\/www.prijedordanas.com\/#\/schema\/person\/4e08ccf29b506ca916ff86d46bb700e6\"},\"headline\":\"OBILJE\u017dENA GODI\u0160NJICE FORMIRANJA LOGORA TRNOPOLJE\",\"datePublished\":\"2015-05-26T17:50:23+00:00\",\"dateModified\":\"2015-05-26T17:50:23+00:00\",\"mainEntityOfPage\":{\"@id\":\"https:\/\/www.prijedordanas.com\/?p=23271\"},\"wordCount\":170,\"publisher\":{\"@id\":\"https:\/\/www.prijedordanas.com\/#organization\"},\"keywords\":[\"godi\u0161njica\",\"logor\",\"Trnopolje\"],\"articleSection\":[\"Svakodnevno\"],\"inLanguage\":\"en-US\"},{\"@type\":\"WebPage\",\"@id\":\"https:\/\/www.prijedordanas.com\/?p=23271\",\"url\":\"https:\/\/www.prijedordanas.com\/?p=23271\",\"name\":\"OBILJE\u017dENA GODI\u0160NJICE FORMIRANJA LOGORA TRNOPOLJE - PrijedorDanas.com - Prijedorski gradski portal\",\"isPartOf\":{\"@id\":\"https:\/\/www.prijedordanas.com\/#website\"},\"datePublished\":\"2015-05-26T17:50:23+00:00\",\"dateModified\":\"2015-05-26T17:50:23+00:00\",\"breadcrumb\":{\"@id\":\"https:\/\/www.prijedordanas.com\/?p=23271#breadcrumb\"},\"inLanguage\":\"en-US\",\"potentialAction\":[{\"@type\":\"ReadAction\",\"target\":[\"https:\/\/www.prijedordanas.com\/?p=23271\"]}]},{\"@type\":\"BreadcrumbList\",\"@id\":\"https:\/\/www.prijedordanas.com\/?p=23271#breadcrumb\",\"itemListElement\":[{\"@type\":\"ListItem\",\"position\":1,\"name\":\"Home\",\"item\":\"https:\/\/www.prijedordanas.com\/\"},{\"@type\":\"ListItem\",\"position\":2,\"name\":\"OBILJE\u017dENA GODI\u0160NJICE FORMIRANJA LOGORA TRNOPOLJE\"}]},{\"@type\":\"WebSite\",\"@id\":\"https:\/\/www.prijedordanas.com\/#website\",\"url\":\"https:\/\/www.prijedordanas.com\/\",\"name\":\"PrijedorDanas.com - Prijedorski gradski portal\",\"description\":\"Portal o doga\u0111anjima u gradu Prijedoru\",\"publisher\":{\"@id\":\"https:\/\/www.prijedordanas.com\/#organization\"},\"potentialAction\":[{\"@type\":\"SearchAction\",\"target\":{\"@type\":\"EntryPoint\",\"urlTemplate\":\"https:\/\/www.prijedordanas.com\/?s={search_term_string}\"},\"query-input\":\"required name=search_term_string\"}],\"inLanguage\":\"en-US\"},{\"@type\":\"Organization\",\"@id\":\"https:\/\/www.prijedordanas.com\/#organization\",\"name\":\"PrijedorDanas.com\",\"url\":\"https:\/\/www.prijedordanas.com\/\",\"logo\":{\"@type\":\"ImageObject\",\"inLanguage\":\"en-US\",\"@id\":\"https:\/\/www.prijedordanas.com\/#\/schema\/logo\/image\/\",\"url\":\"http:\/\/www.prijedordanas.com\/wp-content\/uploads\/2021\/12\/logopng.png\",\"contentUrl\":\"http:\/\/www.prijedordanas.com\/wp-content\/uploads\/2021\/12\/logopng.png\",\"width\":1019,\"height\":776,\"caption\":\"PrijedorDanas.com\"},\"image\":{\"@id\":\"https:\/\/www.prijedordanas.com\/#\/schema\/logo\/image\/\"},\"sameAs\":[\"https:\/\/www.facebook.com\/PrijedorDanasCom\/\"]},{\"@type\":\"Person\",\"@id\":\"https:\/\/www.prijedordanas.com\/#\/schema\/person\/4e08ccf29b506ca916ff86d46bb700e6\",\"name\":\"admin\",\"image\":{\"@type\":\"ImageObject\",\"inLanguage\":\"en-US\",\"@id\":\"https:\/\/www.prijedordanas.com\/#\/schema\/person\/image\/\",\"url\":\"https:\/\/secure.gravatar.com\/avatar\/1d3fc949d550f0b53a5f0d51e06dfd79?s=96&d=mm&r=g\",\"contentUrl\":\"https:\/\/secure.gravatar.com\/avatar\/1d3fc949d550f0b53a5f0d51e06dfd79?s=96&d=mm&r=g\",\"caption\":\"admin\"},\"url\":\"https:\/\/www.prijedordanas.com\/?author=1\"}]}<\/script>\n<!-- \/ Yoast SEO plugin. -->","yoast_head_json":{"title":"OBILJE\u017dENA GODI\u0160NJICE FORMIRANJA LOGORA TRNOPOLJE - PrijedorDanas.com - Prijedorski gradski portal","robots":{"index":"index","follow":"follow","max-snippet":"max-snippet:-1","max-image-preview":"max-image-preview:large","max-video-preview":"max-video-preview:-1"},"canonical":"https:\/\/www.prijedordanas.com\/?p=23271","og_locale":"en_US","og_type":"article","og_title":"OBILJE\u017dENA GODI\u0160NJICE FORMIRANJA LOGORA TRNOPOLJE - PrijedorDanas.com - Prijedorski gradski portal","og_description":"Na prostoru nekada\u0161njeg logora Trnopolje, u organizaciji Udru\u017eenja logora\u0161a Prijedor 92 i Kozarac, obilje\u017eene su 23. godine od stradanja prijedorskih logora\u0161a. Odlukom Kriznog \u0161taba op\u0161tine Prijedor, na dana\u0161nji dan 1992. [&hellip;]","og_url":"https:\/\/www.prijedordanas.com\/?p=23271","og_site_name":"PrijedorDanas.com - Prijedorski gradski portal","article_publisher":"https:\/\/www.facebook.com\/PrijedorDanasCom\/","article_published_time":"2015-05-26T17:50:23+00:00","og_image":[{"url":"https:\/\/www.prijedordanas.com\/wp-content\/uploads\/2015\/05\/trnopolje-godisnjica-1-300x193.jpg"}],"author":"admin","twitter_card":"summary_large_image","twitter_misc":{"Written by":"admin","Est. reading time":"1 minute"},"schema":{"@context":"https:\/\/schema.org","@graph":[{"@type":"Article","@id":"https:\/\/www.prijedordanas.com\/?p=23271#article","isPartOf":{"@id":"https:\/\/www.prijedordanas.com\/?p=23271"},"author":{"name":"admin","@id":"https:\/\/www.prijedordanas.com\/#\/schema\/person\/4e08ccf29b506ca916ff86d46bb700e6"},"headline":"OBILJE\u017dENA GODI\u0160NJICE FORMIRANJA LOGORA TRNOPOLJE","datePublished":"2015-05-26T17:50:23+00:00","dateModified":"2015-05-26T17:50:23+00:00","mainEntityOfPage":{"@id":"https:\/\/www.prijedordanas.com\/?p=23271"},"wordCount":170,"publisher":{"@id":"https:\/\/www.prijedordanas.com\/#organization"},"keywords":["godi\u0161njica","logor","Trnopolje"],"articleSection":["Svakodnevno"],"inLanguage":"en-US"},{"@type":"WebPage","@id":"https:\/\/www.prijedordanas.com\/?p=23271","url":"https:\/\/www.prijedordanas.com\/?p=23271","name":"OBILJE\u017dENA GODI\u0160NJICE FORMIRANJA LOGORA TRNOPOLJE - PrijedorDanas.com - Prijedorski gradski portal","isPartOf":{"@id":"https:\/\/www.prijedordanas.com\/#website"},"datePublished":"2015-05-26T17:50:23+00:00","dateModified":"2015-05-26T17:50:23+00:00","breadcrumb":{"@id":"https:\/\/www.prijedordanas.com\/?p=23271#breadcrumb"},"inLanguage":"en-US","potentialAction":[{"@type":"ReadAction","target":["https:\/\/www.prijedordanas.com\/?p=23271"]}]},{"@type":"BreadcrumbList","@id":"https:\/\/www.prijedordanas.com\/?p=23271#breadcrumb","itemListElement":[{"@type":"ListItem","position":1,"name":"Home","item":"https:\/\/www.prijedordanas.com\/"},{"@type":"ListItem","position":2,"name":"OBILJE\u017dENA GODI\u0160NJICE FORMIRANJA LOGORA TRNOPOLJE"}]},{"@type":"WebSite","@id":"https:\/\/www.prijedordanas.com\/#website","url":"https:\/\/www.prijedordanas.com\/","name":"PrijedorDanas.com - Prijedorski gradski portal","description":"Portal o doga\u0111anjima u gradu Prijedoru","publisher":{"@id":"https:\/\/www.prijedordanas.com\/#organization"},"potentialAction":[{"@type":"SearchAction","target":{"@type":"EntryPoint","urlTemplate":"https:\/\/www.prijedordanas.com\/?s={search_term_string}"},"query-input":"required name=search_term_string"}],"inLanguage":"en-US"},{"@type":"Organization","@id":"https:\/\/www.prijedordanas.com\/#organization","name":"PrijedorDanas.com","url":"https:\/\/www.prijedordanas.com\/","logo":{"@type":"ImageObject","inLanguage":"en-US","@id":"https:\/\/www.prijedordanas.com\/#\/schema\/logo\/image\/","url":"http:\/\/www.prijedordanas.com\/wp-content\/uploads\/2021\/12\/logopng.png","contentUrl":"http:\/\/www.prijedordanas.com\/wp-content\/uploads\/2021\/12\/logopng.png","width":1019,"height":776,"caption":"PrijedorDanas.com"},"image":{"@id":"https:\/\/www.prijedordanas.com\/#\/schema\/logo\/image\/"},"sameAs":["https:\/\/www.facebook.com\/PrijedorDanasCom\/"]},{"@type":"Person","@id":"https:\/\/www.prijedordanas.com\/#\/schema\/person\/4e08ccf29b506ca916ff86d46bb700e6","name":"admin","image":{"@type":"ImageObject","inLanguage":"en-US","@id":"https:\/\/www.prijedordanas.com\/#\/schema\/person\/image\/","url":"https:\/\/secure.gravatar.com\/avatar\/1d3fc949d550f0b53a5f0d51e06dfd79?s=96&d=mm&r=g","contentUrl":"https:\/\/secure.gravatar.com\/avatar\/1d3fc949d550f0b53a5f0d51e06dfd79?s=96&d=mm&r=g","caption":"admin"},"url":"https:\/\/www.prijedordanas.com\/?author=1"}]}},"_links":{"self":[{"href":"https:\/\/www.prijedordanas.com\/index.php?rest_route=\/wp\/v2\/posts\/23271"}],"collection":[{"href":"https:\/\/www.prijedordanas.com\/index.php?rest_route=\/wp\/v2\/posts"}],"about":[{"href":"https:\/\/www.prijedordanas.com\/index.php?rest_route=\/wp\/v2\/types\/post"}],"author":[{"embeddable":true,"href":"https:\/\/www.prijedordanas.com\/index.php?rest_route=\/wp\/v2\/users\/1"}],"replies":[{"embeddable":true,"href":"https:\/\/www.prijedordanas.com\/index.php?rest_route=%2Fwp%2Fv2%2Fcomments&post=23271"}],"version-history":[{"count":1,"href":"https:\/\/www.prijedordanas.com\/index.php?rest_route=\/wp\/v2\/posts\/23271\/revisions"}],"predecessor-version":[{"id":23276,"href":"https:\/\/www.prijedordanas.com\/index.php?rest_route=\/wp\/v2\/posts\/23271\/revisions\/23276"}],"wp:attachment":[{"href":"https:\/\/www.prijedordanas.com\/index.php?rest_route=%2Fwp%2Fv2%2Fmedia&parent=23271"}],"wp:term":[{"taxonomy":"category","embeddable":true,"href":"https:\/\/www.prijedordanas.com\/index.php?rest_route=%2Fwp%2Fv2%2Fcategories&post=23271"},{"taxonomy":"post_tag","embeddable":true,"href":"https:\/\/www.prijedordanas.com\/index.php?rest_route=%2Fwp%2Fv2%2Ftags&post=23271"}],"curies":[{"name":"wp","href":"https:\/\/api.w.org\/{rel}","templated":true}]}}