{"id":232701,"date":"2024-08-31T08:39:24","date_gmt":"2024-08-31T06:39:24","guid":{"rendered":"https:\/\/www.prijedordanas.com\/?p=232701"},"modified":"2024-08-31T08:39:24","modified_gmt":"2024-08-31T06:39:24","slug":"gradska-uprava-prijedor-poziv-gradanima-naselja-glavice-da-se-jave-u-vodovod-radi-prikljucenja-na-kanalizacionu-mrezu","status":"publish","type":"post","link":"https:\/\/www.prijedordanas.com\/?p=232701","title":{"rendered":"Gradska uprava Prijedor: Poziv gra\u0111anima naselja Glavice da se jave u &#8220;Vodovod&#8221; radi priklju\u010denja na kanalizacionu mre\u017eu"},"content":{"rendered":"<p><a href=\"https:\/\/www.prijedordanas.com\/wp-content\/uploads\/2024\/08\/prijedor-ilustracija.jpg\"><img loading=\"lazy\" decoding=\"async\" src=\"https:\/\/www.prijedordanas.com\/wp-content\/uploads\/2024\/08\/prijedor-ilustracija-300x225.jpg\" alt=\"\" width=\"300\" height=\"225\" class=\"alignleft size-medium wp-image-232699\" srcset=\"https:\/\/www.prijedordanas.com\/wp-content\/uploads\/2024\/08\/prijedor-ilustracija-300x225.jpg 300w, https:\/\/www.prijedordanas.com\/wp-content\/uploads\/2024\/08\/prijedor-ilustracija-640x480.jpg 640w, https:\/\/www.prijedordanas.com\/wp-content\/uploads\/2024\/08\/prijedor-ilustracija.jpg 667w\" sizes=\"(max-width: 300px) 100vw, 300px\" \/><\/a>Obavje\u0161tavaju se gra\u0111ani naselja Glavice 1, 2, 3 i 4 da je zavr\u0161en projekat izgradnje kanalizacione mre\u017ee i s tim ispunjeni svi uslovi za priklju\u010denje domac\u0301instava na istu. <\/p>\n<p>Potrebno je da se gra\u0111ani navedenih naselja jave u javno preduzec\u0301e \u201eVodovod\u201c A.D. Prijedor za tehni\u010dko rje\u0161enje za priklju\u010dak na kanalizacionu mre\u017eu.<\/p>\n<p>Gradska uprava Prijedor<\/p>\n","protected":false},"excerpt":{"rendered":"<p>Obavje\u0161tavaju se gra\u0111ani naselja Glavice 1, 2, 3 i 4 da je zavr\u0161en projekat izgradnje kanalizacione mre\u017ee i s tim ispunjeni svi uslovi za priklju\u010denje domac\u0301instava na istu. Potrebno je [&hellip;]<\/p>\n","protected":false},"author":1,"featured_media":0,"comment_status":"closed","ping_status":"open","sticky":false,"template":"","format":"standard","meta":{"_monsterinsights_skip_tracking":false,"_monsterinsights_sitenote_active":false,"_monsterinsights_sitenote_note":"","_monsterinsights_sitenote_category":0,"footnotes":""},"categories":[4],"tags":[],"yoast_head":"<!-- This site is optimized with the Yoast SEO plugin v21.6 - https:\/\/yoast.com\/wordpress\/plugins\/seo\/ -->\n<title>Gradska uprava Prijedor: Poziv gra\u0111anima naselja Glavice da se jave u &quot;Vodovod&quot; radi priklju\u010denja na kanalizacionu mre\u017eu - PrijedorDanas.com - Prijedorski gradski portal<\/title>\n<meta name=\"robots\" content=\"index, follow, max-snippet:-1, max-image-preview:large, max-video-preview:-1\" \/>\n<link rel=\"canonical\" href=\"https:\/\/www.prijedordanas.com\/?p=232701\" \/>\n<meta property=\"og:locale\" content=\"en_US\" \/>\n<meta property=\"og:type\" content=\"article\" \/>\n<meta property=\"og:title\" content=\"Gradska uprava Prijedor: Poziv gra\u0111anima naselja Glavice da se jave u &quot;Vodovod&quot; radi priklju\u010denja na kanalizacionu mre\u017eu - PrijedorDanas.com - Prijedorski gradski portal\" \/>\n<meta property=\"og:description\" content=\"Obavje\u0161tavaju se gra\u0111ani naselja Glavice 1, 2, 3 i 4 da je zavr\u0161en projekat izgradnje kanalizacione mre\u017ee i s tim ispunjeni svi uslovi za priklju\u010denje domac\u0301instava na istu. Potrebno je [&hellip;]\" \/>\n<meta property=\"og:url\" content=\"https:\/\/www.prijedordanas.com\/?p=232701\" \/>\n<meta property=\"og:site_name\" content=\"PrijedorDanas.com - Prijedorski gradski portal\" \/>\n<meta property=\"article:publisher\" content=\"https:\/\/www.facebook.com\/PrijedorDanasCom\/\" \/>\n<meta property=\"article:published_time\" content=\"2024-08-31T06:39:24+00:00\" \/>\n<meta property=\"og:image\" content=\"https:\/\/www.prijedordanas.com\/wp-content\/uploads\/2024\/08\/prijedor-ilustracija-300x225.jpg\" \/>\n<meta name=\"author\" content=\"admin\" \/>\n<meta name=\"twitter:card\" content=\"summary_large_image\" \/>\n<meta name=\"twitter:label1\" content=\"Written by\" \/>\n\t<meta name=\"twitter:data1\" content=\"admin\" \/>\n\t<meta name=\"twitter:label2\" content=\"Est. reading time\" \/>\n\t<meta name=\"twitter:data2\" content=\"1 minute\" \/>\n<script type=\"application\/ld+json\" class=\"yoast-schema-graph\">{\"@context\":\"https:\/\/schema.org\",\"@graph\":[{\"@type\":\"Article\",\"@id\":\"https:\/\/www.prijedordanas.com\/?p=232701#article\",\"isPartOf\":{\"@id\":\"https:\/\/www.prijedordanas.com\/?p=232701\"},\"author\":{\"name\":\"admin\",\"@id\":\"https:\/\/www.prijedordanas.com\/#\/schema\/person\/4e08ccf29b506ca916ff86d46bb700e6\"},\"headline\":\"Gradska uprava Prijedor: Poziv gra\u0111anima naselja Glavice da se jave u &#8220;Vodovod&#8221; radi priklju\u010denja na kanalizacionu mre\u017eu\",\"datePublished\":\"2024-08-31T06:39:24+00:00\",\"dateModified\":\"2024-08-31T06:39:24+00:00\",\"mainEntityOfPage\":{\"@id\":\"https:\/\/www.prijedordanas.com\/?p=232701\"},\"wordCount\":82,\"publisher\":{\"@id\":\"https:\/\/www.prijedordanas.com\/#organization\"},\"articleSection\":[\"Dru\u0161tvo\"],\"inLanguage\":\"en-US\"},{\"@type\":\"WebPage\",\"@id\":\"https:\/\/www.prijedordanas.com\/?p=232701\",\"url\":\"https:\/\/www.prijedordanas.com\/?p=232701\",\"name\":\"Gradska uprava Prijedor: Poziv gra\u0111anima naselja Glavice da se jave u \\\"Vodovod\\\" radi priklju\u010denja na kanalizacionu mre\u017eu - PrijedorDanas.com - Prijedorski gradski portal\",\"isPartOf\":{\"@id\":\"https:\/\/www.prijedordanas.com\/#website\"},\"datePublished\":\"2024-08-31T06:39:24+00:00\",\"dateModified\":\"2024-08-31T06:39:24+00:00\",\"breadcrumb\":{\"@id\":\"https:\/\/www.prijedordanas.com\/?p=232701#breadcrumb\"},\"inLanguage\":\"en-US\",\"potentialAction\":[{\"@type\":\"ReadAction\",\"target\":[\"https:\/\/www.prijedordanas.com\/?p=232701\"]}]},{\"@type\":\"BreadcrumbList\",\"@id\":\"https:\/\/www.prijedordanas.com\/?p=232701#breadcrumb\",\"itemListElement\":[{\"@type\":\"ListItem\",\"position\":1,\"name\":\"Home\",\"item\":\"https:\/\/www.prijedordanas.com\/\"},{\"@type\":\"ListItem\",\"position\":2,\"name\":\"Gradska uprava Prijedor: Poziv gra\u0111anima naselja Glavice da se jave u &#8220;Vodovod&#8221; radi priklju\u010denja na kanalizacionu mre\u017eu\"}]},{\"@type\":\"WebSite\",\"@id\":\"https:\/\/www.prijedordanas.com\/#website\",\"url\":\"https:\/\/www.prijedordanas.com\/\",\"name\":\"PrijedorDanas.com - Prijedorski gradski portal\",\"description\":\"Portal o doga\u0111anjima u gradu Prijedoru\",\"publisher\":{\"@id\":\"https:\/\/www.prijedordanas.com\/#organization\"},\"potentialAction\":[{\"@type\":\"SearchAction\",\"target\":{\"@type\":\"EntryPoint\",\"urlTemplate\":\"https:\/\/www.prijedordanas.com\/?s={search_term_string}\"},\"query-input\":\"required name=search_term_string\"}],\"inLanguage\":\"en-US\"},{\"@type\":\"Organization\",\"@id\":\"https:\/\/www.prijedordanas.com\/#organization\",\"name\":\"PrijedorDanas.com\",\"url\":\"https:\/\/www.prijedordanas.com\/\",\"logo\":{\"@type\":\"ImageObject\",\"inLanguage\":\"en-US\",\"@id\":\"https:\/\/www.prijedordanas.com\/#\/schema\/logo\/image\/\",\"url\":\"http:\/\/www.prijedordanas.com\/wp-content\/uploads\/2021\/12\/logopng.png\",\"contentUrl\":\"http:\/\/www.prijedordanas.com\/wp-content\/uploads\/2021\/12\/logopng.png\",\"width\":1019,\"height\":776,\"caption\":\"PrijedorDanas.com\"},\"image\":{\"@id\":\"https:\/\/www.prijedordanas.com\/#\/schema\/logo\/image\/\"},\"sameAs\":[\"https:\/\/www.facebook.com\/PrijedorDanasCom\/\"]},{\"@type\":\"Person\",\"@id\":\"https:\/\/www.prijedordanas.com\/#\/schema\/person\/4e08ccf29b506ca916ff86d46bb700e6\",\"name\":\"admin\",\"image\":{\"@type\":\"ImageObject\",\"inLanguage\":\"en-US\",\"@id\":\"https:\/\/www.prijedordanas.com\/#\/schema\/person\/image\/\",\"url\":\"https:\/\/secure.gravatar.com\/avatar\/1d3fc949d550f0b53a5f0d51e06dfd79?s=96&d=mm&r=g\",\"contentUrl\":\"https:\/\/secure.gravatar.com\/avatar\/1d3fc949d550f0b53a5f0d51e06dfd79?s=96&d=mm&r=g\",\"caption\":\"admin\"},\"url\":\"https:\/\/www.prijedordanas.com\/?author=1\"}]}<\/script>\n<!-- \/ Yoast SEO plugin. -->","yoast_head_json":{"title":"Gradska uprava Prijedor: Poziv gra\u0111anima naselja Glavice da se jave u \"Vodovod\" radi priklju\u010denja na kanalizacionu mre\u017eu - PrijedorDanas.com - Prijedorski gradski portal","robots":{"index":"index","follow":"follow","max-snippet":"max-snippet:-1","max-image-preview":"max-image-preview:large","max-video-preview":"max-video-preview:-1"},"canonical":"https:\/\/www.prijedordanas.com\/?p=232701","og_locale":"en_US","og_type":"article","og_title":"Gradska uprava Prijedor: Poziv gra\u0111anima naselja Glavice da se jave u \"Vodovod\" radi priklju\u010denja na kanalizacionu mre\u017eu - PrijedorDanas.com - Prijedorski gradski portal","og_description":"Obavje\u0161tavaju se gra\u0111ani naselja Glavice 1, 2, 3 i 4 da je zavr\u0161en projekat izgradnje kanalizacione mre\u017ee i s tim ispunjeni svi uslovi za priklju\u010denje domac\u0301instava na istu. Potrebno je [&hellip;]","og_url":"https:\/\/www.prijedordanas.com\/?p=232701","og_site_name":"PrijedorDanas.com - Prijedorski gradski portal","article_publisher":"https:\/\/www.facebook.com\/PrijedorDanasCom\/","article_published_time":"2024-08-31T06:39:24+00:00","og_image":[{"url":"https:\/\/www.prijedordanas.com\/wp-content\/uploads\/2024\/08\/prijedor-ilustracija-300x225.jpg"}],"author":"admin","twitter_card":"summary_large_image","twitter_misc":{"Written by":"admin","Est. reading time":"1 minute"},"schema":{"@context":"https:\/\/schema.org","@graph":[{"@type":"Article","@id":"https:\/\/www.prijedordanas.com\/?p=232701#article","isPartOf":{"@id":"https:\/\/www.prijedordanas.com\/?p=232701"},"author":{"name":"admin","@id":"https:\/\/www.prijedordanas.com\/#\/schema\/person\/4e08ccf29b506ca916ff86d46bb700e6"},"headline":"Gradska uprava Prijedor: Poziv gra\u0111anima naselja Glavice da se jave u &#8220;Vodovod&#8221; radi priklju\u010denja na kanalizacionu mre\u017eu","datePublished":"2024-08-31T06:39:24+00:00","dateModified":"2024-08-31T06:39:24+00:00","mainEntityOfPage":{"@id":"https:\/\/www.prijedordanas.com\/?p=232701"},"wordCount":82,"publisher":{"@id":"https:\/\/www.prijedordanas.com\/#organization"},"articleSection":["Dru\u0161tvo"],"inLanguage":"en-US"},{"@type":"WebPage","@id":"https:\/\/www.prijedordanas.com\/?p=232701","url":"https:\/\/www.prijedordanas.com\/?p=232701","name":"Gradska uprava Prijedor: Poziv gra\u0111anima naselja Glavice da se jave u \"Vodovod\" radi priklju\u010denja na kanalizacionu mre\u017eu - PrijedorDanas.com - Prijedorski gradski portal","isPartOf":{"@id":"https:\/\/www.prijedordanas.com\/#website"},"datePublished":"2024-08-31T06:39:24+00:00","dateModified":"2024-08-31T06:39:24+00:00","breadcrumb":{"@id":"https:\/\/www.prijedordanas.com\/?p=232701#breadcrumb"},"inLanguage":"en-US","potentialAction":[{"@type":"ReadAction","target":["https:\/\/www.prijedordanas.com\/?p=232701"]}]},{"@type":"BreadcrumbList","@id":"https:\/\/www.prijedordanas.com\/?p=232701#breadcrumb","itemListElement":[{"@type":"ListItem","position":1,"name":"Home","item":"https:\/\/www.prijedordanas.com\/"},{"@type":"ListItem","position":2,"name":"Gradska uprava Prijedor: Poziv gra\u0111anima naselja Glavice da se jave u &#8220;Vodovod&#8221; radi priklju\u010denja na kanalizacionu mre\u017eu"}]},{"@type":"WebSite","@id":"https:\/\/www.prijedordanas.com\/#website","url":"https:\/\/www.prijedordanas.com\/","name":"PrijedorDanas.com - Prijedorski gradski portal","description":"Portal o doga\u0111anjima u gradu Prijedoru","publisher":{"@id":"https:\/\/www.prijedordanas.com\/#organization"},"potentialAction":[{"@type":"SearchAction","target":{"@type":"EntryPoint","urlTemplate":"https:\/\/www.prijedordanas.com\/?s={search_term_string}"},"query-input":"required name=search_term_string"}],"inLanguage":"en-US"},{"@type":"Organization","@id":"https:\/\/www.prijedordanas.com\/#organization","name":"PrijedorDanas.com","url":"https:\/\/www.prijedordanas.com\/","logo":{"@type":"ImageObject","inLanguage":"en-US","@id":"https:\/\/www.prijedordanas.com\/#\/schema\/logo\/image\/","url":"http:\/\/www.prijedordanas.com\/wp-content\/uploads\/2021\/12\/logopng.png","contentUrl":"http:\/\/www.prijedordanas.com\/wp-content\/uploads\/2021\/12\/logopng.png","width":1019,"height":776,"caption":"PrijedorDanas.com"},"image":{"@id":"https:\/\/www.prijedordanas.com\/#\/schema\/logo\/image\/"},"sameAs":["https:\/\/www.facebook.com\/PrijedorDanasCom\/"]},{"@type":"Person","@id":"https:\/\/www.prijedordanas.com\/#\/schema\/person\/4e08ccf29b506ca916ff86d46bb700e6","name":"admin","image":{"@type":"ImageObject","inLanguage":"en-US","@id":"https:\/\/www.prijedordanas.com\/#\/schema\/person\/image\/","url":"https:\/\/secure.gravatar.com\/avatar\/1d3fc949d550f0b53a5f0d51e06dfd79?s=96&d=mm&r=g","contentUrl":"https:\/\/secure.gravatar.com\/avatar\/1d3fc949d550f0b53a5f0d51e06dfd79?s=96&d=mm&r=g","caption":"admin"},"url":"https:\/\/www.prijedordanas.com\/?author=1"}]}},"_links":{"self":[{"href":"https:\/\/www.prijedordanas.com\/index.php?rest_route=\/wp\/v2\/posts\/232701"}],"collection":[{"href":"https:\/\/www.prijedordanas.com\/index.php?rest_route=\/wp\/v2\/posts"}],"about":[{"href":"https:\/\/www.prijedordanas.com\/index.php?rest_route=\/wp\/v2\/types\/post"}],"author":[{"embeddable":true,"href":"https:\/\/www.prijedordanas.com\/index.php?rest_route=\/wp\/v2\/users\/1"}],"replies":[{"embeddable":true,"href":"https:\/\/www.prijedordanas.com\/index.php?rest_route=%2Fwp%2Fv2%2Fcomments&post=232701"}],"version-history":[{"count":1,"href":"https:\/\/www.prijedordanas.com\/index.php?rest_route=\/wp\/v2\/posts\/232701\/revisions"}],"predecessor-version":[{"id":232702,"href":"https:\/\/www.prijedordanas.com\/index.php?rest_route=\/wp\/v2\/posts\/232701\/revisions\/232702"}],"wp:attachment":[{"href":"https:\/\/www.prijedordanas.com\/index.php?rest_route=%2Fwp%2Fv2%2Fmedia&parent=232701"}],"wp:term":[{"taxonomy":"category","embeddable":true,"href":"https:\/\/www.prijedordanas.com\/index.php?rest_route=%2Fwp%2Fv2%2Fcategories&post=232701"},{"taxonomy":"post_tag","embeddable":true,"href":"https:\/\/www.prijedordanas.com\/index.php?rest_route=%2Fwp%2Fv2%2Ftags&post=232701"}],"curies":[{"name":"wp","href":"https:\/\/api.w.org\/{rel}","templated":true}]}}