{"id":232549,"date":"2024-08-26T19:41:11","date_gmt":"2024-08-26T17:41:11","guid":{"rendered":"https:\/\/www.prijedordanas.com\/?p=232549"},"modified":"2024-08-29T19:41:54","modified_gmt":"2024-08-29T17:41:54","slug":"motocikl-sletio-sa-kolovoza-tesko-povrijeden-mladi-prijedorcanin-a-lakse-njegova-maloljetna-saputnica-foto","status":"publish","type":"post","link":"https:\/\/www.prijedordanas.com\/?p=232549","title":{"rendered":"Motocikl sletio sa kolovoza: Te\u0161ko povrije\u0111en mladi Prijedor\u010danin a lak\u0161e njegova maloljetna saputnica &#8211; FOTO"},"content":{"rendered":"<p><a href=\"https:\/\/www.prijedordanas.com\/wp-content\/uploads\/2024\/08\/saobracajka-23avgust-kavasaki-slijetanje-2.jpg\"><img loading=\"lazy\" decoding=\"async\" class=\"alignleft size-medium wp-image-232268\" src=\"https:\/\/www.prijedordanas.com\/wp-content\/uploads\/2024\/08\/saobracajka-23avgust-kavasaki-slijetanje-2-300x225.jpg\" alt=\"\" width=\"300\" height=\"225\" srcset=\"https:\/\/www.prijedordanas.com\/wp-content\/uploads\/2024\/08\/saobracajka-23avgust-kavasaki-slijetanje-2-300x225.jpg 300w, https:\/\/www.prijedordanas.com\/wp-content\/uploads\/2024\/08\/saobracajka-23avgust-kavasaki-slijetanje-2-640x480.jpg 640w, https:\/\/www.prijedordanas.com\/wp-content\/uploads\/2024\/08\/saobracajka-23avgust-kavasaki-slijetanje-2.jpg 667w\" sizes=\"(max-width: 300px) 100vw, 300px\" \/><\/a>Proteklih dana na podru\u010dju koje pokriva Policijska uprava Prijedor dogodilo se nekoliko saobra\u0107ajnih nezgoda u kojima je bilo materijalne \u0161tete ali i povrije\u0111enih osoba.<\/p>\n<p>-Dana 23. avgusta 2024. godine oko 19:15 \u010dasova prijavljeno je da se u ulici Fikreta Hod\u017ei\u0107a u Kozarcu, grad Prijedor, dogodila saobra\u0107ajna nezgoda. Do\u0161lo je do slijetanja sa kolovoza motocikla &#8220;Kavasaki&#8221; kojim je upravljalo lice M.A. iz Prijedora. Tom prilikom te\u0161ke tjelesne povrede zadobilo je lice M.A. iz Prijedora dok je lake tjelesne povrede zadobilo maloljetno lice iz Prijedora koje se prevozilo na motociklu &#8211; potvrdila je Zvezdana Alendarevi\u0107, portparolka Policijske uprave Prijedor.<\/p>\n<p>Uvi\u0111aj su obavili policijski slu\u017ebenici PS za bezbjednost saobra\u0107aja Prijedor.<\/p>\n<p>Voza\u010di oprez, prilagodite svoju vo\u017enju uslovima na putu i po\u0161tujte saobra\u0107ajne propise.<\/p>\n<p>Tekst i foto &#8211; Aleksandar Drakuli\u0107 &#8211; <a href=\"https:\/\/www.prijedordanas.com\" target=\"_blank\" rel=\"noopener noreferrer\">www.prijedordanas.com<\/a><\/p>\n<p><a href=\"https:\/\/www.prijedordanas.com\/wp-content\/uploads\/2024\/08\/saobracajka-23avgust-kavasaki-slijetanje.jpg\"><img loading=\"lazy\" decoding=\"async\" src=\"https:\/\/www.prijedordanas.com\/wp-content\/uploads\/2024\/08\/saobracajka-23avgust-kavasaki-slijetanje-225x300.jpg\" alt=\"\" width=\"225\" height=\"300\" class=\"alignleft size-medium wp-image-232267\" srcset=\"https:\/\/www.prijedordanas.com\/wp-content\/uploads\/2024\/08\/saobracajka-23avgust-kavasaki-slijetanje-225x300.jpg 225w, https:\/\/www.prijedordanas.com\/wp-content\/uploads\/2024\/08\/saobracajka-23avgust-kavasaki-slijetanje.jpg 450w\" sizes=\"(max-width: 225px) 100vw, 225px\" \/><\/a><\/p>\n","protected":false},"excerpt":{"rendered":"<p>Proteklih dana na podru\u010dju koje pokriva Policijska uprava Prijedor dogodilo se nekoliko saobra\u0107ajnih nezgoda u kojima je bilo materijalne \u0161tete ali i povrije\u0111enih osoba. -Dana 23. avgusta 2024. godine oko [&hellip;]<\/p>\n","protected":false},"author":1,"featured_media":0,"comment_status":"closed","ping_status":"open","sticky":false,"template":"","format":"standard","meta":{"_monsterinsights_skip_tracking":false,"_monsterinsights_sitenote_active":false,"_monsterinsights_sitenote_note":"","_monsterinsights_sitenote_category":0,"footnotes":""},"categories":[5],"tags":[],"yoast_head":"<!-- This site is optimized with the Yoast SEO plugin v21.6 - https:\/\/yoast.com\/wordpress\/plugins\/seo\/ -->\n<title>Motocikl sletio sa kolovoza: Te\u0161ko povrije\u0111en mladi Prijedor\u010danin a lak\u0161e njegova maloljetna saputnica - FOTO - PrijedorDanas.com - Prijedorski gradski portal<\/title>\n<meta name=\"robots\" content=\"index, follow, max-snippet:-1, max-image-preview:large, max-video-preview:-1\" \/>\n<link rel=\"canonical\" href=\"https:\/\/www.prijedordanas.com\/?p=232549\" \/>\n<meta property=\"og:locale\" content=\"en_US\" \/>\n<meta property=\"og:type\" content=\"article\" \/>\n<meta property=\"og:title\" content=\"Motocikl sletio sa kolovoza: Te\u0161ko povrije\u0111en mladi Prijedor\u010danin a lak\u0161e njegova maloljetna saputnica - FOTO - PrijedorDanas.com - Prijedorski gradski portal\" \/>\n<meta property=\"og:description\" content=\"Proteklih dana na podru\u010dju koje pokriva Policijska uprava Prijedor dogodilo se nekoliko saobra\u0107ajnih nezgoda u kojima je bilo materijalne \u0161tete ali i povrije\u0111enih osoba. -Dana 23. avgusta 2024. godine oko [&hellip;]\" \/>\n<meta property=\"og:url\" content=\"https:\/\/www.prijedordanas.com\/?p=232549\" \/>\n<meta property=\"og:site_name\" content=\"PrijedorDanas.com - Prijedorski gradski portal\" \/>\n<meta property=\"article:publisher\" content=\"https:\/\/www.facebook.com\/PrijedorDanasCom\/\" \/>\n<meta property=\"article:published_time\" content=\"2024-08-26T17:41:11+00:00\" \/>\n<meta property=\"article:modified_time\" content=\"2024-08-29T17:41:54+00:00\" \/>\n<meta property=\"og:image\" content=\"https:\/\/www.prijedordanas.com\/wp-content\/uploads\/2024\/08\/saobracajka-23avgust-kavasaki-slijetanje-2-300x225.jpg\" \/>\n<meta name=\"author\" content=\"admin\" \/>\n<meta name=\"twitter:card\" content=\"summary_large_image\" \/>\n<meta name=\"twitter:label1\" content=\"Written by\" \/>\n\t<meta name=\"twitter:data1\" content=\"admin\" \/>\n\t<meta name=\"twitter:label2\" content=\"Est. reading time\" \/>\n\t<meta name=\"twitter:data2\" content=\"1 minute\" \/>\n<script type=\"application\/ld+json\" class=\"yoast-schema-graph\">{\"@context\":\"https:\/\/schema.org\",\"@graph\":[{\"@type\":\"Article\",\"@id\":\"https:\/\/www.prijedordanas.com\/?p=232549#article\",\"isPartOf\":{\"@id\":\"https:\/\/www.prijedordanas.com\/?p=232549\"},\"author\":{\"name\":\"admin\",\"@id\":\"https:\/\/www.prijedordanas.com\/#\/schema\/person\/4e08ccf29b506ca916ff86d46bb700e6\"},\"headline\":\"Motocikl sletio sa kolovoza: Te\u0161ko povrije\u0111en mladi Prijedor\u010danin a lak\u0161e njegova maloljetna saputnica &#8211; FOTO\",\"datePublished\":\"2024-08-26T17:41:11+00:00\",\"dateModified\":\"2024-08-29T17:41:54+00:00\",\"mainEntityOfPage\":{\"@id\":\"https:\/\/www.prijedordanas.com\/?p=232549\"},\"wordCount\":162,\"publisher\":{\"@id\":\"https:\/\/www.prijedordanas.com\/#organization\"},\"articleSection\":[\"Hronika\"],\"inLanguage\":\"en-US\"},{\"@type\":\"WebPage\",\"@id\":\"https:\/\/www.prijedordanas.com\/?p=232549\",\"url\":\"https:\/\/www.prijedordanas.com\/?p=232549\",\"name\":\"Motocikl sletio sa kolovoza: Te\u0161ko povrije\u0111en mladi Prijedor\u010danin a lak\u0161e njegova maloljetna saputnica - FOTO - PrijedorDanas.com - Prijedorski gradski portal\",\"isPartOf\":{\"@id\":\"https:\/\/www.prijedordanas.com\/#website\"},\"datePublished\":\"2024-08-26T17:41:11+00:00\",\"dateModified\":\"2024-08-29T17:41:54+00:00\",\"breadcrumb\":{\"@id\":\"https:\/\/www.prijedordanas.com\/?p=232549#breadcrumb\"},\"inLanguage\":\"en-US\",\"potentialAction\":[{\"@type\":\"ReadAction\",\"target\":[\"https:\/\/www.prijedordanas.com\/?p=232549\"]}]},{\"@type\":\"BreadcrumbList\",\"@id\":\"https:\/\/www.prijedordanas.com\/?p=232549#breadcrumb\",\"itemListElement\":[{\"@type\":\"ListItem\",\"position\":1,\"name\":\"Home\",\"item\":\"https:\/\/www.prijedordanas.com\/\"},{\"@type\":\"ListItem\",\"position\":2,\"name\":\"Motocikl sletio sa kolovoza: Te\u0161ko povrije\u0111en mladi Prijedor\u010danin a lak\u0161e njegova maloljetna saputnica &#8211; FOTO\"}]},{\"@type\":\"WebSite\",\"@id\":\"https:\/\/www.prijedordanas.com\/#website\",\"url\":\"https:\/\/www.prijedordanas.com\/\",\"name\":\"PrijedorDanas.com - Prijedorski gradski portal\",\"description\":\"Portal o doga\u0111anjima u gradu Prijedoru\",\"publisher\":{\"@id\":\"https:\/\/www.prijedordanas.com\/#organization\"},\"potentialAction\":[{\"@type\":\"SearchAction\",\"target\":{\"@type\":\"EntryPoint\",\"urlTemplate\":\"https:\/\/www.prijedordanas.com\/?s={search_term_string}\"},\"query-input\":\"required name=search_term_string\"}],\"inLanguage\":\"en-US\"},{\"@type\":\"Organization\",\"@id\":\"https:\/\/www.prijedordanas.com\/#organization\",\"name\":\"PrijedorDanas.com\",\"url\":\"https:\/\/www.prijedordanas.com\/\",\"logo\":{\"@type\":\"ImageObject\",\"inLanguage\":\"en-US\",\"@id\":\"https:\/\/www.prijedordanas.com\/#\/schema\/logo\/image\/\",\"url\":\"http:\/\/www.prijedordanas.com\/wp-content\/uploads\/2021\/12\/logopng.png\",\"contentUrl\":\"http:\/\/www.prijedordanas.com\/wp-content\/uploads\/2021\/12\/logopng.png\",\"width\":1019,\"height\":776,\"caption\":\"PrijedorDanas.com\"},\"image\":{\"@id\":\"https:\/\/www.prijedordanas.com\/#\/schema\/logo\/image\/\"},\"sameAs\":[\"https:\/\/www.facebook.com\/PrijedorDanasCom\/\"]},{\"@type\":\"Person\",\"@id\":\"https:\/\/www.prijedordanas.com\/#\/schema\/person\/4e08ccf29b506ca916ff86d46bb700e6\",\"name\":\"admin\",\"image\":{\"@type\":\"ImageObject\",\"inLanguage\":\"en-US\",\"@id\":\"https:\/\/www.prijedordanas.com\/#\/schema\/person\/image\/\",\"url\":\"https:\/\/secure.gravatar.com\/avatar\/1d3fc949d550f0b53a5f0d51e06dfd79?s=96&d=mm&r=g\",\"contentUrl\":\"https:\/\/secure.gravatar.com\/avatar\/1d3fc949d550f0b53a5f0d51e06dfd79?s=96&d=mm&r=g\",\"caption\":\"admin\"},\"url\":\"https:\/\/www.prijedordanas.com\/?author=1\"}]}<\/script>\n<!-- \/ Yoast SEO plugin. -->","yoast_head_json":{"title":"Motocikl sletio sa kolovoza: Te\u0161ko povrije\u0111en mladi Prijedor\u010danin a lak\u0161e njegova maloljetna saputnica - FOTO - PrijedorDanas.com - Prijedorski gradski portal","robots":{"index":"index","follow":"follow","max-snippet":"max-snippet:-1","max-image-preview":"max-image-preview:large","max-video-preview":"max-video-preview:-1"},"canonical":"https:\/\/www.prijedordanas.com\/?p=232549","og_locale":"en_US","og_type":"article","og_title":"Motocikl sletio sa kolovoza: Te\u0161ko povrije\u0111en mladi Prijedor\u010danin a lak\u0161e njegova maloljetna saputnica - FOTO - PrijedorDanas.com - Prijedorski gradski portal","og_description":"Proteklih dana na podru\u010dju koje pokriva Policijska uprava Prijedor dogodilo se nekoliko saobra\u0107ajnih nezgoda u kojima je bilo materijalne \u0161tete ali i povrije\u0111enih osoba. -Dana 23. avgusta 2024. godine oko [&hellip;]","og_url":"https:\/\/www.prijedordanas.com\/?p=232549","og_site_name":"PrijedorDanas.com - Prijedorski gradski portal","article_publisher":"https:\/\/www.facebook.com\/PrijedorDanasCom\/","article_published_time":"2024-08-26T17:41:11+00:00","article_modified_time":"2024-08-29T17:41:54+00:00","og_image":[{"url":"https:\/\/www.prijedordanas.com\/wp-content\/uploads\/2024\/08\/saobracajka-23avgust-kavasaki-slijetanje-2-300x225.jpg"}],"author":"admin","twitter_card":"summary_large_image","twitter_misc":{"Written by":"admin","Est. reading time":"1 minute"},"schema":{"@context":"https:\/\/schema.org","@graph":[{"@type":"Article","@id":"https:\/\/www.prijedordanas.com\/?p=232549#article","isPartOf":{"@id":"https:\/\/www.prijedordanas.com\/?p=232549"},"author":{"name":"admin","@id":"https:\/\/www.prijedordanas.com\/#\/schema\/person\/4e08ccf29b506ca916ff86d46bb700e6"},"headline":"Motocikl sletio sa kolovoza: Te\u0161ko povrije\u0111en mladi Prijedor\u010danin a lak\u0161e njegova maloljetna saputnica &#8211; FOTO","datePublished":"2024-08-26T17:41:11+00:00","dateModified":"2024-08-29T17:41:54+00:00","mainEntityOfPage":{"@id":"https:\/\/www.prijedordanas.com\/?p=232549"},"wordCount":162,"publisher":{"@id":"https:\/\/www.prijedordanas.com\/#organization"},"articleSection":["Hronika"],"inLanguage":"en-US"},{"@type":"WebPage","@id":"https:\/\/www.prijedordanas.com\/?p=232549","url":"https:\/\/www.prijedordanas.com\/?p=232549","name":"Motocikl sletio sa kolovoza: Te\u0161ko povrije\u0111en mladi Prijedor\u010danin a lak\u0161e njegova maloljetna saputnica - FOTO - PrijedorDanas.com - Prijedorski gradski portal","isPartOf":{"@id":"https:\/\/www.prijedordanas.com\/#website"},"datePublished":"2024-08-26T17:41:11+00:00","dateModified":"2024-08-29T17:41:54+00:00","breadcrumb":{"@id":"https:\/\/www.prijedordanas.com\/?p=232549#breadcrumb"},"inLanguage":"en-US","potentialAction":[{"@type":"ReadAction","target":["https:\/\/www.prijedordanas.com\/?p=232549"]}]},{"@type":"BreadcrumbList","@id":"https:\/\/www.prijedordanas.com\/?p=232549#breadcrumb","itemListElement":[{"@type":"ListItem","position":1,"name":"Home","item":"https:\/\/www.prijedordanas.com\/"},{"@type":"ListItem","position":2,"name":"Motocikl sletio sa kolovoza: Te\u0161ko povrije\u0111en mladi Prijedor\u010danin a lak\u0161e njegova maloljetna saputnica &#8211; FOTO"}]},{"@type":"WebSite","@id":"https:\/\/www.prijedordanas.com\/#website","url":"https:\/\/www.prijedordanas.com\/","name":"PrijedorDanas.com - Prijedorski gradski portal","description":"Portal o doga\u0111anjima u gradu Prijedoru","publisher":{"@id":"https:\/\/www.prijedordanas.com\/#organization"},"potentialAction":[{"@type":"SearchAction","target":{"@type":"EntryPoint","urlTemplate":"https:\/\/www.prijedordanas.com\/?s={search_term_string}"},"query-input":"required name=search_term_string"}],"inLanguage":"en-US"},{"@type":"Organization","@id":"https:\/\/www.prijedordanas.com\/#organization","name":"PrijedorDanas.com","url":"https:\/\/www.prijedordanas.com\/","logo":{"@type":"ImageObject","inLanguage":"en-US","@id":"https:\/\/www.prijedordanas.com\/#\/schema\/logo\/image\/","url":"http:\/\/www.prijedordanas.com\/wp-content\/uploads\/2021\/12\/logopng.png","contentUrl":"http:\/\/www.prijedordanas.com\/wp-content\/uploads\/2021\/12\/logopng.png","width":1019,"height":776,"caption":"PrijedorDanas.com"},"image":{"@id":"https:\/\/www.prijedordanas.com\/#\/schema\/logo\/image\/"},"sameAs":["https:\/\/www.facebook.com\/PrijedorDanasCom\/"]},{"@type":"Person","@id":"https:\/\/www.prijedordanas.com\/#\/schema\/person\/4e08ccf29b506ca916ff86d46bb700e6","name":"admin","image":{"@type":"ImageObject","inLanguage":"en-US","@id":"https:\/\/www.prijedordanas.com\/#\/schema\/person\/image\/","url":"https:\/\/secure.gravatar.com\/avatar\/1d3fc949d550f0b53a5f0d51e06dfd79?s=96&d=mm&r=g","contentUrl":"https:\/\/secure.gravatar.com\/avatar\/1d3fc949d550f0b53a5f0d51e06dfd79?s=96&d=mm&r=g","caption":"admin"},"url":"https:\/\/www.prijedordanas.com\/?author=1"}]}},"_links":{"self":[{"href":"https:\/\/www.prijedordanas.com\/index.php?rest_route=\/wp\/v2\/posts\/232549"}],"collection":[{"href":"https:\/\/www.prijedordanas.com\/index.php?rest_route=\/wp\/v2\/posts"}],"about":[{"href":"https:\/\/www.prijedordanas.com\/index.php?rest_route=\/wp\/v2\/types\/post"}],"author":[{"embeddable":true,"href":"https:\/\/www.prijedordanas.com\/index.php?rest_route=\/wp\/v2\/users\/1"}],"replies":[{"embeddable":true,"href":"https:\/\/www.prijedordanas.com\/index.php?rest_route=%2Fwp%2Fv2%2Fcomments&post=232549"}],"version-history":[{"count":1,"href":"https:\/\/www.prijedordanas.com\/index.php?rest_route=\/wp\/v2\/posts\/232549\/revisions"}],"predecessor-version":[{"id":232550,"href":"https:\/\/www.prijedordanas.com\/index.php?rest_route=\/wp\/v2\/posts\/232549\/revisions\/232550"}],"wp:attachment":[{"href":"https:\/\/www.prijedordanas.com\/index.php?rest_route=%2Fwp%2Fv2%2Fmedia&parent=232549"}],"wp:term":[{"taxonomy":"category","embeddable":true,"href":"https:\/\/www.prijedordanas.com\/index.php?rest_route=%2Fwp%2Fv2%2Fcategories&post=232549"},{"taxonomy":"post_tag","embeddable":true,"href":"https:\/\/www.prijedordanas.com\/index.php?rest_route=%2Fwp%2Fv2%2Ftags&post=232549"}],"curies":[{"name":"wp","href":"https:\/\/api.w.org\/{rel}","templated":true}]}}