{"id":232511,"date":"2024-08-28T09:11:05","date_gmt":"2024-08-28T07:11:05","guid":{"rendered":"https:\/\/www.prijedordanas.com\/?p=232511"},"modified":"2024-08-28T09:11:05","modified_gmt":"2024-08-28T07:11:05","slug":"na-megdan-izlazi-28-zena-ove-dame-zele-na-celo-svojih-lokalnih-zajednica-medu-njima-i-jedna-prijedorcanka","status":"publish","type":"post","link":"https:\/\/www.prijedordanas.com\/?p=232511","title":{"rendered":"Na &#8220;megdan&#8221; izlazi 28 \u017eena: Ove dame \u017eele na \u010delo svojih lokalnih zajednica, me\u0111u njima i jedna Prijedor\u010danka"},"content":{"rendered":"<p><a href=\"https:\/\/www.prijedordanas.com\/wp-content\/uploads\/2024\/08\/srpskainfo-zene-kandidati-izbori2024.jpg\"><img loading=\"lazy\" decoding=\"async\" src=\"https:\/\/www.prijedordanas.com\/wp-content\/uploads\/2024\/08\/srpskainfo-zene-kandidati-izbori2024-300x225.jpg\" alt=\"\" width=\"300\" height=\"225\" class=\"alignleft size-medium wp-image-232512\" srcset=\"https:\/\/www.prijedordanas.com\/wp-content\/uploads\/2024\/08\/srpskainfo-zene-kandidati-izbori2024-300x225.jpg 300w, https:\/\/www.prijedordanas.com\/wp-content\/uploads\/2024\/08\/srpskainfo-zene-kandidati-izbori2024-640x480.jpg 640w, https:\/\/www.prijedordanas.com\/wp-content\/uploads\/2024\/08\/srpskainfo-zene-kandidati-izbori2024.jpg 667w\" sizes=\"(max-width: 300px) 100vw, 300px\" \/><\/a>Lokalni izbori u BiH bi\u0107e odr\u017eani 6. oktobra ove godine, a od preko 140 lokalnih zajednica u kojima \u0107e se voditi trka za (grado)na\u010delnike u samo 27 njih za fotelju \u0107e se boriti i \u017eene.<\/p>\n<p>Prema preliminarnoj, ovjerenoj listi CIK BiH, hrabrost da se uhvate u ko\u0161tac sa svojim mu\u0161kim kolegama u trci za (grado)na\u010delnike smogle su kandidatkinje u Banjaluci, Prijedoru, Rogatici, Mili\u0107ima, Donjim \u017dabarima, Petrovcu, Bosanskom Petrovcu, Isto\u010dnom Drvaru, Drvaru, Jezeru, Bosanskom Grahovu, Jajcu, Kladu\u0161i, Doboj istoku, Doboj jugu, Gra\u010danici, Lukavcu, Zavidovi\u0107ima, Kaknju, Bugojnu, Busova\u010di, Fojnici, Novom Sarajevu, Gora\u017edu, Novom Gora\u017edu, \u010capljini i Usori.<\/p>\n<p>U Banjaluci \u0107e tako na megdan iza\u0107i liderka Narodnog fronta, Jelena Trivi\u0107.<\/p>\n<p>Ona \u0107e protiv sebe imati \u010dak trojicu protivkandidata, me\u0111u kojima i aktuelnog gradona\u010delnika Dra\u0161ka Stanivukovi\u0107a<\/p>\n<p>U Prijedoru \u0107e se za fotelju boriti aktuelna poslanica SDS, Maja Dragojevi\u0107 \u2013 Stoji\u0107 i trenutni gradona\u010delnik Slobodan Javor.<\/p>\n<p>U op\u0161tini Donji \u017dabar na kandidatskoj listi je ime Nata\u0161e Ku\u0161lakovi\u0107 iz SDS \u2013 Volja naroda koja \u0107e se boriti protiv Pere Pavlovi\u0107a iz SNSD.<\/p>\n<p>Za prvu \u017eenu Rogatice prijavila se \u017deljka Ikoni\u0107 iz SDS \u2013 Volja naroda, kojoj na tom putu stoji njen kolega iz SNSD, Ninoslav Preli\u0107.<\/p>\n<p>I u Mili\u0107ima je jedna \u017eena odlu\u010dila da pomrsi konce svojim mu\u0161kim kolegama, pa tako Sanja \u0110uri\u0107 iz SDS-Volja naroda izlazi na megdan Marku Savi\u0107u iz SNSD.<\/p>\n<p>Na\u010delnice tr\u010de novi krug<br \/>\nU Petrovcu u Republici Srpskoj bitku za na\u010delni\u010dku fotelju vodi\u0107e 3 kandidata, me\u0111u kojima je i nekada\u0161nja novinarka Branka Brankovi\u0107, koja u trku ulazi kao nezavisni kandidat.<\/p>\n<p>U susjednom Bosanskom Petrovcu Bobana Velaga Lipi\u0107 iz SNSD oku\u0161a\u0107e svoju sre\u0107u protiv dvojice kolega \u2013 Mahmut Juki\u0107 iz SDA i Haris Me\u0161i\u0107 iz Nezavisne liste za Bosanski Petrovac.<\/p>\n<p>Sada\u0161nja na\u010delnica Isto\u010dnog Dravara, Milka Ivankovi\u0107 iz SNSD ponovo \u0107e oku\u0161ati sre\u0107u i na ovim izborima, ali prvo treba koplja da ukrsti sa dvojicom kolega i kom\u0161ija \u2013 Milo\u0161 Luki\u0107 (nezavisni kandidat) i Du\u0161ko Agi\u0107 (US).<\/p>\n<p>Strana\u010dka kolegica Milke Ivankovi\u0107, koja je na\u010delnica susjednog Drvara, Du\u0161ica Runi\u0107, tako\u0111e, ponovo \u017eeli da oku\u0161a svoju sre\u0107u, a protiv sebe ima  Petra Pe\u0107anca iz SNS FBiH.<\/p>\n<p>I aktuelna na\u010delnica op\u0161tine Jezero Sne\u017eana Ru\u017ei\u010di\u0107 \u017eeli jo\u0161 jedan mandat, a prepreka su joj Dragan \u0160ajin iz NF i Du\u0161an \u0160ajin iz PDP.<\/p>\n<p>Na \u010delu Bosanskog Grahova mogla bi se na\u0107i nezavisna kandidatkinja Smiljka Radlovi\u0107, ali pod uslovom da dobije vi\u0161e glasova od svog sugra\u0111anina Petra Malinovi\u0107a iz SNSD.<\/p>\n<p>U Jajcu, tako\u0111e, jedna \u017eena \u017eeli da do\u0111e na \u010delo tog grada.<\/p>\n<p>Rije\u010d je o Bo\u017eani Biland\u017eiji iz HDZ BiH koja \u0107e se za to mjesto boriti protiv jo\u0161 dva kandidata.<\/p>\n<p>Za razliku od nje, Delila \u0160ahinovi\u0107 iz Kladu\u0161e odlu\u010dila je da kao nezavisni kandidat stane na crtu \u010dak \u010detvorici svojih sugra\u0111ana.<\/p>\n<p>Za na\u010delni\u010dke fotelje u Doboj istoku i Doboj jugu, tako\u0111e, \u017eele da sjednu dvije \u017eene.<\/p>\n<p>Tako \u0107e se Emira Kari\u0107 boriti protiv sugra\u0111anina iz SDA za fotelju na\u010delnika Doboj istoka, a Jasminka Begi\u0107 protiv dvojice kolega za fotelju na\u010delnika Doboj juga.<\/p>\n<p>U Gra\u010danici \u0107e Nihada Okanovi\u0107 (Naprijed BiH) iza\u0107i na megdan dvojici sugra\u0111ana, dok \u0107e u Lukavcu Dajana \u010coli\u0107 (DF) poku\u0161ati da pobijedi \u010dak troje svojih mu\u0161kih kolega.<\/p>\n<p>Protiv trojice kolega koplja \u0107e ukrstiti i Erna Merdi\u0107 Smailhod\u017ei\u0107 (SDA) koja \u017eeli da sjedne u na\u010delni\u010dku fotelju u Zavidovi\u0107ima.<\/p>\n<p>Za prvog \u010dovjeka Kaknja bori se \u010dak 5 mu\u0161karaca, ali bi im planove mogla pomrsiti njihova sugra\u0111anka Behija Kulovi\u0107 iz Na\u0161e stranke koja, tako\u0111e, \u017eeli istu fotelju.<\/p>\n<p>I u Bugojnu \u0107e na megdan iza\u0107i petoro kandidata me\u0111u kojima i jedna \u017eena \u2013 Lucija Pavlovi\u0107 iz HDZ BiH.<\/p>\n<p>U Busova\u010di \u0107e Ivana Smoljo (HDZ BiH) poku\u0161ati sre\u0107u u borbi protiv Asima Meki\u0107a iz SDA, dok \u0107e u Fojnici Mirjana Golub (HDZ BiH) poku\u0161ati da pobjedi trojicu protivkandidata.<\/p>\n<p>\u017dena na \u017eenu<br \/>\nAktuelna gradona\u010delnica Sarajeva Benjamina Kari\u0107 ponovo izlazi na megdan, a ovaj put \u0107e protiv sebe imati jo\u0161 3 kandidata.<\/p>\n<p>Za fotelju prvog \u010dovjeka Gora\u017eda bori se 7 kanddata me\u0111u kojima je i Lejla Karovi\u0107- Kersting (Naprijed BiH), dok se za na\u010delnika Novog Gora\u017eda bore tri kandidata me\u0111u kojima su \u010dak 2 \u017eene.<\/p>\n<p>Rije\u010d je o Jovani Kova\u010devi\u0107 (SDS-Volja naroda) i Miloj Petkovi\u0107 (SNSD) koje \u0107e se boriti jedna protiv druge, ali i protiv Ferida Plehe (SDP).<\/p>\n<p>I \u010capljina bi mogla da ima gradona\u010delnicu ali pod uslovom da Iva Ragu\u017e (HDZ BiH) pobijedi \u010detvoricu svojih protivkandidata.<\/p>\n<p>I Daliborka Mato\u0161evi\u0107 (HDZ 1990) \u017eeli da do\u0111e na \u010delo Usore, ali joj na tom putu stoji Zvonimir An\u0111eli\u0107 iz HDZ BiH.<\/p>\n<p><a href=\"https:\/\/srpskainfo.com\/na-megdan-izlazi-28-zena-ove-dame-zele-na-celo-svojih-lokalnih-zajednica-medju-njima-nekadasnja-novinarka-i-4-aktuelne-gradonacelnice\/\" rel=\"noopener\" target=\"_blank\">srpskainfo.com<\/a><\/p>\n","protected":false},"excerpt":{"rendered":"<p>Lokalni izbori u BiH bi\u0107e odr\u017eani 6. oktobra ove godine, a od preko 140 lokalnih zajednica u kojima \u0107e se voditi trka za (grado)na\u010delnike u samo 27 njih za fotelju [&hellip;]<\/p>\n","protected":false},"author":1,"featured_media":0,"comment_status":"closed","ping_status":"open","sticky":false,"template":"","format":"standard","meta":{"_monsterinsights_skip_tracking":false,"_monsterinsights_sitenote_active":false,"_monsterinsights_sitenote_note":"","_monsterinsights_sitenote_category":0,"footnotes":""},"categories":[3],"tags":[],"yoast_head":"<!-- This site is optimized with the Yoast SEO plugin v21.6 - https:\/\/yoast.com\/wordpress\/plugins\/seo\/ -->\n<title>Na &quot;megdan&quot; izlazi 28 \u017eena: Ove dame \u017eele na \u010delo svojih lokalnih zajednica, me\u0111u njima i jedna Prijedor\u010danka - PrijedorDanas.com - Prijedorski gradski portal<\/title>\n<meta name=\"robots\" content=\"index, follow, max-snippet:-1, max-image-preview:large, max-video-preview:-1\" \/>\n<link rel=\"canonical\" href=\"https:\/\/www.prijedordanas.com\/?p=232511\" \/>\n<meta property=\"og:locale\" content=\"en_US\" \/>\n<meta property=\"og:type\" content=\"article\" \/>\n<meta property=\"og:title\" content=\"Na &quot;megdan&quot; izlazi 28 \u017eena: Ove dame \u017eele na \u010delo svojih lokalnih zajednica, me\u0111u njima i jedna Prijedor\u010danka - PrijedorDanas.com - Prijedorski gradski portal\" \/>\n<meta property=\"og:description\" content=\"Lokalni izbori u BiH bi\u0107e odr\u017eani 6. oktobra ove godine, a od preko 140 lokalnih zajednica u kojima \u0107e se voditi trka za (grado)na\u010delnike u samo 27 njih za fotelju [&hellip;]\" \/>\n<meta property=\"og:url\" content=\"https:\/\/www.prijedordanas.com\/?p=232511\" \/>\n<meta property=\"og:site_name\" content=\"PrijedorDanas.com - Prijedorski gradski portal\" \/>\n<meta property=\"article:publisher\" content=\"https:\/\/www.facebook.com\/PrijedorDanasCom\/\" \/>\n<meta property=\"article:published_time\" content=\"2024-08-28T07:11:05+00:00\" \/>\n<meta property=\"og:image\" content=\"https:\/\/www.prijedordanas.com\/wp-content\/uploads\/2024\/08\/srpskainfo-zene-kandidati-izbori2024-300x225.jpg\" \/>\n<meta name=\"author\" content=\"admin\" \/>\n<meta name=\"twitter:card\" content=\"summary_large_image\" \/>\n<meta name=\"twitter:label1\" content=\"Written by\" \/>\n\t<meta name=\"twitter:data1\" content=\"admin\" \/>\n<script type=\"application\/ld+json\" class=\"yoast-schema-graph\">{\"@context\":\"https:\/\/schema.org\",\"@graph\":[{\"@type\":\"Article\",\"@id\":\"https:\/\/www.prijedordanas.com\/?p=232511#article\",\"isPartOf\":{\"@id\":\"https:\/\/www.prijedordanas.com\/?p=232511\"},\"author\":{\"name\":\"admin\",\"@id\":\"https:\/\/www.prijedordanas.com\/#\/schema\/person\/4e08ccf29b506ca916ff86d46bb700e6\"},\"headline\":\"Na &#8220;megdan&#8221; izlazi 28 \u017eena: Ove dame \u017eele na \u010delo svojih lokalnih zajednica, me\u0111u njima i jedna Prijedor\u010danka\",\"datePublished\":\"2024-08-28T07:11:05+00:00\",\"dateModified\":\"2024-08-28T07:11:05+00:00\",\"mainEntityOfPage\":{\"@id\":\"https:\/\/www.prijedordanas.com\/?p=232511\"},\"wordCount\":842,\"publisher\":{\"@id\":\"https:\/\/www.prijedordanas.com\/#organization\"},\"articleSection\":[\"\u017divot\"],\"inLanguage\":\"en-US\"},{\"@type\":\"WebPage\",\"@id\":\"https:\/\/www.prijedordanas.com\/?p=232511\",\"url\":\"https:\/\/www.prijedordanas.com\/?p=232511\",\"name\":\"Na \\\"megdan\\\" izlazi 28 \u017eena: Ove dame \u017eele na \u010delo svojih lokalnih zajednica, me\u0111u njima i jedna Prijedor\u010danka - PrijedorDanas.com - Prijedorski gradski portal\",\"isPartOf\":{\"@id\":\"https:\/\/www.prijedordanas.com\/#website\"},\"datePublished\":\"2024-08-28T07:11:05+00:00\",\"dateModified\":\"2024-08-28T07:11:05+00:00\",\"breadcrumb\":{\"@id\":\"https:\/\/www.prijedordanas.com\/?p=232511#breadcrumb\"},\"inLanguage\":\"en-US\",\"potentialAction\":[{\"@type\":\"ReadAction\",\"target\":[\"https:\/\/www.prijedordanas.com\/?p=232511\"]}]},{\"@type\":\"BreadcrumbList\",\"@id\":\"https:\/\/www.prijedordanas.com\/?p=232511#breadcrumb\",\"itemListElement\":[{\"@type\":\"ListItem\",\"position\":1,\"name\":\"Home\",\"item\":\"https:\/\/www.prijedordanas.com\/\"},{\"@type\":\"ListItem\",\"position\":2,\"name\":\"Na &#8220;megdan&#8221; izlazi 28 \u017eena: Ove dame \u017eele na \u010delo svojih lokalnih zajednica, me\u0111u njima i jedna Prijedor\u010danka\"}]},{\"@type\":\"WebSite\",\"@id\":\"https:\/\/www.prijedordanas.com\/#website\",\"url\":\"https:\/\/www.prijedordanas.com\/\",\"name\":\"PrijedorDanas.com - Prijedorski gradski portal\",\"description\":\"Portal o doga\u0111anjima u gradu Prijedoru\",\"publisher\":{\"@id\":\"https:\/\/www.prijedordanas.com\/#organization\"},\"potentialAction\":[{\"@type\":\"SearchAction\",\"target\":{\"@type\":\"EntryPoint\",\"urlTemplate\":\"https:\/\/www.prijedordanas.com\/?s={search_term_string}\"},\"query-input\":\"required name=search_term_string\"}],\"inLanguage\":\"en-US\"},{\"@type\":\"Organization\",\"@id\":\"https:\/\/www.prijedordanas.com\/#organization\",\"name\":\"PrijedorDanas.com\",\"url\":\"https:\/\/www.prijedordanas.com\/\",\"logo\":{\"@type\":\"ImageObject\",\"inLanguage\":\"en-US\",\"@id\":\"https:\/\/www.prijedordanas.com\/#\/schema\/logo\/image\/\",\"url\":\"http:\/\/www.prijedordanas.com\/wp-content\/uploads\/2021\/12\/logopng.png\",\"contentUrl\":\"http:\/\/www.prijedordanas.com\/wp-content\/uploads\/2021\/12\/logopng.png\",\"width\":1019,\"height\":776,\"caption\":\"PrijedorDanas.com\"},\"image\":{\"@id\":\"https:\/\/www.prijedordanas.com\/#\/schema\/logo\/image\/\"},\"sameAs\":[\"https:\/\/www.facebook.com\/PrijedorDanasCom\/\"]},{\"@type\":\"Person\",\"@id\":\"https:\/\/www.prijedordanas.com\/#\/schema\/person\/4e08ccf29b506ca916ff86d46bb700e6\",\"name\":\"admin\",\"image\":{\"@type\":\"ImageObject\",\"inLanguage\":\"en-US\",\"@id\":\"https:\/\/www.prijedordanas.com\/#\/schema\/person\/image\/\",\"url\":\"https:\/\/secure.gravatar.com\/avatar\/1d3fc949d550f0b53a5f0d51e06dfd79?s=96&d=mm&r=g\",\"contentUrl\":\"https:\/\/secure.gravatar.com\/avatar\/1d3fc949d550f0b53a5f0d51e06dfd79?s=96&d=mm&r=g\",\"caption\":\"admin\"},\"url\":\"https:\/\/www.prijedordanas.com\/?author=1\"}]}<\/script>\n<!-- \/ Yoast SEO plugin. -->","yoast_head_json":{"title":"Na \"megdan\" izlazi 28 \u017eena: Ove dame \u017eele na \u010delo svojih lokalnih zajednica, me\u0111u njima i jedna Prijedor\u010danka - PrijedorDanas.com - Prijedorski gradski portal","robots":{"index":"index","follow":"follow","max-snippet":"max-snippet:-1","max-image-preview":"max-image-preview:large","max-video-preview":"max-video-preview:-1"},"canonical":"https:\/\/www.prijedordanas.com\/?p=232511","og_locale":"en_US","og_type":"article","og_title":"Na \"megdan\" izlazi 28 \u017eena: Ove dame \u017eele na \u010delo svojih lokalnih zajednica, me\u0111u njima i jedna Prijedor\u010danka - PrijedorDanas.com - Prijedorski gradski portal","og_description":"Lokalni izbori u BiH bi\u0107e odr\u017eani 6. oktobra ove godine, a od preko 140 lokalnih zajednica u kojima \u0107e se voditi trka za (grado)na\u010delnike u samo 27 njih za fotelju [&hellip;]","og_url":"https:\/\/www.prijedordanas.com\/?p=232511","og_site_name":"PrijedorDanas.com - Prijedorski gradski portal","article_publisher":"https:\/\/www.facebook.com\/PrijedorDanasCom\/","article_published_time":"2024-08-28T07:11:05+00:00","og_image":[{"url":"https:\/\/www.prijedordanas.com\/wp-content\/uploads\/2024\/08\/srpskainfo-zene-kandidati-izbori2024-300x225.jpg"}],"author":"admin","twitter_card":"summary_large_image","twitter_misc":{"Written by":"admin"},"schema":{"@context":"https:\/\/schema.org","@graph":[{"@type":"Article","@id":"https:\/\/www.prijedordanas.com\/?p=232511#article","isPartOf":{"@id":"https:\/\/www.prijedordanas.com\/?p=232511"},"author":{"name":"admin","@id":"https:\/\/www.prijedordanas.com\/#\/schema\/person\/4e08ccf29b506ca916ff86d46bb700e6"},"headline":"Na &#8220;megdan&#8221; izlazi 28 \u017eena: Ove dame \u017eele na \u010delo svojih lokalnih zajednica, me\u0111u njima i jedna Prijedor\u010danka","datePublished":"2024-08-28T07:11:05+00:00","dateModified":"2024-08-28T07:11:05+00:00","mainEntityOfPage":{"@id":"https:\/\/www.prijedordanas.com\/?p=232511"},"wordCount":842,"publisher":{"@id":"https:\/\/www.prijedordanas.com\/#organization"},"articleSection":["\u017divot"],"inLanguage":"en-US"},{"@type":"WebPage","@id":"https:\/\/www.prijedordanas.com\/?p=232511","url":"https:\/\/www.prijedordanas.com\/?p=232511","name":"Na \"megdan\" izlazi 28 \u017eena: Ove dame \u017eele na \u010delo svojih lokalnih zajednica, me\u0111u njima i jedna Prijedor\u010danka - PrijedorDanas.com - Prijedorski gradski portal","isPartOf":{"@id":"https:\/\/www.prijedordanas.com\/#website"},"datePublished":"2024-08-28T07:11:05+00:00","dateModified":"2024-08-28T07:11:05+00:00","breadcrumb":{"@id":"https:\/\/www.prijedordanas.com\/?p=232511#breadcrumb"},"inLanguage":"en-US","potentialAction":[{"@type":"ReadAction","target":["https:\/\/www.prijedordanas.com\/?p=232511"]}]},{"@type":"BreadcrumbList","@id":"https:\/\/www.prijedordanas.com\/?p=232511#breadcrumb","itemListElement":[{"@type":"ListItem","position":1,"name":"Home","item":"https:\/\/www.prijedordanas.com\/"},{"@type":"ListItem","position":2,"name":"Na &#8220;megdan&#8221; izlazi 28 \u017eena: Ove dame \u017eele na \u010delo svojih lokalnih zajednica, me\u0111u njima i jedna Prijedor\u010danka"}]},{"@type":"WebSite","@id":"https:\/\/www.prijedordanas.com\/#website","url":"https:\/\/www.prijedordanas.com\/","name":"PrijedorDanas.com - Prijedorski gradski portal","description":"Portal o doga\u0111anjima u gradu Prijedoru","publisher":{"@id":"https:\/\/www.prijedordanas.com\/#organization"},"potentialAction":[{"@type":"SearchAction","target":{"@type":"EntryPoint","urlTemplate":"https:\/\/www.prijedordanas.com\/?s={search_term_string}"},"query-input":"required name=search_term_string"}],"inLanguage":"en-US"},{"@type":"Organization","@id":"https:\/\/www.prijedordanas.com\/#organization","name":"PrijedorDanas.com","url":"https:\/\/www.prijedordanas.com\/","logo":{"@type":"ImageObject","inLanguage":"en-US","@id":"https:\/\/www.prijedordanas.com\/#\/schema\/logo\/image\/","url":"http:\/\/www.prijedordanas.com\/wp-content\/uploads\/2021\/12\/logopng.png","contentUrl":"http:\/\/www.prijedordanas.com\/wp-content\/uploads\/2021\/12\/logopng.png","width":1019,"height":776,"caption":"PrijedorDanas.com"},"image":{"@id":"https:\/\/www.prijedordanas.com\/#\/schema\/logo\/image\/"},"sameAs":["https:\/\/www.facebook.com\/PrijedorDanasCom\/"]},{"@type":"Person","@id":"https:\/\/www.prijedordanas.com\/#\/schema\/person\/4e08ccf29b506ca916ff86d46bb700e6","name":"admin","image":{"@type":"ImageObject","inLanguage":"en-US","@id":"https:\/\/www.prijedordanas.com\/#\/schema\/person\/image\/","url":"https:\/\/secure.gravatar.com\/avatar\/1d3fc949d550f0b53a5f0d51e06dfd79?s=96&d=mm&r=g","contentUrl":"https:\/\/secure.gravatar.com\/avatar\/1d3fc949d550f0b53a5f0d51e06dfd79?s=96&d=mm&r=g","caption":"admin"},"url":"https:\/\/www.prijedordanas.com\/?author=1"}]}},"_links":{"self":[{"href":"https:\/\/www.prijedordanas.com\/index.php?rest_route=\/wp\/v2\/posts\/232511"}],"collection":[{"href":"https:\/\/www.prijedordanas.com\/index.php?rest_route=\/wp\/v2\/posts"}],"about":[{"href":"https:\/\/www.prijedordanas.com\/index.php?rest_route=\/wp\/v2\/types\/post"}],"author":[{"embeddable":true,"href":"https:\/\/www.prijedordanas.com\/index.php?rest_route=\/wp\/v2\/users\/1"}],"replies":[{"embeddable":true,"href":"https:\/\/www.prijedordanas.com\/index.php?rest_route=%2Fwp%2Fv2%2Fcomments&post=232511"}],"version-history":[{"count":1,"href":"https:\/\/www.prijedordanas.com\/index.php?rest_route=\/wp\/v2\/posts\/232511\/revisions"}],"predecessor-version":[{"id":232513,"href":"https:\/\/www.prijedordanas.com\/index.php?rest_route=\/wp\/v2\/posts\/232511\/revisions\/232513"}],"wp:attachment":[{"href":"https:\/\/www.prijedordanas.com\/index.php?rest_route=%2Fwp%2Fv2%2Fmedia&parent=232511"}],"wp:term":[{"taxonomy":"category","embeddable":true,"href":"https:\/\/www.prijedordanas.com\/index.php?rest_route=%2Fwp%2Fv2%2Fcategories&post=232511"},{"taxonomy":"post_tag","embeddable":true,"href":"https:\/\/www.prijedordanas.com\/index.php?rest_route=%2Fwp%2Fv2%2Ftags&post=232511"}],"curies":[{"name":"wp","href":"https:\/\/api.w.org\/{rel}","templated":true}]}}