{"id":232167,"date":"2024-08-22T16:05:56","date_gmt":"2024-08-22T14:05:56","guid":{"rendered":"https:\/\/www.prijedordanas.com\/?p=232167"},"modified":"2024-08-22T17:28:18","modified_gmt":"2024-08-22T15:28:18","slug":"prijedor-sve-manje-kupaca-i-zakupaca-na-gradskoj-trznici","status":"publish","type":"post","link":"https:\/\/www.prijedordanas.com\/?p=232167","title":{"rendered":"Prijedor: Sve manje kupaca i zakupaca na &#8220;Gradskoj tr\u017enici&#8221; &#8211; VIDEO"},"content":{"rendered":"<p><a href=\"https:\/\/www.prijedordanas.com\/wp-content\/uploads\/2024\/08\/kozarski-trznica-pecani.jpg\"><img loading=\"lazy\" decoding=\"async\" class=\"alignleft size-medium wp-image-232168\" src=\"https:\/\/www.prijedordanas.com\/wp-content\/uploads\/2024\/08\/kozarski-trznica-pecani-300x225.jpg\" alt=\"\" width=\"300\" height=\"225\" srcset=\"https:\/\/www.prijedordanas.com\/wp-content\/uploads\/2024\/08\/kozarski-trznica-pecani-300x225.jpg 300w, https:\/\/www.prijedordanas.com\/wp-content\/uploads\/2024\/08\/kozarski-trznica-pecani-640x480.jpg 640w, https:\/\/www.prijedordanas.com\/wp-content\/uploads\/2024\/08\/kozarski-trznica-pecani.jpg 667w\" sizes=\"(max-width: 300px) 100vw, 300px\" \/><\/a>Ovogodi\u0161nja su\u0161a odrazila se na ponudu proizvoda koji su na \u0161tandovima prijedorske \u201cGradske tr\u017enice\u201d. Iz ovog preduze\u0107a tvrde da je to uticalo i na nedovoljnu popunjenost raspolo\u017eivih kapaciteta zakupnih mjesta. I pored svih problema vjerne mu\u0161terije su zadovoljne.<\/p>\n<p>\u201cRedovan sam kupac i veoma sam zadovoljna. Sve \u0161to mi treba imam na jednom mjestu. Najva\u017enije mi je da je dobar parking i da je dobra hrana u ponudi\u201d, rekla je jedna sugra\u0111anka.<\/p>\n<p>Sa druge strane zakupci se \u017eale na smanjenu prodaju za koju tvrde da je opala \u010dak i do trideset odsto u odnosu na pro\u0161lu godinu.<\/p>\n<p>\u201cSvaka godina je sve lo\u0161ija, pogotovo ova jer zbog velikih vru\u0107ina mu\u0161terija je osjetno manje. Roba je dobra i cijene su nam uskla\u0111ene sa tr\u017enim centrima, ali nema posla\u201d, rekla je zakupac Dragana Ba\u0161i\u0107.<\/p>\n<p><a href=\"https:\/\/www.prijedordanas.com\/wp-content\/uploads\/2024\/08\/kozarski-darko-zgonjanin.jpg\"><img loading=\"lazy\" decoding=\"async\" class=\"alignleft size-medium wp-image-232169\" src=\"https:\/\/www.prijedordanas.com\/wp-content\/uploads\/2024\/08\/kozarski-darko-zgonjanin-300x225.jpg\" alt=\"\" width=\"300\" height=\"225\" srcset=\"https:\/\/www.prijedordanas.com\/wp-content\/uploads\/2024\/08\/kozarski-darko-zgonjanin-300x225.jpg 300w, https:\/\/www.prijedordanas.com\/wp-content\/uploads\/2024\/08\/kozarski-darko-zgonjanin-640x480.jpg 640w, https:\/\/www.prijedordanas.com\/wp-content\/uploads\/2024\/08\/kozarski-darko-zgonjanin.jpg 667w\" sizes=\"(max-width: 300px) 100vw, 300px\" \/><\/a>Iz \u201cGradske tr\u017enice\u201d ka\u017eu da je iz godine u godinu zakupaca kao i kupaca sve je manji.<\/p>\n<p>\u201cImamo stalni trend opadanja broja zakupaca. Veliki broj porodica i ljudi koji su se bavili na teritoriji grada Prijedora proizvodnjom poljoprivrednih proizvoda odustali su od plasmana tih proizvoda na \u2018Gradskoj tr\u017enici\u2019. Oni svoje proizvode nude putem zadruga tr\u017enim centrima i samim tim olak\u0161avaju sebi dio obaveza jer ne moraju biti prisutni na tr\u017enici i gubiti vrijeme kako bi prodali svoje proizvode. Sa druge strane velike temperature ove godine koje su trajale mjesec dana su desetkovale proizvodnju poljoprivrednih proizvoda koje, kako tvrde proizvo\u0111a\u010di, nije bilo mogu\u0107e sa\u010duvati ni navodnjavanjem. Gra\u0111ani zaobilaze tr\u017encu u zadnje vrijeme. Uzrok mo\u017ee biti i \u010dinjenica da doma\u0107ice sve \u010de\u0161\u0107e kupuju poljoprivredne proizvode u tr\u017enim centrima\u201d, naveo je Darko Zgonjanin, direktor \u201cGradske tr\u017enice\u201d Prijedor.<\/p>\n<p><a href=\"https:\/\/www.prijedordanas.com\/wp-content\/uploads\/2024\/08\/kozarski-trznica-centar.jpg\"><img loading=\"lazy\" decoding=\"async\" src=\"https:\/\/www.prijedordanas.com\/wp-content\/uploads\/2024\/08\/kozarski-trznica-centar-300x225.jpg\" alt=\"\" width=\"300\" height=\"225\" class=\"alignleft size-medium wp-image-232170\" srcset=\"https:\/\/www.prijedordanas.com\/wp-content\/uploads\/2024\/08\/kozarski-trznica-centar-300x225.jpg 300w, https:\/\/www.prijedordanas.com\/wp-content\/uploads\/2024\/08\/kozarski-trznica-centar-640x480.jpg 640w, https:\/\/www.prijedordanas.com\/wp-content\/uploads\/2024\/08\/kozarski-trznica-centar.jpg 667w\" sizes=\"(max-width: 300px) 100vw, 300px\" \/><\/a>Zgonjanin navodi da Mje\u0161ovita pijaca na Pe\u0107anima, koja je u sastavu \u201cGradske tr\u017enice\u201d, raspola\u017ee sa 120 stolova i rashladnih vitrina. Unazad sedam godina tu je bilo zakupljeno oko pedeset stolova na dnevnom nivou, dok je trenutni zakup 10 stolova i dvije rashladne vitrine.<\/p>\n<p>\u201cNa tr\u017enici u gradu se broj zakupaca kre\u0107e izme\u0111u trideset pet i pedeset. Petkom, vikendom i pazarnim danom, kada je malo ve\u0107a posjeta tr\u017enici, u to vrijeme zakupaca bude do pedeset. Ostalim danima, \u0161to zbog visokih temperatura \u0161to zbog manjka interesovanja zakupaca ne bude ni dvadeset\u201d, dodao je Zgonjanin.<\/p>\n<p>Zbog su\u0161e i smanjene proizvodnje najavljena su i poskupljenje proizvoda na jesen, kada \u0107e biti aktuelna nabavka poljoprivrednih proizvoda za zimnicu.<\/p>\n<p><strong><a href=\"https:\/\/kozarski.com\/sve-je-manje-kupaca-i-zakupaca-na-gradskoj-trznici\/\" target=\"_blank\" rel=\"noopener\">kozarski.com<\/a><\/strong><\/p>\n<p><iframe loading=\"lazy\" title=\"SU\u0160A SE ODRAZILA NA PONUDU NA \u201cGRADSKOJ TR\u017dNICI\u201d\" width=\"500\" height=\"281\" src=\"https:\/\/www.youtube.com\/embed\/s7s_o7iKrC8?feature=oembed\" frameborder=\"0\" allow=\"accelerometer; autoplay; clipboard-write; encrypted-media; gyroscope; picture-in-picture; web-share\" referrerpolicy=\"strict-origin-when-cross-origin\" allowfullscreen><\/iframe><\/p>\n","protected":false},"excerpt":{"rendered":"<p>Ovogodi\u0161nja su\u0161a odrazila se na ponudu proizvoda koji su na \u0161tandovima prijedorske \u201cGradske tr\u017enice\u201d. Iz ovog preduze\u0107a tvrde da je to uticalo i na nedovoljnu popunjenost raspolo\u017eivih kapaciteta zakupnih mjesta. [&hellip;]<\/p>\n","protected":false},"author":1,"featured_media":0,"comment_status":"closed","ping_status":"open","sticky":false,"template":"","format":"standard","meta":{"_monsterinsights_skip_tracking":false,"_monsterinsights_sitenote_active":false,"_monsterinsights_sitenote_note":"","_monsterinsights_sitenote_category":0,"footnotes":""},"categories":[4],"tags":[],"yoast_head":"<!-- This site is optimized with the Yoast SEO plugin v21.6 - https:\/\/yoast.com\/wordpress\/plugins\/seo\/ -->\n<title>Prijedor: Sve manje kupaca i zakupaca na &quot;Gradskoj tr\u017enici&quot; - VIDEO - PrijedorDanas.com - Prijedorski gradski portal<\/title>\n<meta name=\"robots\" content=\"index, follow, max-snippet:-1, max-image-preview:large, max-video-preview:-1\" \/>\n<link rel=\"canonical\" href=\"https:\/\/www.prijedordanas.com\/?p=232167\" \/>\n<meta property=\"og:locale\" content=\"en_US\" \/>\n<meta property=\"og:type\" content=\"article\" \/>\n<meta property=\"og:title\" content=\"Prijedor: Sve manje kupaca i zakupaca na &quot;Gradskoj tr\u017enici&quot; - VIDEO - PrijedorDanas.com - Prijedorski gradski portal\" \/>\n<meta property=\"og:description\" content=\"Ovogodi\u0161nja su\u0161a odrazila se na ponudu proizvoda koji su na \u0161tandovima prijedorske \u201cGradske tr\u017enice\u201d. Iz ovog preduze\u0107a tvrde da je to uticalo i na nedovoljnu popunjenost raspolo\u017eivih kapaciteta zakupnih mjesta. [&hellip;]\" \/>\n<meta property=\"og:url\" content=\"https:\/\/www.prijedordanas.com\/?p=232167\" \/>\n<meta property=\"og:site_name\" content=\"PrijedorDanas.com - Prijedorski gradski portal\" \/>\n<meta property=\"article:publisher\" content=\"https:\/\/www.facebook.com\/PrijedorDanasCom\/\" \/>\n<meta property=\"article:published_time\" content=\"2024-08-22T14:05:56+00:00\" \/>\n<meta property=\"article:modified_time\" content=\"2024-08-22T15:28:18+00:00\" \/>\n<meta property=\"og:image\" content=\"https:\/\/www.prijedordanas.com\/wp-content\/uploads\/2024\/08\/kozarski-trznica-pecani-300x225.jpg\" \/>\n<meta name=\"author\" content=\"admin\" \/>\n<meta name=\"twitter:card\" content=\"summary_large_image\" \/>\n<meta name=\"twitter:label1\" content=\"Written by\" \/>\n\t<meta name=\"twitter:data1\" content=\"admin\" \/>\n\t<meta name=\"twitter:label2\" content=\"Est. reading time\" \/>\n\t<meta name=\"twitter:data2\" content=\"3 minutes\" \/>\n<script type=\"application\/ld+json\" class=\"yoast-schema-graph\">{\"@context\":\"https:\/\/schema.org\",\"@graph\":[{\"@type\":\"Article\",\"@id\":\"https:\/\/www.prijedordanas.com\/?p=232167#article\",\"isPartOf\":{\"@id\":\"https:\/\/www.prijedordanas.com\/?p=232167\"},\"author\":{\"name\":\"admin\",\"@id\":\"https:\/\/www.prijedordanas.com\/#\/schema\/person\/4e08ccf29b506ca916ff86d46bb700e6\"},\"headline\":\"Prijedor: Sve manje kupaca i zakupaca na &#8220;Gradskoj tr\u017enici&#8221; &#8211; VIDEO\",\"datePublished\":\"2024-08-22T14:05:56+00:00\",\"dateModified\":\"2024-08-22T15:28:18+00:00\",\"mainEntityOfPage\":{\"@id\":\"https:\/\/www.prijedordanas.com\/?p=232167\"},\"wordCount\":441,\"publisher\":{\"@id\":\"https:\/\/www.prijedordanas.com\/#organization\"},\"articleSection\":[\"Dru\u0161tvo\"],\"inLanguage\":\"en-US\"},{\"@type\":\"WebPage\",\"@id\":\"https:\/\/www.prijedordanas.com\/?p=232167\",\"url\":\"https:\/\/www.prijedordanas.com\/?p=232167\",\"name\":\"Prijedor: Sve manje kupaca i zakupaca na \\\"Gradskoj tr\u017enici\\\" - VIDEO - PrijedorDanas.com - Prijedorski gradski portal\",\"isPartOf\":{\"@id\":\"https:\/\/www.prijedordanas.com\/#website\"},\"datePublished\":\"2024-08-22T14:05:56+00:00\",\"dateModified\":\"2024-08-22T15:28:18+00:00\",\"breadcrumb\":{\"@id\":\"https:\/\/www.prijedordanas.com\/?p=232167#breadcrumb\"},\"inLanguage\":\"en-US\",\"potentialAction\":[{\"@type\":\"ReadAction\",\"target\":[\"https:\/\/www.prijedordanas.com\/?p=232167\"]}]},{\"@type\":\"BreadcrumbList\",\"@id\":\"https:\/\/www.prijedordanas.com\/?p=232167#breadcrumb\",\"itemListElement\":[{\"@type\":\"ListItem\",\"position\":1,\"name\":\"Home\",\"item\":\"https:\/\/www.prijedordanas.com\/\"},{\"@type\":\"ListItem\",\"position\":2,\"name\":\"Prijedor: Sve manje kupaca i zakupaca na &#8220;Gradskoj tr\u017enici&#8221; &#8211; VIDEO\"}]},{\"@type\":\"WebSite\",\"@id\":\"https:\/\/www.prijedordanas.com\/#website\",\"url\":\"https:\/\/www.prijedordanas.com\/\",\"name\":\"PrijedorDanas.com - Prijedorski gradski portal\",\"description\":\"Portal o doga\u0111anjima u gradu Prijedoru\",\"publisher\":{\"@id\":\"https:\/\/www.prijedordanas.com\/#organization\"},\"potentialAction\":[{\"@type\":\"SearchAction\",\"target\":{\"@type\":\"EntryPoint\",\"urlTemplate\":\"https:\/\/www.prijedordanas.com\/?s={search_term_string}\"},\"query-input\":\"required name=search_term_string\"}],\"inLanguage\":\"en-US\"},{\"@type\":\"Organization\",\"@id\":\"https:\/\/www.prijedordanas.com\/#organization\",\"name\":\"PrijedorDanas.com\",\"url\":\"https:\/\/www.prijedordanas.com\/\",\"logo\":{\"@type\":\"ImageObject\",\"inLanguage\":\"en-US\",\"@id\":\"https:\/\/www.prijedordanas.com\/#\/schema\/logo\/image\/\",\"url\":\"http:\/\/www.prijedordanas.com\/wp-content\/uploads\/2021\/12\/logopng.png\",\"contentUrl\":\"http:\/\/www.prijedordanas.com\/wp-content\/uploads\/2021\/12\/logopng.png\",\"width\":1019,\"height\":776,\"caption\":\"PrijedorDanas.com\"},\"image\":{\"@id\":\"https:\/\/www.prijedordanas.com\/#\/schema\/logo\/image\/\"},\"sameAs\":[\"https:\/\/www.facebook.com\/PrijedorDanasCom\/\"]},{\"@type\":\"Person\",\"@id\":\"https:\/\/www.prijedordanas.com\/#\/schema\/person\/4e08ccf29b506ca916ff86d46bb700e6\",\"name\":\"admin\",\"image\":{\"@type\":\"ImageObject\",\"inLanguage\":\"en-US\",\"@id\":\"https:\/\/www.prijedordanas.com\/#\/schema\/person\/image\/\",\"url\":\"https:\/\/secure.gravatar.com\/avatar\/1d3fc949d550f0b53a5f0d51e06dfd79?s=96&d=mm&r=g\",\"contentUrl\":\"https:\/\/secure.gravatar.com\/avatar\/1d3fc949d550f0b53a5f0d51e06dfd79?s=96&d=mm&r=g\",\"caption\":\"admin\"},\"url\":\"https:\/\/www.prijedordanas.com\/?author=1\"}]}<\/script>\n<!-- \/ Yoast SEO plugin. -->","yoast_head_json":{"title":"Prijedor: Sve manje kupaca i zakupaca na \"Gradskoj tr\u017enici\" - VIDEO - PrijedorDanas.com - Prijedorski gradski portal","robots":{"index":"index","follow":"follow","max-snippet":"max-snippet:-1","max-image-preview":"max-image-preview:large","max-video-preview":"max-video-preview:-1"},"canonical":"https:\/\/www.prijedordanas.com\/?p=232167","og_locale":"en_US","og_type":"article","og_title":"Prijedor: Sve manje kupaca i zakupaca na \"Gradskoj tr\u017enici\" - VIDEO - PrijedorDanas.com - Prijedorski gradski portal","og_description":"Ovogodi\u0161nja su\u0161a odrazila se na ponudu proizvoda koji su na \u0161tandovima prijedorske \u201cGradske tr\u017enice\u201d. Iz ovog preduze\u0107a tvrde da je to uticalo i na nedovoljnu popunjenost raspolo\u017eivih kapaciteta zakupnih mjesta. [&hellip;]","og_url":"https:\/\/www.prijedordanas.com\/?p=232167","og_site_name":"PrijedorDanas.com - Prijedorski gradski portal","article_publisher":"https:\/\/www.facebook.com\/PrijedorDanasCom\/","article_published_time":"2024-08-22T14:05:56+00:00","article_modified_time":"2024-08-22T15:28:18+00:00","og_image":[{"url":"https:\/\/www.prijedordanas.com\/wp-content\/uploads\/2024\/08\/kozarski-trznica-pecani-300x225.jpg"}],"author":"admin","twitter_card":"summary_large_image","twitter_misc":{"Written by":"admin","Est. reading time":"3 minutes"},"schema":{"@context":"https:\/\/schema.org","@graph":[{"@type":"Article","@id":"https:\/\/www.prijedordanas.com\/?p=232167#article","isPartOf":{"@id":"https:\/\/www.prijedordanas.com\/?p=232167"},"author":{"name":"admin","@id":"https:\/\/www.prijedordanas.com\/#\/schema\/person\/4e08ccf29b506ca916ff86d46bb700e6"},"headline":"Prijedor: Sve manje kupaca i zakupaca na &#8220;Gradskoj tr\u017enici&#8221; &#8211; VIDEO","datePublished":"2024-08-22T14:05:56+00:00","dateModified":"2024-08-22T15:28:18+00:00","mainEntityOfPage":{"@id":"https:\/\/www.prijedordanas.com\/?p=232167"},"wordCount":441,"publisher":{"@id":"https:\/\/www.prijedordanas.com\/#organization"},"articleSection":["Dru\u0161tvo"],"inLanguage":"en-US"},{"@type":"WebPage","@id":"https:\/\/www.prijedordanas.com\/?p=232167","url":"https:\/\/www.prijedordanas.com\/?p=232167","name":"Prijedor: Sve manje kupaca i zakupaca na \"Gradskoj tr\u017enici\" - VIDEO - PrijedorDanas.com - Prijedorski gradski portal","isPartOf":{"@id":"https:\/\/www.prijedordanas.com\/#website"},"datePublished":"2024-08-22T14:05:56+00:00","dateModified":"2024-08-22T15:28:18+00:00","breadcrumb":{"@id":"https:\/\/www.prijedordanas.com\/?p=232167#breadcrumb"},"inLanguage":"en-US","potentialAction":[{"@type":"ReadAction","target":["https:\/\/www.prijedordanas.com\/?p=232167"]}]},{"@type":"BreadcrumbList","@id":"https:\/\/www.prijedordanas.com\/?p=232167#breadcrumb","itemListElement":[{"@type":"ListItem","position":1,"name":"Home","item":"https:\/\/www.prijedordanas.com\/"},{"@type":"ListItem","position":2,"name":"Prijedor: Sve manje kupaca i zakupaca na &#8220;Gradskoj tr\u017enici&#8221; &#8211; VIDEO"}]},{"@type":"WebSite","@id":"https:\/\/www.prijedordanas.com\/#website","url":"https:\/\/www.prijedordanas.com\/","name":"PrijedorDanas.com - Prijedorski gradski portal","description":"Portal o doga\u0111anjima u gradu Prijedoru","publisher":{"@id":"https:\/\/www.prijedordanas.com\/#organization"},"potentialAction":[{"@type":"SearchAction","target":{"@type":"EntryPoint","urlTemplate":"https:\/\/www.prijedordanas.com\/?s={search_term_string}"},"query-input":"required name=search_term_string"}],"inLanguage":"en-US"},{"@type":"Organization","@id":"https:\/\/www.prijedordanas.com\/#organization","name":"PrijedorDanas.com","url":"https:\/\/www.prijedordanas.com\/","logo":{"@type":"ImageObject","inLanguage":"en-US","@id":"https:\/\/www.prijedordanas.com\/#\/schema\/logo\/image\/","url":"http:\/\/www.prijedordanas.com\/wp-content\/uploads\/2021\/12\/logopng.png","contentUrl":"http:\/\/www.prijedordanas.com\/wp-content\/uploads\/2021\/12\/logopng.png","width":1019,"height":776,"caption":"PrijedorDanas.com"},"image":{"@id":"https:\/\/www.prijedordanas.com\/#\/schema\/logo\/image\/"},"sameAs":["https:\/\/www.facebook.com\/PrijedorDanasCom\/"]},{"@type":"Person","@id":"https:\/\/www.prijedordanas.com\/#\/schema\/person\/4e08ccf29b506ca916ff86d46bb700e6","name":"admin","image":{"@type":"ImageObject","inLanguage":"en-US","@id":"https:\/\/www.prijedordanas.com\/#\/schema\/person\/image\/","url":"https:\/\/secure.gravatar.com\/avatar\/1d3fc949d550f0b53a5f0d51e06dfd79?s=96&d=mm&r=g","contentUrl":"https:\/\/secure.gravatar.com\/avatar\/1d3fc949d550f0b53a5f0d51e06dfd79?s=96&d=mm&r=g","caption":"admin"},"url":"https:\/\/www.prijedordanas.com\/?author=1"}]}},"_links":{"self":[{"href":"https:\/\/www.prijedordanas.com\/index.php?rest_route=\/wp\/v2\/posts\/232167"}],"collection":[{"href":"https:\/\/www.prijedordanas.com\/index.php?rest_route=\/wp\/v2\/posts"}],"about":[{"href":"https:\/\/www.prijedordanas.com\/index.php?rest_route=\/wp\/v2\/types\/post"}],"author":[{"embeddable":true,"href":"https:\/\/www.prijedordanas.com\/index.php?rest_route=\/wp\/v2\/users\/1"}],"replies":[{"embeddable":true,"href":"https:\/\/www.prijedordanas.com\/index.php?rest_route=%2Fwp%2Fv2%2Fcomments&post=232167"}],"version-history":[{"count":2,"href":"https:\/\/www.prijedordanas.com\/index.php?rest_route=\/wp\/v2\/posts\/232167\/revisions"}],"predecessor-version":[{"id":232172,"href":"https:\/\/www.prijedordanas.com\/index.php?rest_route=\/wp\/v2\/posts\/232167\/revisions\/232172"}],"wp:attachment":[{"href":"https:\/\/www.prijedordanas.com\/index.php?rest_route=%2Fwp%2Fv2%2Fmedia&parent=232167"}],"wp:term":[{"taxonomy":"category","embeddable":true,"href":"https:\/\/www.prijedordanas.com\/index.php?rest_route=%2Fwp%2Fv2%2Fcategories&post=232167"},{"taxonomy":"post_tag","embeddable":true,"href":"https:\/\/www.prijedordanas.com\/index.php?rest_route=%2Fwp%2Fv2%2Ftags&post=232167"}],"curies":[{"name":"wp","href":"https:\/\/api.w.org\/{rel}","templated":true}]}}