{"id":232156,"date":"2024-08-22T13:03:15","date_gmt":"2024-08-22T11:03:15","guid":{"rendered":"https:\/\/www.prijedordanas.com\/?p=232156"},"modified":"2024-08-22T13:03:15","modified_gmt":"2024-08-22T11:03:15","slug":"prijedor-otvorena-izlozba-crkve-brvnare-cuvari-tradicije","status":"publish","type":"post","link":"https:\/\/www.prijedordanas.com\/?p=232156","title":{"rendered":"Prijedor: Otvorena izlo\u017eba &#8220;Crkve brvnare &#8211; \u010duvari tradicije&#8221;"},"content":{"rendered":"<p><a href=\"https:\/\/www.prijedordanas.com\/wp-content\/uploads\/2024\/08\/kozarski-ulup-izlozba-crkve-brvnare-cuvari-tradicije-1.jpg\"><img loading=\"lazy\" decoding=\"async\" class=\"alignleft size-medium wp-image-232157\" src=\"https:\/\/www.prijedordanas.com\/wp-content\/uploads\/2024\/08\/kozarski-ulup-izlozba-crkve-brvnare-cuvari-tradicije-1-300x225.jpg\" alt=\"\" width=\"300\" height=\"225\" srcset=\"https:\/\/www.prijedordanas.com\/wp-content\/uploads\/2024\/08\/kozarski-ulup-izlozba-crkve-brvnare-cuvari-tradicije-1-300x225.jpg 300w, https:\/\/www.prijedordanas.com\/wp-content\/uploads\/2024\/08\/kozarski-ulup-izlozba-crkve-brvnare-cuvari-tradicije-1-640x480.jpg 640w, https:\/\/www.prijedordanas.com\/wp-content\/uploads\/2024\/08\/kozarski-ulup-izlozba-crkve-brvnare-cuvari-tradicije-1.jpg 667w\" sizes=\"(max-width: 300px) 100vw, 300px\" \/><\/a>U Galeriji ULUP-a otvorena je izlo\u017eba pod nazivom \u201eCrkve brvnare \u2013 \u010duvari tradicije\u201c Neprekidna molitva pod drvenim svodom, autora Stanka Kosti\u0107a iz Beograda.<\/p>\n<p>Kosti\u0107 je predstavio fotografije crkvi brvnara sa teritorije Republike Srbije koje su nastale tokom 19. vijeka i \u010dine veoma va\u017eno duhovno i kulturno naslije\u0111e srpskog naroda.<\/p>\n<p>Milica To\u0161i\u0107, predsjednica Udru\u017eenja likovnih umjetnika Prijedor je istakla da su izlo\u017eene 42 fotografije, koje se bave arhitekturom vezanom za kulturni dio identiteta srpskog naroda.<\/p>\n<p>\u201eIzlo\u017eba \u0107e biti otvorena narednih mjesec dana i pozivam sve na\u0161e sugra\u0111ane da do\u0111u i pogledaju ovu veoma zanimljivu izlo\u017ebu\u201c, rekla je To\u0161i\u0107.<\/p>\n<p><a href=\"https:\/\/www.prijedordanas.com\/wp-content\/uploads\/2024\/08\/kozarski-ulup-izlozba-crkve-brvnare-cuvari-tradicije-3.jpg\"><img loading=\"lazy\" decoding=\"async\" src=\"https:\/\/www.prijedordanas.com\/wp-content\/uploads\/2024\/08\/kozarski-ulup-izlozba-crkve-brvnare-cuvari-tradicije-3-300x225.jpg\" alt=\"\" width=\"300\" height=\"225\" class=\"alignleft size-medium wp-image-232158\" srcset=\"https:\/\/www.prijedordanas.com\/wp-content\/uploads\/2024\/08\/kozarski-ulup-izlozba-crkve-brvnare-cuvari-tradicije-3-300x225.jpg 300w, https:\/\/www.prijedordanas.com\/wp-content\/uploads\/2024\/08\/kozarski-ulup-izlozba-crkve-brvnare-cuvari-tradicije-3.jpg 600w\" sizes=\"(max-width: 300px) 100vw, 300px\" \/><\/a>Stanko Kosti\u0107, autor izlo\u017ebe je izjavio da je ovo jedna od sedam izlo\u017ebi kojom se krenulo iz Srpske Akademije nauka iz Srbije i ti\u010de se kulture i tradicije srpskog naroda.<\/p>\n<p>\u201eOvdje su predstavljene i pobrojane sve crkve brvnare na teritoriji Srbije u katalogu, a ima ih ukupno 72, ve\u010deras su ovdje predstavljene 42 fotografije.Svrstane su u nekoliko poglavlja, od najstarijih, do kasnijih koje su polu-brvnare, odnosno koje su kombinacija graditeljskih elemenata. Ja sam ovu izlo\u017ebu nazvao: \u201eCrkve brvnare \u2013 \u010duvari tradicije\u201c .To je neprekidna molitva pod drvenim svodom, zato \u0161to su te male crkve brvnare, male ali velike, sve ono \u0161to mi danas zovemo na\u0161om srpskom kulturom\u201d, rekao je autor.<\/p>\n<p>Izlo\u017eba je organizovana u okviru \u201cPrijedorskog ljeta\u201d, uz podr\u0161ku Kabineta ministra bez portfelja zadu\u017eenog za koordinaciju aktivnosti i mjera u oblasti odnosa Republike Srbije s dijasporom, a finansijski je podr\u017eana od strane Gradske uprave Prijedor, uz saradnju Udru\u017eenja likovnih umjetnika Prijedor.<\/p>\n<p><strong><a href=\"https:\/\/kozarski.com\/otvorena-izlozba-crkve-brvnare-cuvari-tradicije\/\" target=\"_blank\" rel=\"noopener\">kozarski.com<\/a><\/strong><\/p>\n<p><a href=\"https:\/\/www.prijedordanas.com\/wp-content\/uploads\/2024\/08\/kozarski-ulup-izlozba-crkve-brvnare-cuvari-tradicije-2.jpg\"><img loading=\"lazy\" decoding=\"async\" src=\"https:\/\/www.prijedordanas.com\/wp-content\/uploads\/2024\/08\/kozarski-ulup-izlozba-crkve-brvnare-cuvari-tradicije-2-300x225.jpg\" alt=\"\" width=\"300\" height=\"225\" class=\"alignleft size-medium wp-image-232159\" srcset=\"https:\/\/www.prijedordanas.com\/wp-content\/uploads\/2024\/08\/kozarski-ulup-izlozba-crkve-brvnare-cuvari-tradicije-2-300x225.jpg 300w, https:\/\/www.prijedordanas.com\/wp-content\/uploads\/2024\/08\/kozarski-ulup-izlozba-crkve-brvnare-cuvari-tradicije-2.jpg 600w\" sizes=\"(max-width: 300px) 100vw, 300px\" \/><\/a><\/p>\n","protected":false},"excerpt":{"rendered":"<p>U Galeriji ULUP-a otvorena je izlo\u017eba pod nazivom \u201eCrkve brvnare \u2013 \u010duvari tradicije\u201c Neprekidna molitva pod drvenim svodom, autora Stanka Kosti\u0107a iz Beograda. Kosti\u0107 je predstavio fotografije crkvi brvnara sa [&hellip;]<\/p>\n","protected":false},"author":1,"featured_media":0,"comment_status":"closed","ping_status":"open","sticky":false,"template":"","format":"standard","meta":{"_monsterinsights_skip_tracking":false,"_monsterinsights_sitenote_active":false,"_monsterinsights_sitenote_note":"","_monsterinsights_sitenote_category":0,"footnotes":""},"categories":[6],"tags":[],"yoast_head":"<!-- This site is optimized with the Yoast SEO plugin v21.6 - https:\/\/yoast.com\/wordpress\/plugins\/seo\/ -->\n<title>Prijedor: Otvorena izlo\u017eba &quot;Crkve brvnare - \u010duvari tradicije&quot; - PrijedorDanas.com - Prijedorski gradski portal<\/title>\n<meta name=\"robots\" content=\"index, follow, max-snippet:-1, max-image-preview:large, max-video-preview:-1\" \/>\n<link rel=\"canonical\" href=\"https:\/\/www.prijedordanas.com\/?p=232156\" \/>\n<meta property=\"og:locale\" content=\"en_US\" \/>\n<meta property=\"og:type\" content=\"article\" \/>\n<meta property=\"og:title\" content=\"Prijedor: Otvorena izlo\u017eba &quot;Crkve brvnare - \u010duvari tradicije&quot; - PrijedorDanas.com - Prijedorski gradski portal\" \/>\n<meta property=\"og:description\" content=\"U Galeriji ULUP-a otvorena je izlo\u017eba pod nazivom \u201eCrkve brvnare \u2013 \u010duvari tradicije\u201c Neprekidna molitva pod drvenim svodom, autora Stanka Kosti\u0107a iz Beograda. Kosti\u0107 je predstavio fotografije crkvi brvnara sa [&hellip;]\" \/>\n<meta property=\"og:url\" content=\"https:\/\/www.prijedordanas.com\/?p=232156\" \/>\n<meta property=\"og:site_name\" content=\"PrijedorDanas.com - Prijedorski gradski portal\" \/>\n<meta property=\"article:publisher\" content=\"https:\/\/www.facebook.com\/PrijedorDanasCom\/\" \/>\n<meta property=\"article:published_time\" content=\"2024-08-22T11:03:15+00:00\" \/>\n<meta property=\"og:image\" content=\"https:\/\/www.prijedordanas.com\/wp-content\/uploads\/2024\/08\/kozarski-ulup-izlozba-crkve-brvnare-cuvari-tradicije-1-300x225.jpg\" \/>\n<meta name=\"author\" content=\"admin\" \/>\n<meta name=\"twitter:card\" content=\"summary_large_image\" \/>\n<meta name=\"twitter:label1\" content=\"Written by\" \/>\n\t<meta name=\"twitter:data1\" content=\"admin\" \/>\n\t<meta name=\"twitter:label2\" content=\"Est. reading time\" \/>\n\t<meta name=\"twitter:data2\" content=\"2 minutes\" \/>\n<script type=\"application\/ld+json\" class=\"yoast-schema-graph\">{\"@context\":\"https:\/\/schema.org\",\"@graph\":[{\"@type\":\"Article\",\"@id\":\"https:\/\/www.prijedordanas.com\/?p=232156#article\",\"isPartOf\":{\"@id\":\"https:\/\/www.prijedordanas.com\/?p=232156\"},\"author\":{\"name\":\"admin\",\"@id\":\"https:\/\/www.prijedordanas.com\/#\/schema\/person\/4e08ccf29b506ca916ff86d46bb700e6\"},\"headline\":\"Prijedor: Otvorena izlo\u017eba &#8220;Crkve brvnare &#8211; \u010duvari tradicije&#8221;\",\"datePublished\":\"2024-08-22T11:03:15+00:00\",\"dateModified\":\"2024-08-22T11:03:15+00:00\",\"mainEntityOfPage\":{\"@id\":\"https:\/\/www.prijedordanas.com\/?p=232156\"},\"wordCount\":278,\"publisher\":{\"@id\":\"https:\/\/www.prijedordanas.com\/#organization\"},\"articleSection\":[\"Kultura\"],\"inLanguage\":\"en-US\"},{\"@type\":\"WebPage\",\"@id\":\"https:\/\/www.prijedordanas.com\/?p=232156\",\"url\":\"https:\/\/www.prijedordanas.com\/?p=232156\",\"name\":\"Prijedor: Otvorena izlo\u017eba \\\"Crkve brvnare - \u010duvari tradicije\\\" - PrijedorDanas.com - Prijedorski gradski portal\",\"isPartOf\":{\"@id\":\"https:\/\/www.prijedordanas.com\/#website\"},\"datePublished\":\"2024-08-22T11:03:15+00:00\",\"dateModified\":\"2024-08-22T11:03:15+00:00\",\"breadcrumb\":{\"@id\":\"https:\/\/www.prijedordanas.com\/?p=232156#breadcrumb\"},\"inLanguage\":\"en-US\",\"potentialAction\":[{\"@type\":\"ReadAction\",\"target\":[\"https:\/\/www.prijedordanas.com\/?p=232156\"]}]},{\"@type\":\"BreadcrumbList\",\"@id\":\"https:\/\/www.prijedordanas.com\/?p=232156#breadcrumb\",\"itemListElement\":[{\"@type\":\"ListItem\",\"position\":1,\"name\":\"Home\",\"item\":\"https:\/\/www.prijedordanas.com\/\"},{\"@type\":\"ListItem\",\"position\":2,\"name\":\"Prijedor: Otvorena izlo\u017eba &#8220;Crkve brvnare &#8211; \u010duvari tradicije&#8221;\"}]},{\"@type\":\"WebSite\",\"@id\":\"https:\/\/www.prijedordanas.com\/#website\",\"url\":\"https:\/\/www.prijedordanas.com\/\",\"name\":\"PrijedorDanas.com - Prijedorski gradski portal\",\"description\":\"Portal o doga\u0111anjima u gradu Prijedoru\",\"publisher\":{\"@id\":\"https:\/\/www.prijedordanas.com\/#organization\"},\"potentialAction\":[{\"@type\":\"SearchAction\",\"target\":{\"@type\":\"EntryPoint\",\"urlTemplate\":\"https:\/\/www.prijedordanas.com\/?s={search_term_string}\"},\"query-input\":\"required name=search_term_string\"}],\"inLanguage\":\"en-US\"},{\"@type\":\"Organization\",\"@id\":\"https:\/\/www.prijedordanas.com\/#organization\",\"name\":\"PrijedorDanas.com\",\"url\":\"https:\/\/www.prijedordanas.com\/\",\"logo\":{\"@type\":\"ImageObject\",\"inLanguage\":\"en-US\",\"@id\":\"https:\/\/www.prijedordanas.com\/#\/schema\/logo\/image\/\",\"url\":\"http:\/\/www.prijedordanas.com\/wp-content\/uploads\/2021\/12\/logopng.png\",\"contentUrl\":\"http:\/\/www.prijedordanas.com\/wp-content\/uploads\/2021\/12\/logopng.png\",\"width\":1019,\"height\":776,\"caption\":\"PrijedorDanas.com\"},\"image\":{\"@id\":\"https:\/\/www.prijedordanas.com\/#\/schema\/logo\/image\/\"},\"sameAs\":[\"https:\/\/www.facebook.com\/PrijedorDanasCom\/\"]},{\"@type\":\"Person\",\"@id\":\"https:\/\/www.prijedordanas.com\/#\/schema\/person\/4e08ccf29b506ca916ff86d46bb700e6\",\"name\":\"admin\",\"image\":{\"@type\":\"ImageObject\",\"inLanguage\":\"en-US\",\"@id\":\"https:\/\/www.prijedordanas.com\/#\/schema\/person\/image\/\",\"url\":\"https:\/\/secure.gravatar.com\/avatar\/1d3fc949d550f0b53a5f0d51e06dfd79?s=96&d=mm&r=g\",\"contentUrl\":\"https:\/\/secure.gravatar.com\/avatar\/1d3fc949d550f0b53a5f0d51e06dfd79?s=96&d=mm&r=g\",\"caption\":\"admin\"},\"url\":\"https:\/\/www.prijedordanas.com\/?author=1\"}]}<\/script>\n<!-- \/ Yoast SEO plugin. -->","yoast_head_json":{"title":"Prijedor: Otvorena izlo\u017eba \"Crkve brvnare - \u010duvari tradicije\" - PrijedorDanas.com - Prijedorski gradski portal","robots":{"index":"index","follow":"follow","max-snippet":"max-snippet:-1","max-image-preview":"max-image-preview:large","max-video-preview":"max-video-preview:-1"},"canonical":"https:\/\/www.prijedordanas.com\/?p=232156","og_locale":"en_US","og_type":"article","og_title":"Prijedor: Otvorena izlo\u017eba \"Crkve brvnare - \u010duvari tradicije\" - PrijedorDanas.com - Prijedorski gradski portal","og_description":"U Galeriji ULUP-a otvorena je izlo\u017eba pod nazivom \u201eCrkve brvnare \u2013 \u010duvari tradicije\u201c Neprekidna molitva pod drvenim svodom, autora Stanka Kosti\u0107a iz Beograda. Kosti\u0107 je predstavio fotografije crkvi brvnara sa [&hellip;]","og_url":"https:\/\/www.prijedordanas.com\/?p=232156","og_site_name":"PrijedorDanas.com - Prijedorski gradski portal","article_publisher":"https:\/\/www.facebook.com\/PrijedorDanasCom\/","article_published_time":"2024-08-22T11:03:15+00:00","og_image":[{"url":"https:\/\/www.prijedordanas.com\/wp-content\/uploads\/2024\/08\/kozarski-ulup-izlozba-crkve-brvnare-cuvari-tradicije-1-300x225.jpg"}],"author":"admin","twitter_card":"summary_large_image","twitter_misc":{"Written by":"admin","Est. reading time":"2 minutes"},"schema":{"@context":"https:\/\/schema.org","@graph":[{"@type":"Article","@id":"https:\/\/www.prijedordanas.com\/?p=232156#article","isPartOf":{"@id":"https:\/\/www.prijedordanas.com\/?p=232156"},"author":{"name":"admin","@id":"https:\/\/www.prijedordanas.com\/#\/schema\/person\/4e08ccf29b506ca916ff86d46bb700e6"},"headline":"Prijedor: Otvorena izlo\u017eba &#8220;Crkve brvnare &#8211; \u010duvari tradicije&#8221;","datePublished":"2024-08-22T11:03:15+00:00","dateModified":"2024-08-22T11:03:15+00:00","mainEntityOfPage":{"@id":"https:\/\/www.prijedordanas.com\/?p=232156"},"wordCount":278,"publisher":{"@id":"https:\/\/www.prijedordanas.com\/#organization"},"articleSection":["Kultura"],"inLanguage":"en-US"},{"@type":"WebPage","@id":"https:\/\/www.prijedordanas.com\/?p=232156","url":"https:\/\/www.prijedordanas.com\/?p=232156","name":"Prijedor: Otvorena izlo\u017eba \"Crkve brvnare - \u010duvari tradicije\" - PrijedorDanas.com - Prijedorski gradski portal","isPartOf":{"@id":"https:\/\/www.prijedordanas.com\/#website"},"datePublished":"2024-08-22T11:03:15+00:00","dateModified":"2024-08-22T11:03:15+00:00","breadcrumb":{"@id":"https:\/\/www.prijedordanas.com\/?p=232156#breadcrumb"},"inLanguage":"en-US","potentialAction":[{"@type":"ReadAction","target":["https:\/\/www.prijedordanas.com\/?p=232156"]}]},{"@type":"BreadcrumbList","@id":"https:\/\/www.prijedordanas.com\/?p=232156#breadcrumb","itemListElement":[{"@type":"ListItem","position":1,"name":"Home","item":"https:\/\/www.prijedordanas.com\/"},{"@type":"ListItem","position":2,"name":"Prijedor: Otvorena izlo\u017eba &#8220;Crkve brvnare &#8211; \u010duvari tradicije&#8221;"}]},{"@type":"WebSite","@id":"https:\/\/www.prijedordanas.com\/#website","url":"https:\/\/www.prijedordanas.com\/","name":"PrijedorDanas.com - Prijedorski gradski portal","description":"Portal o doga\u0111anjima u gradu Prijedoru","publisher":{"@id":"https:\/\/www.prijedordanas.com\/#organization"},"potentialAction":[{"@type":"SearchAction","target":{"@type":"EntryPoint","urlTemplate":"https:\/\/www.prijedordanas.com\/?s={search_term_string}"},"query-input":"required name=search_term_string"}],"inLanguage":"en-US"},{"@type":"Organization","@id":"https:\/\/www.prijedordanas.com\/#organization","name":"PrijedorDanas.com","url":"https:\/\/www.prijedordanas.com\/","logo":{"@type":"ImageObject","inLanguage":"en-US","@id":"https:\/\/www.prijedordanas.com\/#\/schema\/logo\/image\/","url":"http:\/\/www.prijedordanas.com\/wp-content\/uploads\/2021\/12\/logopng.png","contentUrl":"http:\/\/www.prijedordanas.com\/wp-content\/uploads\/2021\/12\/logopng.png","width":1019,"height":776,"caption":"PrijedorDanas.com"},"image":{"@id":"https:\/\/www.prijedordanas.com\/#\/schema\/logo\/image\/"},"sameAs":["https:\/\/www.facebook.com\/PrijedorDanasCom\/"]},{"@type":"Person","@id":"https:\/\/www.prijedordanas.com\/#\/schema\/person\/4e08ccf29b506ca916ff86d46bb700e6","name":"admin","image":{"@type":"ImageObject","inLanguage":"en-US","@id":"https:\/\/www.prijedordanas.com\/#\/schema\/person\/image\/","url":"https:\/\/secure.gravatar.com\/avatar\/1d3fc949d550f0b53a5f0d51e06dfd79?s=96&d=mm&r=g","contentUrl":"https:\/\/secure.gravatar.com\/avatar\/1d3fc949d550f0b53a5f0d51e06dfd79?s=96&d=mm&r=g","caption":"admin"},"url":"https:\/\/www.prijedordanas.com\/?author=1"}]}},"_links":{"self":[{"href":"https:\/\/www.prijedordanas.com\/index.php?rest_route=\/wp\/v2\/posts\/232156"}],"collection":[{"href":"https:\/\/www.prijedordanas.com\/index.php?rest_route=\/wp\/v2\/posts"}],"about":[{"href":"https:\/\/www.prijedordanas.com\/index.php?rest_route=\/wp\/v2\/types\/post"}],"author":[{"embeddable":true,"href":"https:\/\/www.prijedordanas.com\/index.php?rest_route=\/wp\/v2\/users\/1"}],"replies":[{"embeddable":true,"href":"https:\/\/www.prijedordanas.com\/index.php?rest_route=%2Fwp%2Fv2%2Fcomments&post=232156"}],"version-history":[{"count":1,"href":"https:\/\/www.prijedordanas.com\/index.php?rest_route=\/wp\/v2\/posts\/232156\/revisions"}],"predecessor-version":[{"id":232160,"href":"https:\/\/www.prijedordanas.com\/index.php?rest_route=\/wp\/v2\/posts\/232156\/revisions\/232160"}],"wp:attachment":[{"href":"https:\/\/www.prijedordanas.com\/index.php?rest_route=%2Fwp%2Fv2%2Fmedia&parent=232156"}],"wp:term":[{"taxonomy":"category","embeddable":true,"href":"https:\/\/www.prijedordanas.com\/index.php?rest_route=%2Fwp%2Fv2%2Fcategories&post=232156"},{"taxonomy":"post_tag","embeddable":true,"href":"https:\/\/www.prijedordanas.com\/index.php?rest_route=%2Fwp%2Fv2%2Ftags&post=232156"}],"curies":[{"name":"wp","href":"https:\/\/api.w.org\/{rel}","templated":true}]}}