{"id":232063,"date":"2024-08-21T03:49:32","date_gmt":"2024-08-21T01:49:32","guid":{"rendered":"https:\/\/www.prijedordanas.com\/?p=232063"},"modified":"2024-08-21T03:49:32","modified_gmt":"2024-08-21T01:49:32","slug":"fond-za-profesionalnu-rehabilitaciju-i-zaposljavanje-invalida-ispunjen-plan-zaposljavanja-lica-sa-invaliditetom-u-prvih-sest-mjeseci-ove-godine-video","status":"publish","type":"post","link":"https:\/\/www.prijedordanas.com\/?p=232063","title":{"rendered":"Fond za profesionalnu rehabilitaciju i zapo\u0161ljavanje invalida: Ispunjen plan zapo\u0161ljavanja lica sa invaliditetom u prvih \u0161est mjeseci ove godine &#8211; VIDEO"},"content":{"rendered":"<p><a href=\"https:\/\/www.prijedordanas.com\/wp-content\/uploads\/2024\/08\/rtrs-osoba-sa-invaliditetom.jpg\"><img loading=\"lazy\" decoding=\"async\" class=\"alignleft size-medium wp-image-232065\" src=\"https:\/\/www.prijedordanas.com\/wp-content\/uploads\/2024\/08\/rtrs-osoba-sa-invaliditetom-300x225.jpg\" alt=\"\" width=\"300\" height=\"225\" srcset=\"https:\/\/www.prijedordanas.com\/wp-content\/uploads\/2024\/08\/rtrs-osoba-sa-invaliditetom-300x225.jpg 300w, https:\/\/www.prijedordanas.com\/wp-content\/uploads\/2024\/08\/rtrs-osoba-sa-invaliditetom-640x480.jpg 640w, https:\/\/www.prijedordanas.com\/wp-content\/uploads\/2024\/08\/rtrs-osoba-sa-invaliditetom.jpg 666w\" sizes=\"(max-width: 300px) 100vw, 300px\" \/><\/a>U Republici Srpskoj je ispunjen plan zapo\u0161ljavanja lica sa invaliditetom za prvih pola godine.<\/p>\n<p>Fond za profesionalnu rehabilitaciju i zapo\u0161ljavanje invalida sa sjedi\u0161tem u Prijedoru, isplatio je podsticaj 21 licu sa invaliditetom. Za prvih \u0161est mjeseci ispla\u0107en je i rekordan iznos za povrat doprinosa &#8211; tri miliona maraka.<\/p>\n<p>\u0408avni konkurs za zapo\u0161ljavanje i samozapo\u0161ljavanje otvoren je tokom cijele godine. Podsticaj je dobio ratni vojni invalid Zlatko Vasi\u0107, iz Bosanskih Lu\u017eana kod Dervente, koji se, nakon gubitka posla, posvetio farmi ovaca. Sredstva je iskoristio za kupovinu mehanizacije.<\/p>\n<p>&#8211; Imao sam obi\u010dnu, mehani\u010dku sija\u010dicu. Sijao sam samo kukuruze, ali sad je ovo i malo bolje i kvalitetnije &#8211; pri\u010da Zlatko Vasi\u0107.<\/p>\n<p>Ratni vojni invalid Nenad Buli\u0107, iz Kozarske Dubice volonterski je obavljao du\u017enost predsjednika op\u0161tinske Bora\u010dke organizacije. Zahvaljuju\u0107i podsticaju Fonda, zasnovao je radni odnos.<\/p>\n<p>&#8211; Ova vrsta pomo\u0107i ratnim vojnim invalidima i invalidima uop\u0161te je jako pohvalna i jako dobro do\u0111e, koji su nezaposleni, pogotovo invalidima, da ostvare neka svoja prava i da do\u0111u do tog prijeko potrebnog zaposlenja &#8211; ka\u017ee Buli\u0107.<\/p>\n<p><a href=\"https:\/\/www.prijedordanas.com\/wp-content\/uploads\/2024\/04\/rtrs-fond-za-profesionalnu-rehabilitaciju-i-zaposljavanje-invalida.jpg\"><img loading=\"lazy\" decoding=\"async\" src=\"https:\/\/www.prijedordanas.com\/wp-content\/uploads\/2024\/04\/rtrs-fond-za-profesionalnu-rehabilitaciju-i-zaposljavanje-invalida-300x225.jpg\" alt=\"\" width=\"300\" height=\"225\" class=\"alignleft size-medium wp-image-223450\" srcset=\"https:\/\/www.prijedordanas.com\/wp-content\/uploads\/2024\/04\/rtrs-fond-za-profesionalnu-rehabilitaciju-i-zaposljavanje-invalida-300x225.jpg 300w, https:\/\/www.prijedordanas.com\/wp-content\/uploads\/2024\/04\/rtrs-fond-za-profesionalnu-rehabilitaciju-i-zaposljavanje-invalida-640x480.jpg 640w, https:\/\/www.prijedordanas.com\/wp-content\/uploads\/2024\/04\/rtrs-fond-za-profesionalnu-rehabilitaciju-i-zaposljavanje-invalida.jpg 666w\" sizes=\"(max-width: 300px) 100vw, 300px\" \/><\/a>U Fondu ka\u017eu da je najvi\u0161e novca izdvojeno za povrat doprinosa za 1.200 zaposlenih i samozaposlenih lica sa invaliditetom &#8211; tri miliona maraka, najvi\u0161e od osnivanja Fonda.<\/p>\n<p>&#8211; Ono \u0161to je jo\u0161 va\u017eno re\u0107i i \u0161ta javnost sigurno prati jeste da smo mi za ovih prvih \u0161est mjeseci uspjeli, kroz tu na\u0161u komponentu nov\u010danog stimulansa, zaposliti 21 osobu sa invaliditetom, odnosno samozaposliti i ta komponenta nov\u010danog stimulansa pokazala se kao veoma efikasna s obzirom da se ta sredstva kre\u0107u od sedam do 12 hiljada KM &#8211; istakao je Stevica Dronjak, direktor Fonda za rehabilitaciju i zapo\u0161ljavanje invalida Republike Srpske.<\/p>\n<p>Uskoro \u0107e biti raspisani i javni pozivi za ekonomsku podr\u0161ku i odr\u017eivost zaposlenosti. Mogu se prijaviti lica koja do sada nisu koristila tu vrstu podr\u0161ke, a zaposlena su vi\u0161e od tri godine.<\/p>\n<p>RTRS<\/p>\n<p><iframe loading=\"lazy\" title=\"Srpska ispunila plan zapo\u0161ljavanja lica sa invaliditetom u prvih \u0161est mjeseci ove godine\" width=\"500\" height=\"281\" src=\"https:\/\/www.youtube.com\/embed\/xVwbD_Hdql8?feature=oembed\" frameborder=\"0\" allow=\"accelerometer; autoplay; clipboard-write; encrypted-media; gyroscope; picture-in-picture; web-share\" referrerpolicy=\"strict-origin-when-cross-origin\" allowfullscreen><\/iframe><\/p>\n","protected":false},"excerpt":{"rendered":"<p>U Republici Srpskoj je ispunjen plan zapo\u0161ljavanja lica sa invaliditetom za prvih pola godine. Fond za profesionalnu rehabilitaciju i zapo\u0161ljavanje invalida sa sjedi\u0161tem u Prijedoru, isplatio je podsticaj 21 licu [&hellip;]<\/p>\n","protected":false},"author":1,"featured_media":0,"comment_status":"closed","ping_status":"open","sticky":false,"template":"","format":"standard","meta":{"_monsterinsights_skip_tracking":false,"_monsterinsights_sitenote_active":false,"_monsterinsights_sitenote_note":"","_monsterinsights_sitenote_category":0,"footnotes":""},"categories":[3],"tags":[],"yoast_head":"<!-- This site is optimized with the Yoast SEO plugin v21.6 - https:\/\/yoast.com\/wordpress\/plugins\/seo\/ -->\n<title>Fond za profesionalnu rehabilitaciju i zapo\u0161ljavanje invalida: Ispunjen plan zapo\u0161ljavanja lica sa invaliditetom u prvih \u0161est mjeseci ove godine - VIDEO - PrijedorDanas.com - Prijedorski gradski portal<\/title>\n<meta name=\"robots\" content=\"index, follow, max-snippet:-1, max-image-preview:large, max-video-preview:-1\" \/>\n<link rel=\"canonical\" href=\"https:\/\/www.prijedordanas.com\/?p=232063\" \/>\n<meta property=\"og:locale\" content=\"en_US\" \/>\n<meta property=\"og:type\" content=\"article\" \/>\n<meta property=\"og:title\" content=\"Fond za profesionalnu rehabilitaciju i zapo\u0161ljavanje invalida: Ispunjen plan zapo\u0161ljavanja lica sa invaliditetom u prvih \u0161est mjeseci ove godine - VIDEO - PrijedorDanas.com - Prijedorski gradski portal\" \/>\n<meta property=\"og:description\" content=\"U Republici Srpskoj je ispunjen plan zapo\u0161ljavanja lica sa invaliditetom za prvih pola godine. Fond za profesionalnu rehabilitaciju i zapo\u0161ljavanje invalida sa sjedi\u0161tem u Prijedoru, isplatio je podsticaj 21 licu [&hellip;]\" \/>\n<meta property=\"og:url\" content=\"https:\/\/www.prijedordanas.com\/?p=232063\" \/>\n<meta property=\"og:site_name\" content=\"PrijedorDanas.com - Prijedorski gradski portal\" \/>\n<meta property=\"article:publisher\" content=\"https:\/\/www.facebook.com\/PrijedorDanasCom\/\" \/>\n<meta property=\"article:published_time\" content=\"2024-08-21T01:49:32+00:00\" \/>\n<meta property=\"og:image\" content=\"https:\/\/www.prijedordanas.com\/wp-content\/uploads\/2024\/08\/rtrs-osoba-sa-invaliditetom-300x225.jpg\" \/>\n<meta name=\"author\" content=\"admin\" \/>\n<meta name=\"twitter:card\" content=\"summary_large_image\" \/>\n<meta name=\"twitter:label1\" content=\"Written by\" \/>\n\t<meta name=\"twitter:data1\" content=\"admin\" \/>\n\t<meta name=\"twitter:label2\" content=\"Est. reading time\" \/>\n\t<meta name=\"twitter:data2\" content=\"2 minutes\" \/>\n<script type=\"application\/ld+json\" class=\"yoast-schema-graph\">{\"@context\":\"https:\/\/schema.org\",\"@graph\":[{\"@type\":\"Article\",\"@id\":\"https:\/\/www.prijedordanas.com\/?p=232063#article\",\"isPartOf\":{\"@id\":\"https:\/\/www.prijedordanas.com\/?p=232063\"},\"author\":{\"name\":\"admin\",\"@id\":\"https:\/\/www.prijedordanas.com\/#\/schema\/person\/4e08ccf29b506ca916ff86d46bb700e6\"},\"headline\":\"Fond za profesionalnu rehabilitaciju i zapo\u0161ljavanje invalida: Ispunjen plan zapo\u0161ljavanja lica sa invaliditetom u prvih \u0161est mjeseci ove godine &#8211; VIDEO\",\"datePublished\":\"2024-08-21T01:49:32+00:00\",\"dateModified\":\"2024-08-21T01:49:32+00:00\",\"mainEntityOfPage\":{\"@id\":\"https:\/\/www.prijedordanas.com\/?p=232063\"},\"wordCount\":364,\"publisher\":{\"@id\":\"https:\/\/www.prijedordanas.com\/#organization\"},\"articleSection\":[\"\u017divot\"],\"inLanguage\":\"en-US\"},{\"@type\":\"WebPage\",\"@id\":\"https:\/\/www.prijedordanas.com\/?p=232063\",\"url\":\"https:\/\/www.prijedordanas.com\/?p=232063\",\"name\":\"Fond za profesionalnu rehabilitaciju i zapo\u0161ljavanje invalida: Ispunjen plan zapo\u0161ljavanja lica sa invaliditetom u prvih \u0161est mjeseci ove godine - VIDEO - PrijedorDanas.com - Prijedorski gradski portal\",\"isPartOf\":{\"@id\":\"https:\/\/www.prijedordanas.com\/#website\"},\"datePublished\":\"2024-08-21T01:49:32+00:00\",\"dateModified\":\"2024-08-21T01:49:32+00:00\",\"breadcrumb\":{\"@id\":\"https:\/\/www.prijedordanas.com\/?p=232063#breadcrumb\"},\"inLanguage\":\"en-US\",\"potentialAction\":[{\"@type\":\"ReadAction\",\"target\":[\"https:\/\/www.prijedordanas.com\/?p=232063\"]}]},{\"@type\":\"BreadcrumbList\",\"@id\":\"https:\/\/www.prijedordanas.com\/?p=232063#breadcrumb\",\"itemListElement\":[{\"@type\":\"ListItem\",\"position\":1,\"name\":\"Home\",\"item\":\"https:\/\/www.prijedordanas.com\/\"},{\"@type\":\"ListItem\",\"position\":2,\"name\":\"Fond za profesionalnu rehabilitaciju i zapo\u0161ljavanje invalida: Ispunjen plan zapo\u0161ljavanja lica sa invaliditetom u prvih \u0161est mjeseci ove godine &#8211; VIDEO\"}]},{\"@type\":\"WebSite\",\"@id\":\"https:\/\/www.prijedordanas.com\/#website\",\"url\":\"https:\/\/www.prijedordanas.com\/\",\"name\":\"PrijedorDanas.com - Prijedorski gradski portal\",\"description\":\"Portal o doga\u0111anjima u gradu Prijedoru\",\"publisher\":{\"@id\":\"https:\/\/www.prijedordanas.com\/#organization\"},\"potentialAction\":[{\"@type\":\"SearchAction\",\"target\":{\"@type\":\"EntryPoint\",\"urlTemplate\":\"https:\/\/www.prijedordanas.com\/?s={search_term_string}\"},\"query-input\":\"required name=search_term_string\"}],\"inLanguage\":\"en-US\"},{\"@type\":\"Organization\",\"@id\":\"https:\/\/www.prijedordanas.com\/#organization\",\"name\":\"PrijedorDanas.com\",\"url\":\"https:\/\/www.prijedordanas.com\/\",\"logo\":{\"@type\":\"ImageObject\",\"inLanguage\":\"en-US\",\"@id\":\"https:\/\/www.prijedordanas.com\/#\/schema\/logo\/image\/\",\"url\":\"http:\/\/www.prijedordanas.com\/wp-content\/uploads\/2021\/12\/logopng.png\",\"contentUrl\":\"http:\/\/www.prijedordanas.com\/wp-content\/uploads\/2021\/12\/logopng.png\",\"width\":1019,\"height\":776,\"caption\":\"PrijedorDanas.com\"},\"image\":{\"@id\":\"https:\/\/www.prijedordanas.com\/#\/schema\/logo\/image\/\"},\"sameAs\":[\"https:\/\/www.facebook.com\/PrijedorDanasCom\/\"]},{\"@type\":\"Person\",\"@id\":\"https:\/\/www.prijedordanas.com\/#\/schema\/person\/4e08ccf29b506ca916ff86d46bb700e6\",\"name\":\"admin\",\"image\":{\"@type\":\"ImageObject\",\"inLanguage\":\"en-US\",\"@id\":\"https:\/\/www.prijedordanas.com\/#\/schema\/person\/image\/\",\"url\":\"https:\/\/secure.gravatar.com\/avatar\/1d3fc949d550f0b53a5f0d51e06dfd79?s=96&d=mm&r=g\",\"contentUrl\":\"https:\/\/secure.gravatar.com\/avatar\/1d3fc949d550f0b53a5f0d51e06dfd79?s=96&d=mm&r=g\",\"caption\":\"admin\"},\"url\":\"https:\/\/www.prijedordanas.com\/?author=1\"}]}<\/script>\n<!-- \/ Yoast SEO plugin. -->","yoast_head_json":{"title":"Fond za profesionalnu rehabilitaciju i zapo\u0161ljavanje invalida: Ispunjen plan zapo\u0161ljavanja lica sa invaliditetom u prvih \u0161est mjeseci ove godine - VIDEO - PrijedorDanas.com - Prijedorski gradski portal","robots":{"index":"index","follow":"follow","max-snippet":"max-snippet:-1","max-image-preview":"max-image-preview:large","max-video-preview":"max-video-preview:-1"},"canonical":"https:\/\/www.prijedordanas.com\/?p=232063","og_locale":"en_US","og_type":"article","og_title":"Fond za profesionalnu rehabilitaciju i zapo\u0161ljavanje invalida: Ispunjen plan zapo\u0161ljavanja lica sa invaliditetom u prvih \u0161est mjeseci ove godine - VIDEO - PrijedorDanas.com - Prijedorski gradski portal","og_description":"U Republici Srpskoj je ispunjen plan zapo\u0161ljavanja lica sa invaliditetom za prvih pola godine. Fond za profesionalnu rehabilitaciju i zapo\u0161ljavanje invalida sa sjedi\u0161tem u Prijedoru, isplatio je podsticaj 21 licu [&hellip;]","og_url":"https:\/\/www.prijedordanas.com\/?p=232063","og_site_name":"PrijedorDanas.com - Prijedorski gradski portal","article_publisher":"https:\/\/www.facebook.com\/PrijedorDanasCom\/","article_published_time":"2024-08-21T01:49:32+00:00","og_image":[{"url":"https:\/\/www.prijedordanas.com\/wp-content\/uploads\/2024\/08\/rtrs-osoba-sa-invaliditetom-300x225.jpg"}],"author":"admin","twitter_card":"summary_large_image","twitter_misc":{"Written by":"admin","Est. reading time":"2 minutes"},"schema":{"@context":"https:\/\/schema.org","@graph":[{"@type":"Article","@id":"https:\/\/www.prijedordanas.com\/?p=232063#article","isPartOf":{"@id":"https:\/\/www.prijedordanas.com\/?p=232063"},"author":{"name":"admin","@id":"https:\/\/www.prijedordanas.com\/#\/schema\/person\/4e08ccf29b506ca916ff86d46bb700e6"},"headline":"Fond za profesionalnu rehabilitaciju i zapo\u0161ljavanje invalida: Ispunjen plan zapo\u0161ljavanja lica sa invaliditetom u prvih \u0161est mjeseci ove godine &#8211; VIDEO","datePublished":"2024-08-21T01:49:32+00:00","dateModified":"2024-08-21T01:49:32+00:00","mainEntityOfPage":{"@id":"https:\/\/www.prijedordanas.com\/?p=232063"},"wordCount":364,"publisher":{"@id":"https:\/\/www.prijedordanas.com\/#organization"},"articleSection":["\u017divot"],"inLanguage":"en-US"},{"@type":"WebPage","@id":"https:\/\/www.prijedordanas.com\/?p=232063","url":"https:\/\/www.prijedordanas.com\/?p=232063","name":"Fond za profesionalnu rehabilitaciju i zapo\u0161ljavanje invalida: Ispunjen plan zapo\u0161ljavanja lica sa invaliditetom u prvih \u0161est mjeseci ove godine - VIDEO - PrijedorDanas.com - Prijedorski gradski portal","isPartOf":{"@id":"https:\/\/www.prijedordanas.com\/#website"},"datePublished":"2024-08-21T01:49:32+00:00","dateModified":"2024-08-21T01:49:32+00:00","breadcrumb":{"@id":"https:\/\/www.prijedordanas.com\/?p=232063#breadcrumb"},"inLanguage":"en-US","potentialAction":[{"@type":"ReadAction","target":["https:\/\/www.prijedordanas.com\/?p=232063"]}]},{"@type":"BreadcrumbList","@id":"https:\/\/www.prijedordanas.com\/?p=232063#breadcrumb","itemListElement":[{"@type":"ListItem","position":1,"name":"Home","item":"https:\/\/www.prijedordanas.com\/"},{"@type":"ListItem","position":2,"name":"Fond za profesionalnu rehabilitaciju i zapo\u0161ljavanje invalida: Ispunjen plan zapo\u0161ljavanja lica sa invaliditetom u prvih \u0161est mjeseci ove godine &#8211; VIDEO"}]},{"@type":"WebSite","@id":"https:\/\/www.prijedordanas.com\/#website","url":"https:\/\/www.prijedordanas.com\/","name":"PrijedorDanas.com - Prijedorski gradski portal","description":"Portal o doga\u0111anjima u gradu Prijedoru","publisher":{"@id":"https:\/\/www.prijedordanas.com\/#organization"},"potentialAction":[{"@type":"SearchAction","target":{"@type":"EntryPoint","urlTemplate":"https:\/\/www.prijedordanas.com\/?s={search_term_string}"},"query-input":"required name=search_term_string"}],"inLanguage":"en-US"},{"@type":"Organization","@id":"https:\/\/www.prijedordanas.com\/#organization","name":"PrijedorDanas.com","url":"https:\/\/www.prijedordanas.com\/","logo":{"@type":"ImageObject","inLanguage":"en-US","@id":"https:\/\/www.prijedordanas.com\/#\/schema\/logo\/image\/","url":"http:\/\/www.prijedordanas.com\/wp-content\/uploads\/2021\/12\/logopng.png","contentUrl":"http:\/\/www.prijedordanas.com\/wp-content\/uploads\/2021\/12\/logopng.png","width":1019,"height":776,"caption":"PrijedorDanas.com"},"image":{"@id":"https:\/\/www.prijedordanas.com\/#\/schema\/logo\/image\/"},"sameAs":["https:\/\/www.facebook.com\/PrijedorDanasCom\/"]},{"@type":"Person","@id":"https:\/\/www.prijedordanas.com\/#\/schema\/person\/4e08ccf29b506ca916ff86d46bb700e6","name":"admin","image":{"@type":"ImageObject","inLanguage":"en-US","@id":"https:\/\/www.prijedordanas.com\/#\/schema\/person\/image\/","url":"https:\/\/secure.gravatar.com\/avatar\/1d3fc949d550f0b53a5f0d51e06dfd79?s=96&d=mm&r=g","contentUrl":"https:\/\/secure.gravatar.com\/avatar\/1d3fc949d550f0b53a5f0d51e06dfd79?s=96&d=mm&r=g","caption":"admin"},"url":"https:\/\/www.prijedordanas.com\/?author=1"}]}},"_links":{"self":[{"href":"https:\/\/www.prijedordanas.com\/index.php?rest_route=\/wp\/v2\/posts\/232063"}],"collection":[{"href":"https:\/\/www.prijedordanas.com\/index.php?rest_route=\/wp\/v2\/posts"}],"about":[{"href":"https:\/\/www.prijedordanas.com\/index.php?rest_route=\/wp\/v2\/types\/post"}],"author":[{"embeddable":true,"href":"https:\/\/www.prijedordanas.com\/index.php?rest_route=\/wp\/v2\/users\/1"}],"replies":[{"embeddable":true,"href":"https:\/\/www.prijedordanas.com\/index.php?rest_route=%2Fwp%2Fv2%2Fcomments&post=232063"}],"version-history":[{"count":1,"href":"https:\/\/www.prijedordanas.com\/index.php?rest_route=\/wp\/v2\/posts\/232063\/revisions"}],"predecessor-version":[{"id":232066,"href":"https:\/\/www.prijedordanas.com\/index.php?rest_route=\/wp\/v2\/posts\/232063\/revisions\/232066"}],"wp:attachment":[{"href":"https:\/\/www.prijedordanas.com\/index.php?rest_route=%2Fwp%2Fv2%2Fmedia&parent=232063"}],"wp:term":[{"taxonomy":"category","embeddable":true,"href":"https:\/\/www.prijedordanas.com\/index.php?rest_route=%2Fwp%2Fv2%2Fcategories&post=232063"},{"taxonomy":"post_tag","embeddable":true,"href":"https:\/\/www.prijedordanas.com\/index.php?rest_route=%2Fwp%2Fv2%2Ftags&post=232063"}],"curies":[{"name":"wp","href":"https:\/\/api.w.org\/{rel}","templated":true}]}}