{"id":23163,"date":"2015-05-25T19:44:44","date_gmt":"2015-05-25T18:44:44","guid":{"rendered":"https:\/\/www.prijedordanas.com\/?p=23163"},"modified":"2015-05-25T19:45:40","modified_gmt":"2015-05-25T18:45:40","slug":"rukometasice-mire-porazene-u-finalu-kupa-bih-prijedorcanke-zadovoljne-plasmanom-u-finale-foto","status":"publish","type":"post","link":"https:\/\/www.prijedordanas.com\/?p=23163","title":{"rendered":"RUKOMETA\u0160ICE \u201eMIRE\u201c PORA\u017dENE U FINALU KUPA BIH: PRIJEDOR\u010cANKE ZADOVOLJNE PLASMANOM U FINALE &#8211; FOTO"},"content":{"rendered":"<p><a href=\"https:\/\/www.prijedordanas.com\/wp-content\/uploads\/2015\/05\/kup-bih-zrk-mira-1.jpg\"><img loading=\"lazy\" decoding=\"async\" class=\"alignleft size-medium wp-image-23164\" src=\"https:\/\/www.prijedordanas.com\/wp-content\/uploads\/2015\/05\/kup-bih-zrk-mira-1-300x172.jpg\" alt=\"kup bih-zrk mira (1)\" width=\"300\" height=\"172\" srcset=\"https:\/\/www.prijedordanas.com\/wp-content\/uploads\/2015\/05\/kup-bih-zrk-mira-1-300x172.jpg 300w, https:\/\/www.prijedordanas.com\/wp-content\/uploads\/2015\/05\/kup-bih-zrk-mira-1.jpg 800w\" sizes=\"(max-width: 300px) 100vw, 300px\" \/><\/a>Rukometa\u0161ice \u201eMire\u201c nisu u finalu Kupa Bosne i Hercegovine, na zavr\u0161nom turniru u Grudama, uspjele da odbrane pobjedni\u010dki pehar osvojen pro\u0161le godine u Prijedoru, po\u0161to su do\u017eivjele poraz od novog \u0161ampiona, ekipe \u201eGrude Autoherc\u201c koja im je zaslu\u017eeno preuzela \u201eduplu krunu\u201c rezultatom 29:19(15:10).<\/p>\n<p>Poslije po\u010detnih 2:2 u 5.minutu rival je do 14.minuta stigao do prednosti od 5:2 u 14.minutu, uz, u me\u0111uvremenu jedan u nizu neiskori\u0161tenih sedmeraca izabranica trenera Ljubice Iveti\u0107.<\/p>\n<p>Naime, u velikoj mjeri upravo podatak da su proma\u0161ile \u010dak pet penala uticao je na to da ne budu ravnopravne novim bh. \u0161ampionkama.<\/p>\n<p><a href=\"https:\/\/www.prijedordanas.com\/wp-content\/uploads\/2015\/05\/kup-bih-zrk-mira-10.jpg\"><img loading=\"lazy\" decoding=\"async\" class=\"alignleft size-medium wp-image-23165\" src=\"https:\/\/www.prijedordanas.com\/wp-content\/uploads\/2015\/05\/kup-bih-zrk-mira-10-300x167.jpg\" alt=\"kup bih-zrk mira (10)\" width=\"300\" height=\"167\" srcset=\"https:\/\/www.prijedordanas.com\/wp-content\/uploads\/2015\/05\/kup-bih-zrk-mira-10-300x167.jpg 300w, https:\/\/www.prijedordanas.com\/wp-content\/uploads\/2015\/05\/kup-bih-zrk-mira-10.jpg 600w\" sizes=\"(max-width: 300px) 100vw, 300px\" \/><\/a>Ipak, mora se re\u0107i da su kvalitetnije Gru\u0111anke, koje su u 48.minutu stigle i do 12 golova vi\u0161ka (26:14) imale raspolo\u017eenu me\u0111u stativama golmana Anicu Gudelj, centralnu figuru susreta, a svojim iskustvom ton igri davale su efikasne Kornelija Klinac i Andrea Prusina.<\/p>\n<p>-Sigurno je da je za nas veliki domet i plasman u tre\u0107e zaredom finale Kupa BiH. Napravile smo dosta \u201etehni\u010dkih\u201c gre\u0161aka, pa nam je na kraju preostalo da \u010destitamo protivniku koji je imao veliki motiv pred svojom publikom &#8211; istakla je jedina igra\u010dica \u201eMire\u201c na nivou va\u017enosti me\u010da, lijevi bek Adrijana Damjanovi\u0107.<\/p>\n<p>Prijedor\u010dankama su na grudima \u201ezasijale\u201c srebrne medalje i vrijedan pa\u017enje podatak za istoriju sporta u gradu na rijeci Sani da su jo\u0161 jednom bile u\u010desnice smotre koja je u Zapadnoj Hercegovini privukla veliku pa\u017enju poklonika rukometa, a te\u017einu joj daje i podatak da je kapitenu pobjedni\u010dkog sastava kluba osnovanog prije samo \u0161est godina, trofej uru\u010dio Dragan \u010covi\u0107, \u010dlan Predsjedni\u0161tva Bosne i Hercegovine.<\/p>\n<p><a href=\"https:\/\/www.prijedordanas.com\/wp-content\/uploads\/2015\/05\/kup-bih-zrk-mira-2.jpg\"><img loading=\"lazy\" decoding=\"async\" class=\"alignleft size-medium wp-image-23166\" src=\"https:\/\/www.prijedordanas.com\/wp-content\/uploads\/2015\/05\/kup-bih-zrk-mira-2-300x180.jpg\" alt=\"kup bih-zrk mira (2)\" width=\"300\" height=\"180\" srcset=\"https:\/\/www.prijedordanas.com\/wp-content\/uploads\/2015\/05\/kup-bih-zrk-mira-2-300x180.jpg 300w, https:\/\/www.prijedordanas.com\/wp-content\/uploads\/2015\/05\/kup-bih-zrk-mira-2.jpg 600w\" sizes=\"(max-width: 300px) 100vw, 300px\" \/><\/a>Grude Autoherc: Mira 29:19(15:10)<\/p>\n<p>Grude<br \/>\nDvorana \u201eBili brig\u201c<br \/>\nGledalaca: 1.000<br \/>\nSudije: Sa\u0161a Pand\u017ei\u0107 i Boris \u0160atord\u017eija (obojica iz Banjaluke)<br \/>\nSedemrci: Grude Autoherc 8(7), Mira 7(2)<br \/>\nIsklju\u010denja: Grude Autoherc 6 minuta, Mira 8 minuta.<\/p>\n<p>GRUDE AUTOHERC:<br \/>\nGudelj-17 odbrana + 4 sedmerca, J.Mikuli\u0107, M.Leko, Radi\u0107, Niki\u0107, Klinac 14(6), Bra\u010di\u0107 4, J.leko, Prusina 7(1), \u0160imi\u0107 1, Milas, K.Mikuli\u0107, Azinovi\u0107 2, T.Bandi\u0107, M.Bandi\u0107, Kond\u017ea 1<br \/>\nTrener: Zlata Zubac<\/p>\n<p>MIRA:<br \/>\nE.Bri\u0161evac-11 odbrana + 1 sedmerac, J.Bri\u0161evac, Kara\u010di\u0107, Kunovac, Damjanovi\u0107 6, Suvajac, Tintor 2(1), Karari\u0107 1, Doj\u010dinovi\u0107 1,D.Muti\u0107 1, Luka\u010d 2(1), Sladakovi\u0107, J.Muti\u0107 3, Do\u0161en 3, Gligorevi\u0107<br \/>\nTrener: Ljubica Iveti\u0107<\/p>\n<p>Tekst \u2013 Nenad \u0110eri\u0107\/Aleksandar Drakuli\u0107 \u2013 <a href=\"www.prijedordanas.com\" target=\"_blank\">www.prijedordanas.com<\/a><br \/>\nFoto \u2013 grude-online.info, boboska.com, BHT1<\/p>\n<p><a href=\"https:\/\/www.prijedordanas.com\/wp-content\/uploads\/2015\/05\/kup-bih-zrk-mira-3.jpg\"><img loading=\"lazy\" decoding=\"async\" class=\"alignleft size-medium wp-image-23167\" src=\"https:\/\/www.prijedordanas.com\/wp-content\/uploads\/2015\/05\/kup-bih-zrk-mira-3-300x200.jpg\" alt=\"kup bih-zrk mira (3)\" width=\"300\" height=\"200\" srcset=\"https:\/\/www.prijedordanas.com\/wp-content\/uploads\/2015\/05\/kup-bih-zrk-mira-3-300x200.jpg 300w, https:\/\/www.prijedordanas.com\/wp-content\/uploads\/2015\/05\/kup-bih-zrk-mira-3-150x100.jpg 150w, https:\/\/www.prijedordanas.com\/wp-content\/uploads\/2015\/05\/kup-bih-zrk-mira-3-200x133.jpg 200w, https:\/\/www.prijedordanas.com\/wp-content\/uploads\/2015\/05\/kup-bih-zrk-mira-3-250x166.jpg 250w, https:\/\/www.prijedordanas.com\/wp-content\/uploads\/2015\/05\/kup-bih-zrk-mira-3-480x320.jpg 480w, https:\/\/www.prijedordanas.com\/wp-content\/uploads\/2015\/05\/kup-bih-zrk-mira-3.jpg 600w\" sizes=\"(max-width: 300px) 100vw, 300px\" \/><\/a> <a href=\"https:\/\/www.prijedordanas.com\/wp-content\/uploads\/2015\/05\/kup-bih-zrk-mira-4.jpg\"><img loading=\"lazy\" decoding=\"async\" class=\"alignleft size-medium wp-image-23168\" src=\"https:\/\/www.prijedordanas.com\/wp-content\/uploads\/2015\/05\/kup-bih-zrk-mira-4-300x189.jpg\" alt=\"kup bih-zrk mira (4)\" width=\"300\" height=\"189\" srcset=\"https:\/\/www.prijedordanas.com\/wp-content\/uploads\/2015\/05\/kup-bih-zrk-mira-4-300x189.jpg 300w, https:\/\/www.prijedordanas.com\/wp-content\/uploads\/2015\/05\/kup-bih-zrk-mira-4.jpg 600w\" sizes=\"(max-width: 300px) 100vw, 300px\" \/><\/a> <a href=\"https:\/\/www.prijedordanas.com\/wp-content\/uploads\/2015\/05\/kup-bih-zrk-mira-5.jpg\"><img loading=\"lazy\" decoding=\"async\" class=\"alignleft size-medium wp-image-23169\" src=\"https:\/\/www.prijedordanas.com\/wp-content\/uploads\/2015\/05\/kup-bih-zrk-mira-5-300x199.jpg\" alt=\"kup bih-zrk mira (5)\" width=\"300\" height=\"199\" srcset=\"https:\/\/www.prijedordanas.com\/wp-content\/uploads\/2015\/05\/kup-bih-zrk-mira-5-300x199.jpg 300w, https:\/\/www.prijedordanas.com\/wp-content\/uploads\/2015\/05\/kup-bih-zrk-mira-5-150x100.jpg 150w, https:\/\/www.prijedordanas.com\/wp-content\/uploads\/2015\/05\/kup-bih-zrk-mira-5-200x133.jpg 200w, https:\/\/www.prijedordanas.com\/wp-content\/uploads\/2015\/05\/kup-bih-zrk-mira-5-250x166.jpg 250w, https:\/\/www.prijedordanas.com\/wp-content\/uploads\/2015\/05\/kup-bih-zrk-mira-5-480x320.jpg 480w, https:\/\/www.prijedordanas.com\/wp-content\/uploads\/2015\/05\/kup-bih-zrk-mira-5.jpg 600w\" sizes=\"(max-width: 300px) 100vw, 300px\" \/><\/a> <a href=\"https:\/\/www.prijedordanas.com\/wp-content\/uploads\/2015\/05\/kup-bih-zrk-mira-6.jpg\"><img loading=\"lazy\" decoding=\"async\" class=\"alignleft size-medium wp-image-23170\" src=\"https:\/\/www.prijedordanas.com\/wp-content\/uploads\/2015\/05\/kup-bih-zrk-mira-6-300x189.jpg\" alt=\"kup bih-zrk mira (6)\" width=\"300\" height=\"189\" srcset=\"https:\/\/www.prijedordanas.com\/wp-content\/uploads\/2015\/05\/kup-bih-zrk-mira-6-300x189.jpg 300w, https:\/\/www.prijedordanas.com\/wp-content\/uploads\/2015\/05\/kup-bih-zrk-mira-6.jpg 600w\" sizes=\"(max-width: 300px) 100vw, 300px\" \/><\/a> <a href=\"https:\/\/www.prijedordanas.com\/wp-content\/uploads\/2015\/05\/kup-bih-zrk-mira-7.jpg\"><img loading=\"lazy\" decoding=\"async\" class=\"alignleft size-medium wp-image-23171\" src=\"https:\/\/www.prijedordanas.com\/wp-content\/uploads\/2015\/05\/kup-bih-zrk-mira-7-300x200.jpg\" alt=\"kup bih-zrk mira (7)\" width=\"300\" height=\"200\" srcset=\"https:\/\/www.prijedordanas.com\/wp-content\/uploads\/2015\/05\/kup-bih-zrk-mira-7-300x200.jpg 300w, https:\/\/www.prijedordanas.com\/wp-content\/uploads\/2015\/05\/kup-bih-zrk-mira-7-150x100.jpg 150w, https:\/\/www.prijedordanas.com\/wp-content\/uploads\/2015\/05\/kup-bih-zrk-mira-7-200x133.jpg 200w, https:\/\/www.prijedordanas.com\/wp-content\/uploads\/2015\/05\/kup-bih-zrk-mira-7-250x166.jpg 250w, https:\/\/www.prijedordanas.com\/wp-content\/uploads\/2015\/05\/kup-bih-zrk-mira-7-480x320.jpg 480w, https:\/\/www.prijedordanas.com\/wp-content\/uploads\/2015\/05\/kup-bih-zrk-mira-7.jpg 600w\" sizes=\"(max-width: 300px) 100vw, 300px\" \/><\/a> <a href=\"https:\/\/www.prijedordanas.com\/wp-content\/uploads\/2015\/05\/kup-bih-zrk-mira-8.jpg\"><img loading=\"lazy\" decoding=\"async\" class=\"alignleft size-medium wp-image-23172\" src=\"https:\/\/www.prijedordanas.com\/wp-content\/uploads\/2015\/05\/kup-bih-zrk-mira-8-300x200.jpg\" alt=\"kup bih-zrk mira (8)\" width=\"300\" height=\"200\" srcset=\"https:\/\/www.prijedordanas.com\/wp-content\/uploads\/2015\/05\/kup-bih-zrk-mira-8-300x200.jpg 300w, https:\/\/www.prijedordanas.com\/wp-content\/uploads\/2015\/05\/kup-bih-zrk-mira-8-150x100.jpg 150w, https:\/\/www.prijedordanas.com\/wp-content\/uploads\/2015\/05\/kup-bih-zrk-mira-8-200x133.jpg 200w, https:\/\/www.prijedordanas.com\/wp-content\/uploads\/2015\/05\/kup-bih-zrk-mira-8-250x166.jpg 250w, https:\/\/www.prijedordanas.com\/wp-content\/uploads\/2015\/05\/kup-bih-zrk-mira-8-480x320.jpg 480w, https:\/\/www.prijedordanas.com\/wp-content\/uploads\/2015\/05\/kup-bih-zrk-mira-8.jpg 600w\" sizes=\"(max-width: 300px) 100vw, 300px\" \/><\/a> <a href=\"https:\/\/www.prijedordanas.com\/wp-content\/uploads\/2015\/05\/kup-bih-zrk-mira-9.jpg\"><img loading=\"lazy\" decoding=\"async\" class=\"alignleft size-medium wp-image-23173\" src=\"https:\/\/www.prijedordanas.com\/wp-content\/uploads\/2015\/05\/kup-bih-zrk-mira-9-300x200.jpg\" alt=\"kup bih-zrk mira (9)\" width=\"300\" height=\"200\" srcset=\"https:\/\/www.prijedordanas.com\/wp-content\/uploads\/2015\/05\/kup-bih-zrk-mira-9-300x200.jpg 300w, https:\/\/www.prijedordanas.com\/wp-content\/uploads\/2015\/05\/kup-bih-zrk-mira-9-150x100.jpg 150w, https:\/\/www.prijedordanas.com\/wp-content\/uploads\/2015\/05\/kup-bih-zrk-mira-9-200x133.jpg 200w, https:\/\/www.prijedordanas.com\/wp-content\/uploads\/2015\/05\/kup-bih-zrk-mira-9-250x166.jpg 250w, https:\/\/www.prijedordanas.com\/wp-content\/uploads\/2015\/05\/kup-bih-zrk-mira-9-480x320.jpg 480w, https:\/\/www.prijedordanas.com\/wp-content\/uploads\/2015\/05\/kup-bih-zrk-mira-9.jpg 600w\" sizes=\"(max-width: 300px) 100vw, 300px\" \/><\/a><\/p>\n","protected":false},"excerpt":{"rendered":"<p>Rukometa\u0161ice \u201eMire\u201c nisu u finalu Kupa Bosne i Hercegovine, na zavr\u0161nom turniru u Grudama, uspjele da odbrane pobjedni\u010dki pehar osvojen pro\u0161le godine u Prijedoru, po\u0161to su do\u017eivjele poraz od novog [&hellip;]<\/p>\n","protected":false},"author":1,"featured_media":0,"comment_status":"closed","ping_status":"open","sticky":false,"template":"","format":"standard","meta":{"_monsterinsights_skip_tracking":false,"_monsterinsights_sitenote_active":false,"_monsterinsights_sitenote_note":"","_monsterinsights_sitenote_category":0,"footnotes":""},"categories":[7],"tags":[3672,1258,941,509,302],"yoast_head":"<!-- This site is optimized with the Yoast SEO plugin v21.6 - https:\/\/yoast.com\/wordpress\/plugins\/seo\/ -->\n<title>RUKOMETA\u0160ICE \u201eMIRE\u201c PORA\u017dENE U FINALU KUPA BIH: PRIJEDOR\u010cANKE ZADOVOLJNE PLASMANOM U FINALE - FOTO - PrijedorDanas.com - Prijedorski gradski portal<\/title>\n<meta name=\"robots\" content=\"index, follow, max-snippet:-1, max-image-preview:large, max-video-preview:-1\" \/>\n<link rel=\"canonical\" href=\"https:\/\/www.prijedordanas.com\/?p=23163\" \/>\n<meta property=\"og:locale\" content=\"en_US\" \/>\n<meta property=\"og:type\" content=\"article\" \/>\n<meta property=\"og:title\" content=\"RUKOMETA\u0160ICE \u201eMIRE\u201c PORA\u017dENE U FINALU KUPA BIH: PRIJEDOR\u010cANKE ZADOVOLJNE PLASMANOM U FINALE - FOTO - PrijedorDanas.com - Prijedorski gradski portal\" \/>\n<meta property=\"og:description\" content=\"Rukometa\u0161ice \u201eMire\u201c nisu u finalu Kupa Bosne i Hercegovine, na zavr\u0161nom turniru u Grudama, uspjele da odbrane pobjedni\u010dki pehar osvojen pro\u0161le godine u Prijedoru, po\u0161to su do\u017eivjele poraz od novog [&hellip;]\" \/>\n<meta property=\"og:url\" content=\"https:\/\/www.prijedordanas.com\/?p=23163\" \/>\n<meta property=\"og:site_name\" content=\"PrijedorDanas.com - Prijedorski gradski portal\" \/>\n<meta property=\"article:publisher\" content=\"https:\/\/www.facebook.com\/PrijedorDanasCom\/\" \/>\n<meta property=\"article:published_time\" content=\"2015-05-25T18:44:44+00:00\" \/>\n<meta property=\"article:modified_time\" content=\"2015-05-25T18:45:40+00:00\" \/>\n<meta property=\"og:image\" content=\"https:\/\/www.prijedordanas.com\/wp-content\/uploads\/2015\/05\/kup-bih-zrk-mira-1-300x172.jpg\" \/>\n<meta name=\"author\" content=\"admin\" \/>\n<meta name=\"twitter:card\" content=\"summary_large_image\" \/>\n<meta name=\"twitter:label1\" content=\"Written by\" \/>\n\t<meta name=\"twitter:data1\" content=\"admin\" \/>\n\t<meta name=\"twitter:label2\" content=\"Est. reading time\" \/>\n\t<meta name=\"twitter:data2\" content=\"2 minutes\" \/>\n<script type=\"application\/ld+json\" class=\"yoast-schema-graph\">{\"@context\":\"https:\/\/schema.org\",\"@graph\":[{\"@type\":\"Article\",\"@id\":\"https:\/\/www.prijedordanas.com\/?p=23163#article\",\"isPartOf\":{\"@id\":\"https:\/\/www.prijedordanas.com\/?p=23163\"},\"author\":{\"name\":\"admin\",\"@id\":\"https:\/\/www.prijedordanas.com\/#\/schema\/person\/4e08ccf29b506ca916ff86d46bb700e6\"},\"headline\":\"RUKOMETA\u0160ICE \u201eMIRE\u201c PORA\u017dENE U FINALU KUPA BIH: PRIJEDOR\u010cANKE ZADOVOLJNE PLASMANOM U FINALE &#8211; FOTO\",\"datePublished\":\"2015-05-25T18:44:44+00:00\",\"dateModified\":\"2015-05-25T18:45:40+00:00\",\"mainEntityOfPage\":{\"@id\":\"https:\/\/www.prijedordanas.com\/?p=23163\"},\"wordCount\":398,\"publisher\":{\"@id\":\"https:\/\/www.prijedordanas.com\/#organization\"},\"keywords\":[\"Adrijana Damjanovi\u0107\",\"finale\",\"Grude Autoherc\",\"Kup BiH\",\"Mira\"],\"articleSection\":[\"Sport\"],\"inLanguage\":\"en-US\"},{\"@type\":\"WebPage\",\"@id\":\"https:\/\/www.prijedordanas.com\/?p=23163\",\"url\":\"https:\/\/www.prijedordanas.com\/?p=23163\",\"name\":\"RUKOMETA\u0160ICE \u201eMIRE\u201c PORA\u017dENE U FINALU KUPA BIH: PRIJEDOR\u010cANKE ZADOVOLJNE PLASMANOM U FINALE - FOTO - PrijedorDanas.com - Prijedorski gradski portal\",\"isPartOf\":{\"@id\":\"https:\/\/www.prijedordanas.com\/#website\"},\"datePublished\":\"2015-05-25T18:44:44+00:00\",\"dateModified\":\"2015-05-25T18:45:40+00:00\",\"breadcrumb\":{\"@id\":\"https:\/\/www.prijedordanas.com\/?p=23163#breadcrumb\"},\"inLanguage\":\"en-US\",\"potentialAction\":[{\"@type\":\"ReadAction\",\"target\":[\"https:\/\/www.prijedordanas.com\/?p=23163\"]}]},{\"@type\":\"BreadcrumbList\",\"@id\":\"https:\/\/www.prijedordanas.com\/?p=23163#breadcrumb\",\"itemListElement\":[{\"@type\":\"ListItem\",\"position\":1,\"name\":\"Home\",\"item\":\"https:\/\/www.prijedordanas.com\/\"},{\"@type\":\"ListItem\",\"position\":2,\"name\":\"RUKOMETA\u0160ICE \u201eMIRE\u201c PORA\u017dENE U FINALU KUPA BIH: PRIJEDOR\u010cANKE ZADOVOLJNE PLASMANOM U FINALE &#8211; FOTO\"}]},{\"@type\":\"WebSite\",\"@id\":\"https:\/\/www.prijedordanas.com\/#website\",\"url\":\"https:\/\/www.prijedordanas.com\/\",\"name\":\"PrijedorDanas.com - Prijedorski gradski portal\",\"description\":\"Portal o doga\u0111anjima u gradu Prijedoru\",\"publisher\":{\"@id\":\"https:\/\/www.prijedordanas.com\/#organization\"},\"potentialAction\":[{\"@type\":\"SearchAction\",\"target\":{\"@type\":\"EntryPoint\",\"urlTemplate\":\"https:\/\/www.prijedordanas.com\/?s={search_term_string}\"},\"query-input\":\"required name=search_term_string\"}],\"inLanguage\":\"en-US\"},{\"@type\":\"Organization\",\"@id\":\"https:\/\/www.prijedordanas.com\/#organization\",\"name\":\"PrijedorDanas.com\",\"url\":\"https:\/\/www.prijedordanas.com\/\",\"logo\":{\"@type\":\"ImageObject\",\"inLanguage\":\"en-US\",\"@id\":\"https:\/\/www.prijedordanas.com\/#\/schema\/logo\/image\/\",\"url\":\"http:\/\/www.prijedordanas.com\/wp-content\/uploads\/2021\/12\/logopng.png\",\"contentUrl\":\"http:\/\/www.prijedordanas.com\/wp-content\/uploads\/2021\/12\/logopng.png\",\"width\":1019,\"height\":776,\"caption\":\"PrijedorDanas.com\"},\"image\":{\"@id\":\"https:\/\/www.prijedordanas.com\/#\/schema\/logo\/image\/\"},\"sameAs\":[\"https:\/\/www.facebook.com\/PrijedorDanasCom\/\"]},{\"@type\":\"Person\",\"@id\":\"https:\/\/www.prijedordanas.com\/#\/schema\/person\/4e08ccf29b506ca916ff86d46bb700e6\",\"name\":\"admin\",\"image\":{\"@type\":\"ImageObject\",\"inLanguage\":\"en-US\",\"@id\":\"https:\/\/www.prijedordanas.com\/#\/schema\/person\/image\/\",\"url\":\"https:\/\/secure.gravatar.com\/avatar\/1d3fc949d550f0b53a5f0d51e06dfd79?s=96&d=mm&r=g\",\"contentUrl\":\"https:\/\/secure.gravatar.com\/avatar\/1d3fc949d550f0b53a5f0d51e06dfd79?s=96&d=mm&r=g\",\"caption\":\"admin\"},\"url\":\"https:\/\/www.prijedordanas.com\/?author=1\"}]}<\/script>\n<!-- \/ Yoast SEO plugin. -->","yoast_head_json":{"title":"RUKOMETA\u0160ICE \u201eMIRE\u201c PORA\u017dENE U FINALU KUPA BIH: PRIJEDOR\u010cANKE ZADOVOLJNE PLASMANOM U FINALE - FOTO - PrijedorDanas.com - Prijedorski gradski portal","robots":{"index":"index","follow":"follow","max-snippet":"max-snippet:-1","max-image-preview":"max-image-preview:large","max-video-preview":"max-video-preview:-1"},"canonical":"https:\/\/www.prijedordanas.com\/?p=23163","og_locale":"en_US","og_type":"article","og_title":"RUKOMETA\u0160ICE \u201eMIRE\u201c PORA\u017dENE U FINALU KUPA BIH: PRIJEDOR\u010cANKE ZADOVOLJNE PLASMANOM U FINALE - FOTO - PrijedorDanas.com - Prijedorski gradski portal","og_description":"Rukometa\u0161ice \u201eMire\u201c nisu u finalu Kupa Bosne i Hercegovine, na zavr\u0161nom turniru u Grudama, uspjele da odbrane pobjedni\u010dki pehar osvojen pro\u0161le godine u Prijedoru, po\u0161to su do\u017eivjele poraz od novog [&hellip;]","og_url":"https:\/\/www.prijedordanas.com\/?p=23163","og_site_name":"PrijedorDanas.com - Prijedorski gradski portal","article_publisher":"https:\/\/www.facebook.com\/PrijedorDanasCom\/","article_published_time":"2015-05-25T18:44:44+00:00","article_modified_time":"2015-05-25T18:45:40+00:00","og_image":[{"url":"https:\/\/www.prijedordanas.com\/wp-content\/uploads\/2015\/05\/kup-bih-zrk-mira-1-300x172.jpg"}],"author":"admin","twitter_card":"summary_large_image","twitter_misc":{"Written by":"admin","Est. reading time":"2 minutes"},"schema":{"@context":"https:\/\/schema.org","@graph":[{"@type":"Article","@id":"https:\/\/www.prijedordanas.com\/?p=23163#article","isPartOf":{"@id":"https:\/\/www.prijedordanas.com\/?p=23163"},"author":{"name":"admin","@id":"https:\/\/www.prijedordanas.com\/#\/schema\/person\/4e08ccf29b506ca916ff86d46bb700e6"},"headline":"RUKOMETA\u0160ICE \u201eMIRE\u201c PORA\u017dENE U FINALU KUPA BIH: PRIJEDOR\u010cANKE ZADOVOLJNE PLASMANOM U FINALE &#8211; FOTO","datePublished":"2015-05-25T18:44:44+00:00","dateModified":"2015-05-25T18:45:40+00:00","mainEntityOfPage":{"@id":"https:\/\/www.prijedordanas.com\/?p=23163"},"wordCount":398,"publisher":{"@id":"https:\/\/www.prijedordanas.com\/#organization"},"keywords":["Adrijana Damjanovi\u0107","finale","Grude Autoherc","Kup BiH","Mira"],"articleSection":["Sport"],"inLanguage":"en-US"},{"@type":"WebPage","@id":"https:\/\/www.prijedordanas.com\/?p=23163","url":"https:\/\/www.prijedordanas.com\/?p=23163","name":"RUKOMETA\u0160ICE \u201eMIRE\u201c PORA\u017dENE U FINALU KUPA BIH: PRIJEDOR\u010cANKE ZADOVOLJNE PLASMANOM U FINALE - FOTO - PrijedorDanas.com - Prijedorski gradski portal","isPartOf":{"@id":"https:\/\/www.prijedordanas.com\/#website"},"datePublished":"2015-05-25T18:44:44+00:00","dateModified":"2015-05-25T18:45:40+00:00","breadcrumb":{"@id":"https:\/\/www.prijedordanas.com\/?p=23163#breadcrumb"},"inLanguage":"en-US","potentialAction":[{"@type":"ReadAction","target":["https:\/\/www.prijedordanas.com\/?p=23163"]}]},{"@type":"BreadcrumbList","@id":"https:\/\/www.prijedordanas.com\/?p=23163#breadcrumb","itemListElement":[{"@type":"ListItem","position":1,"name":"Home","item":"https:\/\/www.prijedordanas.com\/"},{"@type":"ListItem","position":2,"name":"RUKOMETA\u0160ICE \u201eMIRE\u201c PORA\u017dENE U FINALU KUPA BIH: PRIJEDOR\u010cANKE ZADOVOLJNE PLASMANOM U FINALE &#8211; FOTO"}]},{"@type":"WebSite","@id":"https:\/\/www.prijedordanas.com\/#website","url":"https:\/\/www.prijedordanas.com\/","name":"PrijedorDanas.com - Prijedorski gradski portal","description":"Portal o doga\u0111anjima u gradu Prijedoru","publisher":{"@id":"https:\/\/www.prijedordanas.com\/#organization"},"potentialAction":[{"@type":"SearchAction","target":{"@type":"EntryPoint","urlTemplate":"https:\/\/www.prijedordanas.com\/?s={search_term_string}"},"query-input":"required name=search_term_string"}],"inLanguage":"en-US"},{"@type":"Organization","@id":"https:\/\/www.prijedordanas.com\/#organization","name":"PrijedorDanas.com","url":"https:\/\/www.prijedordanas.com\/","logo":{"@type":"ImageObject","inLanguage":"en-US","@id":"https:\/\/www.prijedordanas.com\/#\/schema\/logo\/image\/","url":"http:\/\/www.prijedordanas.com\/wp-content\/uploads\/2021\/12\/logopng.png","contentUrl":"http:\/\/www.prijedordanas.com\/wp-content\/uploads\/2021\/12\/logopng.png","width":1019,"height":776,"caption":"PrijedorDanas.com"},"image":{"@id":"https:\/\/www.prijedordanas.com\/#\/schema\/logo\/image\/"},"sameAs":["https:\/\/www.facebook.com\/PrijedorDanasCom\/"]},{"@type":"Person","@id":"https:\/\/www.prijedordanas.com\/#\/schema\/person\/4e08ccf29b506ca916ff86d46bb700e6","name":"admin","image":{"@type":"ImageObject","inLanguage":"en-US","@id":"https:\/\/www.prijedordanas.com\/#\/schema\/person\/image\/","url":"https:\/\/secure.gravatar.com\/avatar\/1d3fc949d550f0b53a5f0d51e06dfd79?s=96&d=mm&r=g","contentUrl":"https:\/\/secure.gravatar.com\/avatar\/1d3fc949d550f0b53a5f0d51e06dfd79?s=96&d=mm&r=g","caption":"admin"},"url":"https:\/\/www.prijedordanas.com\/?author=1"}]}},"_links":{"self":[{"href":"https:\/\/www.prijedordanas.com\/index.php?rest_route=\/wp\/v2\/posts\/23163"}],"collection":[{"href":"https:\/\/www.prijedordanas.com\/index.php?rest_route=\/wp\/v2\/posts"}],"about":[{"href":"https:\/\/www.prijedordanas.com\/index.php?rest_route=\/wp\/v2\/types\/post"}],"author":[{"embeddable":true,"href":"https:\/\/www.prijedordanas.com\/index.php?rest_route=\/wp\/v2\/users\/1"}],"replies":[{"embeddable":true,"href":"https:\/\/www.prijedordanas.com\/index.php?rest_route=%2Fwp%2Fv2%2Fcomments&post=23163"}],"version-history":[{"count":1,"href":"https:\/\/www.prijedordanas.com\/index.php?rest_route=\/wp\/v2\/posts\/23163\/revisions"}],"predecessor-version":[{"id":23174,"href":"https:\/\/www.prijedordanas.com\/index.php?rest_route=\/wp\/v2\/posts\/23163\/revisions\/23174"}],"wp:attachment":[{"href":"https:\/\/www.prijedordanas.com\/index.php?rest_route=%2Fwp%2Fv2%2Fmedia&parent=23163"}],"wp:term":[{"taxonomy":"category","embeddable":true,"href":"https:\/\/www.prijedordanas.com\/index.php?rest_route=%2Fwp%2Fv2%2Fcategories&post=23163"},{"taxonomy":"post_tag","embeddable":true,"href":"https:\/\/www.prijedordanas.com\/index.php?rest_route=%2Fwp%2Fv2%2Ftags&post=23163"}],"curies":[{"name":"wp","href":"https:\/\/api.w.org\/{rel}","templated":true}]}}