{"id":230820,"date":"2024-07-27T02:35:44","date_gmt":"2024-07-27T00:35:44","guid":{"rendered":"https:\/\/www.prijedordanas.com\/?p=230820"},"modified":"2024-07-29T14:57:58","modified_gmt":"2024-07-29T12:57:58","slug":"prijedor-stigli-biciklisti-iz-slovenije-u-okviru-manifestacije-kilometri-prijateljstva-foto","status":"publish","type":"post","link":"https:\/\/www.prijedordanas.com\/?p=230820","title":{"rendered":"Prijedor: Stigli biciklisti iz Slovenije u okviru manifestacije &#8220;Kilometri prijateljstva&#8221; &#8211; FOTO\/VIDEO"},"content":{"rendered":"<p><a href=\"https:\/\/www.prijedordanas.com\/wp-content\/uploads\/2024\/07\/kilometri-prijateljstva-2024-docek-1.jpg\"><img loading=\"lazy\" decoding=\"async\" class=\"alignleft size-medium wp-image-230815\" src=\"https:\/\/www.prijedordanas.com\/wp-content\/uploads\/2024\/07\/kilometri-prijateljstva-2024-docek-1-300x225.jpg\" alt=\"\" width=\"300\" height=\"225\" srcset=\"https:\/\/www.prijedordanas.com\/wp-content\/uploads\/2024\/07\/kilometri-prijateljstva-2024-docek-1-300x225.jpg 300w, https:\/\/www.prijedordanas.com\/wp-content\/uploads\/2024\/07\/kilometri-prijateljstva-2024-docek-1-640x480.jpg 640w, https:\/\/www.prijedordanas.com\/wp-content\/uploads\/2024\/07\/kilometri-prijateljstva-2024-docek-1.jpg 667w\" sizes=\"(max-width: 300px) 100vw, 300px\" \/><\/a>U okviru manifestacije &#8220;Kilometri prijateljstva&#8221; u petak uve\u010de je iz Slovenije u Prijedor stigla grupa od tridesetak privrednika, ljubitelja biciklizma, \u010dlanova Sportskog dru\u0161tva &#8220;BAM.Bi&#8221; sa sjedi\u0161tem u op\u0161tini \u0160en\u010dur.<\/p>\n<p>Rije\u010d je o tradicionalnom sportsko &#8211; turisti\u010dkoj i privrednoj manfiestaciji koju po deveti put organizuje prijedorsko Udru\u017eenje gra\u0111ana &#8220;DON&#8221;.<\/p>\n<p>Predsjednik Sportskog dru\u0161tva &#8220;BAM.Bi&#8221; Ale\u0161 Kalan izjavio je da ve\u0107 vi\u0161e godina dolaze u Prijedor koji im su prilikom prvih putovanja biciklima ovaj grad u\u010dinio dovoljno blizu i dovoljno zanimljiv za putovanje i upoznavanje.<\/p>\n<p>&#8220;Onda smo upoznali na\u0161e prijatelje iz Udru\u017eenja `Don` i rado se vra\u0107amo svake godine jer nama je ovdje uvijek ugodno i bez obzira \u0161to sve ide nekako kako ka\u017eemo Evropa pa to, mi trebamo ovaj gu\u0161t pravi, kako ka\u017eemo balkanski i nadam se da nikad ne\u0107e nestati&#8221;, rekao je Kalan.<\/p>\n<p><a href=\"https:\/\/www.prijedordanas.com\/wp-content\/uploads\/2024\/07\/kilometri-prijateljstva-2024-docek-4.jpg\"><img loading=\"lazy\" decoding=\"async\" class=\"alignleft size-medium wp-image-230816\" src=\"https:\/\/www.prijedordanas.com\/wp-content\/uploads\/2024\/07\/kilometri-prijateljstva-2024-docek-4-300x225.jpg\" alt=\"\" width=\"300\" height=\"225\" srcset=\"https:\/\/www.prijedordanas.com\/wp-content\/uploads\/2024\/07\/kilometri-prijateljstva-2024-docek-4-300x225.jpg 300w, https:\/\/www.prijedordanas.com\/wp-content\/uploads\/2024\/07\/kilometri-prijateljstva-2024-docek-4-640x480.jpg 640w, https:\/\/www.prijedordanas.com\/wp-content\/uploads\/2024\/07\/kilometri-prijateljstva-2024-docek-4.jpg 667w\" sizes=\"(max-width: 300px) 100vw, 300px\" \/><\/a>Izvr\u0161ni direktor Udru\u017eenja gra\u0111ana &#8220;DON&#8221; Murisa Mari\u0107 rekla je prilikom do\u010deka gostiju iz Slovenije da smatra da ovo mnogo zna\u010di Prijedoru.<\/p>\n<p>&#8220;Ovi ljudi koji dolaze ve\u0107 devetu godinu u na\u0161 grad potvr\u0111uje da smo dobri doma\u0107ini i mi smo ve\u0107 u\u0161li u njihov godi\u0161nji kalendar putovanja i zadnji vikend u julu mi smo na toj mapi destinacija koju rado posje\u0107uju i svake godine se rado vra\u0107aju&#8221;, izjavila je Mari\u0107eva novinarima.<\/p>\n<p>Biciklistima iz Slovenije, me\u0111u kojima su privrednici pa i \u017eupan op\u0161tine \u0160en\u010dun, doborodo\u0161licu je u ime Gradske uprave po\u017eelio na\u010delnik Odjeljenja za kulturu, me\u0111unarodnu saradnju, sport i NVO Aleksandar Milje\u0161i\u0107.<\/p>\n<p>On je istakao da je ova sportska biciklisti\u010dka pri\u010da prerasla u prijateljstvo.<\/p>\n<p><a href=\"https:\/\/www.prijedordanas.com\/wp-content\/uploads\/2024\/07\/kilometri-prijateljstva-2024-docek-3.jpg\"><img loading=\"lazy\" decoding=\"async\" class=\"alignleft size-medium wp-image-230817\" src=\"https:\/\/www.prijedordanas.com\/wp-content\/uploads\/2024\/07\/kilometri-prijateljstva-2024-docek-3-300x225.jpg\" alt=\"\" width=\"300\" height=\"225\" srcset=\"https:\/\/www.prijedordanas.com\/wp-content\/uploads\/2024\/07\/kilometri-prijateljstva-2024-docek-3-300x225.jpg 300w, https:\/\/www.prijedordanas.com\/wp-content\/uploads\/2024\/07\/kilometri-prijateljstva-2024-docek-3.jpg 600w\" sizes=\"(max-width: 300px) 100vw, 300px\" \/><\/a>&#8220;To je klub koji ima preko 600 \u010dlanova od kojih je njih tridesetak do\u0161lo u na\u0161 grad, a ono \u0161to \u017eelimo je da ovu prijateljsku saradnju produbljujemo u oblasti turizma, privrede i sporta, tako da \u0107emo idu\u0107e godine deceniju saradnje obilje\u017eiti na poseban na\u010din&#8221; rekao je Milje\u0161i\u0107.<\/p>\n<p>Biciklisti su pre\u0161li preko 300 kilometara i iz pravca Gradi\u0161ke, gdje su ih do\u010dekali \u010dlanovi biciklist\u010dkog kluba &#8220;Kozara&#8221; iz Prijedora preko Nacionalnog parka Kozara stigli u Prijedor.<\/p>\n<p>Prijedor\u010dani su pokazali da su dobri doma\u0107ini te su gostima iz Slovenije \u010dlanovi KUD &#8220;Osman D\u017dafi\u0107&#8221;, Kola Srpskih sestara, Izvi\u0111a\u010dkog odreda &#8220;Dr Mladen Stojanovi\u0107&#8221; i Udru\u017eenja gra\u0111ana &#8220;DON&#8221; ponudili samo dio bogate turisti\u010dke-gastro ponude ovog kraja.<\/p>\n<p>U nastavku ve\u010deri gosti su posjetili i muzi\u010dka de\u0161avanja na pozornici \u0160A Festa u Starom gradu.<\/p>\n<p><a href=\"https:\/\/www.prijedorgrad.org\/sr-EU\/vijesti-sadrzaj.html?vid=20492\" target=\"_blank\" rel=\"noopener\">prijedorgrad.org<\/a><\/p>\n<p><a href=\"https:\/\/www.prijedordanas.com\/wp-content\/uploads\/2024\/07\/kilometri-prijateljstva-2024-docek-2.jpg\"><img loading=\"lazy\" decoding=\"async\" class=\"alignleft size-medium wp-image-230818\" src=\"https:\/\/www.prijedordanas.com\/wp-content\/uploads\/2024\/07\/kilometri-prijateljstva-2024-docek-2-300x225.jpg\" alt=\"\" width=\"300\" height=\"225\" srcset=\"https:\/\/www.prijedordanas.com\/wp-content\/uploads\/2024\/07\/kilometri-prijateljstva-2024-docek-2-300x225.jpg 300w, https:\/\/www.prijedordanas.com\/wp-content\/uploads\/2024\/07\/kilometri-prijateljstva-2024-docek-2-640x480.jpg 640w, https:\/\/www.prijedordanas.com\/wp-content\/uploads\/2024\/07\/kilometri-prijateljstva-2024-docek-2.jpg 667w\" sizes=\"(max-width: 300px) 100vw, 300px\" \/><\/a><\/p>\n<p><iframe loading=\"lazy\" title=\"PO DEVETI PUT \u201dKILOMETRI PRIJATELJSTVA\u201d\" width=\"500\" height=\"281\" src=\"https:\/\/www.youtube.com\/embed\/somulSYaxFA?feature=oembed\" frameborder=\"0\" allow=\"accelerometer; autoplay; clipboard-write; encrypted-media; gyroscope; picture-in-picture; web-share\" referrerpolicy=\"strict-origin-when-cross-origin\" allowfullscreen><\/iframe><\/p>\n<p>&nbsp;<\/p>\n","protected":false},"excerpt":{"rendered":"<p>U okviru manifestacije &#8220;Kilometri prijateljstva&#8221; u petak uve\u010de je iz Slovenije u Prijedor stigla grupa od tridesetak privrednika, ljubitelja biciklizma, \u010dlanova Sportskog dru\u0161tva &#8220;BAM.Bi&#8221; sa sjedi\u0161tem u op\u0161tini \u0160en\u010dur. Rije\u010d [&hellip;]<\/p>\n","protected":false},"author":1,"featured_media":0,"comment_status":"closed","ping_status":"open","sticky":false,"template":"","format":"standard","meta":{"_monsterinsights_skip_tracking":false,"_monsterinsights_sitenote_active":false,"_monsterinsights_sitenote_note":"","_monsterinsights_sitenote_category":0,"footnotes":""},"categories":[3],"tags":[],"yoast_head":"<!-- This site is optimized with the Yoast SEO plugin v21.6 - https:\/\/yoast.com\/wordpress\/plugins\/seo\/ -->\n<title>Prijedor: Stigli biciklisti iz Slovenije u okviru manifestacije &quot;Kilometri prijateljstva&quot; - FOTO\/VIDEO - PrijedorDanas.com - Prijedorski gradski portal<\/title>\n<meta name=\"robots\" content=\"index, follow, max-snippet:-1, max-image-preview:large, max-video-preview:-1\" \/>\n<link rel=\"canonical\" href=\"https:\/\/www.prijedordanas.com\/?p=230820\" \/>\n<meta property=\"og:locale\" content=\"en_US\" \/>\n<meta property=\"og:type\" content=\"article\" \/>\n<meta property=\"og:title\" content=\"Prijedor: Stigli biciklisti iz Slovenije u okviru manifestacije &quot;Kilometri prijateljstva&quot; - FOTO\/VIDEO - PrijedorDanas.com - Prijedorski gradski portal\" \/>\n<meta property=\"og:description\" content=\"U okviru manifestacije &#8220;Kilometri prijateljstva&#8221; u petak uve\u010de je iz Slovenije u Prijedor stigla grupa od tridesetak privrednika, ljubitelja biciklizma, \u010dlanova Sportskog dru\u0161tva &#8220;BAM.Bi&#8221; sa sjedi\u0161tem u op\u0161tini \u0160en\u010dur. Rije\u010d [&hellip;]\" \/>\n<meta property=\"og:url\" content=\"https:\/\/www.prijedordanas.com\/?p=230820\" \/>\n<meta property=\"og:site_name\" content=\"PrijedorDanas.com - Prijedorski gradski portal\" \/>\n<meta property=\"article:publisher\" content=\"https:\/\/www.facebook.com\/PrijedorDanasCom\/\" \/>\n<meta property=\"article:published_time\" content=\"2024-07-27T00:35:44+00:00\" \/>\n<meta property=\"article:modified_time\" content=\"2024-07-29T12:57:58+00:00\" \/>\n<meta property=\"og:image\" content=\"https:\/\/www.prijedordanas.com\/wp-content\/uploads\/2024\/07\/kilometri-prijateljstva-2024-docek-1-300x225.jpg\" \/>\n<meta name=\"author\" content=\"admin\" \/>\n<meta name=\"twitter:card\" content=\"summary_large_image\" \/>\n<meta name=\"twitter:label1\" content=\"Written by\" \/>\n\t<meta name=\"twitter:data1\" content=\"admin\" \/>\n\t<meta name=\"twitter:label2\" content=\"Est. reading time\" \/>\n\t<meta name=\"twitter:data2\" content=\"3 minutes\" \/>\n<script type=\"application\/ld+json\" class=\"yoast-schema-graph\">{\"@context\":\"https:\/\/schema.org\",\"@graph\":[{\"@type\":\"Article\",\"@id\":\"https:\/\/www.prijedordanas.com\/?p=230820#article\",\"isPartOf\":{\"@id\":\"https:\/\/www.prijedordanas.com\/?p=230820\"},\"author\":{\"name\":\"admin\",\"@id\":\"https:\/\/www.prijedordanas.com\/#\/schema\/person\/4e08ccf29b506ca916ff86d46bb700e6\"},\"headline\":\"Prijedor: Stigli biciklisti iz Slovenije u okviru manifestacije &#8220;Kilometri prijateljstva&#8221; &#8211; FOTO\/VIDEO\",\"datePublished\":\"2024-07-27T00:35:44+00:00\",\"dateModified\":\"2024-07-29T12:57:58+00:00\",\"mainEntityOfPage\":{\"@id\":\"https:\/\/www.prijedordanas.com\/?p=230820\"},\"wordCount\":453,\"publisher\":{\"@id\":\"https:\/\/www.prijedordanas.com\/#organization\"},\"articleSection\":[\"\u017divot\"],\"inLanguage\":\"en-US\"},{\"@type\":\"WebPage\",\"@id\":\"https:\/\/www.prijedordanas.com\/?p=230820\",\"url\":\"https:\/\/www.prijedordanas.com\/?p=230820\",\"name\":\"Prijedor: Stigli biciklisti iz Slovenije u okviru manifestacije \\\"Kilometri prijateljstva\\\" - FOTO\/VIDEO - PrijedorDanas.com - Prijedorski gradski portal\",\"isPartOf\":{\"@id\":\"https:\/\/www.prijedordanas.com\/#website\"},\"datePublished\":\"2024-07-27T00:35:44+00:00\",\"dateModified\":\"2024-07-29T12:57:58+00:00\",\"breadcrumb\":{\"@id\":\"https:\/\/www.prijedordanas.com\/?p=230820#breadcrumb\"},\"inLanguage\":\"en-US\",\"potentialAction\":[{\"@type\":\"ReadAction\",\"target\":[\"https:\/\/www.prijedordanas.com\/?p=230820\"]}]},{\"@type\":\"BreadcrumbList\",\"@id\":\"https:\/\/www.prijedordanas.com\/?p=230820#breadcrumb\",\"itemListElement\":[{\"@type\":\"ListItem\",\"position\":1,\"name\":\"Home\",\"item\":\"https:\/\/www.prijedordanas.com\/\"},{\"@type\":\"ListItem\",\"position\":2,\"name\":\"Prijedor: Stigli biciklisti iz Slovenije u okviru manifestacije &#8220;Kilometri prijateljstva&#8221; &#8211; FOTO\/VIDEO\"}]},{\"@type\":\"WebSite\",\"@id\":\"https:\/\/www.prijedordanas.com\/#website\",\"url\":\"https:\/\/www.prijedordanas.com\/\",\"name\":\"PrijedorDanas.com - Prijedorski gradski portal\",\"description\":\"Portal o doga\u0111anjima u gradu Prijedoru\",\"publisher\":{\"@id\":\"https:\/\/www.prijedordanas.com\/#organization\"},\"potentialAction\":[{\"@type\":\"SearchAction\",\"target\":{\"@type\":\"EntryPoint\",\"urlTemplate\":\"https:\/\/www.prijedordanas.com\/?s={search_term_string}\"},\"query-input\":\"required name=search_term_string\"}],\"inLanguage\":\"en-US\"},{\"@type\":\"Organization\",\"@id\":\"https:\/\/www.prijedordanas.com\/#organization\",\"name\":\"PrijedorDanas.com\",\"url\":\"https:\/\/www.prijedordanas.com\/\",\"logo\":{\"@type\":\"ImageObject\",\"inLanguage\":\"en-US\",\"@id\":\"https:\/\/www.prijedordanas.com\/#\/schema\/logo\/image\/\",\"url\":\"http:\/\/www.prijedordanas.com\/wp-content\/uploads\/2021\/12\/logopng.png\",\"contentUrl\":\"http:\/\/www.prijedordanas.com\/wp-content\/uploads\/2021\/12\/logopng.png\",\"width\":1019,\"height\":776,\"caption\":\"PrijedorDanas.com\"},\"image\":{\"@id\":\"https:\/\/www.prijedordanas.com\/#\/schema\/logo\/image\/\"},\"sameAs\":[\"https:\/\/www.facebook.com\/PrijedorDanasCom\/\"]},{\"@type\":\"Person\",\"@id\":\"https:\/\/www.prijedordanas.com\/#\/schema\/person\/4e08ccf29b506ca916ff86d46bb700e6\",\"name\":\"admin\",\"image\":{\"@type\":\"ImageObject\",\"inLanguage\":\"en-US\",\"@id\":\"https:\/\/www.prijedordanas.com\/#\/schema\/person\/image\/\",\"url\":\"https:\/\/secure.gravatar.com\/avatar\/1d3fc949d550f0b53a5f0d51e06dfd79?s=96&d=mm&r=g\",\"contentUrl\":\"https:\/\/secure.gravatar.com\/avatar\/1d3fc949d550f0b53a5f0d51e06dfd79?s=96&d=mm&r=g\",\"caption\":\"admin\"},\"url\":\"https:\/\/www.prijedordanas.com\/?author=1\"}]}<\/script>\n<!-- \/ Yoast SEO plugin. -->","yoast_head_json":{"title":"Prijedor: Stigli biciklisti iz Slovenije u okviru manifestacije \"Kilometri prijateljstva\" - FOTO\/VIDEO - PrijedorDanas.com - Prijedorski gradski portal","robots":{"index":"index","follow":"follow","max-snippet":"max-snippet:-1","max-image-preview":"max-image-preview:large","max-video-preview":"max-video-preview:-1"},"canonical":"https:\/\/www.prijedordanas.com\/?p=230820","og_locale":"en_US","og_type":"article","og_title":"Prijedor: Stigli biciklisti iz Slovenije u okviru manifestacije \"Kilometri prijateljstva\" - FOTO\/VIDEO - PrijedorDanas.com - Prijedorski gradski portal","og_description":"U okviru manifestacije &#8220;Kilometri prijateljstva&#8221; u petak uve\u010de je iz Slovenije u Prijedor stigla grupa od tridesetak privrednika, ljubitelja biciklizma, \u010dlanova Sportskog dru\u0161tva &#8220;BAM.Bi&#8221; sa sjedi\u0161tem u op\u0161tini \u0160en\u010dur. Rije\u010d [&hellip;]","og_url":"https:\/\/www.prijedordanas.com\/?p=230820","og_site_name":"PrijedorDanas.com - Prijedorski gradski portal","article_publisher":"https:\/\/www.facebook.com\/PrijedorDanasCom\/","article_published_time":"2024-07-27T00:35:44+00:00","article_modified_time":"2024-07-29T12:57:58+00:00","og_image":[{"url":"https:\/\/www.prijedordanas.com\/wp-content\/uploads\/2024\/07\/kilometri-prijateljstva-2024-docek-1-300x225.jpg"}],"author":"admin","twitter_card":"summary_large_image","twitter_misc":{"Written by":"admin","Est. reading time":"3 minutes"},"schema":{"@context":"https:\/\/schema.org","@graph":[{"@type":"Article","@id":"https:\/\/www.prijedordanas.com\/?p=230820#article","isPartOf":{"@id":"https:\/\/www.prijedordanas.com\/?p=230820"},"author":{"name":"admin","@id":"https:\/\/www.prijedordanas.com\/#\/schema\/person\/4e08ccf29b506ca916ff86d46bb700e6"},"headline":"Prijedor: Stigli biciklisti iz Slovenije u okviru manifestacije &#8220;Kilometri prijateljstva&#8221; &#8211; FOTO\/VIDEO","datePublished":"2024-07-27T00:35:44+00:00","dateModified":"2024-07-29T12:57:58+00:00","mainEntityOfPage":{"@id":"https:\/\/www.prijedordanas.com\/?p=230820"},"wordCount":453,"publisher":{"@id":"https:\/\/www.prijedordanas.com\/#organization"},"articleSection":["\u017divot"],"inLanguage":"en-US"},{"@type":"WebPage","@id":"https:\/\/www.prijedordanas.com\/?p=230820","url":"https:\/\/www.prijedordanas.com\/?p=230820","name":"Prijedor: Stigli biciklisti iz Slovenije u okviru manifestacije \"Kilometri prijateljstva\" - FOTO\/VIDEO - PrijedorDanas.com - Prijedorski gradski portal","isPartOf":{"@id":"https:\/\/www.prijedordanas.com\/#website"},"datePublished":"2024-07-27T00:35:44+00:00","dateModified":"2024-07-29T12:57:58+00:00","breadcrumb":{"@id":"https:\/\/www.prijedordanas.com\/?p=230820#breadcrumb"},"inLanguage":"en-US","potentialAction":[{"@type":"ReadAction","target":["https:\/\/www.prijedordanas.com\/?p=230820"]}]},{"@type":"BreadcrumbList","@id":"https:\/\/www.prijedordanas.com\/?p=230820#breadcrumb","itemListElement":[{"@type":"ListItem","position":1,"name":"Home","item":"https:\/\/www.prijedordanas.com\/"},{"@type":"ListItem","position":2,"name":"Prijedor: Stigli biciklisti iz Slovenije u okviru manifestacije &#8220;Kilometri prijateljstva&#8221; &#8211; FOTO\/VIDEO"}]},{"@type":"WebSite","@id":"https:\/\/www.prijedordanas.com\/#website","url":"https:\/\/www.prijedordanas.com\/","name":"PrijedorDanas.com - Prijedorski gradski portal","description":"Portal o doga\u0111anjima u gradu Prijedoru","publisher":{"@id":"https:\/\/www.prijedordanas.com\/#organization"},"potentialAction":[{"@type":"SearchAction","target":{"@type":"EntryPoint","urlTemplate":"https:\/\/www.prijedordanas.com\/?s={search_term_string}"},"query-input":"required name=search_term_string"}],"inLanguage":"en-US"},{"@type":"Organization","@id":"https:\/\/www.prijedordanas.com\/#organization","name":"PrijedorDanas.com","url":"https:\/\/www.prijedordanas.com\/","logo":{"@type":"ImageObject","inLanguage":"en-US","@id":"https:\/\/www.prijedordanas.com\/#\/schema\/logo\/image\/","url":"http:\/\/www.prijedordanas.com\/wp-content\/uploads\/2021\/12\/logopng.png","contentUrl":"http:\/\/www.prijedordanas.com\/wp-content\/uploads\/2021\/12\/logopng.png","width":1019,"height":776,"caption":"PrijedorDanas.com"},"image":{"@id":"https:\/\/www.prijedordanas.com\/#\/schema\/logo\/image\/"},"sameAs":["https:\/\/www.facebook.com\/PrijedorDanasCom\/"]},{"@type":"Person","@id":"https:\/\/www.prijedordanas.com\/#\/schema\/person\/4e08ccf29b506ca916ff86d46bb700e6","name":"admin","image":{"@type":"ImageObject","inLanguage":"en-US","@id":"https:\/\/www.prijedordanas.com\/#\/schema\/person\/image\/","url":"https:\/\/secure.gravatar.com\/avatar\/1d3fc949d550f0b53a5f0d51e06dfd79?s=96&d=mm&r=g","contentUrl":"https:\/\/secure.gravatar.com\/avatar\/1d3fc949d550f0b53a5f0d51e06dfd79?s=96&d=mm&r=g","caption":"admin"},"url":"https:\/\/www.prijedordanas.com\/?author=1"}]}},"_links":{"self":[{"href":"https:\/\/www.prijedordanas.com\/index.php?rest_route=\/wp\/v2\/posts\/230820"}],"collection":[{"href":"https:\/\/www.prijedordanas.com\/index.php?rest_route=\/wp\/v2\/posts"}],"about":[{"href":"https:\/\/www.prijedordanas.com\/index.php?rest_route=\/wp\/v2\/types\/post"}],"author":[{"embeddable":true,"href":"https:\/\/www.prijedordanas.com\/index.php?rest_route=\/wp\/v2\/users\/1"}],"replies":[{"embeddable":true,"href":"https:\/\/www.prijedordanas.com\/index.php?rest_route=%2Fwp%2Fv2%2Fcomments&post=230820"}],"version-history":[{"count":2,"href":"https:\/\/www.prijedordanas.com\/index.php?rest_route=\/wp\/v2\/posts\/230820\/revisions"}],"predecessor-version":[{"id":230935,"href":"https:\/\/www.prijedordanas.com\/index.php?rest_route=\/wp\/v2\/posts\/230820\/revisions\/230935"}],"wp:attachment":[{"href":"https:\/\/www.prijedordanas.com\/index.php?rest_route=%2Fwp%2Fv2%2Fmedia&parent=230820"}],"wp:term":[{"taxonomy":"category","embeddable":true,"href":"https:\/\/www.prijedordanas.com\/index.php?rest_route=%2Fwp%2Fv2%2Fcategories&post=230820"},{"taxonomy":"post_tag","embeddable":true,"href":"https:\/\/www.prijedordanas.com\/index.php?rest_route=%2Fwp%2Fv2%2Ftags&post=230820"}],"curies":[{"name":"wp","href":"https:\/\/api.w.org\/{rel}","templated":true}]}}