{"id":230639,"date":"2024-07-25T12:13:10","date_gmt":"2024-07-25T10:13:10","guid":{"rendered":"https:\/\/www.prijedordanas.com\/?p=230639"},"modified":"2024-07-25T12:13:10","modified_gmt":"2024-07-25T10:13:10","slug":"kud-milan-egic-brezicani-svetkovanje-o-ognjenoj-mariji","status":"publish","type":"post","link":"https:\/\/www.prijedordanas.com\/?p=230639","title":{"rendered":"KUD &#8220;Milan Egi\u0107&#8221; Brezi\u010dani: &#8220;Svetkovanje o Ognjenoj Mariji&#8221;"},"content":{"rendered":"<p><a href=\"https:\/\/www.prijedordanas.com\/wp-content\/uploads\/2024\/07\/svetkovanje-o-ognjenoj-mariji-brezicani2024.jpg\"><img loading=\"lazy\" decoding=\"async\" src=\"https:\/\/www.prijedordanas.com\/wp-content\/uploads\/2024\/07\/svetkovanje-o-ognjenoj-mariji-brezicani2024-212x300.jpg\" alt=\"\" width=\"212\" height=\"300\" class=\"alignleft size-medium wp-image-230643\" srcset=\"https:\/\/www.prijedordanas.com\/wp-content\/uploads\/2024\/07\/svetkovanje-o-ognjenoj-mariji-brezicani2024-212x300.jpg 212w, https:\/\/www.prijedordanas.com\/wp-content\/uploads\/2024\/07\/svetkovanje-o-ognjenoj-mariji-brezicani2024.jpg 453w\" sizes=\"(max-width: 212px) 100vw, 212px\" \/><\/a>U Brezi\u010danima u nedjelju, 28.jula, po\u010dinje trodnevna tradicionalna manifestacija \u201cSvetkovanje o Ognjenoj Mariji\u201d, koju organizuje Kulturno-umjetni\u010dko dru\u0161tvo \u201cMilan Egi\u0107\u201d, pod pokroviteljstvom grada Prijedora.<\/p>\n<p>I ove godine manifestacija \u0107e po\u010deti Me\u0111unarodnim festivalom tambura\u0161kih orkestara. Nastupi\u0107e pet tambura\u0161kih orkestara iz Republike Srpske, Federacije BiH i Hrvatske. <\/p>\n<p>Bi\u0107e organizovana i prezentacija autenti\u010dnih proizvoda doma\u0107ih proizvo\u0111a\u010da u 19 \u010dasova, a \u201cVe\u010de tamburice Novaka Savanovi\u0107a \u201d od 20.30 \u010dasova.<\/p>\n<p>Tokom trodnevnog svetkovanja slave sela i hrama u ponedjeljak, 29. jula, bi\u0107e odr\u017eano i \u201cVe\u010de narodne pjesme i folklora\u201d kod crkve u Brezi\u010danima sa po\u010detkom u 20.00 \u010dasova.<\/p>\n<p>Slava sela, Sveta Velikomu\u010denica Marina, u narodu poznatija kao Ognjena Marija, bi\u0107e obilje\u017eena u utorak, 30.jula, u 9.00 \u010dasova svetom liturgijom, potom parastosom i trpezom ljubavi.<\/p>\n<p><strong><a href=\"https:\/\/kozarski.com\/svetkovanje-o-ognjenoj-mariji\/\" rel=\"noopener\" target=\"_blank\">kozarski.com<\/a><\/strong><\/p>\n","protected":false},"excerpt":{"rendered":"<p>U Brezi\u010danima u nedjelju, 28.jula, po\u010dinje trodnevna tradicionalna manifestacija \u201cSvetkovanje o Ognjenoj Mariji\u201d, koju organizuje Kulturno-umjetni\u010dko dru\u0161tvo \u201cMilan Egi\u0107\u201d, pod pokroviteljstvom grada Prijedora. I ove godine manifestacija \u0107e po\u010deti Me\u0111unarodnim [&hellip;]<\/p>\n","protected":false},"author":1,"featured_media":0,"comment_status":"closed","ping_status":"open","sticky":false,"template":"","format":"standard","meta":{"_monsterinsights_skip_tracking":false,"_monsterinsights_sitenote_active":false,"_monsterinsights_sitenote_note":"","_monsterinsights_sitenote_category":0,"footnotes":""},"categories":[3],"tags":[],"yoast_head":"<!-- This site is optimized with the Yoast SEO plugin v21.6 - https:\/\/yoast.com\/wordpress\/plugins\/seo\/ -->\n<title>KUD &quot;Milan Egi\u0107&quot; Brezi\u010dani: &quot;Svetkovanje o Ognjenoj Mariji&quot; - PrijedorDanas.com - Prijedorski gradski portal<\/title>\n<meta name=\"robots\" content=\"index, follow, max-snippet:-1, max-image-preview:large, max-video-preview:-1\" \/>\n<link rel=\"canonical\" href=\"https:\/\/www.prijedordanas.com\/?p=230639\" \/>\n<meta property=\"og:locale\" content=\"en_US\" \/>\n<meta property=\"og:type\" content=\"article\" \/>\n<meta property=\"og:title\" content=\"KUD &quot;Milan Egi\u0107&quot; Brezi\u010dani: &quot;Svetkovanje o Ognjenoj Mariji&quot; - PrijedorDanas.com - Prijedorski gradski portal\" \/>\n<meta property=\"og:description\" content=\"U Brezi\u010danima u nedjelju, 28.jula, po\u010dinje trodnevna tradicionalna manifestacija \u201cSvetkovanje o Ognjenoj Mariji\u201d, koju organizuje Kulturno-umjetni\u010dko dru\u0161tvo \u201cMilan Egi\u0107\u201d, pod pokroviteljstvom grada Prijedora. I ove godine manifestacija \u0107e po\u010deti Me\u0111unarodnim [&hellip;]\" \/>\n<meta property=\"og:url\" content=\"https:\/\/www.prijedordanas.com\/?p=230639\" \/>\n<meta property=\"og:site_name\" content=\"PrijedorDanas.com - Prijedorski gradski portal\" \/>\n<meta property=\"article:publisher\" content=\"https:\/\/www.facebook.com\/PrijedorDanasCom\/\" \/>\n<meta property=\"article:published_time\" content=\"2024-07-25T10:13:10+00:00\" \/>\n<meta property=\"og:image\" content=\"https:\/\/www.prijedordanas.com\/wp-content\/uploads\/2024\/07\/svetkovanje-o-ognjenoj-mariji-brezicani2024-212x300.jpg\" \/>\n<meta name=\"author\" content=\"admin\" \/>\n<meta name=\"twitter:card\" content=\"summary_large_image\" \/>\n<meta name=\"twitter:label1\" content=\"Written by\" \/>\n\t<meta name=\"twitter:data1\" content=\"admin\" \/>\n\t<meta name=\"twitter:label2\" content=\"Est. reading time\" \/>\n\t<meta name=\"twitter:data2\" content=\"1 minute\" \/>\n<script type=\"application\/ld+json\" class=\"yoast-schema-graph\">{\"@context\":\"https:\/\/schema.org\",\"@graph\":[{\"@type\":\"Article\",\"@id\":\"https:\/\/www.prijedordanas.com\/?p=230639#article\",\"isPartOf\":{\"@id\":\"https:\/\/www.prijedordanas.com\/?p=230639\"},\"author\":{\"name\":\"admin\",\"@id\":\"https:\/\/www.prijedordanas.com\/#\/schema\/person\/4e08ccf29b506ca916ff86d46bb700e6\"},\"headline\":\"KUD &#8220;Milan Egi\u0107&#8221; Brezi\u010dani: &#8220;Svetkovanje o Ognjenoj Mariji&#8221;\",\"datePublished\":\"2024-07-25T10:13:10+00:00\",\"dateModified\":\"2024-07-25T10:13:10+00:00\",\"mainEntityOfPage\":{\"@id\":\"https:\/\/www.prijedordanas.com\/?p=230639\"},\"wordCount\":147,\"publisher\":{\"@id\":\"https:\/\/www.prijedordanas.com\/#organization\"},\"articleSection\":[\"\u017divot\"],\"inLanguage\":\"en-US\"},{\"@type\":\"WebPage\",\"@id\":\"https:\/\/www.prijedordanas.com\/?p=230639\",\"url\":\"https:\/\/www.prijedordanas.com\/?p=230639\",\"name\":\"KUD \\\"Milan Egi\u0107\\\" Brezi\u010dani: \\\"Svetkovanje o Ognjenoj Mariji\\\" - PrijedorDanas.com - Prijedorski gradski portal\",\"isPartOf\":{\"@id\":\"https:\/\/www.prijedordanas.com\/#website\"},\"datePublished\":\"2024-07-25T10:13:10+00:00\",\"dateModified\":\"2024-07-25T10:13:10+00:00\",\"breadcrumb\":{\"@id\":\"https:\/\/www.prijedordanas.com\/?p=230639#breadcrumb\"},\"inLanguage\":\"en-US\",\"potentialAction\":[{\"@type\":\"ReadAction\",\"target\":[\"https:\/\/www.prijedordanas.com\/?p=230639\"]}]},{\"@type\":\"BreadcrumbList\",\"@id\":\"https:\/\/www.prijedordanas.com\/?p=230639#breadcrumb\",\"itemListElement\":[{\"@type\":\"ListItem\",\"position\":1,\"name\":\"Home\",\"item\":\"https:\/\/www.prijedordanas.com\/\"},{\"@type\":\"ListItem\",\"position\":2,\"name\":\"KUD &#8220;Milan Egi\u0107&#8221; Brezi\u010dani: &#8220;Svetkovanje o Ognjenoj Mariji&#8221;\"}]},{\"@type\":\"WebSite\",\"@id\":\"https:\/\/www.prijedordanas.com\/#website\",\"url\":\"https:\/\/www.prijedordanas.com\/\",\"name\":\"PrijedorDanas.com - Prijedorski gradski portal\",\"description\":\"Portal o doga\u0111anjima u gradu Prijedoru\",\"publisher\":{\"@id\":\"https:\/\/www.prijedordanas.com\/#organization\"},\"potentialAction\":[{\"@type\":\"SearchAction\",\"target\":{\"@type\":\"EntryPoint\",\"urlTemplate\":\"https:\/\/www.prijedordanas.com\/?s={search_term_string}\"},\"query-input\":\"required name=search_term_string\"}],\"inLanguage\":\"en-US\"},{\"@type\":\"Organization\",\"@id\":\"https:\/\/www.prijedordanas.com\/#organization\",\"name\":\"PrijedorDanas.com\",\"url\":\"https:\/\/www.prijedordanas.com\/\",\"logo\":{\"@type\":\"ImageObject\",\"inLanguage\":\"en-US\",\"@id\":\"https:\/\/www.prijedordanas.com\/#\/schema\/logo\/image\/\",\"url\":\"http:\/\/www.prijedordanas.com\/wp-content\/uploads\/2021\/12\/logopng.png\",\"contentUrl\":\"http:\/\/www.prijedordanas.com\/wp-content\/uploads\/2021\/12\/logopng.png\",\"width\":1019,\"height\":776,\"caption\":\"PrijedorDanas.com\"},\"image\":{\"@id\":\"https:\/\/www.prijedordanas.com\/#\/schema\/logo\/image\/\"},\"sameAs\":[\"https:\/\/www.facebook.com\/PrijedorDanasCom\/\"]},{\"@type\":\"Person\",\"@id\":\"https:\/\/www.prijedordanas.com\/#\/schema\/person\/4e08ccf29b506ca916ff86d46bb700e6\",\"name\":\"admin\",\"image\":{\"@type\":\"ImageObject\",\"inLanguage\":\"en-US\",\"@id\":\"https:\/\/www.prijedordanas.com\/#\/schema\/person\/image\/\",\"url\":\"https:\/\/secure.gravatar.com\/avatar\/1d3fc949d550f0b53a5f0d51e06dfd79?s=96&d=mm&r=g\",\"contentUrl\":\"https:\/\/secure.gravatar.com\/avatar\/1d3fc949d550f0b53a5f0d51e06dfd79?s=96&d=mm&r=g\",\"caption\":\"admin\"},\"url\":\"https:\/\/www.prijedordanas.com\/?author=1\"}]}<\/script>\n<!-- \/ Yoast SEO plugin. -->","yoast_head_json":{"title":"KUD \"Milan Egi\u0107\" Brezi\u010dani: \"Svetkovanje o Ognjenoj Mariji\" - PrijedorDanas.com - Prijedorski gradski portal","robots":{"index":"index","follow":"follow","max-snippet":"max-snippet:-1","max-image-preview":"max-image-preview:large","max-video-preview":"max-video-preview:-1"},"canonical":"https:\/\/www.prijedordanas.com\/?p=230639","og_locale":"en_US","og_type":"article","og_title":"KUD \"Milan Egi\u0107\" Brezi\u010dani: \"Svetkovanje o Ognjenoj Mariji\" - PrijedorDanas.com - Prijedorski gradski portal","og_description":"U Brezi\u010danima u nedjelju, 28.jula, po\u010dinje trodnevna tradicionalna manifestacija \u201cSvetkovanje o Ognjenoj Mariji\u201d, koju organizuje Kulturno-umjetni\u010dko dru\u0161tvo \u201cMilan Egi\u0107\u201d, pod pokroviteljstvom grada Prijedora. I ove godine manifestacija \u0107e po\u010deti Me\u0111unarodnim [&hellip;]","og_url":"https:\/\/www.prijedordanas.com\/?p=230639","og_site_name":"PrijedorDanas.com - Prijedorski gradski portal","article_publisher":"https:\/\/www.facebook.com\/PrijedorDanasCom\/","article_published_time":"2024-07-25T10:13:10+00:00","og_image":[{"url":"https:\/\/www.prijedordanas.com\/wp-content\/uploads\/2024\/07\/svetkovanje-o-ognjenoj-mariji-brezicani2024-212x300.jpg"}],"author":"admin","twitter_card":"summary_large_image","twitter_misc":{"Written by":"admin","Est. reading time":"1 minute"},"schema":{"@context":"https:\/\/schema.org","@graph":[{"@type":"Article","@id":"https:\/\/www.prijedordanas.com\/?p=230639#article","isPartOf":{"@id":"https:\/\/www.prijedordanas.com\/?p=230639"},"author":{"name":"admin","@id":"https:\/\/www.prijedordanas.com\/#\/schema\/person\/4e08ccf29b506ca916ff86d46bb700e6"},"headline":"KUD &#8220;Milan Egi\u0107&#8221; Brezi\u010dani: &#8220;Svetkovanje o Ognjenoj Mariji&#8221;","datePublished":"2024-07-25T10:13:10+00:00","dateModified":"2024-07-25T10:13:10+00:00","mainEntityOfPage":{"@id":"https:\/\/www.prijedordanas.com\/?p=230639"},"wordCount":147,"publisher":{"@id":"https:\/\/www.prijedordanas.com\/#organization"},"articleSection":["\u017divot"],"inLanguage":"en-US"},{"@type":"WebPage","@id":"https:\/\/www.prijedordanas.com\/?p=230639","url":"https:\/\/www.prijedordanas.com\/?p=230639","name":"KUD \"Milan Egi\u0107\" Brezi\u010dani: \"Svetkovanje o Ognjenoj Mariji\" - PrijedorDanas.com - Prijedorski gradski portal","isPartOf":{"@id":"https:\/\/www.prijedordanas.com\/#website"},"datePublished":"2024-07-25T10:13:10+00:00","dateModified":"2024-07-25T10:13:10+00:00","breadcrumb":{"@id":"https:\/\/www.prijedordanas.com\/?p=230639#breadcrumb"},"inLanguage":"en-US","potentialAction":[{"@type":"ReadAction","target":["https:\/\/www.prijedordanas.com\/?p=230639"]}]},{"@type":"BreadcrumbList","@id":"https:\/\/www.prijedordanas.com\/?p=230639#breadcrumb","itemListElement":[{"@type":"ListItem","position":1,"name":"Home","item":"https:\/\/www.prijedordanas.com\/"},{"@type":"ListItem","position":2,"name":"KUD &#8220;Milan Egi\u0107&#8221; Brezi\u010dani: &#8220;Svetkovanje o Ognjenoj Mariji&#8221;"}]},{"@type":"WebSite","@id":"https:\/\/www.prijedordanas.com\/#website","url":"https:\/\/www.prijedordanas.com\/","name":"PrijedorDanas.com - Prijedorski gradski portal","description":"Portal o doga\u0111anjima u gradu Prijedoru","publisher":{"@id":"https:\/\/www.prijedordanas.com\/#organization"},"potentialAction":[{"@type":"SearchAction","target":{"@type":"EntryPoint","urlTemplate":"https:\/\/www.prijedordanas.com\/?s={search_term_string}"},"query-input":"required name=search_term_string"}],"inLanguage":"en-US"},{"@type":"Organization","@id":"https:\/\/www.prijedordanas.com\/#organization","name":"PrijedorDanas.com","url":"https:\/\/www.prijedordanas.com\/","logo":{"@type":"ImageObject","inLanguage":"en-US","@id":"https:\/\/www.prijedordanas.com\/#\/schema\/logo\/image\/","url":"http:\/\/www.prijedordanas.com\/wp-content\/uploads\/2021\/12\/logopng.png","contentUrl":"http:\/\/www.prijedordanas.com\/wp-content\/uploads\/2021\/12\/logopng.png","width":1019,"height":776,"caption":"PrijedorDanas.com"},"image":{"@id":"https:\/\/www.prijedordanas.com\/#\/schema\/logo\/image\/"},"sameAs":["https:\/\/www.facebook.com\/PrijedorDanasCom\/"]},{"@type":"Person","@id":"https:\/\/www.prijedordanas.com\/#\/schema\/person\/4e08ccf29b506ca916ff86d46bb700e6","name":"admin","image":{"@type":"ImageObject","inLanguage":"en-US","@id":"https:\/\/www.prijedordanas.com\/#\/schema\/person\/image\/","url":"https:\/\/secure.gravatar.com\/avatar\/1d3fc949d550f0b53a5f0d51e06dfd79?s=96&d=mm&r=g","contentUrl":"https:\/\/secure.gravatar.com\/avatar\/1d3fc949d550f0b53a5f0d51e06dfd79?s=96&d=mm&r=g","caption":"admin"},"url":"https:\/\/www.prijedordanas.com\/?author=1"}]}},"_links":{"self":[{"href":"https:\/\/www.prijedordanas.com\/index.php?rest_route=\/wp\/v2\/posts\/230639"}],"collection":[{"href":"https:\/\/www.prijedordanas.com\/index.php?rest_route=\/wp\/v2\/posts"}],"about":[{"href":"https:\/\/www.prijedordanas.com\/index.php?rest_route=\/wp\/v2\/types\/post"}],"author":[{"embeddable":true,"href":"https:\/\/www.prijedordanas.com\/index.php?rest_route=\/wp\/v2\/users\/1"}],"replies":[{"embeddable":true,"href":"https:\/\/www.prijedordanas.com\/index.php?rest_route=%2Fwp%2Fv2%2Fcomments&post=230639"}],"version-history":[{"count":2,"href":"https:\/\/www.prijedordanas.com\/index.php?rest_route=\/wp\/v2\/posts\/230639\/revisions"}],"predecessor-version":[{"id":230644,"href":"https:\/\/www.prijedordanas.com\/index.php?rest_route=\/wp\/v2\/posts\/230639\/revisions\/230644"}],"wp:attachment":[{"href":"https:\/\/www.prijedordanas.com\/index.php?rest_route=%2Fwp%2Fv2%2Fmedia&parent=230639"}],"wp:term":[{"taxonomy":"category","embeddable":true,"href":"https:\/\/www.prijedordanas.com\/index.php?rest_route=%2Fwp%2Fv2%2Fcategories&post=230639"},{"taxonomy":"post_tag","embeddable":true,"href":"https:\/\/www.prijedordanas.com\/index.php?rest_route=%2Fwp%2Fv2%2Ftags&post=230639"}],"curies":[{"name":"wp","href":"https:\/\/api.w.org\/{rel}","templated":true}]}}