{"id":230604,"date":"2024-07-24T17:27:48","date_gmt":"2024-07-24T15:27:48","guid":{"rendered":"https:\/\/www.prijedordanas.com\/?p=230604"},"modified":"2024-07-24T17:27:48","modified_gmt":"2024-07-24T15:27:48","slug":"kud-sarenica-prijedor-odrzana-manifestacija-sacuvajmo-nasu-tradiciju-foto-video","status":"publish","type":"post","link":"https:\/\/www.prijedordanas.com\/?p=230604","title":{"rendered":"KUD &#8220;\u0160arenica&#8221; Prijedor: Odr\u017eana manifestacija &#8220;Sa\u010duvajmo na\u0161u tradiciju&#8221; &#8211; FOTO\/VIDEO"},"content":{"rendered":"<p><a href=\"https:\/\/www.prijedordanas.com\/wp-content\/uploads\/2024\/07\/kud-sarenica-sacuvajmo-nasu-tradiciju-2024-1.jpg\"><img loading=\"lazy\" decoding=\"async\" class=\"alignleft size-medium wp-image-230605\" src=\"https:\/\/www.prijedordanas.com\/wp-content\/uploads\/2024\/07\/kud-sarenica-sacuvajmo-nasu-tradiciju-2024-1-300x225.jpg\" alt=\"\" width=\"300\" height=\"225\" srcset=\"https:\/\/www.prijedordanas.com\/wp-content\/uploads\/2024\/07\/kud-sarenica-sacuvajmo-nasu-tradiciju-2024-1-300x225.jpg 300w, https:\/\/www.prijedordanas.com\/wp-content\/uploads\/2024\/07\/kud-sarenica-sacuvajmo-nasu-tradiciju-2024-1-640x480.jpg 640w, https:\/\/www.prijedordanas.com\/wp-content\/uploads\/2024\/07\/kud-sarenica-sacuvajmo-nasu-tradiciju-2024-1.jpg 667w\" sizes=\"(max-width: 300px) 100vw, 300px\" \/><\/a>U sportskoj dvorani \u201eMladost\u201c u Prijedoru KUD \u201e\u0160arenica\u201c je organizovao i odr\u017eao tradicionalni koncert pod nazivom \u201eSa\u010duvajmo na\u0161u tradiciju\u201c.<\/p>\n<p>Gosti su na koncertu su bila kulturno-umjetni\u010dka dru\u0161tva iz Gradi\u0161ke, Srpca, Hrvatske, Petrova, te Udru\u017eenje za o\u010duvanje tradicije Prijedor.<\/p>\n<p>Ratko Lalovi\u0107, umjetni\u010dki rukovodilac folklornog Udru\u017eenja gra\u0111ana \u201eMotaji\u010dki vuk\u201c iz Srpca isti\u010de da su sa zadovoljstvom prihvatili poziv KUD-a \u201e\u0160arenica\u201c.<\/p>\n<p>\u201eOvo nije na\u0161a prva saradnja. Mi smo mogu re\u0107i jedni od najbli\u017ea dva dru\u0161tva i svake godine izabremo bar dva datuma u toku godine kada posje\u0107ujemo jedni druge i na taj na\u010din njegujemo i prijateljstvo, a i svakako sve ono \u0161to to dru\u017eenje prati\u201c, rekao je Lalovi\u0107.<\/p>\n<p>Milana Luki\u0107 rukovodilac KUD-a \u201e\u0160arenica\u201c iz Prijedora ka\u017ee da se dru\u0161tvo doma\u0107in ve\u010deras predstavilo sa igrom \u201ePotkozarje\u201c, a predstavio se i orkestar i \u010dlanovi ansambla, kao i folklorna sekcija iz Trnopolja i Garevaca, koji su po prvi put bili na sceni.<\/p>\n<p>\u201eFestival sam je osmi\u0161ljen upravo igrama iz na\u0161ih krajeva \u0161irom Republike Srpske, jer je poenta svega da sa\u010duvamo na\u0161u tradiciju\u201c, rekla je Luki\u0107.<\/p>\n<p><strong><a href=\"https:\/\/kozarski.com\/odrzana-manifestacija-sacuvajmo-nasu-tradiciju-u-organizaciji-kud-a-sarenica\/\" target=\"_blank\" rel=\"noopener\">kozarski.com<\/a><\/strong><\/p>\n<p><a href=\"https:\/\/www.prijedordanas.com\/wp-content\/uploads\/2024\/07\/kud-sarenica-sacuvajmo-nasu-tradiciju-2024-2.jpg\"><img loading=\"lazy\" decoding=\"async\" src=\"https:\/\/www.prijedordanas.com\/wp-content\/uploads\/2024\/07\/kud-sarenica-sacuvajmo-nasu-tradiciju-2024-2-300x200.jpg\" alt=\"\" width=\"300\" height=\"200\" class=\"alignleft size-medium wp-image-230606\" srcset=\"https:\/\/www.prijedordanas.com\/wp-content\/uploads\/2024\/07\/kud-sarenica-sacuvajmo-nasu-tradiciju-2024-2-300x200.jpg 300w, https:\/\/www.prijedordanas.com\/wp-content\/uploads\/2024\/07\/kud-sarenica-sacuvajmo-nasu-tradiciju-2024-2-480x320.jpg 480w, https:\/\/www.prijedordanas.com\/wp-content\/uploads\/2024\/07\/kud-sarenica-sacuvajmo-nasu-tradiciju-2024-2.jpg 600w\" sizes=\"(max-width: 300px) 100vw, 300px\" \/><\/a> <a href=\"https:\/\/www.prijedordanas.com\/wp-content\/uploads\/2024\/07\/kud-sarenica-sacuvajmo-nasu-tradiciju-2024-3.jpg\"><img loading=\"lazy\" decoding=\"async\" src=\"https:\/\/www.prijedordanas.com\/wp-content\/uploads\/2024\/07\/kud-sarenica-sacuvajmo-nasu-tradiciju-2024-3-300x200.jpg\" alt=\"\" width=\"300\" height=\"200\" class=\"alignleft size-medium wp-image-230607\" srcset=\"https:\/\/www.prijedordanas.com\/wp-content\/uploads\/2024\/07\/kud-sarenica-sacuvajmo-nasu-tradiciju-2024-3-300x200.jpg 300w, https:\/\/www.prijedordanas.com\/wp-content\/uploads\/2024\/07\/kud-sarenica-sacuvajmo-nasu-tradiciju-2024-3-480x320.jpg 480w, https:\/\/www.prijedordanas.com\/wp-content\/uploads\/2024\/07\/kud-sarenica-sacuvajmo-nasu-tradiciju-2024-3.jpg 600w\" sizes=\"(max-width: 300px) 100vw, 300px\" \/><\/a> <a href=\"https:\/\/www.prijedordanas.com\/wp-content\/uploads\/2024\/07\/kud-sarenica-sacuvajmo-nasu-tradiciju-2024-4.jpg\"><img loading=\"lazy\" decoding=\"async\" src=\"https:\/\/www.prijedordanas.com\/wp-content\/uploads\/2024\/07\/kud-sarenica-sacuvajmo-nasu-tradiciju-2024-4-300x200.jpg\" alt=\"\" width=\"300\" height=\"200\" class=\"alignleft size-medium wp-image-230608\" srcset=\"https:\/\/www.prijedordanas.com\/wp-content\/uploads\/2024\/07\/kud-sarenica-sacuvajmo-nasu-tradiciju-2024-4-300x200.jpg 300w, https:\/\/www.prijedordanas.com\/wp-content\/uploads\/2024\/07\/kud-sarenica-sacuvajmo-nasu-tradiciju-2024-4-480x320.jpg 480w, https:\/\/www.prijedordanas.com\/wp-content\/uploads\/2024\/07\/kud-sarenica-sacuvajmo-nasu-tradiciju-2024-4.jpg 600w\" sizes=\"(max-width: 300px) 100vw, 300px\" \/><\/a> <a href=\"https:\/\/www.prijedordanas.com\/wp-content\/uploads\/2024\/07\/kud-sarenica-sacuvajmo-nasu-tradiciju-2024-5.jpg\"><img loading=\"lazy\" decoding=\"async\" src=\"https:\/\/www.prijedordanas.com\/wp-content\/uploads\/2024\/07\/kud-sarenica-sacuvajmo-nasu-tradiciju-2024-5-300x200.jpg\" alt=\"\" width=\"300\" height=\"200\" class=\"alignleft size-medium wp-image-230609\" srcset=\"https:\/\/www.prijedordanas.com\/wp-content\/uploads\/2024\/07\/kud-sarenica-sacuvajmo-nasu-tradiciju-2024-5-300x200.jpg 300w, https:\/\/www.prijedordanas.com\/wp-content\/uploads\/2024\/07\/kud-sarenica-sacuvajmo-nasu-tradiciju-2024-5-480x320.jpg 480w, https:\/\/www.prijedordanas.com\/wp-content\/uploads\/2024\/07\/kud-sarenica-sacuvajmo-nasu-tradiciju-2024-5.jpg 600w\" sizes=\"(max-width: 300px) 100vw, 300px\" \/><\/a> <a href=\"https:\/\/www.prijedordanas.com\/wp-content\/uploads\/2024\/07\/kud-sarenica-sacuvajmo-nasu-tradiciju-2024-6.jpg\"><img loading=\"lazy\" decoding=\"async\" src=\"https:\/\/www.prijedordanas.com\/wp-content\/uploads\/2024\/07\/kud-sarenica-sacuvajmo-nasu-tradiciju-2024-6-300x139.jpg\" alt=\"\" width=\"300\" height=\"139\" class=\"alignleft size-medium wp-image-230610\" srcset=\"https:\/\/www.prijedordanas.com\/wp-content\/uploads\/2024\/07\/kud-sarenica-sacuvajmo-nasu-tradiciju-2024-6-300x139.jpg 300w, https:\/\/www.prijedordanas.com\/wp-content\/uploads\/2024\/07\/kud-sarenica-sacuvajmo-nasu-tradiciju-2024-6-768x355.jpg 768w, https:\/\/www.prijedordanas.com\/wp-content\/uploads\/2024\/07\/kud-sarenica-sacuvajmo-nasu-tradiciju-2024-6.jpg 1000w\" sizes=\"(max-width: 300px) 100vw, 300px\" \/><\/a><\/p>\n<p><iframe loading=\"lazy\" title=\"MANIFESTACIJA &quot;SA\u010cUVAJMO NA\u0160U TRADICIJU&quot; U ORGANIZACIJI KUD-a &quot;\u0160ARENICA&quot; ODU\u0160EVILA PUBLIKU\" width=\"500\" height=\"281\" src=\"https:\/\/www.youtube.com\/embed\/e3C8JXkBWIA?feature=oembed\" frameborder=\"0\" allow=\"accelerometer; autoplay; clipboard-write; encrypted-media; gyroscope; picture-in-picture; web-share\" referrerpolicy=\"strict-origin-when-cross-origin\" allowfullscreen><\/iframe><\/p>\n","protected":false},"excerpt":{"rendered":"<p>U sportskoj dvorani \u201eMladost\u201c u Prijedoru KUD \u201e\u0160arenica\u201c je organizovao i odr\u017eao tradicionalni koncert pod nazivom \u201eSa\u010duvajmo na\u0161u tradiciju\u201c. Gosti su na koncertu su bila kulturno-umjetni\u010dka dru\u0161tva iz Gradi\u0161ke, Srpca, [&hellip;]<\/p>\n","protected":false},"author":1,"featured_media":0,"comment_status":"closed","ping_status":"open","sticky":false,"template":"","format":"standard","meta":{"_monsterinsights_skip_tracking":false,"_monsterinsights_sitenote_active":false,"_monsterinsights_sitenote_note":"","_monsterinsights_sitenote_category":0,"footnotes":""},"categories":[3],"tags":[],"yoast_head":"<!-- This site is optimized with the Yoast SEO plugin v21.6 - https:\/\/yoast.com\/wordpress\/plugins\/seo\/ -->\n<title>KUD &quot;\u0160arenica&quot; Prijedor: Odr\u017eana manifestacija &quot;Sa\u010duvajmo na\u0161u tradiciju&quot; - FOTO\/VIDEO - PrijedorDanas.com - Prijedorski gradski portal<\/title>\n<meta name=\"robots\" content=\"index, follow, max-snippet:-1, max-image-preview:large, max-video-preview:-1\" \/>\n<link rel=\"canonical\" href=\"https:\/\/www.prijedordanas.com\/?p=230604\" \/>\n<meta property=\"og:locale\" content=\"en_US\" \/>\n<meta property=\"og:type\" content=\"article\" \/>\n<meta property=\"og:title\" content=\"KUD &quot;\u0160arenica&quot; Prijedor: Odr\u017eana manifestacija &quot;Sa\u010duvajmo na\u0161u tradiciju&quot; - FOTO\/VIDEO - PrijedorDanas.com - Prijedorski gradski portal\" \/>\n<meta property=\"og:description\" content=\"U sportskoj dvorani \u201eMladost\u201c u Prijedoru KUD \u201e\u0160arenica\u201c je organizovao i odr\u017eao tradicionalni koncert pod nazivom \u201eSa\u010duvajmo na\u0161u tradiciju\u201c. Gosti su na koncertu su bila kulturno-umjetni\u010dka dru\u0161tva iz Gradi\u0161ke, Srpca, [&hellip;]\" \/>\n<meta property=\"og:url\" content=\"https:\/\/www.prijedordanas.com\/?p=230604\" \/>\n<meta property=\"og:site_name\" content=\"PrijedorDanas.com - Prijedorski gradski portal\" \/>\n<meta property=\"article:publisher\" content=\"https:\/\/www.facebook.com\/PrijedorDanasCom\/\" \/>\n<meta property=\"article:published_time\" content=\"2024-07-24T15:27:48+00:00\" \/>\n<meta property=\"og:image\" content=\"https:\/\/www.prijedordanas.com\/wp-content\/uploads\/2024\/07\/kud-sarenica-sacuvajmo-nasu-tradiciju-2024-1-300x225.jpg\" \/>\n<meta name=\"author\" content=\"admin\" \/>\n<meta name=\"twitter:card\" content=\"summary_large_image\" \/>\n<meta name=\"twitter:label1\" content=\"Written by\" \/>\n\t<meta name=\"twitter:data1\" content=\"admin\" \/>\n\t<meta name=\"twitter:label2\" content=\"Est. reading time\" \/>\n\t<meta name=\"twitter:data2\" content=\"1 minute\" \/>\n<script type=\"application\/ld+json\" class=\"yoast-schema-graph\">{\"@context\":\"https:\/\/schema.org\",\"@graph\":[{\"@type\":\"Article\",\"@id\":\"https:\/\/www.prijedordanas.com\/?p=230604#article\",\"isPartOf\":{\"@id\":\"https:\/\/www.prijedordanas.com\/?p=230604\"},\"author\":{\"name\":\"admin\",\"@id\":\"https:\/\/www.prijedordanas.com\/#\/schema\/person\/4e08ccf29b506ca916ff86d46bb700e6\"},\"headline\":\"KUD &#8220;\u0160arenica&#8221; Prijedor: Odr\u017eana manifestacija &#8220;Sa\u010duvajmo na\u0161u tradiciju&#8221; &#8211; FOTO\/VIDEO\",\"datePublished\":\"2024-07-24T15:27:48+00:00\",\"dateModified\":\"2024-07-24T15:27:48+00:00\",\"mainEntityOfPage\":{\"@id\":\"https:\/\/www.prijedordanas.com\/?p=230604\"},\"wordCount\":223,\"publisher\":{\"@id\":\"https:\/\/www.prijedordanas.com\/#organization\"},\"articleSection\":[\"\u017divot\"],\"inLanguage\":\"en-US\"},{\"@type\":\"WebPage\",\"@id\":\"https:\/\/www.prijedordanas.com\/?p=230604\",\"url\":\"https:\/\/www.prijedordanas.com\/?p=230604\",\"name\":\"KUD \\\"\u0160arenica\\\" Prijedor: Odr\u017eana manifestacija \\\"Sa\u010duvajmo na\u0161u tradiciju\\\" - FOTO\/VIDEO - PrijedorDanas.com - Prijedorski gradski portal\",\"isPartOf\":{\"@id\":\"https:\/\/www.prijedordanas.com\/#website\"},\"datePublished\":\"2024-07-24T15:27:48+00:00\",\"dateModified\":\"2024-07-24T15:27:48+00:00\",\"breadcrumb\":{\"@id\":\"https:\/\/www.prijedordanas.com\/?p=230604#breadcrumb\"},\"inLanguage\":\"en-US\",\"potentialAction\":[{\"@type\":\"ReadAction\",\"target\":[\"https:\/\/www.prijedordanas.com\/?p=230604\"]}]},{\"@type\":\"BreadcrumbList\",\"@id\":\"https:\/\/www.prijedordanas.com\/?p=230604#breadcrumb\",\"itemListElement\":[{\"@type\":\"ListItem\",\"position\":1,\"name\":\"Home\",\"item\":\"https:\/\/www.prijedordanas.com\/\"},{\"@type\":\"ListItem\",\"position\":2,\"name\":\"KUD &#8220;\u0160arenica&#8221; Prijedor: Odr\u017eana manifestacija &#8220;Sa\u010duvajmo na\u0161u tradiciju&#8221; &#8211; FOTO\/VIDEO\"}]},{\"@type\":\"WebSite\",\"@id\":\"https:\/\/www.prijedordanas.com\/#website\",\"url\":\"https:\/\/www.prijedordanas.com\/\",\"name\":\"PrijedorDanas.com - Prijedorski gradski portal\",\"description\":\"Portal o doga\u0111anjima u gradu Prijedoru\",\"publisher\":{\"@id\":\"https:\/\/www.prijedordanas.com\/#organization\"},\"potentialAction\":[{\"@type\":\"SearchAction\",\"target\":{\"@type\":\"EntryPoint\",\"urlTemplate\":\"https:\/\/www.prijedordanas.com\/?s={search_term_string}\"},\"query-input\":\"required name=search_term_string\"}],\"inLanguage\":\"en-US\"},{\"@type\":\"Organization\",\"@id\":\"https:\/\/www.prijedordanas.com\/#organization\",\"name\":\"PrijedorDanas.com\",\"url\":\"https:\/\/www.prijedordanas.com\/\",\"logo\":{\"@type\":\"ImageObject\",\"inLanguage\":\"en-US\",\"@id\":\"https:\/\/www.prijedordanas.com\/#\/schema\/logo\/image\/\",\"url\":\"http:\/\/www.prijedordanas.com\/wp-content\/uploads\/2021\/12\/logopng.png\",\"contentUrl\":\"http:\/\/www.prijedordanas.com\/wp-content\/uploads\/2021\/12\/logopng.png\",\"width\":1019,\"height\":776,\"caption\":\"PrijedorDanas.com\"},\"image\":{\"@id\":\"https:\/\/www.prijedordanas.com\/#\/schema\/logo\/image\/\"},\"sameAs\":[\"https:\/\/www.facebook.com\/PrijedorDanasCom\/\"]},{\"@type\":\"Person\",\"@id\":\"https:\/\/www.prijedordanas.com\/#\/schema\/person\/4e08ccf29b506ca916ff86d46bb700e6\",\"name\":\"admin\",\"image\":{\"@type\":\"ImageObject\",\"inLanguage\":\"en-US\",\"@id\":\"https:\/\/www.prijedordanas.com\/#\/schema\/person\/image\/\",\"url\":\"https:\/\/secure.gravatar.com\/avatar\/1d3fc949d550f0b53a5f0d51e06dfd79?s=96&d=mm&r=g\",\"contentUrl\":\"https:\/\/secure.gravatar.com\/avatar\/1d3fc949d550f0b53a5f0d51e06dfd79?s=96&d=mm&r=g\",\"caption\":\"admin\"},\"url\":\"https:\/\/www.prijedordanas.com\/?author=1\"}]}<\/script>\n<!-- \/ Yoast SEO plugin. -->","yoast_head_json":{"title":"KUD \"\u0160arenica\" Prijedor: Odr\u017eana manifestacija \"Sa\u010duvajmo na\u0161u tradiciju\" - FOTO\/VIDEO - PrijedorDanas.com - Prijedorski gradski portal","robots":{"index":"index","follow":"follow","max-snippet":"max-snippet:-1","max-image-preview":"max-image-preview:large","max-video-preview":"max-video-preview:-1"},"canonical":"https:\/\/www.prijedordanas.com\/?p=230604","og_locale":"en_US","og_type":"article","og_title":"KUD \"\u0160arenica\" Prijedor: Odr\u017eana manifestacija \"Sa\u010duvajmo na\u0161u tradiciju\" - FOTO\/VIDEO - PrijedorDanas.com - Prijedorski gradski portal","og_description":"U sportskoj dvorani \u201eMladost\u201c u Prijedoru KUD \u201e\u0160arenica\u201c je organizovao i odr\u017eao tradicionalni koncert pod nazivom \u201eSa\u010duvajmo na\u0161u tradiciju\u201c. Gosti su na koncertu su bila kulturno-umjetni\u010dka dru\u0161tva iz Gradi\u0161ke, Srpca, [&hellip;]","og_url":"https:\/\/www.prijedordanas.com\/?p=230604","og_site_name":"PrijedorDanas.com - Prijedorski gradski portal","article_publisher":"https:\/\/www.facebook.com\/PrijedorDanasCom\/","article_published_time":"2024-07-24T15:27:48+00:00","og_image":[{"url":"https:\/\/www.prijedordanas.com\/wp-content\/uploads\/2024\/07\/kud-sarenica-sacuvajmo-nasu-tradiciju-2024-1-300x225.jpg"}],"author":"admin","twitter_card":"summary_large_image","twitter_misc":{"Written by":"admin","Est. reading time":"1 minute"},"schema":{"@context":"https:\/\/schema.org","@graph":[{"@type":"Article","@id":"https:\/\/www.prijedordanas.com\/?p=230604#article","isPartOf":{"@id":"https:\/\/www.prijedordanas.com\/?p=230604"},"author":{"name":"admin","@id":"https:\/\/www.prijedordanas.com\/#\/schema\/person\/4e08ccf29b506ca916ff86d46bb700e6"},"headline":"KUD &#8220;\u0160arenica&#8221; Prijedor: Odr\u017eana manifestacija &#8220;Sa\u010duvajmo na\u0161u tradiciju&#8221; &#8211; FOTO\/VIDEO","datePublished":"2024-07-24T15:27:48+00:00","dateModified":"2024-07-24T15:27:48+00:00","mainEntityOfPage":{"@id":"https:\/\/www.prijedordanas.com\/?p=230604"},"wordCount":223,"publisher":{"@id":"https:\/\/www.prijedordanas.com\/#organization"},"articleSection":["\u017divot"],"inLanguage":"en-US"},{"@type":"WebPage","@id":"https:\/\/www.prijedordanas.com\/?p=230604","url":"https:\/\/www.prijedordanas.com\/?p=230604","name":"KUD \"\u0160arenica\" Prijedor: Odr\u017eana manifestacija \"Sa\u010duvajmo na\u0161u tradiciju\" - FOTO\/VIDEO - PrijedorDanas.com - Prijedorski gradski portal","isPartOf":{"@id":"https:\/\/www.prijedordanas.com\/#website"},"datePublished":"2024-07-24T15:27:48+00:00","dateModified":"2024-07-24T15:27:48+00:00","breadcrumb":{"@id":"https:\/\/www.prijedordanas.com\/?p=230604#breadcrumb"},"inLanguage":"en-US","potentialAction":[{"@type":"ReadAction","target":["https:\/\/www.prijedordanas.com\/?p=230604"]}]},{"@type":"BreadcrumbList","@id":"https:\/\/www.prijedordanas.com\/?p=230604#breadcrumb","itemListElement":[{"@type":"ListItem","position":1,"name":"Home","item":"https:\/\/www.prijedordanas.com\/"},{"@type":"ListItem","position":2,"name":"KUD &#8220;\u0160arenica&#8221; Prijedor: Odr\u017eana manifestacija &#8220;Sa\u010duvajmo na\u0161u tradiciju&#8221; &#8211; FOTO\/VIDEO"}]},{"@type":"WebSite","@id":"https:\/\/www.prijedordanas.com\/#website","url":"https:\/\/www.prijedordanas.com\/","name":"PrijedorDanas.com - Prijedorski gradski portal","description":"Portal o doga\u0111anjima u gradu Prijedoru","publisher":{"@id":"https:\/\/www.prijedordanas.com\/#organization"},"potentialAction":[{"@type":"SearchAction","target":{"@type":"EntryPoint","urlTemplate":"https:\/\/www.prijedordanas.com\/?s={search_term_string}"},"query-input":"required name=search_term_string"}],"inLanguage":"en-US"},{"@type":"Organization","@id":"https:\/\/www.prijedordanas.com\/#organization","name":"PrijedorDanas.com","url":"https:\/\/www.prijedordanas.com\/","logo":{"@type":"ImageObject","inLanguage":"en-US","@id":"https:\/\/www.prijedordanas.com\/#\/schema\/logo\/image\/","url":"http:\/\/www.prijedordanas.com\/wp-content\/uploads\/2021\/12\/logopng.png","contentUrl":"http:\/\/www.prijedordanas.com\/wp-content\/uploads\/2021\/12\/logopng.png","width":1019,"height":776,"caption":"PrijedorDanas.com"},"image":{"@id":"https:\/\/www.prijedordanas.com\/#\/schema\/logo\/image\/"},"sameAs":["https:\/\/www.facebook.com\/PrijedorDanasCom\/"]},{"@type":"Person","@id":"https:\/\/www.prijedordanas.com\/#\/schema\/person\/4e08ccf29b506ca916ff86d46bb700e6","name":"admin","image":{"@type":"ImageObject","inLanguage":"en-US","@id":"https:\/\/www.prijedordanas.com\/#\/schema\/person\/image\/","url":"https:\/\/secure.gravatar.com\/avatar\/1d3fc949d550f0b53a5f0d51e06dfd79?s=96&d=mm&r=g","contentUrl":"https:\/\/secure.gravatar.com\/avatar\/1d3fc949d550f0b53a5f0d51e06dfd79?s=96&d=mm&r=g","caption":"admin"},"url":"https:\/\/www.prijedordanas.com\/?author=1"}]}},"_links":{"self":[{"href":"https:\/\/www.prijedordanas.com\/index.php?rest_route=\/wp\/v2\/posts\/230604"}],"collection":[{"href":"https:\/\/www.prijedordanas.com\/index.php?rest_route=\/wp\/v2\/posts"}],"about":[{"href":"https:\/\/www.prijedordanas.com\/index.php?rest_route=\/wp\/v2\/types\/post"}],"author":[{"embeddable":true,"href":"https:\/\/www.prijedordanas.com\/index.php?rest_route=\/wp\/v2\/users\/1"}],"replies":[{"embeddable":true,"href":"https:\/\/www.prijedordanas.com\/index.php?rest_route=%2Fwp%2Fv2%2Fcomments&post=230604"}],"version-history":[{"count":1,"href":"https:\/\/www.prijedordanas.com\/index.php?rest_route=\/wp\/v2\/posts\/230604\/revisions"}],"predecessor-version":[{"id":230611,"href":"https:\/\/www.prijedordanas.com\/index.php?rest_route=\/wp\/v2\/posts\/230604\/revisions\/230611"}],"wp:attachment":[{"href":"https:\/\/www.prijedordanas.com\/index.php?rest_route=%2Fwp%2Fv2%2Fmedia&parent=230604"}],"wp:term":[{"taxonomy":"category","embeddable":true,"href":"https:\/\/www.prijedordanas.com\/index.php?rest_route=%2Fwp%2Fv2%2Fcategories&post=230604"},{"taxonomy":"post_tag","embeddable":true,"href":"https:\/\/www.prijedordanas.com\/index.php?rest_route=%2Fwp%2Fv2%2Ftags&post=230604"}],"curies":[{"name":"wp","href":"https:\/\/api.w.org\/{rel}","templated":true}]}}