{"id":230586,"date":"2024-07-24T13:25:15","date_gmt":"2024-07-24T11:25:15","guid":{"rendered":"https:\/\/www.prijedordanas.com\/?p=230586"},"modified":"2024-07-24T13:25:15","modified_gmt":"2024-07-24T11:25:15","slug":"sjajan-vikend-za-prijedorske-bicikliste-sinisa-lukic-deseti-put-sampion-bih-osvojeno-sest-medalja-foto","status":"publish","type":"post","link":"https:\/\/www.prijedordanas.com\/?p=230586","title":{"rendered":"Sjajan vikend za prijedorske bicikliste: Sini\u0161a Luki\u0107 deseti put \u0161ampion BiH, osvojeno \u0161est medalja &#8211; FOTO"},"content":{"rendered":"<p><a href=\"https:\/\/www.prijedordanas.com\/wp-content\/uploads\/2024\/07\/bk-kozara-20-21juli-nove-medalje-1.jpg\"><img loading=\"lazy\" decoding=\"async\" class=\"alignleft size-medium wp-image-230587\" src=\"https:\/\/www.prijedordanas.com\/wp-content\/uploads\/2024\/07\/bk-kozara-20-21juli-nove-medalje-1-300x300.jpg\" alt=\"\" width=\"300\" height=\"300\" srcset=\"https:\/\/www.prijedordanas.com\/wp-content\/uploads\/2024\/07\/bk-kozara-20-21juli-nove-medalje-1-300x300.jpg 300w, https:\/\/www.prijedordanas.com\/wp-content\/uploads\/2024\/07\/bk-kozara-20-21juli-nove-medalje-1-150x150.jpg 150w, https:\/\/www.prijedordanas.com\/wp-content\/uploads\/2024\/07\/bk-kozara-20-21juli-nove-medalje-1-50x50.jpg 50w, https:\/\/www.prijedordanas.com\/wp-content\/uploads\/2024\/07\/bk-kozara-20-21juli-nove-medalje-1.jpg 600w\" sizes=\"(max-width: 300px) 100vw, 300px\" \/><\/a>Kao \u0161to smo ranije i najavili, protekli vikend bio je u znaku dr\u017eavnog prvenstva, odnosno najbitnijeg dijela sezone za BK &#8220;Kozara&#8221; kada su u pitanju takmi\u010denja.<\/p>\n<p>U subotu, senior Luki\u0107 okitio se jo\u0161 jednim srebrom te postao viceprvak BiH u XCC odnosno Short track disciplini.<\/p>\n<p>Pored medalje, ova trka na\u0161em Sini\u0161i donijela je i nove bodove koji \u0107e rezultovati pomakom na UCI svjetskoj rang listi!<\/p>\n<p>Dan poslije, u mjestu Sovjak, Luki\u0107 je po deseti put upisao pored svog imena epitet Dr\u017eavnog prvaka. Deset godina uzastopno, ovaj momak je na vrhu postolja kada je u pitanju trka Dr\u017eavnog prevenstva. Bravo Sina!<\/p>\n<p>Luka Bilbija, na\u0161 najmla\u0111i \u010dlan, na svojoj prvoj trci, osvojio je najsjajniju, zlatnu medalju. \u010cestitke Luka!<\/p>\n<p><a href=\"https:\/\/www.prijedordanas.com\/wp-content\/uploads\/2024\/07\/bk-kozara-20-21juli-nove-medalje-2.jpg\"><img loading=\"lazy\" decoding=\"async\" src=\"https:\/\/www.prijedordanas.com\/wp-content\/uploads\/2024\/07\/bk-kozara-20-21juli-nove-medalje-2-300x300.jpg\" alt=\"\" width=\"300\" height=\"300\" class=\"alignleft size-medium wp-image-230588\" srcset=\"https:\/\/www.prijedordanas.com\/wp-content\/uploads\/2024\/07\/bk-kozara-20-21juli-nove-medalje-2-300x300.jpg 300w, https:\/\/www.prijedordanas.com\/wp-content\/uploads\/2024\/07\/bk-kozara-20-21juli-nove-medalje-2-150x150.jpg 150w, https:\/\/www.prijedordanas.com\/wp-content\/uploads\/2024\/07\/bk-kozara-20-21juli-nove-medalje-2-50x50.jpg 50w, https:\/\/www.prijedordanas.com\/wp-content\/uploads\/2024\/07\/bk-kozara-20-21juli-nove-medalje-2.jpg 600w\" sizes=\"(max-width: 300px) 100vw, 300px\" \/><\/a>An\u0111elo Vlasenko, uprkos &#8220;gubljenju&#8221; bidona na stazi, kada je te\u010dnost bila najpotrebnija, dobrom vo\u017enjom, sa dosta iskusnijim konkurentima, do\u0161ao je do dobrog \u010detvrtog mjesta. Bravo An\u0111elo!<\/p>\n<p>Filip Tubin, na\u0161 sjajni kadet, odli\u010dnom vo\u017enjom do\u0161ao je do druge pozicije i tako postao viceprvak BiH u kadetskoj konkurenciji. Bravo Fipa!<\/p>\n<p>Iskusni master Nikola Stojni\u0107, u napornoj borbi, do\u0161ao je do druge pozicije, te donio jo\u0161 jedan naslov viceprvaka u klub. Bravo Nikola!<\/p>\n<p>Ivan Dobri\u0107, upravo sada kre\u0107e da &#8220;napla\u0107uje&#8221; svoj vrijedan rad medaljama. Ovoga puta Ivan je trku zavr\u0161io na sjajnoj tre\u0107oj poziciji! Bravo Ivane!<\/p>\n<p>BK &#8220;Kozara&#8221; Prijedor<\/p>\n<p><a href=\"https:\/\/www.prijedordanas.com\/wp-content\/uploads\/2024\/07\/bk-kozara-20-21juli-nove-medalje-4.jpg\"><img loading=\"lazy\" decoding=\"async\" src=\"https:\/\/www.prijedordanas.com\/wp-content\/uploads\/2024\/07\/bk-kozara-20-21juli-nove-medalje-4-300x300.jpg\" alt=\"\" width=\"300\" height=\"300\" class=\"alignleft size-medium wp-image-230589\" srcset=\"https:\/\/www.prijedordanas.com\/wp-content\/uploads\/2024\/07\/bk-kozara-20-21juli-nove-medalje-4-300x300.jpg 300w, https:\/\/www.prijedordanas.com\/wp-content\/uploads\/2024\/07\/bk-kozara-20-21juli-nove-medalje-4-150x150.jpg 150w, https:\/\/www.prijedordanas.com\/wp-content\/uploads\/2024\/07\/bk-kozara-20-21juli-nove-medalje-4-50x50.jpg 50w, https:\/\/www.prijedordanas.com\/wp-content\/uploads\/2024\/07\/bk-kozara-20-21juli-nove-medalje-4.jpg 600w\" sizes=\"(max-width: 300px) 100vw, 300px\" \/><\/a> <a href=\"https:\/\/www.prijedordanas.com\/wp-content\/uploads\/2024\/07\/bk-kozara-20-21juli-nove-medalje-3.jpg\"><img loading=\"lazy\" decoding=\"async\" src=\"https:\/\/www.prijedordanas.com\/wp-content\/uploads\/2024\/07\/bk-kozara-20-21juli-nove-medalje-3-300x300.jpg\" alt=\"\" width=\"300\" height=\"300\" class=\"alignleft size-medium wp-image-230590\" srcset=\"https:\/\/www.prijedordanas.com\/wp-content\/uploads\/2024\/07\/bk-kozara-20-21juli-nove-medalje-3-300x300.jpg 300w, https:\/\/www.prijedordanas.com\/wp-content\/uploads\/2024\/07\/bk-kozara-20-21juli-nove-medalje-3-150x150.jpg 150w, https:\/\/www.prijedordanas.com\/wp-content\/uploads\/2024\/07\/bk-kozara-20-21juli-nove-medalje-3-50x50.jpg 50w, https:\/\/www.prijedordanas.com\/wp-content\/uploads\/2024\/07\/bk-kozara-20-21juli-nove-medalje-3.jpg 600w\" sizes=\"(max-width: 300px) 100vw, 300px\" \/><\/a> <a href=\"https:\/\/www.prijedordanas.com\/wp-content\/uploads\/2024\/07\/bk-kozara-20-21juli-nove-medalje-5.jpg\"><img loading=\"lazy\" decoding=\"async\" src=\"https:\/\/www.prijedordanas.com\/wp-content\/uploads\/2024\/07\/bk-kozara-20-21juli-nove-medalje-5-300x300.jpg\" alt=\"\" width=\"300\" height=\"300\" class=\"alignleft size-medium wp-image-230591\" srcset=\"https:\/\/www.prijedordanas.com\/wp-content\/uploads\/2024\/07\/bk-kozara-20-21juli-nove-medalje-5-300x300.jpg 300w, https:\/\/www.prijedordanas.com\/wp-content\/uploads\/2024\/07\/bk-kozara-20-21juli-nove-medalje-5-150x150.jpg 150w, https:\/\/www.prijedordanas.com\/wp-content\/uploads\/2024\/07\/bk-kozara-20-21juli-nove-medalje-5-50x50.jpg 50w, https:\/\/www.prijedordanas.com\/wp-content\/uploads\/2024\/07\/bk-kozara-20-21juli-nove-medalje-5.jpg 600w\" sizes=\"(max-width: 300px) 100vw, 300px\" \/><\/a> <a href=\"https:\/\/www.prijedordanas.com\/wp-content\/uploads\/2024\/07\/bk-kozara-20-21juli-nove-medalje-6.jpg\"><img loading=\"lazy\" decoding=\"async\" src=\"https:\/\/www.prijedordanas.com\/wp-content\/uploads\/2024\/07\/bk-kozara-20-21juli-nove-medalje-6-300x300.jpg\" alt=\"\" width=\"300\" height=\"300\" class=\"alignleft size-medium wp-image-230592\" srcset=\"https:\/\/www.prijedordanas.com\/wp-content\/uploads\/2024\/07\/bk-kozara-20-21juli-nove-medalje-6-300x300.jpg 300w, https:\/\/www.prijedordanas.com\/wp-content\/uploads\/2024\/07\/bk-kozara-20-21juli-nove-medalje-6-150x150.jpg 150w, https:\/\/www.prijedordanas.com\/wp-content\/uploads\/2024\/07\/bk-kozara-20-21juli-nove-medalje-6-50x50.jpg 50w, https:\/\/www.prijedordanas.com\/wp-content\/uploads\/2024\/07\/bk-kozara-20-21juli-nove-medalje-6.jpg 600w\" sizes=\"(max-width: 300px) 100vw, 300px\" \/><\/a> <a href=\"https:\/\/www.prijedordanas.com\/wp-content\/uploads\/2024\/07\/bk-kozara-20-21juli-nove-medalje-7.jpg\"><img loading=\"lazy\" decoding=\"async\" src=\"https:\/\/www.prijedordanas.com\/wp-content\/uploads\/2024\/07\/bk-kozara-20-21juli-nove-medalje-7-300x300.jpg\" alt=\"\" width=\"300\" height=\"300\" class=\"alignleft size-medium wp-image-230593\" srcset=\"https:\/\/www.prijedordanas.com\/wp-content\/uploads\/2024\/07\/bk-kozara-20-21juli-nove-medalje-7-300x300.jpg 300w, https:\/\/www.prijedordanas.com\/wp-content\/uploads\/2024\/07\/bk-kozara-20-21juli-nove-medalje-7-150x150.jpg 150w, https:\/\/www.prijedordanas.com\/wp-content\/uploads\/2024\/07\/bk-kozara-20-21juli-nove-medalje-7-50x50.jpg 50w, https:\/\/www.prijedordanas.com\/wp-content\/uploads\/2024\/07\/bk-kozara-20-21juli-nove-medalje-7.jpg 600w\" sizes=\"(max-width: 300px) 100vw, 300px\" \/><\/a> <a href=\"https:\/\/www.prijedordanas.com\/wp-content\/uploads\/2024\/07\/bk-kozara-20-21juli-nove-medalje-8.jpg\"><img loading=\"lazy\" decoding=\"async\" src=\"https:\/\/www.prijedordanas.com\/wp-content\/uploads\/2024\/07\/bk-kozara-20-21juli-nove-medalje-8-300x300.jpg\" alt=\"\" width=\"300\" height=\"300\" class=\"alignleft size-medium wp-image-230594\" srcset=\"https:\/\/www.prijedordanas.com\/wp-content\/uploads\/2024\/07\/bk-kozara-20-21juli-nove-medalje-8-300x300.jpg 300w, https:\/\/www.prijedordanas.com\/wp-content\/uploads\/2024\/07\/bk-kozara-20-21juli-nove-medalje-8-150x150.jpg 150w, https:\/\/www.prijedordanas.com\/wp-content\/uploads\/2024\/07\/bk-kozara-20-21juli-nove-medalje-8-50x50.jpg 50w, https:\/\/www.prijedordanas.com\/wp-content\/uploads\/2024\/07\/bk-kozara-20-21juli-nove-medalje-8.jpg 500w\" sizes=\"(max-width: 300px) 100vw, 300px\" \/><\/a><\/p>\n","protected":false},"excerpt":{"rendered":"<p>Kao \u0161to smo ranije i najavili, protekli vikend bio je u znaku dr\u017eavnog prvenstva, odnosno najbitnijeg dijela sezone za BK &#8220;Kozara&#8221; kada su u pitanju takmi\u010denja. U subotu, senior Luki\u0107 [&hellip;]<\/p>\n","protected":false},"author":1,"featured_media":0,"comment_status":"closed","ping_status":"open","sticky":false,"template":"","format":"standard","meta":{"_monsterinsights_skip_tracking":false,"_monsterinsights_sitenote_active":false,"_monsterinsights_sitenote_note":"","_monsterinsights_sitenote_category":0,"footnotes":""},"categories":[7],"tags":[],"yoast_head":"<!-- This site is optimized with the Yoast SEO plugin v21.6 - https:\/\/yoast.com\/wordpress\/plugins\/seo\/ -->\n<title>Sjajan vikend za prijedorske bicikliste: Sini\u0161a Luki\u0107 deseti put \u0161ampion BiH, osvojeno \u0161est medalja - FOTO - PrijedorDanas.com - Prijedorski gradski portal<\/title>\n<meta name=\"robots\" content=\"index, follow, max-snippet:-1, max-image-preview:large, max-video-preview:-1\" \/>\n<link rel=\"canonical\" href=\"https:\/\/www.prijedordanas.com\/?p=230586\" \/>\n<meta property=\"og:locale\" content=\"en_US\" \/>\n<meta property=\"og:type\" content=\"article\" \/>\n<meta property=\"og:title\" content=\"Sjajan vikend za prijedorske bicikliste: Sini\u0161a Luki\u0107 deseti put \u0161ampion BiH, osvojeno \u0161est medalja - FOTO - PrijedorDanas.com - Prijedorski gradski portal\" \/>\n<meta property=\"og:description\" content=\"Kao \u0161to smo ranije i najavili, protekli vikend bio je u znaku dr\u017eavnog prvenstva, odnosno najbitnijeg dijela sezone za BK &#8220;Kozara&#8221; kada su u pitanju takmi\u010denja. U subotu, senior Luki\u0107 [&hellip;]\" \/>\n<meta property=\"og:url\" content=\"https:\/\/www.prijedordanas.com\/?p=230586\" \/>\n<meta property=\"og:site_name\" content=\"PrijedorDanas.com - Prijedorski gradski portal\" \/>\n<meta property=\"article:publisher\" content=\"https:\/\/www.facebook.com\/PrijedorDanasCom\/\" \/>\n<meta property=\"article:published_time\" content=\"2024-07-24T11:25:15+00:00\" \/>\n<meta property=\"og:image\" content=\"https:\/\/www.prijedordanas.com\/wp-content\/uploads\/2024\/07\/bk-kozara-20-21juli-nove-medalje-1-300x300.jpg\" \/>\n<meta name=\"author\" content=\"admin\" \/>\n<meta name=\"twitter:card\" content=\"summary_large_image\" \/>\n<meta name=\"twitter:label1\" content=\"Written by\" \/>\n\t<meta name=\"twitter:data1\" content=\"admin\" \/>\n\t<meta name=\"twitter:label2\" content=\"Est. reading time\" \/>\n\t<meta name=\"twitter:data2\" content=\"2 minutes\" \/>\n<script type=\"application\/ld+json\" class=\"yoast-schema-graph\">{\"@context\":\"https:\/\/schema.org\",\"@graph\":[{\"@type\":\"Article\",\"@id\":\"https:\/\/www.prijedordanas.com\/?p=230586#article\",\"isPartOf\":{\"@id\":\"https:\/\/www.prijedordanas.com\/?p=230586\"},\"author\":{\"name\":\"admin\",\"@id\":\"https:\/\/www.prijedordanas.com\/#\/schema\/person\/4e08ccf29b506ca916ff86d46bb700e6\"},\"headline\":\"Sjajan vikend za prijedorske bicikliste: Sini\u0161a Luki\u0107 deseti put \u0161ampion BiH, osvojeno \u0161est medalja &#8211; FOTO\",\"datePublished\":\"2024-07-24T11:25:15+00:00\",\"dateModified\":\"2024-07-24T11:25:15+00:00\",\"mainEntityOfPage\":{\"@id\":\"https:\/\/www.prijedordanas.com\/?p=230586\"},\"wordCount\":249,\"publisher\":{\"@id\":\"https:\/\/www.prijedordanas.com\/#organization\"},\"articleSection\":[\"Sport\"],\"inLanguage\":\"en-US\"},{\"@type\":\"WebPage\",\"@id\":\"https:\/\/www.prijedordanas.com\/?p=230586\",\"url\":\"https:\/\/www.prijedordanas.com\/?p=230586\",\"name\":\"Sjajan vikend za prijedorske bicikliste: Sini\u0161a Luki\u0107 deseti put \u0161ampion BiH, osvojeno \u0161est medalja - FOTO - PrijedorDanas.com - Prijedorski gradski portal\",\"isPartOf\":{\"@id\":\"https:\/\/www.prijedordanas.com\/#website\"},\"datePublished\":\"2024-07-24T11:25:15+00:00\",\"dateModified\":\"2024-07-24T11:25:15+00:00\",\"breadcrumb\":{\"@id\":\"https:\/\/www.prijedordanas.com\/?p=230586#breadcrumb\"},\"inLanguage\":\"en-US\",\"potentialAction\":[{\"@type\":\"ReadAction\",\"target\":[\"https:\/\/www.prijedordanas.com\/?p=230586\"]}]},{\"@type\":\"BreadcrumbList\",\"@id\":\"https:\/\/www.prijedordanas.com\/?p=230586#breadcrumb\",\"itemListElement\":[{\"@type\":\"ListItem\",\"position\":1,\"name\":\"Home\",\"item\":\"https:\/\/www.prijedordanas.com\/\"},{\"@type\":\"ListItem\",\"position\":2,\"name\":\"Sjajan vikend za prijedorske bicikliste: Sini\u0161a Luki\u0107 deseti put \u0161ampion BiH, osvojeno \u0161est medalja &#8211; FOTO\"}]},{\"@type\":\"WebSite\",\"@id\":\"https:\/\/www.prijedordanas.com\/#website\",\"url\":\"https:\/\/www.prijedordanas.com\/\",\"name\":\"PrijedorDanas.com - Prijedorski gradski portal\",\"description\":\"Portal o doga\u0111anjima u gradu Prijedoru\",\"publisher\":{\"@id\":\"https:\/\/www.prijedordanas.com\/#organization\"},\"potentialAction\":[{\"@type\":\"SearchAction\",\"target\":{\"@type\":\"EntryPoint\",\"urlTemplate\":\"https:\/\/www.prijedordanas.com\/?s={search_term_string}\"},\"query-input\":\"required name=search_term_string\"}],\"inLanguage\":\"en-US\"},{\"@type\":\"Organization\",\"@id\":\"https:\/\/www.prijedordanas.com\/#organization\",\"name\":\"PrijedorDanas.com\",\"url\":\"https:\/\/www.prijedordanas.com\/\",\"logo\":{\"@type\":\"ImageObject\",\"inLanguage\":\"en-US\",\"@id\":\"https:\/\/www.prijedordanas.com\/#\/schema\/logo\/image\/\",\"url\":\"http:\/\/www.prijedordanas.com\/wp-content\/uploads\/2021\/12\/logopng.png\",\"contentUrl\":\"http:\/\/www.prijedordanas.com\/wp-content\/uploads\/2021\/12\/logopng.png\",\"width\":1019,\"height\":776,\"caption\":\"PrijedorDanas.com\"},\"image\":{\"@id\":\"https:\/\/www.prijedordanas.com\/#\/schema\/logo\/image\/\"},\"sameAs\":[\"https:\/\/www.facebook.com\/PrijedorDanasCom\/\"]},{\"@type\":\"Person\",\"@id\":\"https:\/\/www.prijedordanas.com\/#\/schema\/person\/4e08ccf29b506ca916ff86d46bb700e6\",\"name\":\"admin\",\"image\":{\"@type\":\"ImageObject\",\"inLanguage\":\"en-US\",\"@id\":\"https:\/\/www.prijedordanas.com\/#\/schema\/person\/image\/\",\"url\":\"https:\/\/secure.gravatar.com\/avatar\/1d3fc949d550f0b53a5f0d51e06dfd79?s=96&d=mm&r=g\",\"contentUrl\":\"https:\/\/secure.gravatar.com\/avatar\/1d3fc949d550f0b53a5f0d51e06dfd79?s=96&d=mm&r=g\",\"caption\":\"admin\"},\"url\":\"https:\/\/www.prijedordanas.com\/?author=1\"}]}<\/script>\n<!-- \/ Yoast SEO plugin. -->","yoast_head_json":{"title":"Sjajan vikend za prijedorske bicikliste: Sini\u0161a Luki\u0107 deseti put \u0161ampion BiH, osvojeno \u0161est medalja - FOTO - PrijedorDanas.com - Prijedorski gradski portal","robots":{"index":"index","follow":"follow","max-snippet":"max-snippet:-1","max-image-preview":"max-image-preview:large","max-video-preview":"max-video-preview:-1"},"canonical":"https:\/\/www.prijedordanas.com\/?p=230586","og_locale":"en_US","og_type":"article","og_title":"Sjajan vikend za prijedorske bicikliste: Sini\u0161a Luki\u0107 deseti put \u0161ampion BiH, osvojeno \u0161est medalja - FOTO - PrijedorDanas.com - Prijedorski gradski portal","og_description":"Kao \u0161to smo ranije i najavili, protekli vikend bio je u znaku dr\u017eavnog prvenstva, odnosno najbitnijeg dijela sezone za BK &#8220;Kozara&#8221; kada su u pitanju takmi\u010denja. U subotu, senior Luki\u0107 [&hellip;]","og_url":"https:\/\/www.prijedordanas.com\/?p=230586","og_site_name":"PrijedorDanas.com - Prijedorski gradski portal","article_publisher":"https:\/\/www.facebook.com\/PrijedorDanasCom\/","article_published_time":"2024-07-24T11:25:15+00:00","og_image":[{"url":"https:\/\/www.prijedordanas.com\/wp-content\/uploads\/2024\/07\/bk-kozara-20-21juli-nove-medalje-1-300x300.jpg"}],"author":"admin","twitter_card":"summary_large_image","twitter_misc":{"Written by":"admin","Est. reading time":"2 minutes"},"schema":{"@context":"https:\/\/schema.org","@graph":[{"@type":"Article","@id":"https:\/\/www.prijedordanas.com\/?p=230586#article","isPartOf":{"@id":"https:\/\/www.prijedordanas.com\/?p=230586"},"author":{"name":"admin","@id":"https:\/\/www.prijedordanas.com\/#\/schema\/person\/4e08ccf29b506ca916ff86d46bb700e6"},"headline":"Sjajan vikend za prijedorske bicikliste: Sini\u0161a Luki\u0107 deseti put \u0161ampion BiH, osvojeno \u0161est medalja &#8211; FOTO","datePublished":"2024-07-24T11:25:15+00:00","dateModified":"2024-07-24T11:25:15+00:00","mainEntityOfPage":{"@id":"https:\/\/www.prijedordanas.com\/?p=230586"},"wordCount":249,"publisher":{"@id":"https:\/\/www.prijedordanas.com\/#organization"},"articleSection":["Sport"],"inLanguage":"en-US"},{"@type":"WebPage","@id":"https:\/\/www.prijedordanas.com\/?p=230586","url":"https:\/\/www.prijedordanas.com\/?p=230586","name":"Sjajan vikend za prijedorske bicikliste: Sini\u0161a Luki\u0107 deseti put \u0161ampion BiH, osvojeno \u0161est medalja - FOTO - PrijedorDanas.com - Prijedorski gradski portal","isPartOf":{"@id":"https:\/\/www.prijedordanas.com\/#website"},"datePublished":"2024-07-24T11:25:15+00:00","dateModified":"2024-07-24T11:25:15+00:00","breadcrumb":{"@id":"https:\/\/www.prijedordanas.com\/?p=230586#breadcrumb"},"inLanguage":"en-US","potentialAction":[{"@type":"ReadAction","target":["https:\/\/www.prijedordanas.com\/?p=230586"]}]},{"@type":"BreadcrumbList","@id":"https:\/\/www.prijedordanas.com\/?p=230586#breadcrumb","itemListElement":[{"@type":"ListItem","position":1,"name":"Home","item":"https:\/\/www.prijedordanas.com\/"},{"@type":"ListItem","position":2,"name":"Sjajan vikend za prijedorske bicikliste: Sini\u0161a Luki\u0107 deseti put \u0161ampion BiH, osvojeno \u0161est medalja &#8211; FOTO"}]},{"@type":"WebSite","@id":"https:\/\/www.prijedordanas.com\/#website","url":"https:\/\/www.prijedordanas.com\/","name":"PrijedorDanas.com - Prijedorski gradski portal","description":"Portal o doga\u0111anjima u gradu Prijedoru","publisher":{"@id":"https:\/\/www.prijedordanas.com\/#organization"},"potentialAction":[{"@type":"SearchAction","target":{"@type":"EntryPoint","urlTemplate":"https:\/\/www.prijedordanas.com\/?s={search_term_string}"},"query-input":"required name=search_term_string"}],"inLanguage":"en-US"},{"@type":"Organization","@id":"https:\/\/www.prijedordanas.com\/#organization","name":"PrijedorDanas.com","url":"https:\/\/www.prijedordanas.com\/","logo":{"@type":"ImageObject","inLanguage":"en-US","@id":"https:\/\/www.prijedordanas.com\/#\/schema\/logo\/image\/","url":"http:\/\/www.prijedordanas.com\/wp-content\/uploads\/2021\/12\/logopng.png","contentUrl":"http:\/\/www.prijedordanas.com\/wp-content\/uploads\/2021\/12\/logopng.png","width":1019,"height":776,"caption":"PrijedorDanas.com"},"image":{"@id":"https:\/\/www.prijedordanas.com\/#\/schema\/logo\/image\/"},"sameAs":["https:\/\/www.facebook.com\/PrijedorDanasCom\/"]},{"@type":"Person","@id":"https:\/\/www.prijedordanas.com\/#\/schema\/person\/4e08ccf29b506ca916ff86d46bb700e6","name":"admin","image":{"@type":"ImageObject","inLanguage":"en-US","@id":"https:\/\/www.prijedordanas.com\/#\/schema\/person\/image\/","url":"https:\/\/secure.gravatar.com\/avatar\/1d3fc949d550f0b53a5f0d51e06dfd79?s=96&d=mm&r=g","contentUrl":"https:\/\/secure.gravatar.com\/avatar\/1d3fc949d550f0b53a5f0d51e06dfd79?s=96&d=mm&r=g","caption":"admin"},"url":"https:\/\/www.prijedordanas.com\/?author=1"}]}},"_links":{"self":[{"href":"https:\/\/www.prijedordanas.com\/index.php?rest_route=\/wp\/v2\/posts\/230586"}],"collection":[{"href":"https:\/\/www.prijedordanas.com\/index.php?rest_route=\/wp\/v2\/posts"}],"about":[{"href":"https:\/\/www.prijedordanas.com\/index.php?rest_route=\/wp\/v2\/types\/post"}],"author":[{"embeddable":true,"href":"https:\/\/www.prijedordanas.com\/index.php?rest_route=\/wp\/v2\/users\/1"}],"replies":[{"embeddable":true,"href":"https:\/\/www.prijedordanas.com\/index.php?rest_route=%2Fwp%2Fv2%2Fcomments&post=230586"}],"version-history":[{"count":1,"href":"https:\/\/www.prijedordanas.com\/index.php?rest_route=\/wp\/v2\/posts\/230586\/revisions"}],"predecessor-version":[{"id":230595,"href":"https:\/\/www.prijedordanas.com\/index.php?rest_route=\/wp\/v2\/posts\/230586\/revisions\/230595"}],"wp:attachment":[{"href":"https:\/\/www.prijedordanas.com\/index.php?rest_route=%2Fwp%2Fv2%2Fmedia&parent=230586"}],"wp:term":[{"taxonomy":"category","embeddable":true,"href":"https:\/\/www.prijedordanas.com\/index.php?rest_route=%2Fwp%2Fv2%2Fcategories&post=230586"},{"taxonomy":"post_tag","embeddable":true,"href":"https:\/\/www.prijedordanas.com\/index.php?rest_route=%2Fwp%2Fv2%2Ftags&post=230586"}],"curies":[{"name":"wp","href":"https:\/\/api.w.org\/{rel}","templated":true}]}}