{"id":230583,"date":"2024-07-24T12:28:10","date_gmt":"2024-07-24T10:28:10","guid":{"rendered":"https:\/\/www.prijedordanas.com\/?p=230583"},"modified":"2024-07-24T12:28:10","modified_gmt":"2024-07-24T10:28:10","slug":"prijedor-veceras-pocinje-sa-fest","status":"publish","type":"post","link":"https:\/\/www.prijedordanas.com\/?p=230583","title":{"rendered":"Prijedor: Ve\u010deras po\u010dinje &#8220;\u0160A Fest&#8221;"},"content":{"rendered":"<p><a href=\"https:\/\/www.prijedordanas.com\/wp-content\/uploads\/2024\/07\/sa-fest-2024-najava-pocetak.jpg\"><img loading=\"lazy\" decoding=\"async\" class=\"alignleft size-medium wp-image-230581\" src=\"https:\/\/www.prijedordanas.com\/wp-content\/uploads\/2024\/07\/sa-fest-2024-najava-pocetak-300x225.jpg\" alt=\"\" width=\"300\" height=\"225\" srcset=\"https:\/\/www.prijedordanas.com\/wp-content\/uploads\/2024\/07\/sa-fest-2024-najava-pocetak-300x225.jpg 300w, https:\/\/www.prijedordanas.com\/wp-content\/uploads\/2024\/07\/sa-fest-2024-najava-pocetak-640x480.jpg 640w, https:\/\/www.prijedordanas.com\/wp-content\/uploads\/2024\/07\/sa-fest-2024-najava-pocetak.jpg 667w\" sizes=\"(max-width: 300px) 100vw, 300px\" \/><\/a>Izlo\u017ebom &#8220;Jugo-logo&#8221; u Galeriji &#8220;Sreten Stojanovi\u0107&#8221; ve\u010deras \u0107e biti zvani\u010dno otvoreno peto izdanje &#8220;\u0160A Festa&#8221;.<\/p>\n<p>Rije\u010d je o memorijalnom festivalu posve\u0107enom prerano preminulom Prijedor\u010daninu Daliboru Popovi\u0107u Mik\u0161i, likovnom umjetniku i muzi\u010daru.<\/p>\n<p>Predsjednik Udru\u017eenja \u0160A Fest Goran Krivi\u0107 je na dana\u0161njoj konferenciji za medije istakao da je sve spremno za po\u010detak festivala koji ve\u010deras nakon zvani\u010dnog otvaranja kre\u0107e sa najavljenim programom.<\/p>\n<p>&#8220;Festival po\u010dinje od 19 \u010dasova kada \u0107e biti otvorena izlo\u017eba na temu grafi\u010dkog dizajna biv\u0161e Jugoslavije pod nazivom `Jugo-logo`, a ujedno je tu izlo\u017eba plakata na temu nasilja na internetu rad studenata Akademije umjetnosti Univerziteta u Banja Luci u saradnji sa Univerzitetom umetnosti iz Novog Sada&#8221;, rekao je Krivi\u0107 novinarima.<\/p>\n<p>On je dodao da nakon toga kre\u0107e program ovogodi\u0161njeg \u0160A Festa i to sa haos animatorima, a n akon toga nastupom stendap komi\u010dara Ne\u0161e Brid\u017eisa i Ramba Amadeusa pa pozornici u antistres zoni u Starom gradu.<\/p>\n<p>Na\u010delnik Odjeljenja za kulturu, me\u0111unarodnu saradnju, sport i NVO Aleksandar Milje\u0161i\u0107 je obra\u0107aju\u0107i se medijima istakao da i ove godine vlada veliko interesovanje za \u0160A Fest.<\/p>\n<p><a href=\"https:\/\/www.prijedordanas.com\/wp-content\/uploads\/2024\/07\/sa-fest-2024-veliki-plakat.jpg\"><img loading=\"lazy\" decoding=\"async\" class=\"alignleft size-medium wp-image-229878\" src=\"https:\/\/www.prijedordanas.com\/wp-content\/uploads\/2024\/07\/sa-fest-2024-veliki-plakat-300x300.jpg\" alt=\"\" width=\"300\" height=\"300\" srcset=\"https:\/\/www.prijedordanas.com\/wp-content\/uploads\/2024\/07\/sa-fest-2024-veliki-plakat-300x300.jpg 300w, https:\/\/www.prijedordanas.com\/wp-content\/uploads\/2024\/07\/sa-fest-2024-veliki-plakat-150x150.jpg 150w, https:\/\/www.prijedordanas.com\/wp-content\/uploads\/2024\/07\/sa-fest-2024-veliki-plakat-50x50.jpg 50w, https:\/\/www.prijedordanas.com\/wp-content\/uploads\/2024\/07\/sa-fest-2024-veliki-plakat.jpg 600w\" sizes=\"(max-width: 300px) 100vw, 300px\" \/><\/a>&#8220;Ovaj festival je definitivno brend grada Prijedora i ne\u0161to \u0161to obilje\u017eava festivalski dio muzi\u010dke scene u na\u0161em gradu i mi smo ponosni na to.Uvijek je sjajna saradnja sa ljudima iz \u0160A Festa i grad Prijedor je i ove godine odlu\u010dio da podr\u017ei ovaj festival, kao \u0161to \u0107e to \u010diniti i ubudu\u0107e&#8221;, rekao je Milje\u0161i\u0107.<\/p>\n<p>On je pozvao sugra\u0111ane, ali i ljude iz okru\u017eenja da do\u0111u u Prijedor i po\u017eelio im dobrodo\u0161licu na jo\u0161 jedan nezaboravni \u0160A Fest koji nudi bogat i raznovrstan program.<\/p>\n<p>Generalni sponzor je &#8220;Jelen pivo&#8221; \u010diji je predstavnik Goran Mi\u0161i\u0107 istakao da je za ovu kompaniju veliko zadovoljstvo podr\u017eati ovakav doga\u0111aj koji je izrastao u jedan od najzna\u010dajnijih doga\u0111aja u cijeloj zemlji.<\/p>\n<p>&#8220;On je vi\u0161e od obi\u010dnog muzi\u010dkog festivala i sigurno je jedan od simbola grada Prijedora i mi smo prepoznali zna\u010daj ovog festivala i divno nam je bilo da pratimo njegov ikako konceptualni , organizacioni tako i programski rast&#8221;, rekao je Mi\u0161i\u0107.<\/p>\n<p>Basista i vokal beogradskog benda &#8220;Artan Lili&#8221; Bojan Sla\u010dala, ina\u010de Prijedor\u010danin izjavio je da nastup u\u010desnika iz Prijedora jedan vid dru\u0161tvene odgovornosti.<\/p>\n<p>&#8220;Mi osje\u0107amo neku odgovornost i prema tome \u0161to je Mik\u0161a radio i prema nekoj kulturnoj sceni odnosno svemu onome \u0161to ja i ljudi nekog mog kalibra predstavljamo&#8221;, rekao je Sla\u010dala.<\/p>\n<p>On je dodao da je najzna\u010dajnije da se tokom festivala svi sjete za\u0161to smo svi tu, upravo zbog lika i djela Dalibora Popovi\u0107a Mik\u0161e i nadam se da \u0107emo i u budu\u0107nosti ovako srda\u010dno i zdu\u0161no podr\u017eavati ovu cijelu akciju jer ona se ti\u010de i na\u0161eg grada i svih nas&#8221;, dodao je Sla\u010dala.<\/p>\n<p>Festival traje do 27. jula, a festivalska de\u0161avanja \u0107e se i ove godine odigrati na vi\u0161e lokacija u Prijedoru, a izvo\u0111a\u010di koji su dio programa obe\u0107avaju odli\u010dan provod za sve generacije.<\/p>\n<p>\u0160A Fest i ove godine podr\u017eava Grad Prijedor, dugogodi\u0161nji prijatelj i pokrovitelj festivala,a pored republi\u010dkih institucija pdor\u017eavaju ga i mnogoborjni sponzori.<\/p>\n<p>\u0160A Fest je memorijalni festival posve\u0107en prijedorskom likovnom umjetniku i muzi\u010daru Daliboru Popovi\u0107u Mik\u0161i.<\/p>\n<p>Odr\u017eava se u Prijedoru, a prihod od festivala usmjerava se u istoimenu fondaciju koja podr\u017eava talentovane umjetnike i njihov autorski rad.<\/p>\n<p><a href=\"https:\/\/www.prijedorgrad.org\/sr-EU\/vijesti-sadrzaj.html?vid=20483\" target=\"_blank\" rel=\"noopener\">prijedorgrad.org<\/a><\/p>\n","protected":false},"excerpt":{"rendered":"<p>Izlo\u017ebom &#8220;Jugo-logo&#8221; u Galeriji &#8220;Sreten Stojanovi\u0107&#8221; ve\u010deras \u0107e biti zvani\u010dno otvoreno peto izdanje &#8220;\u0160A Festa&#8221;. Rije\u010d je o memorijalnom festivalu posve\u0107enom prerano preminulom Prijedor\u010daninu Daliboru Popovi\u0107u Mik\u0161i, likovnom umjetniku i [&hellip;]<\/p>\n","protected":false},"author":1,"featured_media":0,"comment_status":"closed","ping_status":"open","sticky":false,"template":"","format":"standard","meta":{"_monsterinsights_skip_tracking":false,"_monsterinsights_sitenote_active":false,"_monsterinsights_sitenote_note":"","_monsterinsights_sitenote_category":0,"footnotes":""},"categories":[4],"tags":[],"yoast_head":"<!-- This site is optimized with the Yoast SEO plugin v21.6 - https:\/\/yoast.com\/wordpress\/plugins\/seo\/ -->\n<title>Prijedor: Ve\u010deras po\u010dinje &quot;\u0160A Fest&quot; - PrijedorDanas.com - Prijedorski gradski portal<\/title>\n<meta name=\"robots\" content=\"index, follow, max-snippet:-1, max-image-preview:large, max-video-preview:-1\" \/>\n<link rel=\"canonical\" href=\"https:\/\/www.prijedordanas.com\/?p=230583\" \/>\n<meta property=\"og:locale\" content=\"en_US\" \/>\n<meta property=\"og:type\" content=\"article\" \/>\n<meta property=\"og:title\" content=\"Prijedor: Ve\u010deras po\u010dinje &quot;\u0160A Fest&quot; - PrijedorDanas.com - Prijedorski gradski portal\" \/>\n<meta property=\"og:description\" content=\"Izlo\u017ebom &#8220;Jugo-logo&#8221; u Galeriji &#8220;Sreten Stojanovi\u0107&#8221; ve\u010deras \u0107e biti zvani\u010dno otvoreno peto izdanje &#8220;\u0160A Festa&#8221;. Rije\u010d je o memorijalnom festivalu posve\u0107enom prerano preminulom Prijedor\u010daninu Daliboru Popovi\u0107u Mik\u0161i, likovnom umjetniku i [&hellip;]\" \/>\n<meta property=\"og:url\" content=\"https:\/\/www.prijedordanas.com\/?p=230583\" \/>\n<meta property=\"og:site_name\" content=\"PrijedorDanas.com - Prijedorski gradski portal\" \/>\n<meta property=\"article:publisher\" content=\"https:\/\/www.facebook.com\/PrijedorDanasCom\/\" \/>\n<meta property=\"article:published_time\" content=\"2024-07-24T10:28:10+00:00\" \/>\n<meta property=\"og:image\" content=\"https:\/\/www.prijedordanas.com\/wp-content\/uploads\/2024\/07\/sa-fest-2024-najava-pocetak-300x225.jpg\" \/>\n<meta name=\"author\" content=\"admin\" \/>\n<meta name=\"twitter:card\" content=\"summary_large_image\" \/>\n<meta name=\"twitter:label1\" content=\"Written by\" \/>\n\t<meta name=\"twitter:data1\" content=\"admin\" \/>\n\t<meta name=\"twitter:label2\" content=\"Est. reading time\" \/>\n\t<meta name=\"twitter:data2\" content=\"3 minutes\" \/>\n<script type=\"application\/ld+json\" class=\"yoast-schema-graph\">{\"@context\":\"https:\/\/schema.org\",\"@graph\":[{\"@type\":\"Article\",\"@id\":\"https:\/\/www.prijedordanas.com\/?p=230583#article\",\"isPartOf\":{\"@id\":\"https:\/\/www.prijedordanas.com\/?p=230583\"},\"author\":{\"name\":\"admin\",\"@id\":\"https:\/\/www.prijedordanas.com\/#\/schema\/person\/4e08ccf29b506ca916ff86d46bb700e6\"},\"headline\":\"Prijedor: Ve\u010deras po\u010dinje &#8220;\u0160A Fest&#8221;\",\"datePublished\":\"2024-07-24T10:28:10+00:00\",\"dateModified\":\"2024-07-24T10:28:10+00:00\",\"mainEntityOfPage\":{\"@id\":\"https:\/\/www.prijedordanas.com\/?p=230583\"},\"wordCount\":615,\"publisher\":{\"@id\":\"https:\/\/www.prijedordanas.com\/#organization\"},\"articleSection\":[\"Dru\u0161tvo\"],\"inLanguage\":\"en-US\"},{\"@type\":\"WebPage\",\"@id\":\"https:\/\/www.prijedordanas.com\/?p=230583\",\"url\":\"https:\/\/www.prijedordanas.com\/?p=230583\",\"name\":\"Prijedor: Ve\u010deras po\u010dinje \\\"\u0160A Fest\\\" - PrijedorDanas.com - Prijedorski gradski portal\",\"isPartOf\":{\"@id\":\"https:\/\/www.prijedordanas.com\/#website\"},\"datePublished\":\"2024-07-24T10:28:10+00:00\",\"dateModified\":\"2024-07-24T10:28:10+00:00\",\"breadcrumb\":{\"@id\":\"https:\/\/www.prijedordanas.com\/?p=230583#breadcrumb\"},\"inLanguage\":\"en-US\",\"potentialAction\":[{\"@type\":\"ReadAction\",\"target\":[\"https:\/\/www.prijedordanas.com\/?p=230583\"]}]},{\"@type\":\"BreadcrumbList\",\"@id\":\"https:\/\/www.prijedordanas.com\/?p=230583#breadcrumb\",\"itemListElement\":[{\"@type\":\"ListItem\",\"position\":1,\"name\":\"Home\",\"item\":\"https:\/\/www.prijedordanas.com\/\"},{\"@type\":\"ListItem\",\"position\":2,\"name\":\"Prijedor: Ve\u010deras po\u010dinje &#8220;\u0160A Fest&#8221;\"}]},{\"@type\":\"WebSite\",\"@id\":\"https:\/\/www.prijedordanas.com\/#website\",\"url\":\"https:\/\/www.prijedordanas.com\/\",\"name\":\"PrijedorDanas.com - Prijedorski gradski portal\",\"description\":\"Portal o doga\u0111anjima u gradu Prijedoru\",\"publisher\":{\"@id\":\"https:\/\/www.prijedordanas.com\/#organization\"},\"potentialAction\":[{\"@type\":\"SearchAction\",\"target\":{\"@type\":\"EntryPoint\",\"urlTemplate\":\"https:\/\/www.prijedordanas.com\/?s={search_term_string}\"},\"query-input\":\"required name=search_term_string\"}],\"inLanguage\":\"en-US\"},{\"@type\":\"Organization\",\"@id\":\"https:\/\/www.prijedordanas.com\/#organization\",\"name\":\"PrijedorDanas.com\",\"url\":\"https:\/\/www.prijedordanas.com\/\",\"logo\":{\"@type\":\"ImageObject\",\"inLanguage\":\"en-US\",\"@id\":\"https:\/\/www.prijedordanas.com\/#\/schema\/logo\/image\/\",\"url\":\"http:\/\/www.prijedordanas.com\/wp-content\/uploads\/2021\/12\/logopng.png\",\"contentUrl\":\"http:\/\/www.prijedordanas.com\/wp-content\/uploads\/2021\/12\/logopng.png\",\"width\":1019,\"height\":776,\"caption\":\"PrijedorDanas.com\"},\"image\":{\"@id\":\"https:\/\/www.prijedordanas.com\/#\/schema\/logo\/image\/\"},\"sameAs\":[\"https:\/\/www.facebook.com\/PrijedorDanasCom\/\"]},{\"@type\":\"Person\",\"@id\":\"https:\/\/www.prijedordanas.com\/#\/schema\/person\/4e08ccf29b506ca916ff86d46bb700e6\",\"name\":\"admin\",\"image\":{\"@type\":\"ImageObject\",\"inLanguage\":\"en-US\",\"@id\":\"https:\/\/www.prijedordanas.com\/#\/schema\/person\/image\/\",\"url\":\"https:\/\/secure.gravatar.com\/avatar\/1d3fc949d550f0b53a5f0d51e06dfd79?s=96&d=mm&r=g\",\"contentUrl\":\"https:\/\/secure.gravatar.com\/avatar\/1d3fc949d550f0b53a5f0d51e06dfd79?s=96&d=mm&r=g\",\"caption\":\"admin\"},\"url\":\"https:\/\/www.prijedordanas.com\/?author=1\"}]}<\/script>\n<!-- \/ Yoast SEO plugin. -->","yoast_head_json":{"title":"Prijedor: Ve\u010deras po\u010dinje \"\u0160A Fest\" - PrijedorDanas.com - Prijedorski gradski portal","robots":{"index":"index","follow":"follow","max-snippet":"max-snippet:-1","max-image-preview":"max-image-preview:large","max-video-preview":"max-video-preview:-1"},"canonical":"https:\/\/www.prijedordanas.com\/?p=230583","og_locale":"en_US","og_type":"article","og_title":"Prijedor: Ve\u010deras po\u010dinje \"\u0160A Fest\" - PrijedorDanas.com - Prijedorski gradski portal","og_description":"Izlo\u017ebom &#8220;Jugo-logo&#8221; u Galeriji &#8220;Sreten Stojanovi\u0107&#8221; ve\u010deras \u0107e biti zvani\u010dno otvoreno peto izdanje &#8220;\u0160A Festa&#8221;. Rije\u010d je o memorijalnom festivalu posve\u0107enom prerano preminulom Prijedor\u010daninu Daliboru Popovi\u0107u Mik\u0161i, likovnom umjetniku i [&hellip;]","og_url":"https:\/\/www.prijedordanas.com\/?p=230583","og_site_name":"PrijedorDanas.com - Prijedorski gradski portal","article_publisher":"https:\/\/www.facebook.com\/PrijedorDanasCom\/","article_published_time":"2024-07-24T10:28:10+00:00","og_image":[{"url":"https:\/\/www.prijedordanas.com\/wp-content\/uploads\/2024\/07\/sa-fest-2024-najava-pocetak-300x225.jpg"}],"author":"admin","twitter_card":"summary_large_image","twitter_misc":{"Written by":"admin","Est. reading time":"3 minutes"},"schema":{"@context":"https:\/\/schema.org","@graph":[{"@type":"Article","@id":"https:\/\/www.prijedordanas.com\/?p=230583#article","isPartOf":{"@id":"https:\/\/www.prijedordanas.com\/?p=230583"},"author":{"name":"admin","@id":"https:\/\/www.prijedordanas.com\/#\/schema\/person\/4e08ccf29b506ca916ff86d46bb700e6"},"headline":"Prijedor: Ve\u010deras po\u010dinje &#8220;\u0160A Fest&#8221;","datePublished":"2024-07-24T10:28:10+00:00","dateModified":"2024-07-24T10:28:10+00:00","mainEntityOfPage":{"@id":"https:\/\/www.prijedordanas.com\/?p=230583"},"wordCount":615,"publisher":{"@id":"https:\/\/www.prijedordanas.com\/#organization"},"articleSection":["Dru\u0161tvo"],"inLanguage":"en-US"},{"@type":"WebPage","@id":"https:\/\/www.prijedordanas.com\/?p=230583","url":"https:\/\/www.prijedordanas.com\/?p=230583","name":"Prijedor: Ve\u010deras po\u010dinje \"\u0160A Fest\" - PrijedorDanas.com - Prijedorski gradski portal","isPartOf":{"@id":"https:\/\/www.prijedordanas.com\/#website"},"datePublished":"2024-07-24T10:28:10+00:00","dateModified":"2024-07-24T10:28:10+00:00","breadcrumb":{"@id":"https:\/\/www.prijedordanas.com\/?p=230583#breadcrumb"},"inLanguage":"en-US","potentialAction":[{"@type":"ReadAction","target":["https:\/\/www.prijedordanas.com\/?p=230583"]}]},{"@type":"BreadcrumbList","@id":"https:\/\/www.prijedordanas.com\/?p=230583#breadcrumb","itemListElement":[{"@type":"ListItem","position":1,"name":"Home","item":"https:\/\/www.prijedordanas.com\/"},{"@type":"ListItem","position":2,"name":"Prijedor: Ve\u010deras po\u010dinje &#8220;\u0160A Fest&#8221;"}]},{"@type":"WebSite","@id":"https:\/\/www.prijedordanas.com\/#website","url":"https:\/\/www.prijedordanas.com\/","name":"PrijedorDanas.com - Prijedorski gradski portal","description":"Portal o doga\u0111anjima u gradu Prijedoru","publisher":{"@id":"https:\/\/www.prijedordanas.com\/#organization"},"potentialAction":[{"@type":"SearchAction","target":{"@type":"EntryPoint","urlTemplate":"https:\/\/www.prijedordanas.com\/?s={search_term_string}"},"query-input":"required name=search_term_string"}],"inLanguage":"en-US"},{"@type":"Organization","@id":"https:\/\/www.prijedordanas.com\/#organization","name":"PrijedorDanas.com","url":"https:\/\/www.prijedordanas.com\/","logo":{"@type":"ImageObject","inLanguage":"en-US","@id":"https:\/\/www.prijedordanas.com\/#\/schema\/logo\/image\/","url":"http:\/\/www.prijedordanas.com\/wp-content\/uploads\/2021\/12\/logopng.png","contentUrl":"http:\/\/www.prijedordanas.com\/wp-content\/uploads\/2021\/12\/logopng.png","width":1019,"height":776,"caption":"PrijedorDanas.com"},"image":{"@id":"https:\/\/www.prijedordanas.com\/#\/schema\/logo\/image\/"},"sameAs":["https:\/\/www.facebook.com\/PrijedorDanasCom\/"]},{"@type":"Person","@id":"https:\/\/www.prijedordanas.com\/#\/schema\/person\/4e08ccf29b506ca916ff86d46bb700e6","name":"admin","image":{"@type":"ImageObject","inLanguage":"en-US","@id":"https:\/\/www.prijedordanas.com\/#\/schema\/person\/image\/","url":"https:\/\/secure.gravatar.com\/avatar\/1d3fc949d550f0b53a5f0d51e06dfd79?s=96&d=mm&r=g","contentUrl":"https:\/\/secure.gravatar.com\/avatar\/1d3fc949d550f0b53a5f0d51e06dfd79?s=96&d=mm&r=g","caption":"admin"},"url":"https:\/\/www.prijedordanas.com\/?author=1"}]}},"_links":{"self":[{"href":"https:\/\/www.prijedordanas.com\/index.php?rest_route=\/wp\/v2\/posts\/230583"}],"collection":[{"href":"https:\/\/www.prijedordanas.com\/index.php?rest_route=\/wp\/v2\/posts"}],"about":[{"href":"https:\/\/www.prijedordanas.com\/index.php?rest_route=\/wp\/v2\/types\/post"}],"author":[{"embeddable":true,"href":"https:\/\/www.prijedordanas.com\/index.php?rest_route=\/wp\/v2\/users\/1"}],"replies":[{"embeddable":true,"href":"https:\/\/www.prijedordanas.com\/index.php?rest_route=%2Fwp%2Fv2%2Fcomments&post=230583"}],"version-history":[{"count":1,"href":"https:\/\/www.prijedordanas.com\/index.php?rest_route=\/wp\/v2\/posts\/230583\/revisions"}],"predecessor-version":[{"id":230585,"href":"https:\/\/www.prijedordanas.com\/index.php?rest_route=\/wp\/v2\/posts\/230583\/revisions\/230585"}],"wp:attachment":[{"href":"https:\/\/www.prijedordanas.com\/index.php?rest_route=%2Fwp%2Fv2%2Fmedia&parent=230583"}],"wp:term":[{"taxonomy":"category","embeddable":true,"href":"https:\/\/www.prijedordanas.com\/index.php?rest_route=%2Fwp%2Fv2%2Fcategories&post=230583"},{"taxonomy":"post_tag","embeddable":true,"href":"https:\/\/www.prijedordanas.com\/index.php?rest_route=%2Fwp%2Fv2%2Ftags&post=230583"}],"curies":[{"name":"wp","href":"https:\/\/api.w.org\/{rel}","templated":true}]}}