{"id":230511,"date":"2024-07-22T17:54:38","date_gmt":"2024-07-22T15:54:38","guid":{"rendered":"https:\/\/www.prijedordanas.com\/?p=230511"},"modified":"2024-07-22T17:54:38","modified_gmt":"2024-07-22T15:54:38","slug":"vlada-rs-daje-koncesiju-za-bukovu-kosu-kod-prijedora-za-iskopavanje-koje-uveliko-traje","status":"publish","type":"post","link":"https:\/\/www.prijedordanas.com\/?p=230511","title":{"rendered":"Vlada RS daje koncesiju za Bukovu Kosu kod Prijedora za iskopavanje koje uveliko traje"},"content":{"rendered":"<p><a href=\"https:\/\/www.prijedordanas.com\/wp-content\/uploads\/2024\/07\/centar-za-zivotnu-sredinu-bukova-kosa-juli2024-1.jpg\"><img loading=\"lazy\" decoding=\"async\" class=\"alignleft size-medium wp-image-230512\" src=\"https:\/\/www.prijedordanas.com\/wp-content\/uploads\/2024\/07\/centar-za-zivotnu-sredinu-bukova-kosa-juli2024-1-300x225.jpg\" alt=\"\" width=\"300\" height=\"225\" srcset=\"https:\/\/www.prijedordanas.com\/wp-content\/uploads\/2024\/07\/centar-za-zivotnu-sredinu-bukova-kosa-juli2024-1-300x225.jpg 300w, https:\/\/www.prijedordanas.com\/wp-content\/uploads\/2024\/07\/centar-za-zivotnu-sredinu-bukova-kosa-juli2024-1-640x480.jpg 640w, https:\/\/www.prijedordanas.com\/wp-content\/uploads\/2024\/07\/centar-za-zivotnu-sredinu-bukova-kosa-juli2024-1.jpg 667w\" sizes=\"(max-width: 300px) 100vw, 300px\" \/><\/a>Tesli\u0107ki \u201cDrvo-export\u201d koji se dovodi u vezu sa SNSD-ovim odbornikom Sr\u0111anom Klje\u010daninom Rufijem u\u0161ao je u zavr\u0161nu fazu dobijanja koncesije za eksploataciju uglja na lokalitetu Bukova Kosa kod Prijedora, sa kojeg ve\u0107 neko vrijeme njegovi kamioni rade upravo to.<\/p>\n<p>Vlada je donijela odluku o pokretanju postupka dodjele koncesije u Mjesnoj zajednici Veliko Palan\u010di\u0161te uz magistralni put Prijedor \u2013 Kozarska Dubica.<\/p>\n<p>\u201cPostupak dodjele koncesije pokre\u0107e se na osnovu inicijative privrednog dru\u0161tva \u201cDrvo-export\u201d Tesli\u0107. Na osnovu inicijative, prilo\u017eene dokumentacije i obavljenih prethodnih konsultacija, potvr\u0111uje se da postoji javni interes sa ekonomskog, sociolo\u0161kog i ekolo\u0161kog aspekta za realizaciju predmetne koncesije\u201d, navodi se u odluci koju je Vlada RS objavila u Slu\u017ebenom glasniku RS.<\/p>\n<p><a href=\"https:\/\/www.prijedordanas.com\/wp-content\/uploads\/2024\/07\/centar-za-zivotnu-sredinu-bukova-kosa-juli2024-2.jpg\"><img loading=\"lazy\" decoding=\"async\" src=\"https:\/\/www.prijedordanas.com\/wp-content\/uploads\/2024\/07\/centar-za-zivotnu-sredinu-bukova-kosa-juli2024-2-300x225.jpg\" alt=\"\" width=\"300\" height=\"225\" class=\"alignleft size-medium wp-image-230513\" srcset=\"https:\/\/www.prijedordanas.com\/wp-content\/uploads\/2024\/07\/centar-za-zivotnu-sredinu-bukova-kosa-juli2024-2-300x225.jpg 300w, https:\/\/www.prijedordanas.com\/wp-content\/uploads\/2024\/07\/centar-za-zivotnu-sredinu-bukova-kosa-juli2024-2-640x480.jpg 640w, https:\/\/www.prijedordanas.com\/wp-content\/uploads\/2024\/07\/centar-za-zivotnu-sredinu-bukova-kosa-juli2024-2.jpg 667w\" sizes=\"(max-width: 300px) 100vw, 300px\" \/><\/a>Mje\u0161tani ovog sela koji se ve\u0107 godinu i po dana bune protiv otvaranja rudnika ka\u017eu da im uop\u0161te nije jasno za\u0161to su tra\u017eili koncesiju, jer im ona nije bila ni potrebna. Osim toga, ka\u017eu da su im bageri prije skoro mjesec dana presjekli kablove interneta i fiksne telefone i od tada su odsje\u010deni.<\/p>\n<p>\u201cNe znam \u0161ta \u0107e im uop\u0161te koncesija kad mogu da rade \u0161ta ho\u0107e. Samo se zamaraju formalnostima. Raskopavanje sela po\u010delo je jo\u0161 u februaru, a barem deset dana ve\u0107 izvoze ugalj odavde. Kakva njima koncesija uop\u0161te treba? Zamislite, presjekli su nam i kablove za fiksnu telefoniju i internet prije mjesec dana i koliko znamo, taj se kvar ne\u0107e popravljati. Mi smo ugovore potpisali, platili priklju\u010dak 1.700 KM i tu\u017ei\u0107emo ih ako ne poprave\u201c, pita se mje\u0161tanka Bukove Kose.<\/p>\n<p><a href=\"https:\/\/www.capital.ba\/vlada-rs-daje-koncesiju-za-bukovu-kosu-za-iskopavanje-koje-uveliko-traje\/\" target=\"_blank\" rel=\"noopener\">capital.ba<\/a><\/p>\n","protected":false},"excerpt":{"rendered":"<p>Tesli\u0107ki \u201cDrvo-export\u201d koji se dovodi u vezu sa SNSD-ovim odbornikom Sr\u0111anom Klje\u010daninom Rufijem u\u0161ao je u zavr\u0161nu fazu dobijanja koncesije za eksploataciju uglja na lokalitetu Bukova Kosa kod Prijedora, sa [&hellip;]<\/p>\n","protected":false},"author":1,"featured_media":0,"comment_status":"closed","ping_status":"open","sticky":false,"template":"","format":"standard","meta":{"_monsterinsights_skip_tracking":false,"_monsterinsights_sitenote_active":false,"_monsterinsights_sitenote_note":"","_monsterinsights_sitenote_category":0,"footnotes":""},"categories":[4],"tags":[],"yoast_head":"<!-- This site is optimized with the Yoast SEO plugin v21.6 - https:\/\/yoast.com\/wordpress\/plugins\/seo\/ -->\n<title>Vlada RS daje koncesiju za Bukovu Kosu kod Prijedora za iskopavanje koje uveliko traje - PrijedorDanas.com - Prijedorski gradski portal<\/title>\n<meta name=\"robots\" content=\"index, follow, max-snippet:-1, max-image-preview:large, max-video-preview:-1\" \/>\n<link rel=\"canonical\" href=\"https:\/\/www.prijedordanas.com\/?p=230511\" \/>\n<meta property=\"og:locale\" content=\"en_US\" \/>\n<meta property=\"og:type\" content=\"article\" \/>\n<meta property=\"og:title\" content=\"Vlada RS daje koncesiju za Bukovu Kosu kod Prijedora za iskopavanje koje uveliko traje - PrijedorDanas.com - Prijedorski gradski portal\" \/>\n<meta property=\"og:description\" content=\"Tesli\u0107ki \u201cDrvo-export\u201d koji se dovodi u vezu sa SNSD-ovim odbornikom Sr\u0111anom Klje\u010daninom Rufijem u\u0161ao je u zavr\u0161nu fazu dobijanja koncesije za eksploataciju uglja na lokalitetu Bukova Kosa kod Prijedora, sa [&hellip;]\" \/>\n<meta property=\"og:url\" content=\"https:\/\/www.prijedordanas.com\/?p=230511\" \/>\n<meta property=\"og:site_name\" content=\"PrijedorDanas.com - Prijedorski gradski portal\" \/>\n<meta property=\"article:publisher\" content=\"https:\/\/www.facebook.com\/PrijedorDanasCom\/\" \/>\n<meta property=\"article:published_time\" content=\"2024-07-22T15:54:38+00:00\" \/>\n<meta property=\"og:image\" content=\"https:\/\/www.prijedordanas.com\/wp-content\/uploads\/2024\/07\/centar-za-zivotnu-sredinu-bukova-kosa-juli2024-1-300x225.jpg\" \/>\n<meta name=\"author\" content=\"admin\" \/>\n<meta name=\"twitter:card\" content=\"summary_large_image\" \/>\n<meta name=\"twitter:label1\" content=\"Written by\" \/>\n\t<meta name=\"twitter:data1\" content=\"admin\" \/>\n\t<meta name=\"twitter:label2\" content=\"Est. reading time\" \/>\n\t<meta name=\"twitter:data2\" content=\"2 minutes\" \/>\n<script type=\"application\/ld+json\" class=\"yoast-schema-graph\">{\"@context\":\"https:\/\/schema.org\",\"@graph\":[{\"@type\":\"Article\",\"@id\":\"https:\/\/www.prijedordanas.com\/?p=230511#article\",\"isPartOf\":{\"@id\":\"https:\/\/www.prijedordanas.com\/?p=230511\"},\"author\":{\"name\":\"admin\",\"@id\":\"https:\/\/www.prijedordanas.com\/#\/schema\/person\/4e08ccf29b506ca916ff86d46bb700e6\"},\"headline\":\"Vlada RS daje koncesiju za Bukovu Kosu kod Prijedora za iskopavanje koje uveliko traje\",\"datePublished\":\"2024-07-22T15:54:38+00:00\",\"dateModified\":\"2024-07-22T15:54:38+00:00\",\"mainEntityOfPage\":{\"@id\":\"https:\/\/www.prijedordanas.com\/?p=230511\"},\"wordCount\":285,\"publisher\":{\"@id\":\"https:\/\/www.prijedordanas.com\/#organization\"},\"articleSection\":[\"Dru\u0161tvo\"],\"inLanguage\":\"en-US\"},{\"@type\":\"WebPage\",\"@id\":\"https:\/\/www.prijedordanas.com\/?p=230511\",\"url\":\"https:\/\/www.prijedordanas.com\/?p=230511\",\"name\":\"Vlada RS daje koncesiju za Bukovu Kosu kod Prijedora za iskopavanje koje uveliko traje - PrijedorDanas.com - Prijedorski gradski portal\",\"isPartOf\":{\"@id\":\"https:\/\/www.prijedordanas.com\/#website\"},\"datePublished\":\"2024-07-22T15:54:38+00:00\",\"dateModified\":\"2024-07-22T15:54:38+00:00\",\"breadcrumb\":{\"@id\":\"https:\/\/www.prijedordanas.com\/?p=230511#breadcrumb\"},\"inLanguage\":\"en-US\",\"potentialAction\":[{\"@type\":\"ReadAction\",\"target\":[\"https:\/\/www.prijedordanas.com\/?p=230511\"]}]},{\"@type\":\"BreadcrumbList\",\"@id\":\"https:\/\/www.prijedordanas.com\/?p=230511#breadcrumb\",\"itemListElement\":[{\"@type\":\"ListItem\",\"position\":1,\"name\":\"Home\",\"item\":\"https:\/\/www.prijedordanas.com\/\"},{\"@type\":\"ListItem\",\"position\":2,\"name\":\"Vlada RS daje koncesiju za Bukovu Kosu kod Prijedora za iskopavanje koje uveliko traje\"}]},{\"@type\":\"WebSite\",\"@id\":\"https:\/\/www.prijedordanas.com\/#website\",\"url\":\"https:\/\/www.prijedordanas.com\/\",\"name\":\"PrijedorDanas.com - Prijedorski gradski portal\",\"description\":\"Portal o doga\u0111anjima u gradu Prijedoru\",\"publisher\":{\"@id\":\"https:\/\/www.prijedordanas.com\/#organization\"},\"potentialAction\":[{\"@type\":\"SearchAction\",\"target\":{\"@type\":\"EntryPoint\",\"urlTemplate\":\"https:\/\/www.prijedordanas.com\/?s={search_term_string}\"},\"query-input\":\"required name=search_term_string\"}],\"inLanguage\":\"en-US\"},{\"@type\":\"Organization\",\"@id\":\"https:\/\/www.prijedordanas.com\/#organization\",\"name\":\"PrijedorDanas.com\",\"url\":\"https:\/\/www.prijedordanas.com\/\",\"logo\":{\"@type\":\"ImageObject\",\"inLanguage\":\"en-US\",\"@id\":\"https:\/\/www.prijedordanas.com\/#\/schema\/logo\/image\/\",\"url\":\"http:\/\/www.prijedordanas.com\/wp-content\/uploads\/2021\/12\/logopng.png\",\"contentUrl\":\"http:\/\/www.prijedordanas.com\/wp-content\/uploads\/2021\/12\/logopng.png\",\"width\":1019,\"height\":776,\"caption\":\"PrijedorDanas.com\"},\"image\":{\"@id\":\"https:\/\/www.prijedordanas.com\/#\/schema\/logo\/image\/\"},\"sameAs\":[\"https:\/\/www.facebook.com\/PrijedorDanasCom\/\"]},{\"@type\":\"Person\",\"@id\":\"https:\/\/www.prijedordanas.com\/#\/schema\/person\/4e08ccf29b506ca916ff86d46bb700e6\",\"name\":\"admin\",\"image\":{\"@type\":\"ImageObject\",\"inLanguage\":\"en-US\",\"@id\":\"https:\/\/www.prijedordanas.com\/#\/schema\/person\/image\/\",\"url\":\"https:\/\/secure.gravatar.com\/avatar\/1d3fc949d550f0b53a5f0d51e06dfd79?s=96&d=mm&r=g\",\"contentUrl\":\"https:\/\/secure.gravatar.com\/avatar\/1d3fc949d550f0b53a5f0d51e06dfd79?s=96&d=mm&r=g\",\"caption\":\"admin\"},\"url\":\"https:\/\/www.prijedordanas.com\/?author=1\"}]}<\/script>\n<!-- \/ Yoast SEO plugin. -->","yoast_head_json":{"title":"Vlada RS daje koncesiju za Bukovu Kosu kod Prijedora za iskopavanje koje uveliko traje - PrijedorDanas.com - Prijedorski gradski portal","robots":{"index":"index","follow":"follow","max-snippet":"max-snippet:-1","max-image-preview":"max-image-preview:large","max-video-preview":"max-video-preview:-1"},"canonical":"https:\/\/www.prijedordanas.com\/?p=230511","og_locale":"en_US","og_type":"article","og_title":"Vlada RS daje koncesiju za Bukovu Kosu kod Prijedora za iskopavanje koje uveliko traje - PrijedorDanas.com - Prijedorski gradski portal","og_description":"Tesli\u0107ki \u201cDrvo-export\u201d koji se dovodi u vezu sa SNSD-ovim odbornikom Sr\u0111anom Klje\u010daninom Rufijem u\u0161ao je u zavr\u0161nu fazu dobijanja koncesije za eksploataciju uglja na lokalitetu Bukova Kosa kod Prijedora, sa [&hellip;]","og_url":"https:\/\/www.prijedordanas.com\/?p=230511","og_site_name":"PrijedorDanas.com - Prijedorski gradski portal","article_publisher":"https:\/\/www.facebook.com\/PrijedorDanasCom\/","article_published_time":"2024-07-22T15:54:38+00:00","og_image":[{"url":"https:\/\/www.prijedordanas.com\/wp-content\/uploads\/2024\/07\/centar-za-zivotnu-sredinu-bukova-kosa-juli2024-1-300x225.jpg"}],"author":"admin","twitter_card":"summary_large_image","twitter_misc":{"Written by":"admin","Est. reading time":"2 minutes"},"schema":{"@context":"https:\/\/schema.org","@graph":[{"@type":"Article","@id":"https:\/\/www.prijedordanas.com\/?p=230511#article","isPartOf":{"@id":"https:\/\/www.prijedordanas.com\/?p=230511"},"author":{"name":"admin","@id":"https:\/\/www.prijedordanas.com\/#\/schema\/person\/4e08ccf29b506ca916ff86d46bb700e6"},"headline":"Vlada RS daje koncesiju za Bukovu Kosu kod Prijedora za iskopavanje koje uveliko traje","datePublished":"2024-07-22T15:54:38+00:00","dateModified":"2024-07-22T15:54:38+00:00","mainEntityOfPage":{"@id":"https:\/\/www.prijedordanas.com\/?p=230511"},"wordCount":285,"publisher":{"@id":"https:\/\/www.prijedordanas.com\/#organization"},"articleSection":["Dru\u0161tvo"],"inLanguage":"en-US"},{"@type":"WebPage","@id":"https:\/\/www.prijedordanas.com\/?p=230511","url":"https:\/\/www.prijedordanas.com\/?p=230511","name":"Vlada RS daje koncesiju za Bukovu Kosu kod Prijedora za iskopavanje koje uveliko traje - PrijedorDanas.com - Prijedorski gradski portal","isPartOf":{"@id":"https:\/\/www.prijedordanas.com\/#website"},"datePublished":"2024-07-22T15:54:38+00:00","dateModified":"2024-07-22T15:54:38+00:00","breadcrumb":{"@id":"https:\/\/www.prijedordanas.com\/?p=230511#breadcrumb"},"inLanguage":"en-US","potentialAction":[{"@type":"ReadAction","target":["https:\/\/www.prijedordanas.com\/?p=230511"]}]},{"@type":"BreadcrumbList","@id":"https:\/\/www.prijedordanas.com\/?p=230511#breadcrumb","itemListElement":[{"@type":"ListItem","position":1,"name":"Home","item":"https:\/\/www.prijedordanas.com\/"},{"@type":"ListItem","position":2,"name":"Vlada RS daje koncesiju za Bukovu Kosu kod Prijedora za iskopavanje koje uveliko traje"}]},{"@type":"WebSite","@id":"https:\/\/www.prijedordanas.com\/#website","url":"https:\/\/www.prijedordanas.com\/","name":"PrijedorDanas.com - Prijedorski gradski portal","description":"Portal o doga\u0111anjima u gradu Prijedoru","publisher":{"@id":"https:\/\/www.prijedordanas.com\/#organization"},"potentialAction":[{"@type":"SearchAction","target":{"@type":"EntryPoint","urlTemplate":"https:\/\/www.prijedordanas.com\/?s={search_term_string}"},"query-input":"required name=search_term_string"}],"inLanguage":"en-US"},{"@type":"Organization","@id":"https:\/\/www.prijedordanas.com\/#organization","name":"PrijedorDanas.com","url":"https:\/\/www.prijedordanas.com\/","logo":{"@type":"ImageObject","inLanguage":"en-US","@id":"https:\/\/www.prijedordanas.com\/#\/schema\/logo\/image\/","url":"http:\/\/www.prijedordanas.com\/wp-content\/uploads\/2021\/12\/logopng.png","contentUrl":"http:\/\/www.prijedordanas.com\/wp-content\/uploads\/2021\/12\/logopng.png","width":1019,"height":776,"caption":"PrijedorDanas.com"},"image":{"@id":"https:\/\/www.prijedordanas.com\/#\/schema\/logo\/image\/"},"sameAs":["https:\/\/www.facebook.com\/PrijedorDanasCom\/"]},{"@type":"Person","@id":"https:\/\/www.prijedordanas.com\/#\/schema\/person\/4e08ccf29b506ca916ff86d46bb700e6","name":"admin","image":{"@type":"ImageObject","inLanguage":"en-US","@id":"https:\/\/www.prijedordanas.com\/#\/schema\/person\/image\/","url":"https:\/\/secure.gravatar.com\/avatar\/1d3fc949d550f0b53a5f0d51e06dfd79?s=96&d=mm&r=g","contentUrl":"https:\/\/secure.gravatar.com\/avatar\/1d3fc949d550f0b53a5f0d51e06dfd79?s=96&d=mm&r=g","caption":"admin"},"url":"https:\/\/www.prijedordanas.com\/?author=1"}]}},"_links":{"self":[{"href":"https:\/\/www.prijedordanas.com\/index.php?rest_route=\/wp\/v2\/posts\/230511"}],"collection":[{"href":"https:\/\/www.prijedordanas.com\/index.php?rest_route=\/wp\/v2\/posts"}],"about":[{"href":"https:\/\/www.prijedordanas.com\/index.php?rest_route=\/wp\/v2\/types\/post"}],"author":[{"embeddable":true,"href":"https:\/\/www.prijedordanas.com\/index.php?rest_route=\/wp\/v2\/users\/1"}],"replies":[{"embeddable":true,"href":"https:\/\/www.prijedordanas.com\/index.php?rest_route=%2Fwp%2Fv2%2Fcomments&post=230511"}],"version-history":[{"count":1,"href":"https:\/\/www.prijedordanas.com\/index.php?rest_route=\/wp\/v2\/posts\/230511\/revisions"}],"predecessor-version":[{"id":230514,"href":"https:\/\/www.prijedordanas.com\/index.php?rest_route=\/wp\/v2\/posts\/230511\/revisions\/230514"}],"wp:attachment":[{"href":"https:\/\/www.prijedordanas.com\/index.php?rest_route=%2Fwp%2Fv2%2Fmedia&parent=230511"}],"wp:term":[{"taxonomy":"category","embeddable":true,"href":"https:\/\/www.prijedordanas.com\/index.php?rest_route=%2Fwp%2Fv2%2Fcategories&post=230511"},{"taxonomy":"post_tag","embeddable":true,"href":"https:\/\/www.prijedordanas.com\/index.php?rest_route=%2Fwp%2Fv2%2Ftags&post=230511"}],"curies":[{"name":"wp","href":"https:\/\/api.w.org\/{rel}","templated":true}]}}