{"id":23048,"date":"2015-05-23T20:38:59","date_gmt":"2015-05-23T19:38:59","guid":{"rendered":"https:\/\/www.prijedordanas.com\/?p=23048"},"modified":"2015-05-23T20:38:59","modified_gmt":"2015-05-23T19:38:59","slug":"odrzano-takmicenje-djeca-u-saobracaju-2015-nagrada-i-za-osnovca-iz-prijedora","status":"publish","type":"post","link":"https:\/\/www.prijedordanas.com\/?p=23048","title":{"rendered":"ODR\u017dANO TAKMI\u010cENJE &#8220;DJECA U SAOBRA\u0106AJU 2015&#8221;: NAGRADA I ZA OSNOVCA IZ PRIJEDORA"},"content":{"rendered":"<p><a href=\"https:\/\/www.prijedordanas.com\/wp-content\/uploads\/2015\/05\/srna-teslic-djeca-u-saobracaju.jpg\"><img loading=\"lazy\" decoding=\"async\" src=\"https:\/\/www.prijedordanas.com\/wp-content\/uploads\/2015\/05\/srna-teslic-djeca-u-saobracaju-300x200.jpg\" alt=\"srna-teslic-djeca u saobracaju\" width=\"300\" height=\"200\" class=\"alignleft size-medium wp-image-23049\" srcset=\"https:\/\/www.prijedordanas.com\/wp-content\/uploads\/2015\/05\/srna-teslic-djeca-u-saobracaju-300x200.jpg 300w, https:\/\/www.prijedordanas.com\/wp-content\/uploads\/2015\/05\/srna-teslic-djeca-u-saobracaju-150x100.jpg 150w, https:\/\/www.prijedordanas.com\/wp-content\/uploads\/2015\/05\/srna-teslic-djeca-u-saobracaju-200x133.jpg 200w, https:\/\/www.prijedordanas.com\/wp-content\/uploads\/2015\/05\/srna-teslic-djeca-u-saobracaju-250x166.jpg 250w, https:\/\/www.prijedordanas.com\/wp-content\/uploads\/2015\/05\/srna-teslic-djeca-u-saobracaju-480x320.jpg 480w, https:\/\/www.prijedordanas.com\/wp-content\/uploads\/2015\/05\/srna-teslic-djeca-u-saobracaju.jpg 600w\" sizes=\"(max-width: 300px) 100vw, 300px\" \/><\/a>Ekipa &#8220;\u010celinac jedan&#8221; Osnovne \u0161kole &#8220;Novak Piva\u0161evi\u0107&#8221; iz Stare Dubrave kod \u010celinca pobjednik je finalnog republi\u010dkog saobra\u0107ajno-obrazovnog takmi\u010denja &#8220;Djeca u saobra\u0107aju 2015&#8221;, koje je u organizaciji Auto\u2013moto saveza Republike Srpske odr\u017eano u Banji Vru\u0107ici kod Tesli\u0107a.<\/p>\n<p>U konkurenciji 37 ekipa, drugo mjesto zauzela je ekipa &#8220;Sigurnost jedan&#8221; Osnovne \u0161kole &#8220;Sveti Sava&#8221; iz Crnjelova kod Bijeljine, dok je tre\u0107e mjesto pripalo ekipi &#8220;Prnjavor jedan&#8221; Osnovne \u0161kole &#8220;Nikola Tesla&#8221; iz Prnjavora. <\/p>\n<p>Najbolja u kategoriji djevoj\u010dica od deset do 12 godina bila je Sanja Boji\u0107 iz ekipe &#8220;Sigurnost jedan&#8221; Osnovne \u0161kole &#8220;Sveti Sava&#8221; iz Crnjelova kod Bijeljine, dok je prvo mjesto u kategoriji dje\u010daka od deset do 12 godina zauzeo Dejan Ru\u017eoj\u010di\u0107, \u010dlan ekipe &#8220;Brod jedan&#8221; iz Osnovne \u0161kole &#8220;Sveti Sava&#8221; iz Broda, saop\u0161teno je iz Auto\u2013moto saveza Srpske. <\/p>\n<p>U\u010denici Blanka Kiselinov iz Osnovne \u0161kole &#8220;Dositej Obradovi\u0107&#8221; iz Banjaluke, Katarina \u0160obot iz Osnovne \u0161kole &#8220;Vasa \u010cubrilovi\u0107&#8221; iz Gradi\u0161ke i David Soldat iz Osnovne \u0161kole &#8220;Majka Kne\u017eopoljka&#8221; iz Kne\u017eice pobjednici su u kategoriji likovnih, dok su Andrej Stojan\u010di\u0107 iz Osnovne \u0161kole &#8220;Desanka Maksimovi\u0107&#8221; iz Prijedora, Ivana Samard\u017ei\u0107 iz Osnovne \u0161kole &#8220;Vuk Karad\u017ei\u0107&#8221; iz Vlasenice i Anja Petkovi\u0107 iz Osnovne \u0161kole &#8220;Vuk Karad\u017ei\u0107&#8221; iz Tesli\u0107a najbolji u kategoriji literarnih radova o temi &#8220;Bezbjednost djece u saobra\u0107aju&#8221;. <\/p>\n<p>Pomo\u0107nik ministra saobra\u0107aja i veza Republike Srpske Nata\u0161a Kosti\u0107 rekla je da je ovo jedan od na\u010dina da se u\u010denici dodatno pipreme za pravilno pona\u0161anje u saobra\u0107aju. <\/p>\n<p>&#8220;Znanje koje oni steknu lak\u0161e \u0107e prenijeti svojim vr\u0161njacima i na takav na\u010din promovisati pravilno pona\u0161anje u saobra\u0107aju. Sami pokazatelji bezbjednosti saobra\u0107aja iz proteklih godina govore da uspje\u0161no obavljamo posao. Ima puno prostora za pobolj\u0161anje, \u0161to nam je i zadatak u narednom periodu&#8221;, naglasila je Kosti\u0107eva. <\/p>\n<p>Glavni inspektor Jedinice policije za bezbjednost saobra\u0107aja u Upravi policije Ministarstva unutra\u0161njih poslova Republike Srpske Goran \u0160mitran, rekao je da je organizacija ovakvih takmi\u010denja za djecu do 12 godina veoma zna\u010dajna sa aspekta saobra\u0107ajne kulture, jer \u0107e ovi u\u010desnici u saobra\u0107aju u narednom periodu ste\u0107i uslove za upravljanjem raznim vrstama vozila i biti veoma odgovorni. <\/p>\n<p>&#8220;Ova kategorija u\u010desnika u saobra\u0107aju je za MUP Republike Srpske naro\u010dito va\u017ena s obzirom da se radi o pje\u0161acima i biciklistima, koje su ina\u010de najugro\u017eenije kategorije&#8221;, precizirao je \u0160mitran. <\/p>\n<p>On je dodao da je pokazano znanje i zainteresovanost za u\u010denje i sticanje novih znanja podstrek pripadnicima MUP-a da i dalje pru\u017eaju stru\u010dnu i drugu pomo\u0107 kako organizatorima takmi\u010denja, tako i \u0161kolama i djeci. <\/p>\n<p>Direktor Republi\u010dkog pedago\u0161kog zavoda Predrag Damjanovi\u0107 naglasio je da ova institucija svake godine raspisuje Kalendar takmi\u010denja i u kojem manifestacija &#8220;Djeca u saobra\u0107aju&#8221; ima veoma zna\u010dajno mjesto. <\/p>\n<p>&#8220;Svjesni smo toga da je velika zainteresovanost, kako u\u010denika tako i nastavnika za takmi\u010denje &#8216;Djeca u saobra\u0107aju&#8217;. Republi\u010dki pedago\u0161ki zavod mora voditi ra\u010duna i o vaspitnoj funkciji, a to je da u\u010denici nau\u010de osnovna pravila u\u010destvovanja u saobra\u0107aju&#8221;, objasnio je Damjanovi\u0107. <\/p>\n<p>On je dodao da \u0107e Republi\u010dki pedago\u0161ki zavod i u narednom periodu u\u010destvovati i zajedno sa Auto-moto savezom i Agencijom za bezbjednost saobra\u0107aja raspisivati konkurse za likovne i literarne radove za sve osnovne \u0161kole iz Republike Srpske kako bi ih animirali da u\u010destvuju u ovoj manifestaciji i daju pun doprinos u pove\u0107anju saobra\u0107ajne kulture. <\/p>\n<p>Direktor Agencije za bezbjednost saobra\u0107aja Republike Srpske Milija Radovi\u0107 istakao je da je ovo takmi\u010denje od izuzetno va\u017enog zna\u010daja za unapre\u0111enje bezbjednosti saobra\u0107aja u Republici Srpskoj i da Auto-moto savez Srpske takmi\u010denje tradicionalno odli\u010dno organizuje. <\/p>\n<p>&#8220;Osim toga \u0161to u\u010denici dobijaju znanje i oplemenjuju svoje vje\u0161tine, oni doprinose ukupnom pobolj\u0161anju stepena bezbjednosti, jer to svoje znanje prenose na svoje \u0161kolske drugove i roditelje. Smatramo da bi kona\u010dno trebalo ukinuti blokadu, jer pobjednici takmi\u010denja svoje znanje ne mogu pokazati na me\u0111unarodnim takmi\u010denjima&#8221;, naglasio je Radovi\u0107. <\/p>\n<p>Prema rije\u010dima generalnog sekretara Auto-moto saveza Republike Srpske Ranka Babi\u0107a, ovo takmi\u010denje provodi se punih 16 godina, a poseban zna\u010daj ima jer je zahvaljuju\u0107i njemu animirano osnivanje \u0161kolskih saobra\u0107ajnih sekcija, \u0161to su prepoznali i podr\u017eali Ministarstvo saobra\u0107aja i veza, Ministarstvo prosvjete i kulture i Republi\u010dki pedago\u0161ki zavod. <\/p>\n<p>&#8220;Specifi\u010dnost ovogodi\u0161njeg takmi\u010denja je taj da s njime po\u010dinje manifestacija &#8216;Dani saobra\u0107aja Republike Srpske&#8217;, koji se nastavljaju 11. 12. i 13. juna u Doboju i zavr\u0161avaju 14. juna u Tesli\u0107u konferencijom o tehni\u010dkoj ispravnosti motornih vozila&#8221;, rekao je Babi\u0107. <\/p>\n<p>Ukupno 37 ekipa sa 148 takmi\u010dara iz 40 osnovnih \u0161kola Republike Srpske koje su vodili 30 Auto-moto dru\u0161tava su pokazali znanje na testu poznavanja pravila bezbjednog pona\u0161anja u saobra\u0107aju, kao i vje\u0161tine na poligonu spretnosti u okviru tradicionalnog saobra\u0107ajno-obrazovnog takmi\u010denja pod nazivom &#8220;Djeca u saobra\u0107aju 2015&#8221;.<\/p>\n<p>SRNA<\/p>\n","protected":false},"excerpt":{"rendered":"<p>Ekipa &#8220;\u010celinac jedan&#8221; Osnovne \u0161kole &#8220;Novak Piva\u0161evi\u0107&#8221; iz Stare Dubrave kod \u010celinca pobjednik je finalnog republi\u010dkog saobra\u0107ajno-obrazovnog takmi\u010denja &#8220;Djeca u saobra\u0107aju 2015&#8221;, koje je u organizaciji Auto\u2013moto saveza Republike Srpske [&hellip;]<\/p>\n","protected":false},"author":1,"featured_media":0,"comment_status":"closed","ping_status":"open","sticky":false,"template":"","format":"standard","meta":{"_monsterinsights_skip_tracking":false,"_monsterinsights_sitenote_active":false,"_monsterinsights_sitenote_note":"","_monsterinsights_sitenote_category":0,"footnotes":""},"categories":[8],"tags":[3645,3644,3646],"yoast_head":"<!-- This site is optimized with the Yoast SEO plugin v21.6 - https:\/\/yoast.com\/wordpress\/plugins\/seo\/ -->\n<title>ODR\u017dANO TAKMI\u010cENJE &quot;DJECA U SAOBRA\u0106AJU 2015&quot;: NAGRADA I ZA OSNOVCA IZ PRIJEDORA - PrijedorDanas.com - Prijedorski gradski portal<\/title>\n<meta name=\"robots\" content=\"index, follow, max-snippet:-1, max-image-preview:large, max-video-preview:-1\" \/>\n<link rel=\"canonical\" href=\"https:\/\/www.prijedordanas.com\/?p=23048\" \/>\n<meta property=\"og:locale\" content=\"en_US\" \/>\n<meta property=\"og:type\" content=\"article\" \/>\n<meta property=\"og:title\" content=\"ODR\u017dANO TAKMI\u010cENJE &quot;DJECA U SAOBRA\u0106AJU 2015&quot;: NAGRADA I ZA OSNOVCA IZ PRIJEDORA - PrijedorDanas.com - Prijedorski gradski portal\" \/>\n<meta property=\"og:description\" content=\"Ekipa &#8220;\u010celinac jedan&#8221; Osnovne \u0161kole &#8220;Novak Piva\u0161evi\u0107&#8221; iz Stare Dubrave kod \u010celinca pobjednik je finalnog republi\u010dkog saobra\u0107ajno-obrazovnog takmi\u010denja &#8220;Djeca u saobra\u0107aju 2015&#8221;, koje je u organizaciji Auto\u2013moto saveza Republike Srpske [&hellip;]\" \/>\n<meta property=\"og:url\" content=\"https:\/\/www.prijedordanas.com\/?p=23048\" \/>\n<meta property=\"og:site_name\" content=\"PrijedorDanas.com - Prijedorski gradski portal\" \/>\n<meta property=\"article:publisher\" content=\"https:\/\/www.facebook.com\/PrijedorDanasCom\/\" \/>\n<meta property=\"article:published_time\" content=\"2015-05-23T19:38:59+00:00\" \/>\n<meta property=\"og:image\" content=\"https:\/\/www.prijedordanas.com\/wp-content\/uploads\/2015\/05\/srna-teslic-djeca-u-saobracaju-300x200.jpg\" \/>\n<meta name=\"author\" content=\"admin\" \/>\n<meta name=\"twitter:card\" content=\"summary_large_image\" \/>\n<meta name=\"twitter:label1\" content=\"Written by\" \/>\n\t<meta name=\"twitter:data1\" content=\"admin\" \/>\n\t<meta name=\"twitter:label2\" content=\"Est. reading time\" \/>\n\t<meta name=\"twitter:data2\" content=\"4 minutes\" \/>\n<script type=\"application\/ld+json\" class=\"yoast-schema-graph\">{\"@context\":\"https:\/\/schema.org\",\"@graph\":[{\"@type\":\"Article\",\"@id\":\"https:\/\/www.prijedordanas.com\/?p=23048#article\",\"isPartOf\":{\"@id\":\"https:\/\/www.prijedordanas.com\/?p=23048\"},\"author\":{\"name\":\"admin\",\"@id\":\"https:\/\/www.prijedordanas.com\/#\/schema\/person\/4e08ccf29b506ca916ff86d46bb700e6\"},\"headline\":\"ODR\u017dANO TAKMI\u010cENJE &#8220;DJECA U SAOBRA\u0106AJU 2015&#8221;: NAGRADA I ZA OSNOVCA IZ PRIJEDORA\",\"datePublished\":\"2015-05-23T19:38:59+00:00\",\"dateModified\":\"2015-05-23T19:38:59+00:00\",\"mainEntityOfPage\":{\"@id\":\"https:\/\/www.prijedordanas.com\/?p=23048\"},\"wordCount\":853,\"publisher\":{\"@id\":\"https:\/\/www.prijedordanas.com\/#organization\"},\"keywords\":[\"Andrej Stojan\u010di\u0107\",\"Djeca u saobra\u0107aju 2015\",\"O\u0160 \\\"Desanka Maksimovi\u0107\\\"\"],\"articleSection\":[\"Svakodnevno\"],\"inLanguage\":\"en-US\"},{\"@type\":\"WebPage\",\"@id\":\"https:\/\/www.prijedordanas.com\/?p=23048\",\"url\":\"https:\/\/www.prijedordanas.com\/?p=23048\",\"name\":\"ODR\u017dANO TAKMI\u010cENJE \\\"DJECA U SAOBRA\u0106AJU 2015\\\": NAGRADA I ZA OSNOVCA IZ PRIJEDORA - PrijedorDanas.com - Prijedorski gradski portal\",\"isPartOf\":{\"@id\":\"https:\/\/www.prijedordanas.com\/#website\"},\"datePublished\":\"2015-05-23T19:38:59+00:00\",\"dateModified\":\"2015-05-23T19:38:59+00:00\",\"breadcrumb\":{\"@id\":\"https:\/\/www.prijedordanas.com\/?p=23048#breadcrumb\"},\"inLanguage\":\"en-US\",\"potentialAction\":[{\"@type\":\"ReadAction\",\"target\":[\"https:\/\/www.prijedordanas.com\/?p=23048\"]}]},{\"@type\":\"BreadcrumbList\",\"@id\":\"https:\/\/www.prijedordanas.com\/?p=23048#breadcrumb\",\"itemListElement\":[{\"@type\":\"ListItem\",\"position\":1,\"name\":\"Home\",\"item\":\"https:\/\/www.prijedordanas.com\/\"},{\"@type\":\"ListItem\",\"position\":2,\"name\":\"ODR\u017dANO TAKMI\u010cENJE &#8220;DJECA U SAOBRA\u0106AJU 2015&#8221;: NAGRADA I ZA OSNOVCA IZ PRIJEDORA\"}]},{\"@type\":\"WebSite\",\"@id\":\"https:\/\/www.prijedordanas.com\/#website\",\"url\":\"https:\/\/www.prijedordanas.com\/\",\"name\":\"PrijedorDanas.com - Prijedorski gradski portal\",\"description\":\"Portal o doga\u0111anjima u gradu Prijedoru\",\"publisher\":{\"@id\":\"https:\/\/www.prijedordanas.com\/#organization\"},\"potentialAction\":[{\"@type\":\"SearchAction\",\"target\":{\"@type\":\"EntryPoint\",\"urlTemplate\":\"https:\/\/www.prijedordanas.com\/?s={search_term_string}\"},\"query-input\":\"required name=search_term_string\"}],\"inLanguage\":\"en-US\"},{\"@type\":\"Organization\",\"@id\":\"https:\/\/www.prijedordanas.com\/#organization\",\"name\":\"PrijedorDanas.com\",\"url\":\"https:\/\/www.prijedordanas.com\/\",\"logo\":{\"@type\":\"ImageObject\",\"inLanguage\":\"en-US\",\"@id\":\"https:\/\/www.prijedordanas.com\/#\/schema\/logo\/image\/\",\"url\":\"http:\/\/www.prijedordanas.com\/wp-content\/uploads\/2021\/12\/logopng.png\",\"contentUrl\":\"http:\/\/www.prijedordanas.com\/wp-content\/uploads\/2021\/12\/logopng.png\",\"width\":1019,\"height\":776,\"caption\":\"PrijedorDanas.com\"},\"image\":{\"@id\":\"https:\/\/www.prijedordanas.com\/#\/schema\/logo\/image\/\"},\"sameAs\":[\"https:\/\/www.facebook.com\/PrijedorDanasCom\/\"]},{\"@type\":\"Person\",\"@id\":\"https:\/\/www.prijedordanas.com\/#\/schema\/person\/4e08ccf29b506ca916ff86d46bb700e6\",\"name\":\"admin\",\"image\":{\"@type\":\"ImageObject\",\"inLanguage\":\"en-US\",\"@id\":\"https:\/\/www.prijedordanas.com\/#\/schema\/person\/image\/\",\"url\":\"https:\/\/secure.gravatar.com\/avatar\/1d3fc949d550f0b53a5f0d51e06dfd79?s=96&d=mm&r=g\",\"contentUrl\":\"https:\/\/secure.gravatar.com\/avatar\/1d3fc949d550f0b53a5f0d51e06dfd79?s=96&d=mm&r=g\",\"caption\":\"admin\"},\"url\":\"https:\/\/www.prijedordanas.com\/?author=1\"}]}<\/script>\n<!-- \/ Yoast SEO plugin. -->","yoast_head_json":{"title":"ODR\u017dANO TAKMI\u010cENJE \"DJECA U SAOBRA\u0106AJU 2015\": NAGRADA I ZA OSNOVCA IZ PRIJEDORA - PrijedorDanas.com - Prijedorski gradski portal","robots":{"index":"index","follow":"follow","max-snippet":"max-snippet:-1","max-image-preview":"max-image-preview:large","max-video-preview":"max-video-preview:-1"},"canonical":"https:\/\/www.prijedordanas.com\/?p=23048","og_locale":"en_US","og_type":"article","og_title":"ODR\u017dANO TAKMI\u010cENJE \"DJECA U SAOBRA\u0106AJU 2015\": NAGRADA I ZA OSNOVCA IZ PRIJEDORA - PrijedorDanas.com - Prijedorski gradski portal","og_description":"Ekipa &#8220;\u010celinac jedan&#8221; Osnovne \u0161kole &#8220;Novak Piva\u0161evi\u0107&#8221; iz Stare Dubrave kod \u010celinca pobjednik je finalnog republi\u010dkog saobra\u0107ajno-obrazovnog takmi\u010denja &#8220;Djeca u saobra\u0107aju 2015&#8221;, koje je u organizaciji Auto\u2013moto saveza Republike Srpske [&hellip;]","og_url":"https:\/\/www.prijedordanas.com\/?p=23048","og_site_name":"PrijedorDanas.com - Prijedorski gradski portal","article_publisher":"https:\/\/www.facebook.com\/PrijedorDanasCom\/","article_published_time":"2015-05-23T19:38:59+00:00","og_image":[{"url":"https:\/\/www.prijedordanas.com\/wp-content\/uploads\/2015\/05\/srna-teslic-djeca-u-saobracaju-300x200.jpg"}],"author":"admin","twitter_card":"summary_large_image","twitter_misc":{"Written by":"admin","Est. reading time":"4 minutes"},"schema":{"@context":"https:\/\/schema.org","@graph":[{"@type":"Article","@id":"https:\/\/www.prijedordanas.com\/?p=23048#article","isPartOf":{"@id":"https:\/\/www.prijedordanas.com\/?p=23048"},"author":{"name":"admin","@id":"https:\/\/www.prijedordanas.com\/#\/schema\/person\/4e08ccf29b506ca916ff86d46bb700e6"},"headline":"ODR\u017dANO TAKMI\u010cENJE &#8220;DJECA U SAOBRA\u0106AJU 2015&#8221;: NAGRADA I ZA OSNOVCA IZ PRIJEDORA","datePublished":"2015-05-23T19:38:59+00:00","dateModified":"2015-05-23T19:38:59+00:00","mainEntityOfPage":{"@id":"https:\/\/www.prijedordanas.com\/?p=23048"},"wordCount":853,"publisher":{"@id":"https:\/\/www.prijedordanas.com\/#organization"},"keywords":["Andrej Stojan\u010di\u0107","Djeca u saobra\u0107aju 2015","O\u0160 \"Desanka Maksimovi\u0107\""],"articleSection":["Svakodnevno"],"inLanguage":"en-US"},{"@type":"WebPage","@id":"https:\/\/www.prijedordanas.com\/?p=23048","url":"https:\/\/www.prijedordanas.com\/?p=23048","name":"ODR\u017dANO TAKMI\u010cENJE \"DJECA U SAOBRA\u0106AJU 2015\": NAGRADA I ZA OSNOVCA IZ PRIJEDORA - PrijedorDanas.com - Prijedorski gradski portal","isPartOf":{"@id":"https:\/\/www.prijedordanas.com\/#website"},"datePublished":"2015-05-23T19:38:59+00:00","dateModified":"2015-05-23T19:38:59+00:00","breadcrumb":{"@id":"https:\/\/www.prijedordanas.com\/?p=23048#breadcrumb"},"inLanguage":"en-US","potentialAction":[{"@type":"ReadAction","target":["https:\/\/www.prijedordanas.com\/?p=23048"]}]},{"@type":"BreadcrumbList","@id":"https:\/\/www.prijedordanas.com\/?p=23048#breadcrumb","itemListElement":[{"@type":"ListItem","position":1,"name":"Home","item":"https:\/\/www.prijedordanas.com\/"},{"@type":"ListItem","position":2,"name":"ODR\u017dANO TAKMI\u010cENJE &#8220;DJECA U SAOBRA\u0106AJU 2015&#8221;: NAGRADA I ZA OSNOVCA IZ PRIJEDORA"}]},{"@type":"WebSite","@id":"https:\/\/www.prijedordanas.com\/#website","url":"https:\/\/www.prijedordanas.com\/","name":"PrijedorDanas.com - Prijedorski gradski portal","description":"Portal o doga\u0111anjima u gradu Prijedoru","publisher":{"@id":"https:\/\/www.prijedordanas.com\/#organization"},"potentialAction":[{"@type":"SearchAction","target":{"@type":"EntryPoint","urlTemplate":"https:\/\/www.prijedordanas.com\/?s={search_term_string}"},"query-input":"required name=search_term_string"}],"inLanguage":"en-US"},{"@type":"Organization","@id":"https:\/\/www.prijedordanas.com\/#organization","name":"PrijedorDanas.com","url":"https:\/\/www.prijedordanas.com\/","logo":{"@type":"ImageObject","inLanguage":"en-US","@id":"https:\/\/www.prijedordanas.com\/#\/schema\/logo\/image\/","url":"http:\/\/www.prijedordanas.com\/wp-content\/uploads\/2021\/12\/logopng.png","contentUrl":"http:\/\/www.prijedordanas.com\/wp-content\/uploads\/2021\/12\/logopng.png","width":1019,"height":776,"caption":"PrijedorDanas.com"},"image":{"@id":"https:\/\/www.prijedordanas.com\/#\/schema\/logo\/image\/"},"sameAs":["https:\/\/www.facebook.com\/PrijedorDanasCom\/"]},{"@type":"Person","@id":"https:\/\/www.prijedordanas.com\/#\/schema\/person\/4e08ccf29b506ca916ff86d46bb700e6","name":"admin","image":{"@type":"ImageObject","inLanguage":"en-US","@id":"https:\/\/www.prijedordanas.com\/#\/schema\/person\/image\/","url":"https:\/\/secure.gravatar.com\/avatar\/1d3fc949d550f0b53a5f0d51e06dfd79?s=96&d=mm&r=g","contentUrl":"https:\/\/secure.gravatar.com\/avatar\/1d3fc949d550f0b53a5f0d51e06dfd79?s=96&d=mm&r=g","caption":"admin"},"url":"https:\/\/www.prijedordanas.com\/?author=1"}]}},"_links":{"self":[{"href":"https:\/\/www.prijedordanas.com\/index.php?rest_route=\/wp\/v2\/posts\/23048"}],"collection":[{"href":"https:\/\/www.prijedordanas.com\/index.php?rest_route=\/wp\/v2\/posts"}],"about":[{"href":"https:\/\/www.prijedordanas.com\/index.php?rest_route=\/wp\/v2\/types\/post"}],"author":[{"embeddable":true,"href":"https:\/\/www.prijedordanas.com\/index.php?rest_route=\/wp\/v2\/users\/1"}],"replies":[{"embeddable":true,"href":"https:\/\/www.prijedordanas.com\/index.php?rest_route=%2Fwp%2Fv2%2Fcomments&post=23048"}],"version-history":[{"count":1,"href":"https:\/\/www.prijedordanas.com\/index.php?rest_route=\/wp\/v2\/posts\/23048\/revisions"}],"predecessor-version":[{"id":23050,"href":"https:\/\/www.prijedordanas.com\/index.php?rest_route=\/wp\/v2\/posts\/23048\/revisions\/23050"}],"wp:attachment":[{"href":"https:\/\/www.prijedordanas.com\/index.php?rest_route=%2Fwp%2Fv2%2Fmedia&parent=23048"}],"wp:term":[{"taxonomy":"category","embeddable":true,"href":"https:\/\/www.prijedordanas.com\/index.php?rest_route=%2Fwp%2Fv2%2Fcategories&post=23048"},{"taxonomy":"post_tag","embeddable":true,"href":"https:\/\/www.prijedordanas.com\/index.php?rest_route=%2Fwp%2Fv2%2Ftags&post=23048"}],"curies":[{"name":"wp","href":"https:\/\/api.w.org\/{rel}","templated":true}]}}