{"id":230347,"date":"2024-07-19T20:16:49","date_gmt":"2024-07-19T18:16:49","guid":{"rendered":"https:\/\/www.prijedordanas.com\/?p=230347"},"modified":"2024-07-19T20:16:49","modified_gmt":"2024-07-19T18:16:49","slug":"u-gornjem-jelovcu-kod-prijedora-obiljezen-dan-sjecanja-na-djecu-ubijenu-u-ndh-istina-se-mora-cuti-foto-video","status":"publish","type":"post","link":"https:\/\/www.prijedordanas.com\/?p=230347","title":{"rendered":"U Gornjem Jelovcu kod Prijedora obilje\u017een Dan sje\u0107anja na djecu ubijenu u NDH: Istina se mora \u010duti &#8211; FOTO\/VIDEO"},"content":{"rendered":"<p><a href=\"https:\/\/www.prijedordanas.com\/wp-content\/uploads\/2024\/07\/dan-djecanja-na-djecu-ubijenu-u-ndh-by-borislav-zdrinja-1.jpg\"><img loading=\"lazy\" decoding=\"async\" class=\"alignleft size-medium wp-image-230348\" src=\"https:\/\/www.prijedordanas.com\/wp-content\/uploads\/2024\/07\/dan-djecanja-na-djecu-ubijenu-u-ndh-by-borislav-zdrinja-1-300x225.jpg\" alt=\"\" width=\"300\" height=\"225\" srcset=\"https:\/\/www.prijedordanas.com\/wp-content\/uploads\/2024\/07\/dan-djecanja-na-djecu-ubijenu-u-ndh-by-borislav-zdrinja-1-300x225.jpg 300w, https:\/\/www.prijedordanas.com\/wp-content\/uploads\/2024\/07\/dan-djecanja-na-djecu-ubijenu-u-ndh-by-borislav-zdrinja-1-640x480.jpg 640w, https:\/\/www.prijedordanas.com\/wp-content\/uploads\/2024\/07\/dan-djecanja-na-djecu-ubijenu-u-ndh-by-borislav-zdrinja-1.jpg 667w\" sizes=\"(max-width: 300px) 100vw, 300px\" \/><\/a>Dan sje\u0107anja na djecu ubijenu tokom genocida nad Srbima, \u0408evrejima i Romima u Nezavisnoj Dr\u017eavi Hrvatskoj obilje\u017een je u Gornjem \u0408elovcu kod Prijedora.<\/p>\n<p>Na spomen-obilje\u017eju u zaseoku Macure, slu\u017een je pomen.<\/p>\n<p>Vi\u0161e delegacija polo\u017eilo je i vijence na spomenik.<\/p>\n<p>Vijence su polo\u017eili predsjednik Republike Srpske Milorad Dodik, izaslanici srpskog \u010dlana Predsjedni\u0161tva BiH i predsjednika Narodne skup\u0161tine Republike Srpske, ministar rada i bora\u010dko-invalidske za\u0161tite Srpske Danijel Egi\u0107, predstavnici ambasade Srbije u BiH.<\/p>\n<p>Na spomenik su vijence polo\u017eili i predstavnici SUBNOR-a, udru\u017eenja koja ba\u0161tine sje\u0107anja na \u017ertve usta\u0161kih zlo\u010dina u Drugom svjetskom ratu, Organizacije porodica poginulih i zarobljenih boraca i nestalih civila, Bora\u010dke organizacije, udru\u017eenja ratnih vojnih invalida, veterana i starje\u0161ina Vojske Republike Srpske, udru\u017eenja amputiraca UDAS, \u017eena \u017ertava rada i civilnih \u017ertava, Tre\u0107eg pje\u0161adijskog Republika Srpska puka, Republi\u010dkog centra za istra\u017eivanje rata, ratnih zlo\u010dina i tra\u017eenje nestalih lica i vi\u0161e gradova i op\u0161tina Potkozarja.<\/p>\n<p><a href=\"https:\/\/www.prijedordanas.com\/wp-content\/uploads\/2024\/07\/dan-djecanja-na-djecu-ubijenu-u-ndh-by-borislav-zdrinja-4.jpg\"><img loading=\"lazy\" decoding=\"async\" class=\"alignleft size-medium wp-image-230349\" src=\"https:\/\/www.prijedordanas.com\/wp-content\/uploads\/2024\/07\/dan-djecanja-na-djecu-ubijenu-u-ndh-by-borislav-zdrinja-4-300x225.jpg\" alt=\"\" width=\"300\" height=\"225\" srcset=\"https:\/\/www.prijedordanas.com\/wp-content\/uploads\/2024\/07\/dan-djecanja-na-djecu-ubijenu-u-ndh-by-borislav-zdrinja-4-300x225.jpg 300w, https:\/\/www.prijedordanas.com\/wp-content\/uploads\/2024\/07\/dan-djecanja-na-djecu-ubijenu-u-ndh-by-borislav-zdrinja-4-640x480.jpg 640w, https:\/\/www.prijedordanas.com\/wp-content\/uploads\/2024\/07\/dan-djecanja-na-djecu-ubijenu-u-ndh-by-borislav-zdrinja-4.jpg 667w\" sizes=\"(max-width: 300px) 100vw, 300px\" \/><\/a>Predsjednik Republike Srpske Milorad Dodik rekao je da je pogubna politika bratstva i jedinstva dovela do dodatnog stradanja srpskog naroda.<\/p>\n<p>Dodik je u Macurama kod Prijedora ukazao na potrebu da se nikad ne zaboravi stradanje djece na ovim prostorima, navode\u0107i da se postavlja pitanje kako je mogu\u0107e da je srpski narod opstao.<\/p>\n<p>Upitao je i \u0161ta su Srbima u\u010dinili da se 50 godina ne sje\u0107aju, da puste da grobovi zarastu u korov, da se ne govori o srpskom stradanju, patnji, i to samo zato \u0161to to nije bilo korektno prema onima koji su u\u010dinili ta zlodjela, pobili srpski narod, djecu.<\/p>\n<p>Dodik je istakao da na mnogim mjestima nije bilo ni porodica niti majki da oplakuju svoju ubijenu djecu.<\/p>\n<p><a href=\"https:\/\/www.prijedordanas.com\/wp-content\/uploads\/2024\/07\/dan-djecanja-na-djecu-ubijenu-u-ndh-by-borislav-zdrinja-2.jpg\"><img loading=\"lazy\" decoding=\"async\" class=\"alignleft size-medium wp-image-230350\" src=\"https:\/\/www.prijedordanas.com\/wp-content\/uploads\/2024\/07\/dan-djecanja-na-djecu-ubijenu-u-ndh-by-borislav-zdrinja-2-300x200.jpg\" alt=\"\" width=\"300\" height=\"200\" srcset=\"https:\/\/www.prijedordanas.com\/wp-content\/uploads\/2024\/07\/dan-djecanja-na-djecu-ubijenu-u-ndh-by-borislav-zdrinja-2-300x200.jpg 300w, https:\/\/www.prijedordanas.com\/wp-content\/uploads\/2024\/07\/dan-djecanja-na-djecu-ubijenu-u-ndh-by-borislav-zdrinja-2-480x320.jpg 480w, https:\/\/www.prijedordanas.com\/wp-content\/uploads\/2024\/07\/dan-djecanja-na-djecu-ubijenu-u-ndh-by-borislav-zdrinja-2.jpg 600w\" sizes=\"(max-width: 300px) 100vw, 300px\" \/><\/a>Gradona\u010delnik Prijedora Slobodan \u0408avor izjavio je da je mnogima u biv\u0161oj \u0408ugoslaviji odgovaralo da se \u0107uti o zlo\u010dinu nad srpskom djecom u NDH-a, ali da ove generacije \u017eele da se o tome govori.<\/p>\n<p>&#8211; Dugo godina nakon Drugog svjetskog rata u mjestu Macure kod Prijedora nije se \u010duo pla\u010d djeteta jer usta\u0161e iz NDH nisu bili ljudi nego monstrumi koji nisu birali vrijeme, mjesto, ni na\u010din da ubijaju srpsko stanovni\u0161tvo. Ovdje su uga\u0161ena mnoga ognji\u0161ta, uni\u0161tene mnoge porodice, ali se ne smije dozvoliti da Srba nestane. Zato mi prisutni i te kako o tome ne \u017eelimo da \u0107utimo, \u017eelimo da se o ovome \u010duje. Usvajaju se razne rezolucije i usvajaju ih upravo oni koji su u Drugom svjetskom ratu \u010dinili najve\u0107e zlo\u010dine &#8211; poru\u010dio je \u0408avor.<\/p>\n<p>Gradona\u010delnik Prijedora dodao je da su &#8220;Srbi pre\u017eivjeli mnoge neda\u0107e i da je obaveza prisje\u0107ati se ovog gnusnog zlo\u010dina&#8221;.<\/p>\n<p><a href=\"https:\/\/www.prijedordanas.com\/wp-content\/uploads\/2024\/07\/dan-djecanja-na-djecu-ubijenu-u-ndh-by-borislav-zdrinja-3.jpg\"><img loading=\"lazy\" decoding=\"async\" src=\"https:\/\/www.prijedordanas.com\/wp-content\/uploads\/2024\/07\/dan-djecanja-na-djecu-ubijenu-u-ndh-by-borislav-zdrinja-3-300x200.jpg\" alt=\"\" width=\"300\" height=\"200\" class=\"alignleft size-medium wp-image-230351\" srcset=\"https:\/\/www.prijedordanas.com\/wp-content\/uploads\/2024\/07\/dan-djecanja-na-djecu-ubijenu-u-ndh-by-borislav-zdrinja-3-300x200.jpg 300w, https:\/\/www.prijedordanas.com\/wp-content\/uploads\/2024\/07\/dan-djecanja-na-djecu-ubijenu-u-ndh-by-borislav-zdrinja-3-480x320.jpg 480w, https:\/\/www.prijedordanas.com\/wp-content\/uploads\/2024\/07\/dan-djecanja-na-djecu-ubijenu-u-ndh-by-borislav-zdrinja-3.jpg 600w\" sizes=\"(max-width: 300px) 100vw, 300px\" \/><\/a>&#8211; Vidite kako poku\u0161avaju da degradiraju na\u0161e institucije. Moramo da budemo slo\u017eni. Srpsko jedinstvo nas je sa\u010duvalo kroz istoriju. To je jedino \u0161to nas mo\u017ee sa\u010duvati i u budu\u0107nosti. Mir, su\u017eivot, maksimalno uva\u017eavanje, po\u0161tovanje jednih i drugih, svih konstitutivnih naroda i svih nacionalnih manjina nemaju alternativu &#8211; rekao je \u0408avor.<\/p>\n<p>On je poru\u010dio da &#8220;\u017eelimo da \u017eivimo zajedno, u slozi&#8221;.<\/p>\n<p>&#8211; Ali, moraju da znaju da ne damo svoju istoriju. Moramo da u\u010dimo na\u0161e potomke, na\u0161e budu\u0107e generacije, da znaju i da pamte na\u0161u te\u0161ku istoriju, na\u0161e \u017ertve &#8211; istakao je \u0408avor.<\/p>\n<p>Istori\u010dar Vedrana Adamovi\u0107 istakla je danas da je jedna od najsurovijih genocidih aktivnosti u NDH bilo postupanje prema djeci s Kozare.<\/p>\n<p>Ona je podsjetila da su u NDH 12. jula 1942. godine, odlukom Ante Paveli\u0107a, otvorena tri posebna logora za partizansku djecu &#8211; Gornja Rijeka kod Kri\u017eevaca, \u0408astrebarsko i Sisak.<\/p>\n<p>Adamovi\u0107eva je, obra\u0107aju\u0107i se okupljenima u Macurama kod Prijedora na obilje\u017eavanju Dana sje\u0107anja na djecu ubijenu tokom genocida nad Srbima, \u0408evrejima i Romima u NDH od 1941. do 1945. godine, rekla da je samo kroz Sisak pro\u0161lo 6.693 djece, od kojih je za \u010detiri mjeseca umrlo 1.631, naj\u010de\u0161\u0107e sa brojem oko vrata.<\/p>\n<p>U NDH je ubijeno je najmanje 74.000 srpske djece u dobi do 14 godina.<\/p>\n<p>Tokom njema\u010dke ofanzive na Kozaru, u ljeto 1942. godine, u Gornjem \u0408elovcu i Macurama, ubijeno je 312 Srba iz vi\u0161e potkozarskih sela, me\u0111u kojima i petoro djece do 14. godina.<\/p>\n<p>Obilje\u017eavanje stradanja je od republi\u010dkog zna\u010daja, koji je organizovao Odbor Vlade Republike Srpske za njegovanje tradicije oslobodila\u010dkih ratova.<\/p>\n<p>RTRS<\/p>\n<p><iframe loading=\"lazy\" title=\"Obilje\u017een Dan sje\u0107anja na djecu ubijenu u NDH; Istina se mora \u010duti\" width=\"500\" height=\"281\" src=\"https:\/\/www.youtube.com\/embed\/aU169OxuxEQ?feature=oembed\" frameborder=\"0\" allow=\"accelerometer; autoplay; clipboard-write; encrypted-media; gyroscope; picture-in-picture; web-share\" referrerpolicy=\"strict-origin-when-cross-origin\" allowfullscreen><\/iframe><\/p>\n","protected":false},"excerpt":{"rendered":"<p>Dan sje\u0107anja na djecu ubijenu tokom genocida nad Srbima, \u0408evrejima i Romima u Nezavisnoj Dr\u017eavi Hrvatskoj obilje\u017een je u Gornjem \u0408elovcu kod Prijedora. Na spomen-obilje\u017eju u zaseoku Macure, slu\u017een je [&hellip;]<\/p>\n","protected":false},"author":1,"featured_media":0,"comment_status":"closed","ping_status":"open","sticky":false,"template":"","format":"standard","meta":{"_monsterinsights_skip_tracking":false,"_monsterinsights_sitenote_active":false,"_monsterinsights_sitenote_note":"","_monsterinsights_sitenote_category":0,"footnotes":""},"categories":[8],"tags":[],"yoast_head":"<!-- This site is optimized with the Yoast SEO plugin v21.6 - https:\/\/yoast.com\/wordpress\/plugins\/seo\/ -->\n<title>U Gornjem Jelovcu kod Prijedora obilje\u017een Dan sje\u0107anja na djecu ubijenu u NDH: Istina se mora \u010duti - FOTO\/VIDEO - PrijedorDanas.com - Prijedorski gradski portal<\/title>\n<meta name=\"robots\" content=\"index, follow, max-snippet:-1, max-image-preview:large, max-video-preview:-1\" \/>\n<link rel=\"canonical\" href=\"https:\/\/www.prijedordanas.com\/?p=230347\" \/>\n<meta property=\"og:locale\" content=\"en_US\" \/>\n<meta property=\"og:type\" content=\"article\" \/>\n<meta property=\"og:title\" content=\"U Gornjem Jelovcu kod Prijedora obilje\u017een Dan sje\u0107anja na djecu ubijenu u NDH: Istina se mora \u010duti - FOTO\/VIDEO - PrijedorDanas.com - Prijedorski gradski portal\" \/>\n<meta property=\"og:description\" content=\"Dan sje\u0107anja na djecu ubijenu tokom genocida nad Srbima, \u0408evrejima i Romima u Nezavisnoj Dr\u017eavi Hrvatskoj obilje\u017een je u Gornjem \u0408elovcu kod Prijedora. Na spomen-obilje\u017eju u zaseoku Macure, slu\u017een je [&hellip;]\" \/>\n<meta property=\"og:url\" content=\"https:\/\/www.prijedordanas.com\/?p=230347\" \/>\n<meta property=\"og:site_name\" content=\"PrijedorDanas.com - Prijedorski gradski portal\" \/>\n<meta property=\"article:publisher\" content=\"https:\/\/www.facebook.com\/PrijedorDanasCom\/\" \/>\n<meta property=\"article:published_time\" content=\"2024-07-19T18:16:49+00:00\" \/>\n<meta property=\"og:image\" content=\"https:\/\/www.prijedordanas.com\/wp-content\/uploads\/2024\/07\/dan-djecanja-na-djecu-ubijenu-u-ndh-by-borislav-zdrinja-1-300x225.jpg\" \/>\n<meta name=\"author\" content=\"admin\" \/>\n<meta name=\"twitter:card\" content=\"summary_large_image\" \/>\n<meta name=\"twitter:label1\" content=\"Written by\" \/>\n\t<meta name=\"twitter:data1\" content=\"admin\" \/>\n\t<meta name=\"twitter:label2\" content=\"Est. reading time\" \/>\n\t<meta name=\"twitter:data2\" content=\"4 minutes\" \/>\n<script type=\"application\/ld+json\" class=\"yoast-schema-graph\">{\"@context\":\"https:\/\/schema.org\",\"@graph\":[{\"@type\":\"Article\",\"@id\":\"https:\/\/www.prijedordanas.com\/?p=230347#article\",\"isPartOf\":{\"@id\":\"https:\/\/www.prijedordanas.com\/?p=230347\"},\"author\":{\"name\":\"admin\",\"@id\":\"https:\/\/www.prijedordanas.com\/#\/schema\/person\/4e08ccf29b506ca916ff86d46bb700e6\"},\"headline\":\"U Gornjem Jelovcu kod Prijedora obilje\u017een Dan sje\u0107anja na djecu ubijenu u NDH: Istina se mora \u010duti &#8211; FOTO\/VIDEO\",\"datePublished\":\"2024-07-19T18:16:49+00:00\",\"dateModified\":\"2024-07-19T18:16:49+00:00\",\"mainEntityOfPage\":{\"@id\":\"https:\/\/www.prijedordanas.com\/?p=230347\"},\"wordCount\":771,\"publisher\":{\"@id\":\"https:\/\/www.prijedordanas.com\/#organization\"},\"articleSection\":[\"Svakodnevno\"],\"inLanguage\":\"en-US\"},{\"@type\":\"WebPage\",\"@id\":\"https:\/\/www.prijedordanas.com\/?p=230347\",\"url\":\"https:\/\/www.prijedordanas.com\/?p=230347\",\"name\":\"U Gornjem Jelovcu kod Prijedora obilje\u017een Dan sje\u0107anja na djecu ubijenu u NDH: Istina se mora \u010duti - FOTO\/VIDEO - PrijedorDanas.com - Prijedorski gradski portal\",\"isPartOf\":{\"@id\":\"https:\/\/www.prijedordanas.com\/#website\"},\"datePublished\":\"2024-07-19T18:16:49+00:00\",\"dateModified\":\"2024-07-19T18:16:49+00:00\",\"breadcrumb\":{\"@id\":\"https:\/\/www.prijedordanas.com\/?p=230347#breadcrumb\"},\"inLanguage\":\"en-US\",\"potentialAction\":[{\"@type\":\"ReadAction\",\"target\":[\"https:\/\/www.prijedordanas.com\/?p=230347\"]}]},{\"@type\":\"BreadcrumbList\",\"@id\":\"https:\/\/www.prijedordanas.com\/?p=230347#breadcrumb\",\"itemListElement\":[{\"@type\":\"ListItem\",\"position\":1,\"name\":\"Home\",\"item\":\"https:\/\/www.prijedordanas.com\/\"},{\"@type\":\"ListItem\",\"position\":2,\"name\":\"U Gornjem Jelovcu kod Prijedora obilje\u017een Dan sje\u0107anja na djecu ubijenu u NDH: Istina se mora \u010duti &#8211; FOTO\/VIDEO\"}]},{\"@type\":\"WebSite\",\"@id\":\"https:\/\/www.prijedordanas.com\/#website\",\"url\":\"https:\/\/www.prijedordanas.com\/\",\"name\":\"PrijedorDanas.com - Prijedorski gradski portal\",\"description\":\"Portal o doga\u0111anjima u gradu Prijedoru\",\"publisher\":{\"@id\":\"https:\/\/www.prijedordanas.com\/#organization\"},\"potentialAction\":[{\"@type\":\"SearchAction\",\"target\":{\"@type\":\"EntryPoint\",\"urlTemplate\":\"https:\/\/www.prijedordanas.com\/?s={search_term_string}\"},\"query-input\":\"required name=search_term_string\"}],\"inLanguage\":\"en-US\"},{\"@type\":\"Organization\",\"@id\":\"https:\/\/www.prijedordanas.com\/#organization\",\"name\":\"PrijedorDanas.com\",\"url\":\"https:\/\/www.prijedordanas.com\/\",\"logo\":{\"@type\":\"ImageObject\",\"inLanguage\":\"en-US\",\"@id\":\"https:\/\/www.prijedordanas.com\/#\/schema\/logo\/image\/\",\"url\":\"http:\/\/www.prijedordanas.com\/wp-content\/uploads\/2021\/12\/logopng.png\",\"contentUrl\":\"http:\/\/www.prijedordanas.com\/wp-content\/uploads\/2021\/12\/logopng.png\",\"width\":1019,\"height\":776,\"caption\":\"PrijedorDanas.com\"},\"image\":{\"@id\":\"https:\/\/www.prijedordanas.com\/#\/schema\/logo\/image\/\"},\"sameAs\":[\"https:\/\/www.facebook.com\/PrijedorDanasCom\/\"]},{\"@type\":\"Person\",\"@id\":\"https:\/\/www.prijedordanas.com\/#\/schema\/person\/4e08ccf29b506ca916ff86d46bb700e6\",\"name\":\"admin\",\"image\":{\"@type\":\"ImageObject\",\"inLanguage\":\"en-US\",\"@id\":\"https:\/\/www.prijedordanas.com\/#\/schema\/person\/image\/\",\"url\":\"https:\/\/secure.gravatar.com\/avatar\/1d3fc949d550f0b53a5f0d51e06dfd79?s=96&d=mm&r=g\",\"contentUrl\":\"https:\/\/secure.gravatar.com\/avatar\/1d3fc949d550f0b53a5f0d51e06dfd79?s=96&d=mm&r=g\",\"caption\":\"admin\"},\"url\":\"https:\/\/www.prijedordanas.com\/?author=1\"}]}<\/script>\n<!-- \/ Yoast SEO plugin. -->","yoast_head_json":{"title":"U Gornjem Jelovcu kod Prijedora obilje\u017een Dan sje\u0107anja na djecu ubijenu u NDH: Istina se mora \u010duti - FOTO\/VIDEO - PrijedorDanas.com - Prijedorski gradski portal","robots":{"index":"index","follow":"follow","max-snippet":"max-snippet:-1","max-image-preview":"max-image-preview:large","max-video-preview":"max-video-preview:-1"},"canonical":"https:\/\/www.prijedordanas.com\/?p=230347","og_locale":"en_US","og_type":"article","og_title":"U Gornjem Jelovcu kod Prijedora obilje\u017een Dan sje\u0107anja na djecu ubijenu u NDH: Istina se mora \u010duti - FOTO\/VIDEO - PrijedorDanas.com - Prijedorski gradski portal","og_description":"Dan sje\u0107anja na djecu ubijenu tokom genocida nad Srbima, \u0408evrejima i Romima u Nezavisnoj Dr\u017eavi Hrvatskoj obilje\u017een je u Gornjem \u0408elovcu kod Prijedora. Na spomen-obilje\u017eju u zaseoku Macure, slu\u017een je [&hellip;]","og_url":"https:\/\/www.prijedordanas.com\/?p=230347","og_site_name":"PrijedorDanas.com - Prijedorski gradski portal","article_publisher":"https:\/\/www.facebook.com\/PrijedorDanasCom\/","article_published_time":"2024-07-19T18:16:49+00:00","og_image":[{"url":"https:\/\/www.prijedordanas.com\/wp-content\/uploads\/2024\/07\/dan-djecanja-na-djecu-ubijenu-u-ndh-by-borislav-zdrinja-1-300x225.jpg"}],"author":"admin","twitter_card":"summary_large_image","twitter_misc":{"Written by":"admin","Est. reading time":"4 minutes"},"schema":{"@context":"https:\/\/schema.org","@graph":[{"@type":"Article","@id":"https:\/\/www.prijedordanas.com\/?p=230347#article","isPartOf":{"@id":"https:\/\/www.prijedordanas.com\/?p=230347"},"author":{"name":"admin","@id":"https:\/\/www.prijedordanas.com\/#\/schema\/person\/4e08ccf29b506ca916ff86d46bb700e6"},"headline":"U Gornjem Jelovcu kod Prijedora obilje\u017een Dan sje\u0107anja na djecu ubijenu u NDH: Istina se mora \u010duti &#8211; FOTO\/VIDEO","datePublished":"2024-07-19T18:16:49+00:00","dateModified":"2024-07-19T18:16:49+00:00","mainEntityOfPage":{"@id":"https:\/\/www.prijedordanas.com\/?p=230347"},"wordCount":771,"publisher":{"@id":"https:\/\/www.prijedordanas.com\/#organization"},"articleSection":["Svakodnevno"],"inLanguage":"en-US"},{"@type":"WebPage","@id":"https:\/\/www.prijedordanas.com\/?p=230347","url":"https:\/\/www.prijedordanas.com\/?p=230347","name":"U Gornjem Jelovcu kod Prijedora obilje\u017een Dan sje\u0107anja na djecu ubijenu u NDH: Istina se mora \u010duti - FOTO\/VIDEO - PrijedorDanas.com - Prijedorski gradski portal","isPartOf":{"@id":"https:\/\/www.prijedordanas.com\/#website"},"datePublished":"2024-07-19T18:16:49+00:00","dateModified":"2024-07-19T18:16:49+00:00","breadcrumb":{"@id":"https:\/\/www.prijedordanas.com\/?p=230347#breadcrumb"},"inLanguage":"en-US","potentialAction":[{"@type":"ReadAction","target":["https:\/\/www.prijedordanas.com\/?p=230347"]}]},{"@type":"BreadcrumbList","@id":"https:\/\/www.prijedordanas.com\/?p=230347#breadcrumb","itemListElement":[{"@type":"ListItem","position":1,"name":"Home","item":"https:\/\/www.prijedordanas.com\/"},{"@type":"ListItem","position":2,"name":"U Gornjem Jelovcu kod Prijedora obilje\u017een Dan sje\u0107anja na djecu ubijenu u NDH: Istina se mora \u010duti &#8211; FOTO\/VIDEO"}]},{"@type":"WebSite","@id":"https:\/\/www.prijedordanas.com\/#website","url":"https:\/\/www.prijedordanas.com\/","name":"PrijedorDanas.com - Prijedorski gradski portal","description":"Portal o doga\u0111anjima u gradu Prijedoru","publisher":{"@id":"https:\/\/www.prijedordanas.com\/#organization"},"potentialAction":[{"@type":"SearchAction","target":{"@type":"EntryPoint","urlTemplate":"https:\/\/www.prijedordanas.com\/?s={search_term_string}"},"query-input":"required name=search_term_string"}],"inLanguage":"en-US"},{"@type":"Organization","@id":"https:\/\/www.prijedordanas.com\/#organization","name":"PrijedorDanas.com","url":"https:\/\/www.prijedordanas.com\/","logo":{"@type":"ImageObject","inLanguage":"en-US","@id":"https:\/\/www.prijedordanas.com\/#\/schema\/logo\/image\/","url":"http:\/\/www.prijedordanas.com\/wp-content\/uploads\/2021\/12\/logopng.png","contentUrl":"http:\/\/www.prijedordanas.com\/wp-content\/uploads\/2021\/12\/logopng.png","width":1019,"height":776,"caption":"PrijedorDanas.com"},"image":{"@id":"https:\/\/www.prijedordanas.com\/#\/schema\/logo\/image\/"},"sameAs":["https:\/\/www.facebook.com\/PrijedorDanasCom\/"]},{"@type":"Person","@id":"https:\/\/www.prijedordanas.com\/#\/schema\/person\/4e08ccf29b506ca916ff86d46bb700e6","name":"admin","image":{"@type":"ImageObject","inLanguage":"en-US","@id":"https:\/\/www.prijedordanas.com\/#\/schema\/person\/image\/","url":"https:\/\/secure.gravatar.com\/avatar\/1d3fc949d550f0b53a5f0d51e06dfd79?s=96&d=mm&r=g","contentUrl":"https:\/\/secure.gravatar.com\/avatar\/1d3fc949d550f0b53a5f0d51e06dfd79?s=96&d=mm&r=g","caption":"admin"},"url":"https:\/\/www.prijedordanas.com\/?author=1"}]}},"_links":{"self":[{"href":"https:\/\/www.prijedordanas.com\/index.php?rest_route=\/wp\/v2\/posts\/230347"}],"collection":[{"href":"https:\/\/www.prijedordanas.com\/index.php?rest_route=\/wp\/v2\/posts"}],"about":[{"href":"https:\/\/www.prijedordanas.com\/index.php?rest_route=\/wp\/v2\/types\/post"}],"author":[{"embeddable":true,"href":"https:\/\/www.prijedordanas.com\/index.php?rest_route=\/wp\/v2\/users\/1"}],"replies":[{"embeddable":true,"href":"https:\/\/www.prijedordanas.com\/index.php?rest_route=%2Fwp%2Fv2%2Fcomments&post=230347"}],"version-history":[{"count":1,"href":"https:\/\/www.prijedordanas.com\/index.php?rest_route=\/wp\/v2\/posts\/230347\/revisions"}],"predecessor-version":[{"id":230352,"href":"https:\/\/www.prijedordanas.com\/index.php?rest_route=\/wp\/v2\/posts\/230347\/revisions\/230352"}],"wp:attachment":[{"href":"https:\/\/www.prijedordanas.com\/index.php?rest_route=%2Fwp%2Fv2%2Fmedia&parent=230347"}],"wp:term":[{"taxonomy":"category","embeddable":true,"href":"https:\/\/www.prijedordanas.com\/index.php?rest_route=%2Fwp%2Fv2%2Fcategories&post=230347"},{"taxonomy":"post_tag","embeddable":true,"href":"https:\/\/www.prijedordanas.com\/index.php?rest_route=%2Fwp%2Fv2%2Ftags&post=230347"}],"curies":[{"name":"wp","href":"https:\/\/api.w.org\/{rel}","templated":true}]}}