{"id":229809,"date":"2024-07-12T19:06:15","date_gmt":"2024-07-12T17:06:15","guid":{"rendered":"https:\/\/www.prijedordanas.com\/?p=229809"},"modified":"2024-07-12T19:06:15","modified_gmt":"2024-07-12T17:06:15","slug":"otvorena-izlozba-slika-dragana-stupara-video","status":"publish","type":"post","link":"https:\/\/www.prijedordanas.com\/?p=229809","title":{"rendered":"Otvorena izlo\u017eba slika Dragana Stupara &#8211; VIDEO"},"content":{"rendered":"<p><a href=\"https:\/\/www.prijedordanas.com\/wp-content\/uploads\/2024\/07\/kozarski-izlozba-dragan-stupar-1.jpg\"><img loading=\"lazy\" decoding=\"async\" class=\"alignleft size-medium wp-image-229810\" src=\"https:\/\/www.prijedordanas.com\/wp-content\/uploads\/2024\/07\/kozarski-izlozba-dragan-stupar-1-300x225.jpg\" alt=\"\" width=\"300\" height=\"225\" srcset=\"https:\/\/www.prijedordanas.com\/wp-content\/uploads\/2024\/07\/kozarski-izlozba-dragan-stupar-1-300x225.jpg 300w, https:\/\/www.prijedordanas.com\/wp-content\/uploads\/2024\/07\/kozarski-izlozba-dragan-stupar-1-640x480.jpg 640w, https:\/\/www.prijedordanas.com\/wp-content\/uploads\/2024\/07\/kozarski-izlozba-dragan-stupar-1.jpg 667w\" sizes=\"(max-width: 300px) 100vw, 300px\" \/><\/a>Samouki slikar Dragan Stupar danas je u svom dvori\u0161tu otvorio prodajnu izlo\u017ebu pod nazivom \u201cSlikarstvo kao inspiracija\u201d.<\/p>\n<p>Ovom izlo\u017ebom radova inspirisanih seoskim motivima, osamdesetogodi\u0161nji slikar obilje\u017eava 50 godina umjetni\u010dkog rada.<\/p>\n<p>Po rije\u010dima autora, motiva i inspiracije mu ne manjka, dok god je sje\u0107anja na rodni Milanovac kod Sanskog Mosta.<\/p>\n<p>\u201c\u017divot koji se vodio nekada i koji ja pamtim kao dijete, kroz svoj rad, prenosim na podlogu koja mo\u017ee biti platno, staklo, pleksiglas ili keramika. Radim na bilo kojoj podlozi, samo da radim. Inspiracija je ta koja me motivi\u0161e, bez nje se ne mo\u017ee ni\u0161ta. Volim re\u0107i da moje slike same govore za sebe. Ja o slikama ni\u0161ta govoriti ne\u0107u. Moje je samo da ih naslikam\u201d, naglasio je Stupar.<\/p>\n<p><a href=\"https:\/\/www.prijedordanas.com\/wp-content\/uploads\/2024\/07\/kozarski-izlozba-dragan-stupar-2.jpg\"><img loading=\"lazy\" decoding=\"async\" src=\"https:\/\/www.prijedordanas.com\/wp-content\/uploads\/2024\/07\/kozarski-izlozba-dragan-stupar-2-300x168.jpg\" alt=\"\" width=\"300\" height=\"168\" class=\"alignleft size-medium wp-image-229811\" srcset=\"https:\/\/www.prijedordanas.com\/wp-content\/uploads\/2024\/07\/kozarski-izlozba-dragan-stupar-2-300x168.jpg 300w, https:\/\/www.prijedordanas.com\/wp-content\/uploads\/2024\/07\/kozarski-izlozba-dragan-stupar-2.jpg 600w\" sizes=\"(max-width: 300px) 100vw, 300px\" \/><\/a>Izlo\u017ebu Dragana Stupara prigodnim govorom otvorio je njegov zemljak, knji\u017eevnik Mihajlo Orlovi\u0107, koji je ovom prilikom doma\u0107inu darovao boje za neka naredna djela koja \u0107e tek nastati. Me\u0111u prisutnima na\u0161ao se i biv\u0161i direktor Muzeja Kozare Milenko Radivojac, koji se ovom prilikom prisjetio kako je do\u0161lo do poznanstva sa Draganom Stuparom, koje traje preko trideset godina.<\/p>\n<p>\u201cSticajem okolnosti poznavao sam Peru Mandi\u0107a i on mi je ukazao na Dragana Stupara i njegov talenat. Stupar je samouki slikar, ali se okrenuo zahvaljuju\u0107i galeriji \u2018Naivne umjetnosti\u2019 u Sanskom Mostu pema naivi i dostigao visoke granice. Vjerujem da je danas jedan od najboljih slikara naivaca u Bosni i Hercegovini\u201d, rekao je Radivojac.<\/p>\n<p>Organizator izlo\u017ebe je Udru\u017eenje likovnih umjetnika Prijedor \u010diji je \u010dlan Dragan Stupar.<\/p>\n<p>Kako ka\u017eu, zadovoljstvo im je da u saradnji sa Galerijom \u201cSreten Stojanovi\u0107\u201d mogu pru\u017eiti pomo\u0107 i podr\u0161ku umjetniku kakav je Stupar.<\/p>\n<p>\u201cUdru\u017eenje poku\u0161ava da poma\u017ee svim umjetnicima i \u010dlanovima koji poku\u0161avaju da rade i da stvaraju, kako bi bili dio prijedorske likovne scene. Nama je zaista drago \u0161to mo\u017eemo zajedno sa Galerijom \u2018Sreten Stojanovi\u0107\u2019 da pomognemo nov\u010dano kroz \u0161tampanje kataloga, kako bismo obilje\u017ei stvarala\u0161tvo na\u0161eg dragog umjetnika Stupara\u201d, rekla je Milica To\u0161i\u0107, predsjednik ULUP-a.<\/p>\n<p>Dragan Stupar je svoje radove izlagao \u0161irom svijeta. U\u010desnik je ve\u0107ine kolonija naivnog slikarstva na prostoru biv\u0161e \u0408ugoslavije. Gra\u0111ani mogu pogledati i kupiti njegove radove na ku\u0107noj adresi Istarska br. 9, na Urijama.<\/p>\n<p><strong><a href=\"https:\/\/kozarski.com\/otvorena-izlozba-slika-dragana-stupara\/\" target=\"_blank\" rel=\"noopener\">kozarski.com<\/a><\/strong><\/p>\n<p><iframe loading=\"lazy\" title=\"OTVORENA PRODAJNA IZLO\u017dBA SLIKA DRAGANA STUPARA\" width=\"500\" height=\"281\" src=\"https:\/\/www.youtube.com\/embed\/d2vidxKTcmk?feature=oembed\" frameborder=\"0\" allow=\"accelerometer; autoplay; clipboard-write; encrypted-media; gyroscope; picture-in-picture; web-share\" referrerpolicy=\"strict-origin-when-cross-origin\" allowfullscreen><\/iframe><\/p>\n","protected":false},"excerpt":{"rendered":"<p>Samouki slikar Dragan Stupar danas je u svom dvori\u0161tu otvorio prodajnu izlo\u017ebu pod nazivom \u201cSlikarstvo kao inspiracija\u201d. Ovom izlo\u017ebom radova inspirisanih seoskim motivima, osamdesetogodi\u0161nji slikar obilje\u017eava 50 godina umjetni\u010dkog rada. [&hellip;]<\/p>\n","protected":false},"author":1,"featured_media":0,"comment_status":"closed","ping_status":"open","sticky":false,"template":"","format":"standard","meta":{"_monsterinsights_skip_tracking":false,"_monsterinsights_sitenote_active":false,"_monsterinsights_sitenote_note":"","_monsterinsights_sitenote_category":0,"footnotes":""},"categories":[6],"tags":[],"yoast_head":"<!-- This site is optimized with the Yoast SEO plugin v21.6 - https:\/\/yoast.com\/wordpress\/plugins\/seo\/ -->\n<title>Otvorena izlo\u017eba slika Dragana Stupara - VIDEO - PrijedorDanas.com - Prijedorski gradski portal<\/title>\n<meta name=\"robots\" content=\"index, follow, max-snippet:-1, max-image-preview:large, max-video-preview:-1\" \/>\n<link rel=\"canonical\" href=\"https:\/\/www.prijedordanas.com\/?p=229809\" \/>\n<meta property=\"og:locale\" content=\"en_US\" \/>\n<meta property=\"og:type\" content=\"article\" \/>\n<meta property=\"og:title\" content=\"Otvorena izlo\u017eba slika Dragana Stupara - VIDEO - PrijedorDanas.com - Prijedorski gradski portal\" \/>\n<meta property=\"og:description\" content=\"Samouki slikar Dragan Stupar danas je u svom dvori\u0161tu otvorio prodajnu izlo\u017ebu pod nazivom \u201cSlikarstvo kao inspiracija\u201d. Ovom izlo\u017ebom radova inspirisanih seoskim motivima, osamdesetogodi\u0161nji slikar obilje\u017eava 50 godina umjetni\u010dkog rada. [&hellip;]\" \/>\n<meta property=\"og:url\" content=\"https:\/\/www.prijedordanas.com\/?p=229809\" \/>\n<meta property=\"og:site_name\" content=\"PrijedorDanas.com - Prijedorski gradski portal\" \/>\n<meta property=\"article:publisher\" content=\"https:\/\/www.facebook.com\/PrijedorDanasCom\/\" \/>\n<meta property=\"article:published_time\" content=\"2024-07-12T17:06:15+00:00\" \/>\n<meta property=\"og:image\" content=\"https:\/\/www.prijedordanas.com\/wp-content\/uploads\/2024\/07\/kozarski-izlozba-dragan-stupar-1-300x225.jpg\" \/>\n<meta name=\"author\" content=\"admin\" \/>\n<meta name=\"twitter:card\" content=\"summary_large_image\" \/>\n<meta name=\"twitter:label1\" content=\"Written by\" \/>\n\t<meta name=\"twitter:data1\" content=\"admin\" \/>\n\t<meta name=\"twitter:label2\" content=\"Est. reading time\" \/>\n\t<meta name=\"twitter:data2\" content=\"2 minutes\" \/>\n<script type=\"application\/ld+json\" class=\"yoast-schema-graph\">{\"@context\":\"https:\/\/schema.org\",\"@graph\":[{\"@type\":\"Article\",\"@id\":\"https:\/\/www.prijedordanas.com\/?p=229809#article\",\"isPartOf\":{\"@id\":\"https:\/\/www.prijedordanas.com\/?p=229809\"},\"author\":{\"name\":\"admin\",\"@id\":\"https:\/\/www.prijedordanas.com\/#\/schema\/person\/4e08ccf29b506ca916ff86d46bb700e6\"},\"headline\":\"Otvorena izlo\u017eba slika Dragana Stupara &#8211; VIDEO\",\"datePublished\":\"2024-07-12T17:06:15+00:00\",\"dateModified\":\"2024-07-12T17:06:15+00:00\",\"mainEntityOfPage\":{\"@id\":\"https:\/\/www.prijedordanas.com\/?p=229809\"},\"wordCount\":407,\"publisher\":{\"@id\":\"https:\/\/www.prijedordanas.com\/#organization\"},\"articleSection\":[\"Kultura\"],\"inLanguage\":\"en-US\"},{\"@type\":\"WebPage\",\"@id\":\"https:\/\/www.prijedordanas.com\/?p=229809\",\"url\":\"https:\/\/www.prijedordanas.com\/?p=229809\",\"name\":\"Otvorena izlo\u017eba slika Dragana Stupara - VIDEO - PrijedorDanas.com - Prijedorski gradski portal\",\"isPartOf\":{\"@id\":\"https:\/\/www.prijedordanas.com\/#website\"},\"datePublished\":\"2024-07-12T17:06:15+00:00\",\"dateModified\":\"2024-07-12T17:06:15+00:00\",\"breadcrumb\":{\"@id\":\"https:\/\/www.prijedordanas.com\/?p=229809#breadcrumb\"},\"inLanguage\":\"en-US\",\"potentialAction\":[{\"@type\":\"ReadAction\",\"target\":[\"https:\/\/www.prijedordanas.com\/?p=229809\"]}]},{\"@type\":\"BreadcrumbList\",\"@id\":\"https:\/\/www.prijedordanas.com\/?p=229809#breadcrumb\",\"itemListElement\":[{\"@type\":\"ListItem\",\"position\":1,\"name\":\"Home\",\"item\":\"https:\/\/www.prijedordanas.com\/\"},{\"@type\":\"ListItem\",\"position\":2,\"name\":\"Otvorena izlo\u017eba slika Dragana Stupara &#8211; VIDEO\"}]},{\"@type\":\"WebSite\",\"@id\":\"https:\/\/www.prijedordanas.com\/#website\",\"url\":\"https:\/\/www.prijedordanas.com\/\",\"name\":\"PrijedorDanas.com - Prijedorski gradski portal\",\"description\":\"Portal o doga\u0111anjima u gradu Prijedoru\",\"publisher\":{\"@id\":\"https:\/\/www.prijedordanas.com\/#organization\"},\"potentialAction\":[{\"@type\":\"SearchAction\",\"target\":{\"@type\":\"EntryPoint\",\"urlTemplate\":\"https:\/\/www.prijedordanas.com\/?s={search_term_string}\"},\"query-input\":\"required name=search_term_string\"}],\"inLanguage\":\"en-US\"},{\"@type\":\"Organization\",\"@id\":\"https:\/\/www.prijedordanas.com\/#organization\",\"name\":\"PrijedorDanas.com\",\"url\":\"https:\/\/www.prijedordanas.com\/\",\"logo\":{\"@type\":\"ImageObject\",\"inLanguage\":\"en-US\",\"@id\":\"https:\/\/www.prijedordanas.com\/#\/schema\/logo\/image\/\",\"url\":\"http:\/\/www.prijedordanas.com\/wp-content\/uploads\/2021\/12\/logopng.png\",\"contentUrl\":\"http:\/\/www.prijedordanas.com\/wp-content\/uploads\/2021\/12\/logopng.png\",\"width\":1019,\"height\":776,\"caption\":\"PrijedorDanas.com\"},\"image\":{\"@id\":\"https:\/\/www.prijedordanas.com\/#\/schema\/logo\/image\/\"},\"sameAs\":[\"https:\/\/www.facebook.com\/PrijedorDanasCom\/\"]},{\"@type\":\"Person\",\"@id\":\"https:\/\/www.prijedordanas.com\/#\/schema\/person\/4e08ccf29b506ca916ff86d46bb700e6\",\"name\":\"admin\",\"image\":{\"@type\":\"ImageObject\",\"inLanguage\":\"en-US\",\"@id\":\"https:\/\/www.prijedordanas.com\/#\/schema\/person\/image\/\",\"url\":\"https:\/\/secure.gravatar.com\/avatar\/1d3fc949d550f0b53a5f0d51e06dfd79?s=96&d=mm&r=g\",\"contentUrl\":\"https:\/\/secure.gravatar.com\/avatar\/1d3fc949d550f0b53a5f0d51e06dfd79?s=96&d=mm&r=g\",\"caption\":\"admin\"},\"url\":\"https:\/\/www.prijedordanas.com\/?author=1\"}]}<\/script>\n<!-- \/ Yoast SEO plugin. -->","yoast_head_json":{"title":"Otvorena izlo\u017eba slika Dragana Stupara - VIDEO - PrijedorDanas.com - Prijedorski gradski portal","robots":{"index":"index","follow":"follow","max-snippet":"max-snippet:-1","max-image-preview":"max-image-preview:large","max-video-preview":"max-video-preview:-1"},"canonical":"https:\/\/www.prijedordanas.com\/?p=229809","og_locale":"en_US","og_type":"article","og_title":"Otvorena izlo\u017eba slika Dragana Stupara - VIDEO - PrijedorDanas.com - Prijedorski gradski portal","og_description":"Samouki slikar Dragan Stupar danas je u svom dvori\u0161tu otvorio prodajnu izlo\u017ebu pod nazivom \u201cSlikarstvo kao inspiracija\u201d. Ovom izlo\u017ebom radova inspirisanih seoskim motivima, osamdesetogodi\u0161nji slikar obilje\u017eava 50 godina umjetni\u010dkog rada. [&hellip;]","og_url":"https:\/\/www.prijedordanas.com\/?p=229809","og_site_name":"PrijedorDanas.com - Prijedorski gradski portal","article_publisher":"https:\/\/www.facebook.com\/PrijedorDanasCom\/","article_published_time":"2024-07-12T17:06:15+00:00","og_image":[{"url":"https:\/\/www.prijedordanas.com\/wp-content\/uploads\/2024\/07\/kozarski-izlozba-dragan-stupar-1-300x225.jpg"}],"author":"admin","twitter_card":"summary_large_image","twitter_misc":{"Written by":"admin","Est. reading time":"2 minutes"},"schema":{"@context":"https:\/\/schema.org","@graph":[{"@type":"Article","@id":"https:\/\/www.prijedordanas.com\/?p=229809#article","isPartOf":{"@id":"https:\/\/www.prijedordanas.com\/?p=229809"},"author":{"name":"admin","@id":"https:\/\/www.prijedordanas.com\/#\/schema\/person\/4e08ccf29b506ca916ff86d46bb700e6"},"headline":"Otvorena izlo\u017eba slika Dragana Stupara &#8211; VIDEO","datePublished":"2024-07-12T17:06:15+00:00","dateModified":"2024-07-12T17:06:15+00:00","mainEntityOfPage":{"@id":"https:\/\/www.prijedordanas.com\/?p=229809"},"wordCount":407,"publisher":{"@id":"https:\/\/www.prijedordanas.com\/#organization"},"articleSection":["Kultura"],"inLanguage":"en-US"},{"@type":"WebPage","@id":"https:\/\/www.prijedordanas.com\/?p=229809","url":"https:\/\/www.prijedordanas.com\/?p=229809","name":"Otvorena izlo\u017eba slika Dragana Stupara - VIDEO - PrijedorDanas.com - Prijedorski gradski portal","isPartOf":{"@id":"https:\/\/www.prijedordanas.com\/#website"},"datePublished":"2024-07-12T17:06:15+00:00","dateModified":"2024-07-12T17:06:15+00:00","breadcrumb":{"@id":"https:\/\/www.prijedordanas.com\/?p=229809#breadcrumb"},"inLanguage":"en-US","potentialAction":[{"@type":"ReadAction","target":["https:\/\/www.prijedordanas.com\/?p=229809"]}]},{"@type":"BreadcrumbList","@id":"https:\/\/www.prijedordanas.com\/?p=229809#breadcrumb","itemListElement":[{"@type":"ListItem","position":1,"name":"Home","item":"https:\/\/www.prijedordanas.com\/"},{"@type":"ListItem","position":2,"name":"Otvorena izlo\u017eba slika Dragana Stupara &#8211; VIDEO"}]},{"@type":"WebSite","@id":"https:\/\/www.prijedordanas.com\/#website","url":"https:\/\/www.prijedordanas.com\/","name":"PrijedorDanas.com - Prijedorski gradski portal","description":"Portal o doga\u0111anjima u gradu Prijedoru","publisher":{"@id":"https:\/\/www.prijedordanas.com\/#organization"},"potentialAction":[{"@type":"SearchAction","target":{"@type":"EntryPoint","urlTemplate":"https:\/\/www.prijedordanas.com\/?s={search_term_string}"},"query-input":"required name=search_term_string"}],"inLanguage":"en-US"},{"@type":"Organization","@id":"https:\/\/www.prijedordanas.com\/#organization","name":"PrijedorDanas.com","url":"https:\/\/www.prijedordanas.com\/","logo":{"@type":"ImageObject","inLanguage":"en-US","@id":"https:\/\/www.prijedordanas.com\/#\/schema\/logo\/image\/","url":"http:\/\/www.prijedordanas.com\/wp-content\/uploads\/2021\/12\/logopng.png","contentUrl":"http:\/\/www.prijedordanas.com\/wp-content\/uploads\/2021\/12\/logopng.png","width":1019,"height":776,"caption":"PrijedorDanas.com"},"image":{"@id":"https:\/\/www.prijedordanas.com\/#\/schema\/logo\/image\/"},"sameAs":["https:\/\/www.facebook.com\/PrijedorDanasCom\/"]},{"@type":"Person","@id":"https:\/\/www.prijedordanas.com\/#\/schema\/person\/4e08ccf29b506ca916ff86d46bb700e6","name":"admin","image":{"@type":"ImageObject","inLanguage":"en-US","@id":"https:\/\/www.prijedordanas.com\/#\/schema\/person\/image\/","url":"https:\/\/secure.gravatar.com\/avatar\/1d3fc949d550f0b53a5f0d51e06dfd79?s=96&d=mm&r=g","contentUrl":"https:\/\/secure.gravatar.com\/avatar\/1d3fc949d550f0b53a5f0d51e06dfd79?s=96&d=mm&r=g","caption":"admin"},"url":"https:\/\/www.prijedordanas.com\/?author=1"}]}},"_links":{"self":[{"href":"https:\/\/www.prijedordanas.com\/index.php?rest_route=\/wp\/v2\/posts\/229809"}],"collection":[{"href":"https:\/\/www.prijedordanas.com\/index.php?rest_route=\/wp\/v2\/posts"}],"about":[{"href":"https:\/\/www.prijedordanas.com\/index.php?rest_route=\/wp\/v2\/types\/post"}],"author":[{"embeddable":true,"href":"https:\/\/www.prijedordanas.com\/index.php?rest_route=\/wp\/v2\/users\/1"}],"replies":[{"embeddable":true,"href":"https:\/\/www.prijedordanas.com\/index.php?rest_route=%2Fwp%2Fv2%2Fcomments&post=229809"}],"version-history":[{"count":1,"href":"https:\/\/www.prijedordanas.com\/index.php?rest_route=\/wp\/v2\/posts\/229809\/revisions"}],"predecessor-version":[{"id":229812,"href":"https:\/\/www.prijedordanas.com\/index.php?rest_route=\/wp\/v2\/posts\/229809\/revisions\/229812"}],"wp:attachment":[{"href":"https:\/\/www.prijedordanas.com\/index.php?rest_route=%2Fwp%2Fv2%2Fmedia&parent=229809"}],"wp:term":[{"taxonomy":"category","embeddable":true,"href":"https:\/\/www.prijedordanas.com\/index.php?rest_route=%2Fwp%2Fv2%2Fcategories&post=229809"},{"taxonomy":"post_tag","embeddable":true,"href":"https:\/\/www.prijedordanas.com\/index.php?rest_route=%2Fwp%2Fv2%2Ftags&post=229809"}],"curies":[{"name":"wp","href":"https:\/\/api.w.org\/{rel}","templated":true}]}}