{"id":229656,"date":"2024-07-09T07:26:54","date_gmt":"2024-07-09T05:26:54","guid":{"rendered":"https:\/\/www.prijedordanas.com\/?p=229656"},"modified":"2024-07-10T19:45:46","modified_gmt":"2024-07-10T17:45:46","slug":"bio-sam-u-100-zemalja-ovako-nesto-nigdje-nisam-dozivio-robert-dacesin-o-korcanici-zaboravljenom-biseru-u-srcu-grmeca-foto-video","status":"publish","type":"post","link":"https:\/\/www.prijedordanas.com\/?p=229656","title":{"rendered":"&#8220;Bio sam u 100 zemalja, ovako ne\u0161to nigdje nisam do\u017eivio&#8221;: Robert Dace\u0161in o Kor\u010danici, zaboravljenom biseru u srcu Grme\u010da &#8211; FOTO\/VIDEO"},"content":{"rendered":"<p><a href=\"https:\/\/www.prijedordanas.com\/wp-content\/uploads\/2024\/07\/korcanica-youtube.jpg\"><img loading=\"lazy\" decoding=\"async\" class=\"alignleft size-medium wp-image-229657\" src=\"https:\/\/www.prijedordanas.com\/wp-content\/uploads\/2024\/07\/korcanica-youtube-300x225.jpg\" alt=\"\" width=\"300\" height=\"225\" srcset=\"https:\/\/www.prijedordanas.com\/wp-content\/uploads\/2024\/07\/korcanica-youtube-300x225.jpg 300w, https:\/\/www.prijedordanas.com\/wp-content\/uploads\/2024\/07\/korcanica-youtube-640x480.jpg 640w, https:\/\/www.prijedordanas.com\/wp-content\/uploads\/2024\/07\/korcanica-youtube.jpg 667w\" sizes=\"(max-width: 300px) 100vw, 300px\" \/><\/a>Ako je suditi po njegovom nedavno objavljenom video &#8211; putopisu, Roberta Dace\u0161ina, svjetskog putnika iz Banjaluke, spomen kompleks Ko\u010danica na Grme\u010du je doslovno oborio s nogu.<\/p>\n<p>Koliko spomenikom i pri\u010dom o herojskoj borbi Kraji\u0161nika protiv fa\u0161izma u Drugom svjetskom ratu, toliko je Dace\u0161in odu\u0161evljen i svojim vodi\u010dem na ovom pute\u0161estviju. A on je \u0110uro Trkulja (85), legendarni nastavnik istorije sa Grme\u010da i posljednji kustos Kor\u010danice.<\/p>\n<p>\u2013 Putuju\u0107i u vi\u0161e od 100 zemalja svijeta upoznao sam mnogo nevjerovatnih ljudi, ali razgovor sa \u010dika \u0110urom i posjeta Kor\u010danici jedno je od najvrijednijih iskustava koje sam ikada do\u017eivio \u2013 ka\u017ee Robert.<\/p>\n<p>O Kor\u010danici, koju je prije rata za 10 godina posjetilo oko pola miliona turista, a koja je sada devastirana i zakorovljena, pisala je ranije i Srpskainfo.<\/p>\n<p><a href=\"https:\/\/www.prijedordanas.com\/wp-content\/uploads\/2024\/07\/korcanica.jpg\"><img loading=\"lazy\" decoding=\"async\" class=\"alignleft size-medium wp-image-229658\" src=\"https:\/\/www.prijedordanas.com\/wp-content\/uploads\/2024\/07\/korcanica-225x300.jpg\" alt=\"\" width=\"225\" height=\"300\" srcset=\"https:\/\/www.prijedordanas.com\/wp-content\/uploads\/2024\/07\/korcanica-225x300.jpg 225w, https:\/\/www.prijedordanas.com\/wp-content\/uploads\/2024\/07\/korcanica.jpg 450w\" sizes=\"(max-width: 225px) 100vw, 225px\" \/><\/a>Spomen kompleks Kor\u010danica skiriven je u gustoj \u0161umi, me\u0111u stogodi\u0161njim stablima Grme\u010da, a posve\u0107en je herojskoj borbi kraji\u0161kih partizana protiv fa\u0161ista.<\/p>\n<p>Istorija je zabilje\u017eila da je na Grme\u010du i u Podgrme\u010du, od ustanka u ljeto 1941. godine bila slobodna teritorija veli\u010dine dana\u0161nje Belgije. Samo 13 dana, tokom \u010cetvrte ofanzive, ovaj kraj je bio po okupacijom.<\/p>\n<p>U srcu Spomen kompleksa Kor\u010danica je monumentalna skulptura visoka 15 metara, djelo akademskog vajara Ljubomira Denkovi\u0107a. Spomenik se nalazi iznad malog jezera u kojem se, u sretnija vremena, ogledao kao u ogledalu.<\/p>\n<p>Uz to, kompleks su \u010dinili i muzej i maketa pravog malog partizanskog grada, koji se ovdje, u srcu slobodne teritorije, nalazio od 1942. pa sve do kraja Drugog svjetskog rata.<\/p>\n<p>Danas je od toga malo \u0161ta ostalo, a i ono \u0161to je ostalo je oplja\u010dkano, zapu\u0161teno, zaga\u0111eno sme\u0107em i neukusnim grafitima.<\/p>\n<p><a href=\"https:\/\/www.prijedordanas.com\/wp-content\/uploads\/2024\/07\/srpskainfo-korcanica-djuro-trkulja-1.jpg\"><img loading=\"lazy\" decoding=\"async\" class=\"alignleft size-medium wp-image-229659\" src=\"https:\/\/www.prijedordanas.com\/wp-content\/uploads\/2024\/07\/srpskainfo-korcanica-djuro-trkulja-1-300x210.jpg\" alt=\"\" width=\"300\" height=\"210\" srcset=\"https:\/\/www.prijedordanas.com\/wp-content\/uploads\/2024\/07\/srpskainfo-korcanica-djuro-trkulja-1-300x210.jpg 300w, https:\/\/www.prijedordanas.com\/wp-content\/uploads\/2024\/07\/srpskainfo-korcanica-djuro-trkulja-1.jpg 600w\" sizes=\"(max-width: 300px) 100vw, 300px\" \/><\/a>Nestalo je 1.300 muzejskih eksponata, kao i plo\u010de sa imenima 1.100 poginulih i umrlih partizana.<\/p>\n<p>Nema ni traga koji svjedo\u010di da je ovdje bila prva partizanska bolnica na podru\u010dju okupirane Jugoslavije.<\/p>\n<p>\u2013 Ovdje su bili i magacini, parni mlin, elektri\u010dna centrala, partizanski aerodrom, ukupno 19 objekata. Odavde su u akcije polijetali Franjo Kluz i Rudi \u010cajevac \u2013 pri\u010da Trkulja.<\/p>\n<p>Nema vi\u0161e ni natpisa sa Titovim rije\u010dima, koje Vrhovni komandant izgovorio na ovom mjestu 1942. godine. <\/p>\n<p>Ali, \u0110uro Trkulja te rije\u010di i danas zna napamet.<\/p>\n<p><a href=\"https:\/\/www.prijedordanas.com\/wp-content\/uploads\/2024\/07\/srpskainfo-korcanica-2.jpg\"><img loading=\"lazy\" decoding=\"async\" src=\"https:\/\/www.prijedordanas.com\/wp-content\/uploads\/2024\/07\/srpskainfo-korcanica-2-300x200.jpg\" alt=\"\" width=\"300\" height=\"200\" class=\"alignleft size-medium wp-image-229660\" srcset=\"https:\/\/www.prijedordanas.com\/wp-content\/uploads\/2024\/07\/srpskainfo-korcanica-2-300x200.jpg 300w, https:\/\/www.prijedordanas.com\/wp-content\/uploads\/2024\/07\/srpskainfo-korcanica-2-480x320.jpg 480w, https:\/\/www.prijedordanas.com\/wp-content\/uploads\/2024\/07\/srpskainfo-korcanica-2.jpg 600w\" sizes=\"(max-width: 300px) 100vw, 300px\" \/><\/a>-\u201eNiko nije pokazao toliko ljubavi i po\u017ertvovanja prema ovoj na\u0161oj borbi kao vi. Tako jedinstvenog bloka fronta i pozadine nikad nije bilo u istoriji na\u0161ih naroda i to je zalog za na\u0161u pobjedu!\u201d \u2013 izdeklamovao je \u010dika \u0110uro Titove rije\u010di, a Robert Dace\u0161in ih ovjekovje\u010dio u video snimku.<\/p>\n<p>I jo\u0161 je mnogo toga, s ljubavlju i po\u0161tovanjem, ispri\u010dao \u0110uro Trkulja, \u010dovjek koji je zavi\u010daju posvetio \u017eivot i o njemu napisao 22 knjige.<\/p>\n<p>Ova pri\u010da, a pogotvo na\u010din na koji ju je \u010dika \u0110uro ispri\u010dao, Roberta je, kako ka\u017ee, podstakla da razmisli o svom \u017eivotu i putu kojim \u017eeli da ide.<\/p>\n<p>\u2013 Jednoga dana bih \u017eelio da budem kao \u0110uro Trkulja \u2013 rekao je Robert.<\/p>\n<p><a href=\"https:\/\/srpskainfo.com\/video-foto-bio-sam-u-100-zemalja-ovako-nesto-nigdje-nisam-dozivio-robert-dacesin-o-korcanici-zaboravljenom-biseru-u-srcu-grmeca\/\" target=\"_blank\" rel=\"noopener\">srpskainfo.com<\/a><\/p>\n<p><a href=\"https:\/\/www.prijedordanas.com\/wp-content\/uploads\/2024\/07\/srpskainfo-korcanica-djuro-trkulja-2.jpg\"><img loading=\"lazy\" decoding=\"async\" src=\"https:\/\/www.prijedordanas.com\/wp-content\/uploads\/2024\/07\/srpskainfo-korcanica-djuro-trkulja-2-300x200.jpg\" alt=\"\" width=\"300\" height=\"200\" class=\"alignleft size-medium wp-image-229661\" srcset=\"https:\/\/www.prijedordanas.com\/wp-content\/uploads\/2024\/07\/srpskainfo-korcanica-djuro-trkulja-2-300x200.jpg 300w, https:\/\/www.prijedordanas.com\/wp-content\/uploads\/2024\/07\/srpskainfo-korcanica-djuro-trkulja-2-480x320.jpg 480w, https:\/\/www.prijedordanas.com\/wp-content\/uploads\/2024\/07\/srpskainfo-korcanica-djuro-trkulja-2.jpg 600w\" sizes=\"(max-width: 300px) 100vw, 300px\" \/><\/a> <a href=\"https:\/\/www.prijedordanas.com\/wp-content\/uploads\/2024\/07\/srpskainfo-korcanica-djuro-trkulja-3.jpg\"><img loading=\"lazy\" decoding=\"async\" src=\"https:\/\/www.prijedordanas.com\/wp-content\/uploads\/2024\/07\/srpskainfo-korcanica-djuro-trkulja-3-300x200.jpg\" alt=\"\" width=\"300\" height=\"200\" class=\"alignleft size-medium wp-image-229662\" srcset=\"https:\/\/www.prijedordanas.com\/wp-content\/uploads\/2024\/07\/srpskainfo-korcanica-djuro-trkulja-3-300x200.jpg 300w, https:\/\/www.prijedordanas.com\/wp-content\/uploads\/2024\/07\/srpskainfo-korcanica-djuro-trkulja-3-480x320.jpg 480w, https:\/\/www.prijedordanas.com\/wp-content\/uploads\/2024\/07\/srpskainfo-korcanica-djuro-trkulja-3.jpg 600w\" sizes=\"(max-width: 300px) 100vw, 300px\" \/><\/a> <a href=\"https:\/\/www.prijedordanas.com\/wp-content\/uploads\/2024\/07\/srpskainfo-korcanica-1.jpg\"><img loading=\"lazy\" decoding=\"async\" src=\"https:\/\/www.prijedordanas.com\/wp-content\/uploads\/2024\/07\/srpskainfo-korcanica-1-300x200.jpg\" alt=\"\" width=\"300\" height=\"200\" class=\"alignleft size-medium wp-image-229663\" srcset=\"https:\/\/www.prijedordanas.com\/wp-content\/uploads\/2024\/07\/srpskainfo-korcanica-1-300x200.jpg 300w, https:\/\/www.prijedordanas.com\/wp-content\/uploads\/2024\/07\/srpskainfo-korcanica-1-480x320.jpg 480w, https:\/\/www.prijedordanas.com\/wp-content\/uploads\/2024\/07\/srpskainfo-korcanica-1.jpg 600w\" sizes=\"(max-width: 300px) 100vw, 300px\" \/><\/a><\/p>\n<p><iframe loading=\"lazy\" title=\"Posjetio sam ZABORAVLJENI SIMBOL biv\u0161e Jugoslavije!\" width=\"500\" height=\"281\" src=\"https:\/\/www.youtube.com\/embed\/giMXvKb9mWI?feature=oembed\" frameborder=\"0\" allow=\"accelerometer; autoplay; clipboard-write; encrypted-media; gyroscope; picture-in-picture; web-share\" referrerpolicy=\"strict-origin-when-cross-origin\" allowfullscreen><\/iframe><\/p>\n","protected":false},"excerpt":{"rendered":"<p>Ako je suditi po njegovom nedavno objavljenom video &#8211; putopisu, Roberta Dace\u0161ina, svjetskog putnika iz Banjaluke, spomen kompleks Ko\u010danica na Grme\u010du je doslovno oborio s nogu. Koliko spomenikom i pri\u010dom [&hellip;]<\/p>\n","protected":false},"author":1,"featured_media":0,"comment_status":"closed","ping_status":"open","sticky":false,"template":"","format":"standard","meta":{"_monsterinsights_skip_tracking":false,"_monsterinsights_sitenote_active":false,"_monsterinsights_sitenote_note":"","_monsterinsights_sitenote_category":0,"footnotes":""},"categories":[3],"tags":[],"yoast_head":"<!-- This site is optimized with the Yoast SEO plugin v21.6 - https:\/\/yoast.com\/wordpress\/plugins\/seo\/ -->\n<title>&quot;Bio sam u 100 zemalja, ovako ne\u0161to nigdje nisam do\u017eivio&quot;: Robert Dace\u0161in o Kor\u010danici, zaboravljenom biseru u srcu Grme\u010da - FOTO\/VIDEO - PrijedorDanas.com - Prijedorski gradski portal<\/title>\n<meta name=\"robots\" content=\"index, follow, max-snippet:-1, max-image-preview:large, max-video-preview:-1\" \/>\n<link rel=\"canonical\" href=\"https:\/\/www.prijedordanas.com\/?p=229656\" \/>\n<meta property=\"og:locale\" content=\"en_US\" \/>\n<meta property=\"og:type\" content=\"article\" \/>\n<meta property=\"og:title\" content=\"&quot;Bio sam u 100 zemalja, ovako ne\u0161to nigdje nisam do\u017eivio&quot;: Robert Dace\u0161in o Kor\u010danici, zaboravljenom biseru u srcu Grme\u010da - FOTO\/VIDEO - PrijedorDanas.com - Prijedorski gradski portal\" \/>\n<meta property=\"og:description\" content=\"Ako je suditi po njegovom nedavno objavljenom video &#8211; putopisu, Roberta Dace\u0161ina, svjetskog putnika iz Banjaluke, spomen kompleks Ko\u010danica na Grme\u010du je doslovno oborio s nogu. Koliko spomenikom i pri\u010dom [&hellip;]\" \/>\n<meta property=\"og:url\" content=\"https:\/\/www.prijedordanas.com\/?p=229656\" \/>\n<meta property=\"og:site_name\" content=\"PrijedorDanas.com - Prijedorski gradski portal\" \/>\n<meta property=\"article:publisher\" content=\"https:\/\/www.facebook.com\/PrijedorDanasCom\/\" \/>\n<meta property=\"article:published_time\" content=\"2024-07-09T05:26:54+00:00\" \/>\n<meta property=\"article:modified_time\" content=\"2024-07-10T17:45:46+00:00\" \/>\n<meta property=\"og:image\" content=\"https:\/\/www.prijedordanas.com\/wp-content\/uploads\/2024\/07\/korcanica-youtube-300x225.jpg\" \/>\n<meta name=\"author\" content=\"admin\" \/>\n<meta name=\"twitter:card\" content=\"summary_large_image\" \/>\n<meta name=\"twitter:label1\" content=\"Written by\" \/>\n\t<meta name=\"twitter:data1\" content=\"admin\" \/>\n\t<meta name=\"twitter:label2\" content=\"Est. reading time\" \/>\n\t<meta name=\"twitter:data2\" content=\"3 minutes\" \/>\n<script type=\"application\/ld+json\" class=\"yoast-schema-graph\">{\"@context\":\"https:\/\/schema.org\",\"@graph\":[{\"@type\":\"Article\",\"@id\":\"https:\/\/www.prijedordanas.com\/?p=229656#article\",\"isPartOf\":{\"@id\":\"https:\/\/www.prijedordanas.com\/?p=229656\"},\"author\":{\"name\":\"admin\",\"@id\":\"https:\/\/www.prijedordanas.com\/#\/schema\/person\/4e08ccf29b506ca916ff86d46bb700e6\"},\"headline\":\"&#8220;Bio sam u 100 zemalja, ovako ne\u0161to nigdje nisam do\u017eivio&#8221;: Robert Dace\u0161in o Kor\u010danici, zaboravljenom biseru u srcu Grme\u010da &#8211; FOTO\/VIDEO\",\"datePublished\":\"2024-07-09T05:26:54+00:00\",\"dateModified\":\"2024-07-10T17:45:46+00:00\",\"mainEntityOfPage\":{\"@id\":\"https:\/\/www.prijedordanas.com\/?p=229656\"},\"wordCount\":537,\"publisher\":{\"@id\":\"https:\/\/www.prijedordanas.com\/#organization\"},\"articleSection\":[\"\u017divot\"],\"inLanguage\":\"en-US\"},{\"@type\":\"WebPage\",\"@id\":\"https:\/\/www.prijedordanas.com\/?p=229656\",\"url\":\"https:\/\/www.prijedordanas.com\/?p=229656\",\"name\":\"\\\"Bio sam u 100 zemalja, ovako ne\u0161to nigdje nisam do\u017eivio\\\": Robert Dace\u0161in o Kor\u010danici, zaboravljenom biseru u srcu Grme\u010da - FOTO\/VIDEO - PrijedorDanas.com - Prijedorski gradski portal\",\"isPartOf\":{\"@id\":\"https:\/\/www.prijedordanas.com\/#website\"},\"datePublished\":\"2024-07-09T05:26:54+00:00\",\"dateModified\":\"2024-07-10T17:45:46+00:00\",\"breadcrumb\":{\"@id\":\"https:\/\/www.prijedordanas.com\/?p=229656#breadcrumb\"},\"inLanguage\":\"en-US\",\"potentialAction\":[{\"@type\":\"ReadAction\",\"target\":[\"https:\/\/www.prijedordanas.com\/?p=229656\"]}]},{\"@type\":\"BreadcrumbList\",\"@id\":\"https:\/\/www.prijedordanas.com\/?p=229656#breadcrumb\",\"itemListElement\":[{\"@type\":\"ListItem\",\"position\":1,\"name\":\"Home\",\"item\":\"https:\/\/www.prijedordanas.com\/\"},{\"@type\":\"ListItem\",\"position\":2,\"name\":\"&#8220;Bio sam u 100 zemalja, ovako ne\u0161to nigdje nisam do\u017eivio&#8221;: Robert Dace\u0161in o Kor\u010danici, zaboravljenom biseru u srcu Grme\u010da &#8211; FOTO\/VIDEO\"}]},{\"@type\":\"WebSite\",\"@id\":\"https:\/\/www.prijedordanas.com\/#website\",\"url\":\"https:\/\/www.prijedordanas.com\/\",\"name\":\"PrijedorDanas.com - Prijedorski gradski portal\",\"description\":\"Portal o doga\u0111anjima u gradu Prijedoru\",\"publisher\":{\"@id\":\"https:\/\/www.prijedordanas.com\/#organization\"},\"potentialAction\":[{\"@type\":\"SearchAction\",\"target\":{\"@type\":\"EntryPoint\",\"urlTemplate\":\"https:\/\/www.prijedordanas.com\/?s={search_term_string}\"},\"query-input\":\"required name=search_term_string\"}],\"inLanguage\":\"en-US\"},{\"@type\":\"Organization\",\"@id\":\"https:\/\/www.prijedordanas.com\/#organization\",\"name\":\"PrijedorDanas.com\",\"url\":\"https:\/\/www.prijedordanas.com\/\",\"logo\":{\"@type\":\"ImageObject\",\"inLanguage\":\"en-US\",\"@id\":\"https:\/\/www.prijedordanas.com\/#\/schema\/logo\/image\/\",\"url\":\"http:\/\/www.prijedordanas.com\/wp-content\/uploads\/2021\/12\/logopng.png\",\"contentUrl\":\"http:\/\/www.prijedordanas.com\/wp-content\/uploads\/2021\/12\/logopng.png\",\"width\":1019,\"height\":776,\"caption\":\"PrijedorDanas.com\"},\"image\":{\"@id\":\"https:\/\/www.prijedordanas.com\/#\/schema\/logo\/image\/\"},\"sameAs\":[\"https:\/\/www.facebook.com\/PrijedorDanasCom\/\"]},{\"@type\":\"Person\",\"@id\":\"https:\/\/www.prijedordanas.com\/#\/schema\/person\/4e08ccf29b506ca916ff86d46bb700e6\",\"name\":\"admin\",\"image\":{\"@type\":\"ImageObject\",\"inLanguage\":\"en-US\",\"@id\":\"https:\/\/www.prijedordanas.com\/#\/schema\/person\/image\/\",\"url\":\"https:\/\/secure.gravatar.com\/avatar\/1d3fc949d550f0b53a5f0d51e06dfd79?s=96&d=mm&r=g\",\"contentUrl\":\"https:\/\/secure.gravatar.com\/avatar\/1d3fc949d550f0b53a5f0d51e06dfd79?s=96&d=mm&r=g\",\"caption\":\"admin\"},\"url\":\"https:\/\/www.prijedordanas.com\/?author=1\"}]}<\/script>\n<!-- \/ Yoast SEO plugin. -->","yoast_head_json":{"title":"\"Bio sam u 100 zemalja, ovako ne\u0161to nigdje nisam do\u017eivio\": Robert Dace\u0161in o Kor\u010danici, zaboravljenom biseru u srcu Grme\u010da - FOTO\/VIDEO - PrijedorDanas.com - Prijedorski gradski portal","robots":{"index":"index","follow":"follow","max-snippet":"max-snippet:-1","max-image-preview":"max-image-preview:large","max-video-preview":"max-video-preview:-1"},"canonical":"https:\/\/www.prijedordanas.com\/?p=229656","og_locale":"en_US","og_type":"article","og_title":"\"Bio sam u 100 zemalja, ovako ne\u0161to nigdje nisam do\u017eivio\": Robert Dace\u0161in o Kor\u010danici, zaboravljenom biseru u srcu Grme\u010da - FOTO\/VIDEO - PrijedorDanas.com - Prijedorski gradski portal","og_description":"Ako je suditi po njegovom nedavno objavljenom video &#8211; putopisu, Roberta Dace\u0161ina, svjetskog putnika iz Banjaluke, spomen kompleks Ko\u010danica na Grme\u010du je doslovno oborio s nogu. Koliko spomenikom i pri\u010dom [&hellip;]","og_url":"https:\/\/www.prijedordanas.com\/?p=229656","og_site_name":"PrijedorDanas.com - Prijedorski gradski portal","article_publisher":"https:\/\/www.facebook.com\/PrijedorDanasCom\/","article_published_time":"2024-07-09T05:26:54+00:00","article_modified_time":"2024-07-10T17:45:46+00:00","og_image":[{"url":"https:\/\/www.prijedordanas.com\/wp-content\/uploads\/2024\/07\/korcanica-youtube-300x225.jpg"}],"author":"admin","twitter_card":"summary_large_image","twitter_misc":{"Written by":"admin","Est. reading time":"3 minutes"},"schema":{"@context":"https:\/\/schema.org","@graph":[{"@type":"Article","@id":"https:\/\/www.prijedordanas.com\/?p=229656#article","isPartOf":{"@id":"https:\/\/www.prijedordanas.com\/?p=229656"},"author":{"name":"admin","@id":"https:\/\/www.prijedordanas.com\/#\/schema\/person\/4e08ccf29b506ca916ff86d46bb700e6"},"headline":"&#8220;Bio sam u 100 zemalja, ovako ne\u0161to nigdje nisam do\u017eivio&#8221;: Robert Dace\u0161in o Kor\u010danici, zaboravljenom biseru u srcu Grme\u010da &#8211; FOTO\/VIDEO","datePublished":"2024-07-09T05:26:54+00:00","dateModified":"2024-07-10T17:45:46+00:00","mainEntityOfPage":{"@id":"https:\/\/www.prijedordanas.com\/?p=229656"},"wordCount":537,"publisher":{"@id":"https:\/\/www.prijedordanas.com\/#organization"},"articleSection":["\u017divot"],"inLanguage":"en-US"},{"@type":"WebPage","@id":"https:\/\/www.prijedordanas.com\/?p=229656","url":"https:\/\/www.prijedordanas.com\/?p=229656","name":"\"Bio sam u 100 zemalja, ovako ne\u0161to nigdje nisam do\u017eivio\": Robert Dace\u0161in o Kor\u010danici, zaboravljenom biseru u srcu Grme\u010da - FOTO\/VIDEO - PrijedorDanas.com - Prijedorski gradski portal","isPartOf":{"@id":"https:\/\/www.prijedordanas.com\/#website"},"datePublished":"2024-07-09T05:26:54+00:00","dateModified":"2024-07-10T17:45:46+00:00","breadcrumb":{"@id":"https:\/\/www.prijedordanas.com\/?p=229656#breadcrumb"},"inLanguage":"en-US","potentialAction":[{"@type":"ReadAction","target":["https:\/\/www.prijedordanas.com\/?p=229656"]}]},{"@type":"BreadcrumbList","@id":"https:\/\/www.prijedordanas.com\/?p=229656#breadcrumb","itemListElement":[{"@type":"ListItem","position":1,"name":"Home","item":"https:\/\/www.prijedordanas.com\/"},{"@type":"ListItem","position":2,"name":"&#8220;Bio sam u 100 zemalja, ovako ne\u0161to nigdje nisam do\u017eivio&#8221;: Robert Dace\u0161in o Kor\u010danici, zaboravljenom biseru u srcu Grme\u010da &#8211; FOTO\/VIDEO"}]},{"@type":"WebSite","@id":"https:\/\/www.prijedordanas.com\/#website","url":"https:\/\/www.prijedordanas.com\/","name":"PrijedorDanas.com - Prijedorski gradski portal","description":"Portal o doga\u0111anjima u gradu Prijedoru","publisher":{"@id":"https:\/\/www.prijedordanas.com\/#organization"},"potentialAction":[{"@type":"SearchAction","target":{"@type":"EntryPoint","urlTemplate":"https:\/\/www.prijedordanas.com\/?s={search_term_string}"},"query-input":"required name=search_term_string"}],"inLanguage":"en-US"},{"@type":"Organization","@id":"https:\/\/www.prijedordanas.com\/#organization","name":"PrijedorDanas.com","url":"https:\/\/www.prijedordanas.com\/","logo":{"@type":"ImageObject","inLanguage":"en-US","@id":"https:\/\/www.prijedordanas.com\/#\/schema\/logo\/image\/","url":"http:\/\/www.prijedordanas.com\/wp-content\/uploads\/2021\/12\/logopng.png","contentUrl":"http:\/\/www.prijedordanas.com\/wp-content\/uploads\/2021\/12\/logopng.png","width":1019,"height":776,"caption":"PrijedorDanas.com"},"image":{"@id":"https:\/\/www.prijedordanas.com\/#\/schema\/logo\/image\/"},"sameAs":["https:\/\/www.facebook.com\/PrijedorDanasCom\/"]},{"@type":"Person","@id":"https:\/\/www.prijedordanas.com\/#\/schema\/person\/4e08ccf29b506ca916ff86d46bb700e6","name":"admin","image":{"@type":"ImageObject","inLanguage":"en-US","@id":"https:\/\/www.prijedordanas.com\/#\/schema\/person\/image\/","url":"https:\/\/secure.gravatar.com\/avatar\/1d3fc949d550f0b53a5f0d51e06dfd79?s=96&d=mm&r=g","contentUrl":"https:\/\/secure.gravatar.com\/avatar\/1d3fc949d550f0b53a5f0d51e06dfd79?s=96&d=mm&r=g","caption":"admin"},"url":"https:\/\/www.prijedordanas.com\/?author=1"}]}},"_links":{"self":[{"href":"https:\/\/www.prijedordanas.com\/index.php?rest_route=\/wp\/v2\/posts\/229656"}],"collection":[{"href":"https:\/\/www.prijedordanas.com\/index.php?rest_route=\/wp\/v2\/posts"}],"about":[{"href":"https:\/\/www.prijedordanas.com\/index.php?rest_route=\/wp\/v2\/types\/post"}],"author":[{"embeddable":true,"href":"https:\/\/www.prijedordanas.com\/index.php?rest_route=\/wp\/v2\/users\/1"}],"replies":[{"embeddable":true,"href":"https:\/\/www.prijedordanas.com\/index.php?rest_route=%2Fwp%2Fv2%2Fcomments&post=229656"}],"version-history":[{"count":2,"href":"https:\/\/www.prijedordanas.com\/index.php?rest_route=\/wp\/v2\/posts\/229656\/revisions"}],"predecessor-version":[{"id":229665,"href":"https:\/\/www.prijedordanas.com\/index.php?rest_route=\/wp\/v2\/posts\/229656\/revisions\/229665"}],"wp:attachment":[{"href":"https:\/\/www.prijedordanas.com\/index.php?rest_route=%2Fwp%2Fv2%2Fmedia&parent=229656"}],"wp:term":[{"taxonomy":"category","embeddable":true,"href":"https:\/\/www.prijedordanas.com\/index.php?rest_route=%2Fwp%2Fv2%2Fcategories&post=229656"},{"taxonomy":"post_tag","embeddable":true,"href":"https:\/\/www.prijedordanas.com\/index.php?rest_route=%2Fwp%2Fv2%2Ftags&post=229656"}],"curies":[{"name":"wp","href":"https:\/\/api.w.org\/{rel}","templated":true}]}}