{"id":229224,"date":"2024-07-05T10:06:30","date_gmt":"2024-07-05T08:06:30","guid":{"rendered":"https:\/\/www.prijedordanas.com\/?p=229224"},"modified":"2024-07-05T10:06:30","modified_gmt":"2024-07-05T08:06:30","slug":"povratak-u-prijedor-nakon-cetiri-godine-mihajlo-savanovic-ponovo-oblaci-dres-rudara","status":"publish","type":"post","link":"https:\/\/www.prijedordanas.com\/?p=229224","title":{"rendered":"Povratak u Prijedor nakon \u010detiri godine: Mihajlo Savanovi\u0107 ponovo obla\u010di dres &#8220;rudara&#8221;!"},"content":{"rendered":"<p><a href=\"https:\/\/www.prijedordanas.com\/wp-content\/uploads\/2024\/07\/rudar-prijedor-mihajlo-savanovic-1.jpg\"><img loading=\"lazy\" decoding=\"async\" class=\"alignleft size-medium wp-image-229225\" src=\"https:\/\/www.prijedordanas.com\/wp-content\/uploads\/2024\/07\/rudar-prijedor-mihajlo-savanovic-1-300x300.jpg\" alt=\"\" width=\"300\" height=\"300\" srcset=\"https:\/\/www.prijedordanas.com\/wp-content\/uploads\/2024\/07\/rudar-prijedor-mihajlo-savanovic-1-300x300.jpg 300w, https:\/\/www.prijedordanas.com\/wp-content\/uploads\/2024\/07\/rudar-prijedor-mihajlo-savanovic-1-150x150.jpg 150w, https:\/\/www.prijedordanas.com\/wp-content\/uploads\/2024\/07\/rudar-prijedor-mihajlo-savanovic-1-50x50.jpg 50w, https:\/\/www.prijedordanas.com\/wp-content\/uploads\/2024\/07\/rudar-prijedor-mihajlo-savanovic-1.jpg 600w\" sizes=\"(max-width: 300px) 100vw, 300px\" \/><\/a>Mihajlo Savanovi\u0107 drugi put u karijeri obla\u010di dres Rudar Prijedora!<\/p>\n<p>Nekada\u0161nji omladinac Borca se vra\u0107a u klub na Sani, \u010diji \u010dlan je bio u sezoni 2019-2020, odigrav\u0161i 16 utakmica. U pro\u0161loj takmi\u010darskoj godini nosio je dres BSK-a, postigav\u0161i \u0161est golova na 28 utakmica u Prvoj ligi Republike Srpske.<\/p>\n<p>Po zavr\u0161etku omladinskog sta\u017ea u Borcu 2013. godine, godinu dana je bio u mrkonji\u0107koj Slobodi, nakon \u010dega se vratio u Borac, \u010diji \u010dlan je bio od jula 2014. do po\u010detka 2016. godine.<\/p>\n<p>U ljeto te godine vratio se u Mrkonji\u0107 Grad, a potom je u BiH jo\u0161 nastupao za Tekstilac, Ljubi\u0107 i Kozaru.<\/p>\n<p>Upisao je, u Hrvatskoj, jedan nastup u dresu Marsonije 1909, a prije dolaska u BSK bio je i \u010dlan austrijskog ni\u017eeliga\u0161a Vajdhofena.<\/p>\n<p><a href=\"https:\/\/mondo.ba\/Sport\/Fudbal\/a1308606\/mihajlo-savanovic-u-rudar-prijedoru.html\" target=\"_blank\" rel=\"noopener\">mondo.ba<\/a><br \/>\nFoto &#8211; FK Rudar-Prijedor<\/p>\n<p><a href=\"https:\/\/www.prijedordanas.com\/wp-content\/uploads\/2024\/07\/rudar-prijedor-mihajlo-savanovic-2.jpg\"><img loading=\"lazy\" decoding=\"async\" src=\"https:\/\/www.prijedordanas.com\/wp-content\/uploads\/2024\/07\/rudar-prijedor-mihajlo-savanovic-2-300x300.jpg\" alt=\"\" width=\"300\" height=\"300\" class=\"alignleft size-medium wp-image-229226\" srcset=\"https:\/\/www.prijedordanas.com\/wp-content\/uploads\/2024\/07\/rudar-prijedor-mihajlo-savanovic-2-300x300.jpg 300w, https:\/\/www.prijedordanas.com\/wp-content\/uploads\/2024\/07\/rudar-prijedor-mihajlo-savanovic-2-150x150.jpg 150w, https:\/\/www.prijedordanas.com\/wp-content\/uploads\/2024\/07\/rudar-prijedor-mihajlo-savanovic-2-50x50.jpg 50w, https:\/\/www.prijedordanas.com\/wp-content\/uploads\/2024\/07\/rudar-prijedor-mihajlo-savanovic-2.jpg 600w\" sizes=\"(max-width: 300px) 100vw, 300px\" \/><\/a><\/p>\n","protected":false},"excerpt":{"rendered":"<p>Mihajlo Savanovi\u0107 drugi put u karijeri obla\u010di dres Rudar Prijedora! Nekada\u0161nji omladinac Borca se vra\u0107a u klub na Sani, \u010diji \u010dlan je bio u sezoni 2019-2020, odigrav\u0161i 16 utakmica. U [&hellip;]<\/p>\n","protected":false},"author":1,"featured_media":0,"comment_status":"closed","ping_status":"open","sticky":false,"template":"","format":"standard","meta":{"_monsterinsights_skip_tracking":false,"_monsterinsights_sitenote_active":false,"_monsterinsights_sitenote_note":"","_monsterinsights_sitenote_category":0,"footnotes":""},"categories":[7],"tags":[],"yoast_head":"<!-- This site is optimized with the Yoast SEO plugin v21.6 - https:\/\/yoast.com\/wordpress\/plugins\/seo\/ -->\n<title>Povratak u Prijedor nakon \u010detiri godine: Mihajlo Savanovi\u0107 ponovo obla\u010di dres &quot;rudara&quot;! - PrijedorDanas.com - Prijedorski gradski portal<\/title>\n<meta name=\"robots\" content=\"index, follow, max-snippet:-1, max-image-preview:large, max-video-preview:-1\" \/>\n<link rel=\"canonical\" href=\"https:\/\/www.prijedordanas.com\/?p=229224\" \/>\n<meta property=\"og:locale\" content=\"en_US\" \/>\n<meta property=\"og:type\" content=\"article\" \/>\n<meta property=\"og:title\" content=\"Povratak u Prijedor nakon \u010detiri godine: Mihajlo Savanovi\u0107 ponovo obla\u010di dres &quot;rudara&quot;! - PrijedorDanas.com - Prijedorski gradski portal\" \/>\n<meta property=\"og:description\" content=\"Mihajlo Savanovi\u0107 drugi put u karijeri obla\u010di dres Rudar Prijedora! Nekada\u0161nji omladinac Borca se vra\u0107a u klub na Sani, \u010diji \u010dlan je bio u sezoni 2019-2020, odigrav\u0161i 16 utakmica. U [&hellip;]\" \/>\n<meta property=\"og:url\" content=\"https:\/\/www.prijedordanas.com\/?p=229224\" \/>\n<meta property=\"og:site_name\" content=\"PrijedorDanas.com - Prijedorski gradski portal\" \/>\n<meta property=\"article:publisher\" content=\"https:\/\/www.facebook.com\/PrijedorDanasCom\/\" \/>\n<meta property=\"article:published_time\" content=\"2024-07-05T08:06:30+00:00\" \/>\n<meta property=\"og:image\" content=\"https:\/\/www.prijedordanas.com\/wp-content\/uploads\/2024\/07\/rudar-prijedor-mihajlo-savanovic-1-300x300.jpg\" \/>\n<meta name=\"author\" content=\"admin\" \/>\n<meta name=\"twitter:card\" content=\"summary_large_image\" \/>\n<meta name=\"twitter:label1\" content=\"Written by\" \/>\n\t<meta name=\"twitter:data1\" content=\"admin\" \/>\n\t<meta name=\"twitter:label2\" content=\"Est. reading time\" \/>\n\t<meta name=\"twitter:data2\" content=\"1 minute\" \/>\n<script type=\"application\/ld+json\" class=\"yoast-schema-graph\">{\"@context\":\"https:\/\/schema.org\",\"@graph\":[{\"@type\":\"Article\",\"@id\":\"https:\/\/www.prijedordanas.com\/?p=229224#article\",\"isPartOf\":{\"@id\":\"https:\/\/www.prijedordanas.com\/?p=229224\"},\"author\":{\"name\":\"admin\",\"@id\":\"https:\/\/www.prijedordanas.com\/#\/schema\/person\/4e08ccf29b506ca916ff86d46bb700e6\"},\"headline\":\"Povratak u Prijedor nakon \u010detiri godine: Mihajlo Savanovi\u0107 ponovo obla\u010di dres &#8220;rudara&#8221;!\",\"datePublished\":\"2024-07-05T08:06:30+00:00\",\"dateModified\":\"2024-07-05T08:06:30+00:00\",\"mainEntityOfPage\":{\"@id\":\"https:\/\/www.prijedordanas.com\/?p=229224\"},\"wordCount\":149,\"publisher\":{\"@id\":\"https:\/\/www.prijedordanas.com\/#organization\"},\"articleSection\":[\"Sport\"],\"inLanguage\":\"en-US\"},{\"@type\":\"WebPage\",\"@id\":\"https:\/\/www.prijedordanas.com\/?p=229224\",\"url\":\"https:\/\/www.prijedordanas.com\/?p=229224\",\"name\":\"Povratak u Prijedor nakon \u010detiri godine: Mihajlo Savanovi\u0107 ponovo obla\u010di dres \\\"rudara\\\"! - PrijedorDanas.com - Prijedorski gradski portal\",\"isPartOf\":{\"@id\":\"https:\/\/www.prijedordanas.com\/#website\"},\"datePublished\":\"2024-07-05T08:06:30+00:00\",\"dateModified\":\"2024-07-05T08:06:30+00:00\",\"breadcrumb\":{\"@id\":\"https:\/\/www.prijedordanas.com\/?p=229224#breadcrumb\"},\"inLanguage\":\"en-US\",\"potentialAction\":[{\"@type\":\"ReadAction\",\"target\":[\"https:\/\/www.prijedordanas.com\/?p=229224\"]}]},{\"@type\":\"BreadcrumbList\",\"@id\":\"https:\/\/www.prijedordanas.com\/?p=229224#breadcrumb\",\"itemListElement\":[{\"@type\":\"ListItem\",\"position\":1,\"name\":\"Home\",\"item\":\"https:\/\/www.prijedordanas.com\/\"},{\"@type\":\"ListItem\",\"position\":2,\"name\":\"Povratak u Prijedor nakon \u010detiri godine: Mihajlo Savanovi\u0107 ponovo obla\u010di dres &#8220;rudara&#8221;!\"}]},{\"@type\":\"WebSite\",\"@id\":\"https:\/\/www.prijedordanas.com\/#website\",\"url\":\"https:\/\/www.prijedordanas.com\/\",\"name\":\"PrijedorDanas.com - Prijedorski gradski portal\",\"description\":\"Portal o doga\u0111anjima u gradu Prijedoru\",\"publisher\":{\"@id\":\"https:\/\/www.prijedordanas.com\/#organization\"},\"potentialAction\":[{\"@type\":\"SearchAction\",\"target\":{\"@type\":\"EntryPoint\",\"urlTemplate\":\"https:\/\/www.prijedordanas.com\/?s={search_term_string}\"},\"query-input\":\"required name=search_term_string\"}],\"inLanguage\":\"en-US\"},{\"@type\":\"Organization\",\"@id\":\"https:\/\/www.prijedordanas.com\/#organization\",\"name\":\"PrijedorDanas.com\",\"url\":\"https:\/\/www.prijedordanas.com\/\",\"logo\":{\"@type\":\"ImageObject\",\"inLanguage\":\"en-US\",\"@id\":\"https:\/\/www.prijedordanas.com\/#\/schema\/logo\/image\/\",\"url\":\"http:\/\/www.prijedordanas.com\/wp-content\/uploads\/2021\/12\/logopng.png\",\"contentUrl\":\"http:\/\/www.prijedordanas.com\/wp-content\/uploads\/2021\/12\/logopng.png\",\"width\":1019,\"height\":776,\"caption\":\"PrijedorDanas.com\"},\"image\":{\"@id\":\"https:\/\/www.prijedordanas.com\/#\/schema\/logo\/image\/\"},\"sameAs\":[\"https:\/\/www.facebook.com\/PrijedorDanasCom\/\"]},{\"@type\":\"Person\",\"@id\":\"https:\/\/www.prijedordanas.com\/#\/schema\/person\/4e08ccf29b506ca916ff86d46bb700e6\",\"name\":\"admin\",\"image\":{\"@type\":\"ImageObject\",\"inLanguage\":\"en-US\",\"@id\":\"https:\/\/www.prijedordanas.com\/#\/schema\/person\/image\/\",\"url\":\"https:\/\/secure.gravatar.com\/avatar\/1d3fc949d550f0b53a5f0d51e06dfd79?s=96&d=mm&r=g\",\"contentUrl\":\"https:\/\/secure.gravatar.com\/avatar\/1d3fc949d550f0b53a5f0d51e06dfd79?s=96&d=mm&r=g\",\"caption\":\"admin\"},\"url\":\"https:\/\/www.prijedordanas.com\/?author=1\"}]}<\/script>\n<!-- \/ Yoast SEO plugin. -->","yoast_head_json":{"title":"Povratak u Prijedor nakon \u010detiri godine: Mihajlo Savanovi\u0107 ponovo obla\u010di dres \"rudara\"! - PrijedorDanas.com - Prijedorski gradski portal","robots":{"index":"index","follow":"follow","max-snippet":"max-snippet:-1","max-image-preview":"max-image-preview:large","max-video-preview":"max-video-preview:-1"},"canonical":"https:\/\/www.prijedordanas.com\/?p=229224","og_locale":"en_US","og_type":"article","og_title":"Povratak u Prijedor nakon \u010detiri godine: Mihajlo Savanovi\u0107 ponovo obla\u010di dres \"rudara\"! - PrijedorDanas.com - Prijedorski gradski portal","og_description":"Mihajlo Savanovi\u0107 drugi put u karijeri obla\u010di dres Rudar Prijedora! Nekada\u0161nji omladinac Borca se vra\u0107a u klub na Sani, \u010diji \u010dlan je bio u sezoni 2019-2020, odigrav\u0161i 16 utakmica. U [&hellip;]","og_url":"https:\/\/www.prijedordanas.com\/?p=229224","og_site_name":"PrijedorDanas.com - Prijedorski gradski portal","article_publisher":"https:\/\/www.facebook.com\/PrijedorDanasCom\/","article_published_time":"2024-07-05T08:06:30+00:00","og_image":[{"url":"https:\/\/www.prijedordanas.com\/wp-content\/uploads\/2024\/07\/rudar-prijedor-mihajlo-savanovic-1-300x300.jpg"}],"author":"admin","twitter_card":"summary_large_image","twitter_misc":{"Written by":"admin","Est. reading time":"1 minute"},"schema":{"@context":"https:\/\/schema.org","@graph":[{"@type":"Article","@id":"https:\/\/www.prijedordanas.com\/?p=229224#article","isPartOf":{"@id":"https:\/\/www.prijedordanas.com\/?p=229224"},"author":{"name":"admin","@id":"https:\/\/www.prijedordanas.com\/#\/schema\/person\/4e08ccf29b506ca916ff86d46bb700e6"},"headline":"Povratak u Prijedor nakon \u010detiri godine: Mihajlo Savanovi\u0107 ponovo obla\u010di dres &#8220;rudara&#8221;!","datePublished":"2024-07-05T08:06:30+00:00","dateModified":"2024-07-05T08:06:30+00:00","mainEntityOfPage":{"@id":"https:\/\/www.prijedordanas.com\/?p=229224"},"wordCount":149,"publisher":{"@id":"https:\/\/www.prijedordanas.com\/#organization"},"articleSection":["Sport"],"inLanguage":"en-US"},{"@type":"WebPage","@id":"https:\/\/www.prijedordanas.com\/?p=229224","url":"https:\/\/www.prijedordanas.com\/?p=229224","name":"Povratak u Prijedor nakon \u010detiri godine: Mihajlo Savanovi\u0107 ponovo obla\u010di dres \"rudara\"! - PrijedorDanas.com - Prijedorski gradski portal","isPartOf":{"@id":"https:\/\/www.prijedordanas.com\/#website"},"datePublished":"2024-07-05T08:06:30+00:00","dateModified":"2024-07-05T08:06:30+00:00","breadcrumb":{"@id":"https:\/\/www.prijedordanas.com\/?p=229224#breadcrumb"},"inLanguage":"en-US","potentialAction":[{"@type":"ReadAction","target":["https:\/\/www.prijedordanas.com\/?p=229224"]}]},{"@type":"BreadcrumbList","@id":"https:\/\/www.prijedordanas.com\/?p=229224#breadcrumb","itemListElement":[{"@type":"ListItem","position":1,"name":"Home","item":"https:\/\/www.prijedordanas.com\/"},{"@type":"ListItem","position":2,"name":"Povratak u Prijedor nakon \u010detiri godine: Mihajlo Savanovi\u0107 ponovo obla\u010di dres &#8220;rudara&#8221;!"}]},{"@type":"WebSite","@id":"https:\/\/www.prijedordanas.com\/#website","url":"https:\/\/www.prijedordanas.com\/","name":"PrijedorDanas.com - Prijedorski gradski portal","description":"Portal o doga\u0111anjima u gradu Prijedoru","publisher":{"@id":"https:\/\/www.prijedordanas.com\/#organization"},"potentialAction":[{"@type":"SearchAction","target":{"@type":"EntryPoint","urlTemplate":"https:\/\/www.prijedordanas.com\/?s={search_term_string}"},"query-input":"required name=search_term_string"}],"inLanguage":"en-US"},{"@type":"Organization","@id":"https:\/\/www.prijedordanas.com\/#organization","name":"PrijedorDanas.com","url":"https:\/\/www.prijedordanas.com\/","logo":{"@type":"ImageObject","inLanguage":"en-US","@id":"https:\/\/www.prijedordanas.com\/#\/schema\/logo\/image\/","url":"http:\/\/www.prijedordanas.com\/wp-content\/uploads\/2021\/12\/logopng.png","contentUrl":"http:\/\/www.prijedordanas.com\/wp-content\/uploads\/2021\/12\/logopng.png","width":1019,"height":776,"caption":"PrijedorDanas.com"},"image":{"@id":"https:\/\/www.prijedordanas.com\/#\/schema\/logo\/image\/"},"sameAs":["https:\/\/www.facebook.com\/PrijedorDanasCom\/"]},{"@type":"Person","@id":"https:\/\/www.prijedordanas.com\/#\/schema\/person\/4e08ccf29b506ca916ff86d46bb700e6","name":"admin","image":{"@type":"ImageObject","inLanguage":"en-US","@id":"https:\/\/www.prijedordanas.com\/#\/schema\/person\/image\/","url":"https:\/\/secure.gravatar.com\/avatar\/1d3fc949d550f0b53a5f0d51e06dfd79?s=96&d=mm&r=g","contentUrl":"https:\/\/secure.gravatar.com\/avatar\/1d3fc949d550f0b53a5f0d51e06dfd79?s=96&d=mm&r=g","caption":"admin"},"url":"https:\/\/www.prijedordanas.com\/?author=1"}]}},"_links":{"self":[{"href":"https:\/\/www.prijedordanas.com\/index.php?rest_route=\/wp\/v2\/posts\/229224"}],"collection":[{"href":"https:\/\/www.prijedordanas.com\/index.php?rest_route=\/wp\/v2\/posts"}],"about":[{"href":"https:\/\/www.prijedordanas.com\/index.php?rest_route=\/wp\/v2\/types\/post"}],"author":[{"embeddable":true,"href":"https:\/\/www.prijedordanas.com\/index.php?rest_route=\/wp\/v2\/users\/1"}],"replies":[{"embeddable":true,"href":"https:\/\/www.prijedordanas.com\/index.php?rest_route=%2Fwp%2Fv2%2Fcomments&post=229224"}],"version-history":[{"count":1,"href":"https:\/\/www.prijedordanas.com\/index.php?rest_route=\/wp\/v2\/posts\/229224\/revisions"}],"predecessor-version":[{"id":229227,"href":"https:\/\/www.prijedordanas.com\/index.php?rest_route=\/wp\/v2\/posts\/229224\/revisions\/229227"}],"wp:attachment":[{"href":"https:\/\/www.prijedordanas.com\/index.php?rest_route=%2Fwp%2Fv2%2Fmedia&parent=229224"}],"wp:term":[{"taxonomy":"category","embeddable":true,"href":"https:\/\/www.prijedordanas.com\/index.php?rest_route=%2Fwp%2Fv2%2Fcategories&post=229224"},{"taxonomy":"post_tag","embeddable":true,"href":"https:\/\/www.prijedordanas.com\/index.php?rest_route=%2Fwp%2Fv2%2Ftags&post=229224"}],"curies":[{"name":"wp","href":"https:\/\/api.w.org\/{rel}","templated":true}]}}