{"id":228834,"date":"2024-06-29T12:17:19","date_gmt":"2024-06-29T10:17:19","guid":{"rendered":"https:\/\/www.prijedordanas.com\/?p=228834"},"modified":"2024-06-29T12:17:19","modified_gmt":"2024-06-29T10:17:19","slug":"sudenje-brajic-i-ostali-odvodenje-civila-u-logor","status":"publish","type":"post","link":"https:\/\/www.prijedordanas.com\/?p=228834","title":{"rendered":"Su\u0111enje Braji\u0107 i ostali: Odvo\u0111enje civila u logor"},"content":{"rendered":"<p><a href=\"https:\/\/www.prijedordanas.com\/wp-content\/uploads\/2024\/02\/sud-bih-3.jpg\"><img loading=\"lazy\" decoding=\"async\" src=\"https:\/\/www.prijedordanas.com\/wp-content\/uploads\/2024\/02\/sud-bih-3-300x225.jpg\" alt=\"\" width=\"300\" height=\"225\" class=\"alignleft size-medium wp-image-219495\" srcset=\"https:\/\/www.prijedordanas.com\/wp-content\/uploads\/2024\/02\/sud-bih-3-300x225.jpg 300w, https:\/\/www.prijedordanas.com\/wp-content\/uploads\/2024\/02\/sud-bih-3-640x480.jpg 640w, https:\/\/www.prijedordanas.com\/wp-content\/uploads\/2024\/02\/sud-bih-3.jpg 667w\" sizes=\"(max-width: 300px) 100vw, 300px\" \/><\/a>Na su\u0111enju za zlo\u010dine u Bri\u0161evu i okolnim selima na podru\u010dju Prijedora i Sanskog Mosta, svjedok Tu\u017eila\u0161tva Bosne i Hercegovine ispri\u010dao je kako je bio anga\u017eovan da vozi kamion u jednoj akciji i da je dovezao dva civila u logor.<\/p>\n<p>Za\u0161ti\u0107eni svjedok B-1 kazao je da je bio u radnoj obavezi kada mu je re\u010deno da ode kamionom pred komandu \u0160este sanske brigade.<\/p>\n<p>\u201cRekao mi je direktor da treba kamion za Deveti bataljon\u201c, naveo je svjedok, dodaju\u0107i da je u njegov kamion uba\u010dena hrana.<\/p>\n<p>On je kazao da se vojska okupila i krenuli su s jo\u0161 dva kamiona i dva autobusa te su se zaustavili kod Stare Rijeke, otprilike tri kilometra prije Bri\u0161eva. Ispri\u010dao je da je kasnije nai\u0161ao na grupu ljudi, me\u0111u kojima je u uniformi bio Mi\u0107o \u0106ulibrk koji mu je rekao da dva civila odvede u \u201cKrings\u201c \u2013 logor.<\/p>\n<p>B-1 je ispri\u010dao da je tu dvojicu odvezao u \u201cKrings\u201c i vratio se, a predve\u010de je ponovo sreo \u0106ulibrka koji je tra\u017eio da jednog mladi\u0107a od 25 godina odveze u logor.<\/p>\n<p>\u201cJa nisam htio. Prekoputa je stajao vojnik, Kosovac, sa \u201884-orkom. Ka\u017ee: \u2018Pusti tog momka ili \u0107u te ubiti\u2019. I on je pustio. Da je ne\u0161to napravio ne bi bio u selu\u201c, prisjetio se svjedok.<\/p>\n<p>On je kazao da su tu proveli dva dana i da poslije je bio sastanak komande u kafani ili mjesnoj zajednici. Naveo je da je tu vidio majora Braji\u0107a i Branka D\u017eenopoljca.<\/p>\n<p>Na pitanja Odbrana, svjedok je rekao da mu Braji\u0107 nije izdao nikakvu naredbu. Rekao je da nije \u010duo za ubistva na tom podru\u010dju.<\/p>\n<p>Veljko Braji\u0107, Slobodan Taranjac, Ranko Kaurin, Branko D\u017eenopoljac i Dra\u0161ko Topi\u0107 optu\u017eeni za napade na sela u op\u0161tinama Prijedor i Sanski Most, nastanjena uglavnom stanovni\u0161tvom hrvatske nacionalnosti. Kako se navodi, 24. i 25. jula ubijena je najmanje 61 \u017ertva dobi od 16 godina do 81 godinu, tri osobe su nestale, a po\u010dinjena su silovanja i prisilna preseljenja, dok je vi\u0161e desetina osoba odvedeno u logore.<\/p>\n<p>Braji\u0107 je optu\u017een u svojstvu na\u010delnika \u0160taba \u0160este sanske brigade, Taranjac kao predsjednik Kriznog \u0161taba Ljubije i de facto komandant Teritorijalne odbrane Ljubija, Kaurin kao vr\u0161ilac du\u017enosti i de facto komandant Tre\u0107eg bataljona, a D\u017eenopoljac kao komandant Devetog bataljona \u0160este sanske brigade. Prema optu\u017enici, Topi\u0107 je bio pripadnik neidentifikovane naoru\u017eane formacije.<\/p>\n<p>Tu\u017eilac Izet Odoba\u0161i\u0107 pro\u010ditao je iskaz preminule svjedokinje Vere Mlinar, koja je \u017eivjela u jednom zaseoku Bri\u0161eva. Svjedokinja se u istrazi prisjetila mrtvih kom\u0161ija nakon \u0161to je u selo u\u0161la srpska vojska.<\/p>\n<p>\u201cProveli su Marka Buzuka, ruke iza le\u0111a, sav krvav. Kasnije sam na\u0161la njegovo tijelo\u201c, kazala je Mlinar.<\/p>\n<p>Ona je navela da je na\u0161la i dvoje mrtvih supru\u017enika, kao i mladu \u017eenu za koju je \u010dula da je ranije bila silovana. Svjedokinja je rekla da je i njena svekrva prona\u0111ena mrtva u \u0161umi. S drugima je, kako je navela, sahranjivala mrtva tijela.<\/p>\n<p>Mlinar je u iskazu rekla da je jedno vrijeme no\u0107ila u Ljubiji, a danju dolazila u Bri\u0161evo. Dodala je da je to podru\u010dje napustila u novembru 1992.<\/p>\n<p>Nastavak su\u0111enja bi\u0107e naknadno odre\u0111en.<\/p>\n<p>detektor.ba<\/p>\n","protected":false},"excerpt":{"rendered":"<p>Na su\u0111enju za zlo\u010dine u Bri\u0161evu i okolnim selima na podru\u010dju Prijedora i Sanskog Mosta, svjedok Tu\u017eila\u0161tva Bosne i Hercegovine ispri\u010dao je kako je bio anga\u017eovan da vozi kamion u [&hellip;]<\/p>\n","protected":false},"author":1,"featured_media":0,"comment_status":"closed","ping_status":"open","sticky":false,"template":"","format":"standard","meta":{"_monsterinsights_skip_tracking":false,"_monsterinsights_sitenote_active":false,"_monsterinsights_sitenote_note":"","_monsterinsights_sitenote_category":0,"footnotes":""},"categories":[5],"tags":[],"yoast_head":"<!-- This site is optimized with the Yoast SEO plugin v21.6 - https:\/\/yoast.com\/wordpress\/plugins\/seo\/ -->\n<title>Su\u0111enje Braji\u0107 i ostali: Odvo\u0111enje civila u logor - PrijedorDanas.com - Prijedorski gradski portal<\/title>\n<meta name=\"robots\" content=\"index, follow, max-snippet:-1, max-image-preview:large, max-video-preview:-1\" \/>\n<link rel=\"canonical\" href=\"https:\/\/www.prijedordanas.com\/?p=228834\" \/>\n<meta property=\"og:locale\" content=\"en_US\" \/>\n<meta property=\"og:type\" content=\"article\" \/>\n<meta property=\"og:title\" content=\"Su\u0111enje Braji\u0107 i ostali: Odvo\u0111enje civila u logor - PrijedorDanas.com - Prijedorski gradski portal\" \/>\n<meta property=\"og:description\" content=\"Na su\u0111enju za zlo\u010dine u Bri\u0161evu i okolnim selima na podru\u010dju Prijedora i Sanskog Mosta, svjedok Tu\u017eila\u0161tva Bosne i Hercegovine ispri\u010dao je kako je bio anga\u017eovan da vozi kamion u [&hellip;]\" \/>\n<meta property=\"og:url\" content=\"https:\/\/www.prijedordanas.com\/?p=228834\" \/>\n<meta property=\"og:site_name\" content=\"PrijedorDanas.com - Prijedorski gradski portal\" \/>\n<meta property=\"article:publisher\" content=\"https:\/\/www.facebook.com\/PrijedorDanasCom\/\" \/>\n<meta property=\"article:published_time\" content=\"2024-06-29T10:17:19+00:00\" \/>\n<meta property=\"og:image\" content=\"https:\/\/www.prijedordanas.com\/wp-content\/uploads\/2024\/02\/sud-bih-3-300x225.jpg\" \/>\n<meta name=\"author\" content=\"admin\" \/>\n<meta name=\"twitter:card\" content=\"summary_large_image\" \/>\n<meta name=\"twitter:label1\" content=\"Written by\" \/>\n\t<meta name=\"twitter:data1\" content=\"admin\" \/>\n<script type=\"application\/ld+json\" class=\"yoast-schema-graph\">{\"@context\":\"https:\/\/schema.org\",\"@graph\":[{\"@type\":\"Article\",\"@id\":\"https:\/\/www.prijedordanas.com\/?p=228834#article\",\"isPartOf\":{\"@id\":\"https:\/\/www.prijedordanas.com\/?p=228834\"},\"author\":{\"name\":\"admin\",\"@id\":\"https:\/\/www.prijedordanas.com\/#\/schema\/person\/4e08ccf29b506ca916ff86d46bb700e6\"},\"headline\":\"Su\u0111enje Braji\u0107 i ostali: Odvo\u0111enje civila u logor\",\"datePublished\":\"2024-06-29T10:17:19+00:00\",\"dateModified\":\"2024-06-29T10:17:19+00:00\",\"mainEntityOfPage\":{\"@id\":\"https:\/\/www.prijedordanas.com\/?p=228834\"},\"wordCount\":566,\"publisher\":{\"@id\":\"https:\/\/www.prijedordanas.com\/#organization\"},\"articleSection\":[\"Hronika\"],\"inLanguage\":\"en-US\"},{\"@type\":\"WebPage\",\"@id\":\"https:\/\/www.prijedordanas.com\/?p=228834\",\"url\":\"https:\/\/www.prijedordanas.com\/?p=228834\",\"name\":\"Su\u0111enje Braji\u0107 i ostali: Odvo\u0111enje civila u logor - PrijedorDanas.com - Prijedorski gradski portal\",\"isPartOf\":{\"@id\":\"https:\/\/www.prijedordanas.com\/#website\"},\"datePublished\":\"2024-06-29T10:17:19+00:00\",\"dateModified\":\"2024-06-29T10:17:19+00:00\",\"breadcrumb\":{\"@id\":\"https:\/\/www.prijedordanas.com\/?p=228834#breadcrumb\"},\"inLanguage\":\"en-US\",\"potentialAction\":[{\"@type\":\"ReadAction\",\"target\":[\"https:\/\/www.prijedordanas.com\/?p=228834\"]}]},{\"@type\":\"BreadcrumbList\",\"@id\":\"https:\/\/www.prijedordanas.com\/?p=228834#breadcrumb\",\"itemListElement\":[{\"@type\":\"ListItem\",\"position\":1,\"name\":\"Home\",\"item\":\"https:\/\/www.prijedordanas.com\/\"},{\"@type\":\"ListItem\",\"position\":2,\"name\":\"Su\u0111enje Braji\u0107 i ostali: Odvo\u0111enje civila u logor\"}]},{\"@type\":\"WebSite\",\"@id\":\"https:\/\/www.prijedordanas.com\/#website\",\"url\":\"https:\/\/www.prijedordanas.com\/\",\"name\":\"PrijedorDanas.com - Prijedorski gradski portal\",\"description\":\"Portal o doga\u0111anjima u gradu Prijedoru\",\"publisher\":{\"@id\":\"https:\/\/www.prijedordanas.com\/#organization\"},\"potentialAction\":[{\"@type\":\"SearchAction\",\"target\":{\"@type\":\"EntryPoint\",\"urlTemplate\":\"https:\/\/www.prijedordanas.com\/?s={search_term_string}\"},\"query-input\":\"required name=search_term_string\"}],\"inLanguage\":\"en-US\"},{\"@type\":\"Organization\",\"@id\":\"https:\/\/www.prijedordanas.com\/#organization\",\"name\":\"PrijedorDanas.com\",\"url\":\"https:\/\/www.prijedordanas.com\/\",\"logo\":{\"@type\":\"ImageObject\",\"inLanguage\":\"en-US\",\"@id\":\"https:\/\/www.prijedordanas.com\/#\/schema\/logo\/image\/\",\"url\":\"http:\/\/www.prijedordanas.com\/wp-content\/uploads\/2021\/12\/logopng.png\",\"contentUrl\":\"http:\/\/www.prijedordanas.com\/wp-content\/uploads\/2021\/12\/logopng.png\",\"width\":1019,\"height\":776,\"caption\":\"PrijedorDanas.com\"},\"image\":{\"@id\":\"https:\/\/www.prijedordanas.com\/#\/schema\/logo\/image\/\"},\"sameAs\":[\"https:\/\/www.facebook.com\/PrijedorDanasCom\/\"]},{\"@type\":\"Person\",\"@id\":\"https:\/\/www.prijedordanas.com\/#\/schema\/person\/4e08ccf29b506ca916ff86d46bb700e6\",\"name\":\"admin\",\"image\":{\"@type\":\"ImageObject\",\"inLanguage\":\"en-US\",\"@id\":\"https:\/\/www.prijedordanas.com\/#\/schema\/person\/image\/\",\"url\":\"https:\/\/secure.gravatar.com\/avatar\/1d3fc949d550f0b53a5f0d51e06dfd79?s=96&d=mm&r=g\",\"contentUrl\":\"https:\/\/secure.gravatar.com\/avatar\/1d3fc949d550f0b53a5f0d51e06dfd79?s=96&d=mm&r=g\",\"caption\":\"admin\"},\"url\":\"https:\/\/www.prijedordanas.com\/?author=1\"}]}<\/script>\n<!-- \/ Yoast SEO plugin. -->","yoast_head_json":{"title":"Su\u0111enje Braji\u0107 i ostali: Odvo\u0111enje civila u logor - PrijedorDanas.com - Prijedorski gradski portal","robots":{"index":"index","follow":"follow","max-snippet":"max-snippet:-1","max-image-preview":"max-image-preview:large","max-video-preview":"max-video-preview:-1"},"canonical":"https:\/\/www.prijedordanas.com\/?p=228834","og_locale":"en_US","og_type":"article","og_title":"Su\u0111enje Braji\u0107 i ostali: Odvo\u0111enje civila u logor - PrijedorDanas.com - Prijedorski gradski portal","og_description":"Na su\u0111enju za zlo\u010dine u Bri\u0161evu i okolnim selima na podru\u010dju Prijedora i Sanskog Mosta, svjedok Tu\u017eila\u0161tva Bosne i Hercegovine ispri\u010dao je kako je bio anga\u017eovan da vozi kamion u [&hellip;]","og_url":"https:\/\/www.prijedordanas.com\/?p=228834","og_site_name":"PrijedorDanas.com - Prijedorski gradski portal","article_publisher":"https:\/\/www.facebook.com\/PrijedorDanasCom\/","article_published_time":"2024-06-29T10:17:19+00:00","og_image":[{"url":"https:\/\/www.prijedordanas.com\/wp-content\/uploads\/2024\/02\/sud-bih-3-300x225.jpg"}],"author":"admin","twitter_card":"summary_large_image","twitter_misc":{"Written by":"admin"},"schema":{"@context":"https:\/\/schema.org","@graph":[{"@type":"Article","@id":"https:\/\/www.prijedordanas.com\/?p=228834#article","isPartOf":{"@id":"https:\/\/www.prijedordanas.com\/?p=228834"},"author":{"name":"admin","@id":"https:\/\/www.prijedordanas.com\/#\/schema\/person\/4e08ccf29b506ca916ff86d46bb700e6"},"headline":"Su\u0111enje Braji\u0107 i ostali: Odvo\u0111enje civila u logor","datePublished":"2024-06-29T10:17:19+00:00","dateModified":"2024-06-29T10:17:19+00:00","mainEntityOfPage":{"@id":"https:\/\/www.prijedordanas.com\/?p=228834"},"wordCount":566,"publisher":{"@id":"https:\/\/www.prijedordanas.com\/#organization"},"articleSection":["Hronika"],"inLanguage":"en-US"},{"@type":"WebPage","@id":"https:\/\/www.prijedordanas.com\/?p=228834","url":"https:\/\/www.prijedordanas.com\/?p=228834","name":"Su\u0111enje Braji\u0107 i ostali: Odvo\u0111enje civila u logor - PrijedorDanas.com - Prijedorski gradski portal","isPartOf":{"@id":"https:\/\/www.prijedordanas.com\/#website"},"datePublished":"2024-06-29T10:17:19+00:00","dateModified":"2024-06-29T10:17:19+00:00","breadcrumb":{"@id":"https:\/\/www.prijedordanas.com\/?p=228834#breadcrumb"},"inLanguage":"en-US","potentialAction":[{"@type":"ReadAction","target":["https:\/\/www.prijedordanas.com\/?p=228834"]}]},{"@type":"BreadcrumbList","@id":"https:\/\/www.prijedordanas.com\/?p=228834#breadcrumb","itemListElement":[{"@type":"ListItem","position":1,"name":"Home","item":"https:\/\/www.prijedordanas.com\/"},{"@type":"ListItem","position":2,"name":"Su\u0111enje Braji\u0107 i ostali: Odvo\u0111enje civila u logor"}]},{"@type":"WebSite","@id":"https:\/\/www.prijedordanas.com\/#website","url":"https:\/\/www.prijedordanas.com\/","name":"PrijedorDanas.com - Prijedorski gradski portal","description":"Portal o doga\u0111anjima u gradu Prijedoru","publisher":{"@id":"https:\/\/www.prijedordanas.com\/#organization"},"potentialAction":[{"@type":"SearchAction","target":{"@type":"EntryPoint","urlTemplate":"https:\/\/www.prijedordanas.com\/?s={search_term_string}"},"query-input":"required name=search_term_string"}],"inLanguage":"en-US"},{"@type":"Organization","@id":"https:\/\/www.prijedordanas.com\/#organization","name":"PrijedorDanas.com","url":"https:\/\/www.prijedordanas.com\/","logo":{"@type":"ImageObject","inLanguage":"en-US","@id":"https:\/\/www.prijedordanas.com\/#\/schema\/logo\/image\/","url":"http:\/\/www.prijedordanas.com\/wp-content\/uploads\/2021\/12\/logopng.png","contentUrl":"http:\/\/www.prijedordanas.com\/wp-content\/uploads\/2021\/12\/logopng.png","width":1019,"height":776,"caption":"PrijedorDanas.com"},"image":{"@id":"https:\/\/www.prijedordanas.com\/#\/schema\/logo\/image\/"},"sameAs":["https:\/\/www.facebook.com\/PrijedorDanasCom\/"]},{"@type":"Person","@id":"https:\/\/www.prijedordanas.com\/#\/schema\/person\/4e08ccf29b506ca916ff86d46bb700e6","name":"admin","image":{"@type":"ImageObject","inLanguage":"en-US","@id":"https:\/\/www.prijedordanas.com\/#\/schema\/person\/image\/","url":"https:\/\/secure.gravatar.com\/avatar\/1d3fc949d550f0b53a5f0d51e06dfd79?s=96&d=mm&r=g","contentUrl":"https:\/\/secure.gravatar.com\/avatar\/1d3fc949d550f0b53a5f0d51e06dfd79?s=96&d=mm&r=g","caption":"admin"},"url":"https:\/\/www.prijedordanas.com\/?author=1"}]}},"_links":{"self":[{"href":"https:\/\/www.prijedordanas.com\/index.php?rest_route=\/wp\/v2\/posts\/228834"}],"collection":[{"href":"https:\/\/www.prijedordanas.com\/index.php?rest_route=\/wp\/v2\/posts"}],"about":[{"href":"https:\/\/www.prijedordanas.com\/index.php?rest_route=\/wp\/v2\/types\/post"}],"author":[{"embeddable":true,"href":"https:\/\/www.prijedordanas.com\/index.php?rest_route=\/wp\/v2\/users\/1"}],"replies":[{"embeddable":true,"href":"https:\/\/www.prijedordanas.com\/index.php?rest_route=%2Fwp%2Fv2%2Fcomments&post=228834"}],"version-history":[{"count":1,"href":"https:\/\/www.prijedordanas.com\/index.php?rest_route=\/wp\/v2\/posts\/228834\/revisions"}],"predecessor-version":[{"id":228835,"href":"https:\/\/www.prijedordanas.com\/index.php?rest_route=\/wp\/v2\/posts\/228834\/revisions\/228835"}],"wp:attachment":[{"href":"https:\/\/www.prijedordanas.com\/index.php?rest_route=%2Fwp%2Fv2%2Fmedia&parent=228834"}],"wp:term":[{"taxonomy":"category","embeddable":true,"href":"https:\/\/www.prijedordanas.com\/index.php?rest_route=%2Fwp%2Fv2%2Fcategories&post=228834"},{"taxonomy":"post_tag","embeddable":true,"href":"https:\/\/www.prijedordanas.com\/index.php?rest_route=%2Fwp%2Fv2%2Ftags&post=228834"}],"curies":[{"name":"wp","href":"https:\/\/api.w.org\/{rel}","templated":true}]}}