{"id":228747,"date":"2024-06-27T22:48:28","date_gmt":"2024-06-27T20:48:28","guid":{"rendered":"https:\/\/www.prijedordanas.com\/?p=228747"},"modified":"2024-06-27T22:48:28","modified_gmt":"2024-06-27T20:48:28","slug":"u-omarskoj-poceli-vidovdanski-dani-foto","status":"publish","type":"post","link":"https:\/\/www.prijedordanas.com\/?p=228747","title":{"rendered":"U Omarskoj po\u010deli &#8220;Vidovdanski dani&#8221; &#8211; FOTO"},"content":{"rendered":"<p><a href=\"https:\/\/www.prijedordanas.com\/wp-content\/uploads\/2024\/06\/prijedorgradorg-vidovdanski-dani-omarska2024-1.jpg\"><img loading=\"lazy\" decoding=\"async\" class=\"alignleft size-medium wp-image-228748\" src=\"https:\/\/www.prijedordanas.com\/wp-content\/uploads\/2024\/06\/prijedorgradorg-vidovdanski-dani-omarska2024-1-300x225.jpg\" alt=\"\" width=\"300\" height=\"225\" srcset=\"https:\/\/www.prijedordanas.com\/wp-content\/uploads\/2024\/06\/prijedorgradorg-vidovdanski-dani-omarska2024-1-300x225.jpg 300w, https:\/\/www.prijedordanas.com\/wp-content\/uploads\/2024\/06\/prijedorgradorg-vidovdanski-dani-omarska2024-1-640x480.jpg 640w, https:\/\/www.prijedordanas.com\/wp-content\/uploads\/2024\/06\/prijedorgradorg-vidovdanski-dani-omarska2024-1.jpg 667w\" sizes=\"(max-width: 300px) 100vw, 300px\" \/><\/a>Manifestacija &#8220;Vidovdanski dani&#8221; po\u010dela je ve\u010deras u Omarskoj gdje se u porti Hrama Svetog cara Lazara tradicionalno okupljaju mje\u0161tani i njihovi gosti uo\u010di Vidovdana.<\/p>\n<p>Na brojnim \u0161tandovima bile su izlo\u017eene narodne rukotvorine i poslastice, koje su s ljubavlju pripremile doma\u0107ice iz Omarske i okolnih sela, a pripremljen je I bogat kulturno-umjetni\u010dki program.<\/p>\n<p>Gradona\u010delnik Prijedora Slobodan Javor je novinarima izjavio da svake godine uo\u010di Vidovdana rado dolazi u Omarsku gdje se obilje\u017eava i slava hrama i ovog predivnog mjesta.<\/p>\n<p>&#8220;Okupljamo se svake godine uo\u010di Vidovdana da proslavimo slavu ovog divnog mjesta i ovda\u0161njeg hrama i drago mi je \u0161to se uvijek okupi dosta mje\u0161tana svih generacija i gdje ima \u0161ta da se nau\u010di o na\u0161oj istoriji i tradiciji&#8221;, rekao je Javor.<\/p>\n<p><a href=\"https:\/\/www.prijedordanas.com\/wp-content\/uploads\/2024\/06\/prijedorgradorg-vidovdanski-dani-omarska2024-2.jpg\"><img loading=\"lazy\" decoding=\"async\" class=\"alignleft size-medium wp-image-228749\" src=\"https:\/\/www.prijedordanas.com\/wp-content\/uploads\/2024\/06\/prijedorgradorg-vidovdanski-dani-omarska2024-2-300x225.jpg\" alt=\"\" width=\"300\" height=\"225\" srcset=\"https:\/\/www.prijedordanas.com\/wp-content\/uploads\/2024\/06\/prijedorgradorg-vidovdanski-dani-omarska2024-2-300x225.jpg 300w, https:\/\/www.prijedordanas.com\/wp-content\/uploads\/2024\/06\/prijedorgradorg-vidovdanski-dani-omarska2024-2-640x480.jpg 640w, https:\/\/www.prijedordanas.com\/wp-content\/uploads\/2024\/06\/prijedorgradorg-vidovdanski-dani-omarska2024-2.jpg 667w\" sizes=\"(max-width: 300px) 100vw, 300px\" \/><\/a>On je dodao da je kroz istoriju Vidovdan bio poziv na okupljanje, na sabornost da o\u010duvamo na\u0161 identitet.<\/p>\n<p>&#8220;Poruka sa ovog mjesta je da treba da se okupljamo stalno, ne samo kada su neki zna\u010dajni datumi&#8221;, rekao je Javor.<\/p>\n<p>On je dodao da grad Prijedor itekako ovdi ra\u010duna o Omarskoj , da su ulo\u017eena sredstva u izgradnju crkvenog doma koji je u zavr\u0161noj fazi, da je izgra\u0111ena hladnja\u010da za vo\u0107are te da je izdvojeno milion KM za po\u010detak izgradnje kanalizacione mre\u017ee.<\/p>\n<p>Predsjednik Savjeta Mjesne zajednice Omarska \u017deljko Romani\u0107 je izjavio da je Omarska je prepoznatljiva po mnogo \u010demu.<\/p>\n<p><a href=\"https:\/\/www.prijedordanas.com\/wp-content\/uploads\/2024\/06\/prijedorgradorg-vidovdanski-dani-omarska2024-3.jpg\"><img loading=\"lazy\" decoding=\"async\" src=\"https:\/\/www.prijedordanas.com\/wp-content\/uploads\/2024\/06\/prijedorgradorg-vidovdanski-dani-omarska2024-3-300x225.jpg\" alt=\"\" width=\"300\" height=\"225\" class=\"alignleft size-medium wp-image-228750\" srcset=\"https:\/\/www.prijedordanas.com\/wp-content\/uploads\/2024\/06\/prijedorgradorg-vidovdanski-dani-omarska2024-3-300x225.jpg 300w, https:\/\/www.prijedordanas.com\/wp-content\/uploads\/2024\/06\/prijedorgradorg-vidovdanski-dani-omarska2024-3-640x480.jpg 640w, https:\/\/www.prijedordanas.com\/wp-content\/uploads\/2024\/06\/prijedorgradorg-vidovdanski-dani-omarska2024-3.jpg 667w\" sizes=\"(max-width: 300px) 100vw, 300px\" \/><\/a>&#8220;Ovo je ve\u0107 postala tradicija i svake godine je sve vi\u0161e mje\u0161tana i njihovih gostiju te pozivam sve da radimo na na\u0161oj dvorani, crkvenom domu i svim drugim objektima i sadr\u017eajima kojima \u0107emo mlade zaddr\u017eati u ovom mjestu , rekao je Romani\u0107.<\/p>\n<p>Pred izlo\u017ebe rukotvorina i tradicionalnih jela, u Omarskoj je izlo\u017eena i lova\u010dka oprema i trofeji, organizovana io kotli\u0107ijada pe prire\u0111en bogat kulturno-umjetni\u010dki program u kojemsu u\u010destvovali \u010dlanovi KUD &#8220;Omarska&#8221;, Dje\u010diji vrti\u0107 &#8220;Pal\u010di\u0107&#8221;, Izvorna ojka\u010dka grupa &#8220;Timar&#8221; iz Jeli\u0107ke te u\u010denici Osnovne \u0161kole &#8220;Vuk Karad\u017ei\u0107&#8221; iz Omarske.<\/p>\n<p>Obilje\u017eavanje Vidovdana, slave mjesne zajednice i crkve u Omarskoj nastavlja se sutra akcijom dobrovoljnog darivanja krvi te sve\u010danom liturgijom i lomljenjem slavskog kola\u010da.<\/p>\n<p><a href=\"https:\/\/www.prijedorgrad.org\/sr-EU\/vijesti-sadrzaj.html?vid=20411\" target=\"_blank\" rel=\"noopener\">prijedorgrad.org<\/a><\/p>\n<p><a href=\"https:\/\/www.prijedordanas.com\/wp-content\/uploads\/2024\/06\/prijedorgradorg-vidovdanski-dani-omarska2024-4.jpg\"><img loading=\"lazy\" decoding=\"async\" src=\"https:\/\/www.prijedordanas.com\/wp-content\/uploads\/2024\/06\/prijedorgradorg-vidovdanski-dani-omarska2024-4-300x200.jpg\" alt=\"\" width=\"300\" height=\"200\" class=\"alignleft size-medium wp-image-228751\" srcset=\"https:\/\/www.prijedordanas.com\/wp-content\/uploads\/2024\/06\/prijedorgradorg-vidovdanski-dani-omarska2024-4-300x200.jpg 300w, https:\/\/www.prijedordanas.com\/wp-content\/uploads\/2024\/06\/prijedorgradorg-vidovdanski-dani-omarska2024-4-480x320.jpg 480w, https:\/\/www.prijedordanas.com\/wp-content\/uploads\/2024\/06\/prijedorgradorg-vidovdanski-dani-omarska2024-4.jpg 600w\" sizes=\"(max-width: 300px) 100vw, 300px\" \/><\/a> <a href=\"https:\/\/www.prijedordanas.com\/wp-content\/uploads\/2024\/06\/prijedorgradorg-vidovdanski-dani-omarska2024-5.jpg\"><img loading=\"lazy\" decoding=\"async\" src=\"https:\/\/www.prijedordanas.com\/wp-content\/uploads\/2024\/06\/prijedorgradorg-vidovdanski-dani-omarska2024-5-300x200.jpg\" alt=\"\" width=\"300\" height=\"200\" class=\"alignleft size-medium wp-image-228752\" srcset=\"https:\/\/www.prijedordanas.com\/wp-content\/uploads\/2024\/06\/prijedorgradorg-vidovdanski-dani-omarska2024-5-300x200.jpg 300w, https:\/\/www.prijedordanas.com\/wp-content\/uploads\/2024\/06\/prijedorgradorg-vidovdanski-dani-omarska2024-5-480x320.jpg 480w, https:\/\/www.prijedordanas.com\/wp-content\/uploads\/2024\/06\/prijedorgradorg-vidovdanski-dani-omarska2024-5.jpg 600w\" sizes=\"(max-width: 300px) 100vw, 300px\" \/><\/a> <a href=\"https:\/\/www.prijedordanas.com\/wp-content\/uploads\/2024\/06\/prijedorgradorg-vidovdanski-dani-omarska2024-6.jpg\"><img loading=\"lazy\" decoding=\"async\" src=\"https:\/\/www.prijedordanas.com\/wp-content\/uploads\/2024\/06\/prijedorgradorg-vidovdanski-dani-omarska2024-6-300x200.jpg\" alt=\"\" width=\"300\" height=\"200\" class=\"alignleft size-medium wp-image-228753\" srcset=\"https:\/\/www.prijedordanas.com\/wp-content\/uploads\/2024\/06\/prijedorgradorg-vidovdanski-dani-omarska2024-6-300x200.jpg 300w, https:\/\/www.prijedordanas.com\/wp-content\/uploads\/2024\/06\/prijedorgradorg-vidovdanski-dani-omarska2024-6-480x320.jpg 480w, https:\/\/www.prijedordanas.com\/wp-content\/uploads\/2024\/06\/prijedorgradorg-vidovdanski-dani-omarska2024-6.jpg 600w\" sizes=\"(max-width: 300px) 100vw, 300px\" \/><\/a> <a href=\"https:\/\/www.prijedordanas.com\/wp-content\/uploads\/2024\/06\/prijedorgradorg-vidovdanski-dani-omarska2024-7.jpg\"><img loading=\"lazy\" decoding=\"async\" src=\"https:\/\/www.prijedordanas.com\/wp-content\/uploads\/2024\/06\/prijedorgradorg-vidovdanski-dani-omarska2024-7-300x200.jpg\" alt=\"\" width=\"300\" height=\"200\" class=\"alignleft size-medium wp-image-228754\" srcset=\"https:\/\/www.prijedordanas.com\/wp-content\/uploads\/2024\/06\/prijedorgradorg-vidovdanski-dani-omarska2024-7-300x200.jpg 300w, https:\/\/www.prijedordanas.com\/wp-content\/uploads\/2024\/06\/prijedorgradorg-vidovdanski-dani-omarska2024-7-480x320.jpg 480w, https:\/\/www.prijedordanas.com\/wp-content\/uploads\/2024\/06\/prijedorgradorg-vidovdanski-dani-omarska2024-7.jpg 600w\" sizes=\"(max-width: 300px) 100vw, 300px\" \/><\/a><\/p>\n","protected":false},"excerpt":{"rendered":"<p>Manifestacija &#8220;Vidovdanski dani&#8221; po\u010dela je ve\u010deras u Omarskoj gdje se u porti Hrama Svetog cara Lazara tradicionalno okupljaju mje\u0161tani i njihovi gosti uo\u010di Vidovdana. Na brojnim \u0161tandovima bile su izlo\u017eene [&hellip;]<\/p>\n","protected":false},"author":1,"featured_media":0,"comment_status":"closed","ping_status":"open","sticky":false,"template":"","format":"standard","meta":{"_monsterinsights_skip_tracking":false,"_monsterinsights_sitenote_active":false,"_monsterinsights_sitenote_note":"","_monsterinsights_sitenote_category":0,"footnotes":""},"categories":[4],"tags":[],"yoast_head":"<!-- This site is optimized with the Yoast SEO plugin v21.6 - https:\/\/yoast.com\/wordpress\/plugins\/seo\/ -->\n<title>U Omarskoj po\u010deli &quot;Vidovdanski dani&quot; - FOTO - PrijedorDanas.com - Prijedorski gradski portal<\/title>\n<meta name=\"robots\" content=\"index, follow, max-snippet:-1, max-image-preview:large, max-video-preview:-1\" \/>\n<link rel=\"canonical\" href=\"https:\/\/www.prijedordanas.com\/?p=228747\" \/>\n<meta property=\"og:locale\" content=\"en_US\" \/>\n<meta property=\"og:type\" content=\"article\" \/>\n<meta property=\"og:title\" content=\"U Omarskoj po\u010deli &quot;Vidovdanski dani&quot; - FOTO - PrijedorDanas.com - Prijedorski gradski portal\" \/>\n<meta property=\"og:description\" content=\"Manifestacija &#8220;Vidovdanski dani&#8221; po\u010dela je ve\u010deras u Omarskoj gdje se u porti Hrama Svetog cara Lazara tradicionalno okupljaju mje\u0161tani i njihovi gosti uo\u010di Vidovdana. Na brojnim \u0161tandovima bile su izlo\u017eene [&hellip;]\" \/>\n<meta property=\"og:url\" content=\"https:\/\/www.prijedordanas.com\/?p=228747\" \/>\n<meta property=\"og:site_name\" content=\"PrijedorDanas.com - Prijedorski gradski portal\" \/>\n<meta property=\"article:publisher\" content=\"https:\/\/www.facebook.com\/PrijedorDanasCom\/\" \/>\n<meta property=\"article:published_time\" content=\"2024-06-27T20:48:28+00:00\" \/>\n<meta property=\"og:image\" content=\"https:\/\/www.prijedordanas.com\/wp-content\/uploads\/2024\/06\/prijedorgradorg-vidovdanski-dani-omarska2024-1-300x225.jpg\" \/>\n<meta name=\"author\" content=\"admin\" \/>\n<meta name=\"twitter:card\" content=\"summary_large_image\" \/>\n<meta name=\"twitter:label1\" content=\"Written by\" \/>\n\t<meta name=\"twitter:data1\" content=\"admin\" \/>\n\t<meta name=\"twitter:label2\" content=\"Est. reading time\" \/>\n\t<meta name=\"twitter:data2\" content=\"2 minutes\" \/>\n<script type=\"application\/ld+json\" class=\"yoast-schema-graph\">{\"@context\":\"https:\/\/schema.org\",\"@graph\":[{\"@type\":\"Article\",\"@id\":\"https:\/\/www.prijedordanas.com\/?p=228747#article\",\"isPartOf\":{\"@id\":\"https:\/\/www.prijedordanas.com\/?p=228747\"},\"author\":{\"name\":\"admin\",\"@id\":\"https:\/\/www.prijedordanas.com\/#\/schema\/person\/4e08ccf29b506ca916ff86d46bb700e6\"},\"headline\":\"U Omarskoj po\u010deli &#8220;Vidovdanski dani&#8221; &#8211; FOTO\",\"datePublished\":\"2024-06-27T20:48:28+00:00\",\"dateModified\":\"2024-06-27T20:48:28+00:00\",\"mainEntityOfPage\":{\"@id\":\"https:\/\/www.prijedordanas.com\/?p=228747\"},\"wordCount\":383,\"publisher\":{\"@id\":\"https:\/\/www.prijedordanas.com\/#organization\"},\"articleSection\":[\"Dru\u0161tvo\"],\"inLanguage\":\"en-US\"},{\"@type\":\"WebPage\",\"@id\":\"https:\/\/www.prijedordanas.com\/?p=228747\",\"url\":\"https:\/\/www.prijedordanas.com\/?p=228747\",\"name\":\"U Omarskoj po\u010deli \\\"Vidovdanski dani\\\" - FOTO - PrijedorDanas.com - Prijedorski gradski portal\",\"isPartOf\":{\"@id\":\"https:\/\/www.prijedordanas.com\/#website\"},\"datePublished\":\"2024-06-27T20:48:28+00:00\",\"dateModified\":\"2024-06-27T20:48:28+00:00\",\"breadcrumb\":{\"@id\":\"https:\/\/www.prijedordanas.com\/?p=228747#breadcrumb\"},\"inLanguage\":\"en-US\",\"potentialAction\":[{\"@type\":\"ReadAction\",\"target\":[\"https:\/\/www.prijedordanas.com\/?p=228747\"]}]},{\"@type\":\"BreadcrumbList\",\"@id\":\"https:\/\/www.prijedordanas.com\/?p=228747#breadcrumb\",\"itemListElement\":[{\"@type\":\"ListItem\",\"position\":1,\"name\":\"Home\",\"item\":\"https:\/\/www.prijedordanas.com\/\"},{\"@type\":\"ListItem\",\"position\":2,\"name\":\"U Omarskoj po\u010deli &#8220;Vidovdanski dani&#8221; &#8211; FOTO\"}]},{\"@type\":\"WebSite\",\"@id\":\"https:\/\/www.prijedordanas.com\/#website\",\"url\":\"https:\/\/www.prijedordanas.com\/\",\"name\":\"PrijedorDanas.com - Prijedorski gradski portal\",\"description\":\"Portal o doga\u0111anjima u gradu Prijedoru\",\"publisher\":{\"@id\":\"https:\/\/www.prijedordanas.com\/#organization\"},\"potentialAction\":[{\"@type\":\"SearchAction\",\"target\":{\"@type\":\"EntryPoint\",\"urlTemplate\":\"https:\/\/www.prijedordanas.com\/?s={search_term_string}\"},\"query-input\":\"required name=search_term_string\"}],\"inLanguage\":\"en-US\"},{\"@type\":\"Organization\",\"@id\":\"https:\/\/www.prijedordanas.com\/#organization\",\"name\":\"PrijedorDanas.com\",\"url\":\"https:\/\/www.prijedordanas.com\/\",\"logo\":{\"@type\":\"ImageObject\",\"inLanguage\":\"en-US\",\"@id\":\"https:\/\/www.prijedordanas.com\/#\/schema\/logo\/image\/\",\"url\":\"http:\/\/www.prijedordanas.com\/wp-content\/uploads\/2021\/12\/logopng.png\",\"contentUrl\":\"http:\/\/www.prijedordanas.com\/wp-content\/uploads\/2021\/12\/logopng.png\",\"width\":1019,\"height\":776,\"caption\":\"PrijedorDanas.com\"},\"image\":{\"@id\":\"https:\/\/www.prijedordanas.com\/#\/schema\/logo\/image\/\"},\"sameAs\":[\"https:\/\/www.facebook.com\/PrijedorDanasCom\/\"]},{\"@type\":\"Person\",\"@id\":\"https:\/\/www.prijedordanas.com\/#\/schema\/person\/4e08ccf29b506ca916ff86d46bb700e6\",\"name\":\"admin\",\"image\":{\"@type\":\"ImageObject\",\"inLanguage\":\"en-US\",\"@id\":\"https:\/\/www.prijedordanas.com\/#\/schema\/person\/image\/\",\"url\":\"https:\/\/secure.gravatar.com\/avatar\/1d3fc949d550f0b53a5f0d51e06dfd79?s=96&d=mm&r=g\",\"contentUrl\":\"https:\/\/secure.gravatar.com\/avatar\/1d3fc949d550f0b53a5f0d51e06dfd79?s=96&d=mm&r=g\",\"caption\":\"admin\"},\"url\":\"https:\/\/www.prijedordanas.com\/?author=1\"}]}<\/script>\n<!-- \/ Yoast SEO plugin. -->","yoast_head_json":{"title":"U Omarskoj po\u010deli \"Vidovdanski dani\" - FOTO - PrijedorDanas.com - Prijedorski gradski portal","robots":{"index":"index","follow":"follow","max-snippet":"max-snippet:-1","max-image-preview":"max-image-preview:large","max-video-preview":"max-video-preview:-1"},"canonical":"https:\/\/www.prijedordanas.com\/?p=228747","og_locale":"en_US","og_type":"article","og_title":"U Omarskoj po\u010deli \"Vidovdanski dani\" - FOTO - PrijedorDanas.com - Prijedorski gradski portal","og_description":"Manifestacija &#8220;Vidovdanski dani&#8221; po\u010dela je ve\u010deras u Omarskoj gdje se u porti Hrama Svetog cara Lazara tradicionalno okupljaju mje\u0161tani i njihovi gosti uo\u010di Vidovdana. Na brojnim \u0161tandovima bile su izlo\u017eene [&hellip;]","og_url":"https:\/\/www.prijedordanas.com\/?p=228747","og_site_name":"PrijedorDanas.com - Prijedorski gradski portal","article_publisher":"https:\/\/www.facebook.com\/PrijedorDanasCom\/","article_published_time":"2024-06-27T20:48:28+00:00","og_image":[{"url":"https:\/\/www.prijedordanas.com\/wp-content\/uploads\/2024\/06\/prijedorgradorg-vidovdanski-dani-omarska2024-1-300x225.jpg"}],"author":"admin","twitter_card":"summary_large_image","twitter_misc":{"Written by":"admin","Est. reading time":"2 minutes"},"schema":{"@context":"https:\/\/schema.org","@graph":[{"@type":"Article","@id":"https:\/\/www.prijedordanas.com\/?p=228747#article","isPartOf":{"@id":"https:\/\/www.prijedordanas.com\/?p=228747"},"author":{"name":"admin","@id":"https:\/\/www.prijedordanas.com\/#\/schema\/person\/4e08ccf29b506ca916ff86d46bb700e6"},"headline":"U Omarskoj po\u010deli &#8220;Vidovdanski dani&#8221; &#8211; FOTO","datePublished":"2024-06-27T20:48:28+00:00","dateModified":"2024-06-27T20:48:28+00:00","mainEntityOfPage":{"@id":"https:\/\/www.prijedordanas.com\/?p=228747"},"wordCount":383,"publisher":{"@id":"https:\/\/www.prijedordanas.com\/#organization"},"articleSection":["Dru\u0161tvo"],"inLanguage":"en-US"},{"@type":"WebPage","@id":"https:\/\/www.prijedordanas.com\/?p=228747","url":"https:\/\/www.prijedordanas.com\/?p=228747","name":"U Omarskoj po\u010deli \"Vidovdanski dani\" - FOTO - PrijedorDanas.com - Prijedorski gradski portal","isPartOf":{"@id":"https:\/\/www.prijedordanas.com\/#website"},"datePublished":"2024-06-27T20:48:28+00:00","dateModified":"2024-06-27T20:48:28+00:00","breadcrumb":{"@id":"https:\/\/www.prijedordanas.com\/?p=228747#breadcrumb"},"inLanguage":"en-US","potentialAction":[{"@type":"ReadAction","target":["https:\/\/www.prijedordanas.com\/?p=228747"]}]},{"@type":"BreadcrumbList","@id":"https:\/\/www.prijedordanas.com\/?p=228747#breadcrumb","itemListElement":[{"@type":"ListItem","position":1,"name":"Home","item":"https:\/\/www.prijedordanas.com\/"},{"@type":"ListItem","position":2,"name":"U Omarskoj po\u010deli &#8220;Vidovdanski dani&#8221; &#8211; FOTO"}]},{"@type":"WebSite","@id":"https:\/\/www.prijedordanas.com\/#website","url":"https:\/\/www.prijedordanas.com\/","name":"PrijedorDanas.com - Prijedorski gradski portal","description":"Portal o doga\u0111anjima u gradu Prijedoru","publisher":{"@id":"https:\/\/www.prijedordanas.com\/#organization"},"potentialAction":[{"@type":"SearchAction","target":{"@type":"EntryPoint","urlTemplate":"https:\/\/www.prijedordanas.com\/?s={search_term_string}"},"query-input":"required name=search_term_string"}],"inLanguage":"en-US"},{"@type":"Organization","@id":"https:\/\/www.prijedordanas.com\/#organization","name":"PrijedorDanas.com","url":"https:\/\/www.prijedordanas.com\/","logo":{"@type":"ImageObject","inLanguage":"en-US","@id":"https:\/\/www.prijedordanas.com\/#\/schema\/logo\/image\/","url":"http:\/\/www.prijedordanas.com\/wp-content\/uploads\/2021\/12\/logopng.png","contentUrl":"http:\/\/www.prijedordanas.com\/wp-content\/uploads\/2021\/12\/logopng.png","width":1019,"height":776,"caption":"PrijedorDanas.com"},"image":{"@id":"https:\/\/www.prijedordanas.com\/#\/schema\/logo\/image\/"},"sameAs":["https:\/\/www.facebook.com\/PrijedorDanasCom\/"]},{"@type":"Person","@id":"https:\/\/www.prijedordanas.com\/#\/schema\/person\/4e08ccf29b506ca916ff86d46bb700e6","name":"admin","image":{"@type":"ImageObject","inLanguage":"en-US","@id":"https:\/\/www.prijedordanas.com\/#\/schema\/person\/image\/","url":"https:\/\/secure.gravatar.com\/avatar\/1d3fc949d550f0b53a5f0d51e06dfd79?s=96&d=mm&r=g","contentUrl":"https:\/\/secure.gravatar.com\/avatar\/1d3fc949d550f0b53a5f0d51e06dfd79?s=96&d=mm&r=g","caption":"admin"},"url":"https:\/\/www.prijedordanas.com\/?author=1"}]}},"_links":{"self":[{"href":"https:\/\/www.prijedordanas.com\/index.php?rest_route=\/wp\/v2\/posts\/228747"}],"collection":[{"href":"https:\/\/www.prijedordanas.com\/index.php?rest_route=\/wp\/v2\/posts"}],"about":[{"href":"https:\/\/www.prijedordanas.com\/index.php?rest_route=\/wp\/v2\/types\/post"}],"author":[{"embeddable":true,"href":"https:\/\/www.prijedordanas.com\/index.php?rest_route=\/wp\/v2\/users\/1"}],"replies":[{"embeddable":true,"href":"https:\/\/www.prijedordanas.com\/index.php?rest_route=%2Fwp%2Fv2%2Fcomments&post=228747"}],"version-history":[{"count":1,"href":"https:\/\/www.prijedordanas.com\/index.php?rest_route=\/wp\/v2\/posts\/228747\/revisions"}],"predecessor-version":[{"id":228755,"href":"https:\/\/www.prijedordanas.com\/index.php?rest_route=\/wp\/v2\/posts\/228747\/revisions\/228755"}],"wp:attachment":[{"href":"https:\/\/www.prijedordanas.com\/index.php?rest_route=%2Fwp%2Fv2%2Fmedia&parent=228747"}],"wp:term":[{"taxonomy":"category","embeddable":true,"href":"https:\/\/www.prijedordanas.com\/index.php?rest_route=%2Fwp%2Fv2%2Fcategories&post=228747"},{"taxonomy":"post_tag","embeddable":true,"href":"https:\/\/www.prijedordanas.com\/index.php?rest_route=%2Fwp%2Fv2%2Ftags&post=228747"}],"curies":[{"name":"wp","href":"https:\/\/api.w.org\/{rel}","templated":true}]}}