{"id":228483,"date":"2024-06-24T21:38:55","date_gmt":"2024-06-24T19:38:55","guid":{"rendered":"https:\/\/www.prijedordanas.com\/?p=228483"},"modified":"2024-06-25T15:56:07","modified_gmt":"2024-06-25T13:56:07","slug":"multisektorski-tim-prijedor-zbog-nasilja-nad-roditeljima-dvojica-miuskaraca-zabrana-priblizavanja-foto","status":"publish","type":"post","link":"https:\/\/www.prijedordanas.com\/?p=228483","title":{"rendered":"Multisektorski tim Prijedor: Zbog nasilja nad roditeljima dvojica mu\u0161karaca zabrana pribli\u017eavanja &#8211; FOTO"},"content":{"rendered":"<p><a href=\"https:\/\/www.prijedordanas.com\/wp-content\/uploads\/2024\/06\/multisektorski-tim-prijedor-sastanak-juni2024-1.jpg\"><img loading=\"lazy\" decoding=\"async\" class=\"alignleft size-medium wp-image-228487\" src=\"https:\/\/www.prijedordanas.com\/wp-content\/uploads\/2024\/06\/multisektorski-tim-prijedor-sastanak-juni2024-1-300x225.jpg\" alt=\"\" width=\"300\" height=\"225\" srcset=\"https:\/\/www.prijedordanas.com\/wp-content\/uploads\/2024\/06\/multisektorski-tim-prijedor-sastanak-juni2024-1-300x225.jpg 300w, https:\/\/www.prijedordanas.com\/wp-content\/uploads\/2024\/06\/multisektorski-tim-prijedor-sastanak-juni2024-1-640x480.jpg 640w, https:\/\/www.prijedordanas.com\/wp-content\/uploads\/2024\/06\/multisektorski-tim-prijedor-sastanak-juni2024-1.jpg 667w\" sizes=\"(max-width: 300px) 100vw, 300px\" \/><\/a>Prijedorski Centar za socijalni rad zabilje\u017eio je u pro\u0161lom mjesecu sedam slu\u010dajeva porodi\u010dnog i rodno zasnovanog nasilja od kojih su u dva slu\u010daja izre\u010dene hitne sudske mjere protiv dvojice mu\u0161karaca koji su bili nasilni prema svojim roditeljima, re\u010deno je na dana\u0161njem sastanku multisektorskog tima za borbu protiv ovih vrsta nasilja.<\/p>\n<p>Socijalna radnica iz Centra za socijalni rad Prijedor Dragana Gruji\u010di\u0107 rekla je da se u oba slu\u010daja radi o paketu mjera odnosno udaljenju po\u010dinioca nasilja iz stambenog prostora i zabrana pribli\u017eavanja \u017ertvi i kontaktiranja sa \u017ertvom nasilja.<\/p>\n<p>Sla\u0111an Da\u010di\u0107 iz Policijske uprave Prijedor rekao je da je Okru\u017enom javnom tu\u017eila\u0161tvu Prijedor za mjesec maj proslije\u0111eno osam izvje\u0161taja o po\u010dinjenom krivi\u010dnom djelu nasilje u porodici, kada je u pitanju podru\u010dje grada Prijedora.<\/p>\n<p><a href=\"https:\/\/www.prijedordanas.com\/wp-content\/uploads\/2024\/06\/multisektorski-tim-prijedor-sastanak-juni2024-5.jpg\"><img loading=\"lazy\" decoding=\"async\" src=\"https:\/\/www.prijedordanas.com\/wp-content\/uploads\/2024\/06\/multisektorski-tim-prijedor-sastanak-juni2024-5-300x225.jpg\" alt=\"\" width=\"300\" height=\"225\" class=\"alignleft size-medium wp-image-228488\" srcset=\"https:\/\/www.prijedordanas.com\/wp-content\/uploads\/2024\/06\/multisektorski-tim-prijedor-sastanak-juni2024-5-300x225.jpg 300w, https:\/\/www.prijedordanas.com\/wp-content\/uploads\/2024\/06\/multisektorski-tim-prijedor-sastanak-juni2024-5-640x480.jpg 640w, https:\/\/www.prijedordanas.com\/wp-content\/uploads\/2024\/06\/multisektorski-tim-prijedor-sastanak-juni2024-5.jpg 667w\" sizes=\"(max-width: 300px) 100vw, 300px\" \/><\/a>U dva slu\u010daja izvje\u0161taji su podneseni tu\u017eila\u0161tvu i bez obzira na to \u0161to su \u017ertve odustale od svjedo\u010denja iskoristiv\u0161i pravo privilegovanog svjedoka.<\/p>\n<p>Da\u010di\u0107 je naveo i primjer gdje su punac i punica prijavili biv\u0161eg zeta za porodi\u010dno nasilje koje je vr\u0161io prilikom kontakata sa maloljetnim djetetom kada do\u0111e iz inostranstva gdje je zaposlen, a tu\u017eilac je kvalifikovao krivi\u010dno djelo kao nasilje u porodici u prisustvu djeteta.<\/p>\n<p>&#8220;I u njihovim telefonima i u telefonu njihove k\u0107erke prona\u0161li smo poruke prijete\u0107eg sadr\u017eaja. Bile su to prijetnje po \u017eivot. U pretresima nismo na\u0161li oru\u017eje. Nasilnika smo zadr\u017eali u pritvoru, nakon \u010dega se njegovo pona\u0161anje drasti\u010dno promijenilo i pla\u0107anje alimentacije uredovilo&#8221;, dodao je Da\u010di\u0107.<\/p>\n<p>Dana\u0161njem sastanku doma\u0107in je bila Bolnica &#8220;Dr Mladen Stojanovi\u0107&#8221;, a narednom \u0107e biti Policijska uprava Prijedor.<\/p>\n<p>SRNA<\/p>\n<p><a href=\"https:\/\/www.prijedordanas.com\/wp-content\/uploads\/2024\/06\/multisektorski-tim-prijedor-sastanak-juni2024-3.jpg\"><img loading=\"lazy\" decoding=\"async\" src=\"https:\/\/www.prijedordanas.com\/wp-content\/uploads\/2024\/06\/multisektorski-tim-prijedor-sastanak-juni2024-3-300x225.jpg\" alt=\"\" width=\"300\" height=\"225\" class=\"alignleft size-medium wp-image-228489\" srcset=\"https:\/\/www.prijedordanas.com\/wp-content\/uploads\/2024\/06\/multisektorski-tim-prijedor-sastanak-juni2024-3-300x225.jpg 300w, https:\/\/www.prijedordanas.com\/wp-content\/uploads\/2024\/06\/multisektorski-tim-prijedor-sastanak-juni2024-3-640x480.jpg 640w, https:\/\/www.prijedordanas.com\/wp-content\/uploads\/2024\/06\/multisektorski-tim-prijedor-sastanak-juni2024-3.jpg 667w\" sizes=\"(max-width: 300px) 100vw, 300px\" \/><\/a> <a href=\"https:\/\/www.prijedordanas.com\/wp-content\/uploads\/2024\/06\/multisektorski-tim-prijedor-sastanak-juni2024-2.jpg\"><img loading=\"lazy\" decoding=\"async\" src=\"https:\/\/www.prijedordanas.com\/wp-content\/uploads\/2024\/06\/multisektorski-tim-prijedor-sastanak-juni2024-2-300x225.jpg\" alt=\"\" width=\"300\" height=\"225\" class=\"alignleft size-medium wp-image-228490\" srcset=\"https:\/\/www.prijedordanas.com\/wp-content\/uploads\/2024\/06\/multisektorski-tim-prijedor-sastanak-juni2024-2-300x225.jpg 300w, https:\/\/www.prijedordanas.com\/wp-content\/uploads\/2024\/06\/multisektorski-tim-prijedor-sastanak-juni2024-2-640x480.jpg 640w, https:\/\/www.prijedordanas.com\/wp-content\/uploads\/2024\/06\/multisektorski-tim-prijedor-sastanak-juni2024-2.jpg 667w\" sizes=\"(max-width: 300px) 100vw, 300px\" \/><\/a><\/p>\n","protected":false},"excerpt":{"rendered":"<p>Prijedorski Centar za socijalni rad zabilje\u017eio je u pro\u0161lom mjesecu sedam slu\u010dajeva porodi\u010dnog i rodno zasnovanog nasilja od kojih su u dva slu\u010daja izre\u010dene hitne sudske mjere protiv dvojice mu\u0161karaca [&hellip;]<\/p>\n","protected":false},"author":1,"featured_media":0,"comment_status":"closed","ping_status":"open","sticky":false,"template":"","format":"standard","meta":{"_monsterinsights_skip_tracking":false,"_monsterinsights_sitenote_active":false,"_monsterinsights_sitenote_note":"","_monsterinsights_sitenote_category":0,"footnotes":""},"categories":[4],"tags":[],"yoast_head":"<!-- This site is optimized with the Yoast SEO plugin v21.6 - https:\/\/yoast.com\/wordpress\/plugins\/seo\/ -->\n<title>Multisektorski tim Prijedor: Zbog nasilja nad roditeljima dvojica mu\u0161karaca zabrana pribli\u017eavanja - FOTO - PrijedorDanas.com - Prijedorski gradski portal<\/title>\n<meta name=\"robots\" content=\"index, follow, max-snippet:-1, max-image-preview:large, max-video-preview:-1\" \/>\n<link rel=\"canonical\" href=\"https:\/\/www.prijedordanas.com\/?p=228483\" \/>\n<meta property=\"og:locale\" content=\"en_US\" \/>\n<meta property=\"og:type\" content=\"article\" \/>\n<meta property=\"og:title\" content=\"Multisektorski tim Prijedor: Zbog nasilja nad roditeljima dvojica mu\u0161karaca zabrana pribli\u017eavanja - FOTO - PrijedorDanas.com - Prijedorski gradski portal\" \/>\n<meta property=\"og:description\" content=\"Prijedorski Centar za socijalni rad zabilje\u017eio je u pro\u0161lom mjesecu sedam slu\u010dajeva porodi\u010dnog i rodno zasnovanog nasilja od kojih su u dva slu\u010daja izre\u010dene hitne sudske mjere protiv dvojice mu\u0161karaca [&hellip;]\" \/>\n<meta property=\"og:url\" content=\"https:\/\/www.prijedordanas.com\/?p=228483\" \/>\n<meta property=\"og:site_name\" content=\"PrijedorDanas.com - Prijedorski gradski portal\" \/>\n<meta property=\"article:publisher\" content=\"https:\/\/www.facebook.com\/PrijedorDanasCom\/\" \/>\n<meta property=\"article:published_time\" content=\"2024-06-24T19:38:55+00:00\" \/>\n<meta property=\"article:modified_time\" content=\"2024-06-25T13:56:07+00:00\" \/>\n<meta property=\"og:image\" content=\"https:\/\/www.prijedordanas.com\/wp-content\/uploads\/2024\/06\/multisektorski-tim-prijedor-sastanak-juni2024-1-300x225.jpg\" \/>\n<meta name=\"author\" content=\"admin\" \/>\n<meta name=\"twitter:card\" content=\"summary_large_image\" \/>\n<meta name=\"twitter:label1\" content=\"Written by\" \/>\n\t<meta name=\"twitter:data1\" content=\"admin\" \/>\n\t<meta name=\"twitter:label2\" content=\"Est. reading time\" \/>\n\t<meta name=\"twitter:data2\" content=\"2 minutes\" \/>\n<script type=\"application\/ld+json\" class=\"yoast-schema-graph\">{\"@context\":\"https:\/\/schema.org\",\"@graph\":[{\"@type\":\"Article\",\"@id\":\"https:\/\/www.prijedordanas.com\/?p=228483#article\",\"isPartOf\":{\"@id\":\"https:\/\/www.prijedordanas.com\/?p=228483\"},\"author\":{\"name\":\"admin\",\"@id\":\"https:\/\/www.prijedordanas.com\/#\/schema\/person\/4e08ccf29b506ca916ff86d46bb700e6\"},\"headline\":\"Multisektorski tim Prijedor: Zbog nasilja nad roditeljima dvojica mu\u0161karaca zabrana pribli\u017eavanja &#8211; FOTO\",\"datePublished\":\"2024-06-24T19:38:55+00:00\",\"dateModified\":\"2024-06-25T13:56:07+00:00\",\"mainEntityOfPage\":{\"@id\":\"https:\/\/www.prijedordanas.com\/?p=228483\"},\"wordCount\":312,\"publisher\":{\"@id\":\"https:\/\/www.prijedordanas.com\/#organization\"},\"articleSection\":[\"Dru\u0161tvo\"],\"inLanguage\":\"en-US\"},{\"@type\":\"WebPage\",\"@id\":\"https:\/\/www.prijedordanas.com\/?p=228483\",\"url\":\"https:\/\/www.prijedordanas.com\/?p=228483\",\"name\":\"Multisektorski tim Prijedor: Zbog nasilja nad roditeljima dvojica mu\u0161karaca zabrana pribli\u017eavanja - FOTO - PrijedorDanas.com - Prijedorski gradski portal\",\"isPartOf\":{\"@id\":\"https:\/\/www.prijedordanas.com\/#website\"},\"datePublished\":\"2024-06-24T19:38:55+00:00\",\"dateModified\":\"2024-06-25T13:56:07+00:00\",\"breadcrumb\":{\"@id\":\"https:\/\/www.prijedordanas.com\/?p=228483#breadcrumb\"},\"inLanguage\":\"en-US\",\"potentialAction\":[{\"@type\":\"ReadAction\",\"target\":[\"https:\/\/www.prijedordanas.com\/?p=228483\"]}]},{\"@type\":\"BreadcrumbList\",\"@id\":\"https:\/\/www.prijedordanas.com\/?p=228483#breadcrumb\",\"itemListElement\":[{\"@type\":\"ListItem\",\"position\":1,\"name\":\"Home\",\"item\":\"https:\/\/www.prijedordanas.com\/\"},{\"@type\":\"ListItem\",\"position\":2,\"name\":\"Multisektorski tim Prijedor: Zbog nasilja nad roditeljima dvojica mu\u0161karaca zabrana pribli\u017eavanja &#8211; FOTO\"}]},{\"@type\":\"WebSite\",\"@id\":\"https:\/\/www.prijedordanas.com\/#website\",\"url\":\"https:\/\/www.prijedordanas.com\/\",\"name\":\"PrijedorDanas.com - Prijedorski gradski portal\",\"description\":\"Portal o doga\u0111anjima u gradu Prijedoru\",\"publisher\":{\"@id\":\"https:\/\/www.prijedordanas.com\/#organization\"},\"potentialAction\":[{\"@type\":\"SearchAction\",\"target\":{\"@type\":\"EntryPoint\",\"urlTemplate\":\"https:\/\/www.prijedordanas.com\/?s={search_term_string}\"},\"query-input\":\"required name=search_term_string\"}],\"inLanguage\":\"en-US\"},{\"@type\":\"Organization\",\"@id\":\"https:\/\/www.prijedordanas.com\/#organization\",\"name\":\"PrijedorDanas.com\",\"url\":\"https:\/\/www.prijedordanas.com\/\",\"logo\":{\"@type\":\"ImageObject\",\"inLanguage\":\"en-US\",\"@id\":\"https:\/\/www.prijedordanas.com\/#\/schema\/logo\/image\/\",\"url\":\"http:\/\/www.prijedordanas.com\/wp-content\/uploads\/2021\/12\/logopng.png\",\"contentUrl\":\"http:\/\/www.prijedordanas.com\/wp-content\/uploads\/2021\/12\/logopng.png\",\"width\":1019,\"height\":776,\"caption\":\"PrijedorDanas.com\"},\"image\":{\"@id\":\"https:\/\/www.prijedordanas.com\/#\/schema\/logo\/image\/\"},\"sameAs\":[\"https:\/\/www.facebook.com\/PrijedorDanasCom\/\"]},{\"@type\":\"Person\",\"@id\":\"https:\/\/www.prijedordanas.com\/#\/schema\/person\/4e08ccf29b506ca916ff86d46bb700e6\",\"name\":\"admin\",\"image\":{\"@type\":\"ImageObject\",\"inLanguage\":\"en-US\",\"@id\":\"https:\/\/www.prijedordanas.com\/#\/schema\/person\/image\/\",\"url\":\"https:\/\/secure.gravatar.com\/avatar\/1d3fc949d550f0b53a5f0d51e06dfd79?s=96&d=mm&r=g\",\"contentUrl\":\"https:\/\/secure.gravatar.com\/avatar\/1d3fc949d550f0b53a5f0d51e06dfd79?s=96&d=mm&r=g\",\"caption\":\"admin\"},\"url\":\"https:\/\/www.prijedordanas.com\/?author=1\"}]}<\/script>\n<!-- \/ Yoast SEO plugin. -->","yoast_head_json":{"title":"Multisektorski tim Prijedor: Zbog nasilja nad roditeljima dvojica mu\u0161karaca zabrana pribli\u017eavanja - FOTO - PrijedorDanas.com - Prijedorski gradski portal","robots":{"index":"index","follow":"follow","max-snippet":"max-snippet:-1","max-image-preview":"max-image-preview:large","max-video-preview":"max-video-preview:-1"},"canonical":"https:\/\/www.prijedordanas.com\/?p=228483","og_locale":"en_US","og_type":"article","og_title":"Multisektorski tim Prijedor: Zbog nasilja nad roditeljima dvojica mu\u0161karaca zabrana pribli\u017eavanja - FOTO - PrijedorDanas.com - Prijedorski gradski portal","og_description":"Prijedorski Centar za socijalni rad zabilje\u017eio je u pro\u0161lom mjesecu sedam slu\u010dajeva porodi\u010dnog i rodno zasnovanog nasilja od kojih su u dva slu\u010daja izre\u010dene hitne sudske mjere protiv dvojice mu\u0161karaca [&hellip;]","og_url":"https:\/\/www.prijedordanas.com\/?p=228483","og_site_name":"PrijedorDanas.com - Prijedorski gradski portal","article_publisher":"https:\/\/www.facebook.com\/PrijedorDanasCom\/","article_published_time":"2024-06-24T19:38:55+00:00","article_modified_time":"2024-06-25T13:56:07+00:00","og_image":[{"url":"https:\/\/www.prijedordanas.com\/wp-content\/uploads\/2024\/06\/multisektorski-tim-prijedor-sastanak-juni2024-1-300x225.jpg"}],"author":"admin","twitter_card":"summary_large_image","twitter_misc":{"Written by":"admin","Est. reading time":"2 minutes"},"schema":{"@context":"https:\/\/schema.org","@graph":[{"@type":"Article","@id":"https:\/\/www.prijedordanas.com\/?p=228483#article","isPartOf":{"@id":"https:\/\/www.prijedordanas.com\/?p=228483"},"author":{"name":"admin","@id":"https:\/\/www.prijedordanas.com\/#\/schema\/person\/4e08ccf29b506ca916ff86d46bb700e6"},"headline":"Multisektorski tim Prijedor: Zbog nasilja nad roditeljima dvojica mu\u0161karaca zabrana pribli\u017eavanja &#8211; FOTO","datePublished":"2024-06-24T19:38:55+00:00","dateModified":"2024-06-25T13:56:07+00:00","mainEntityOfPage":{"@id":"https:\/\/www.prijedordanas.com\/?p=228483"},"wordCount":312,"publisher":{"@id":"https:\/\/www.prijedordanas.com\/#organization"},"articleSection":["Dru\u0161tvo"],"inLanguage":"en-US"},{"@type":"WebPage","@id":"https:\/\/www.prijedordanas.com\/?p=228483","url":"https:\/\/www.prijedordanas.com\/?p=228483","name":"Multisektorski tim Prijedor: Zbog nasilja nad roditeljima dvojica mu\u0161karaca zabrana pribli\u017eavanja - FOTO - PrijedorDanas.com - Prijedorski gradski portal","isPartOf":{"@id":"https:\/\/www.prijedordanas.com\/#website"},"datePublished":"2024-06-24T19:38:55+00:00","dateModified":"2024-06-25T13:56:07+00:00","breadcrumb":{"@id":"https:\/\/www.prijedordanas.com\/?p=228483#breadcrumb"},"inLanguage":"en-US","potentialAction":[{"@type":"ReadAction","target":["https:\/\/www.prijedordanas.com\/?p=228483"]}]},{"@type":"BreadcrumbList","@id":"https:\/\/www.prijedordanas.com\/?p=228483#breadcrumb","itemListElement":[{"@type":"ListItem","position":1,"name":"Home","item":"https:\/\/www.prijedordanas.com\/"},{"@type":"ListItem","position":2,"name":"Multisektorski tim Prijedor: Zbog nasilja nad roditeljima dvojica mu\u0161karaca zabrana pribli\u017eavanja &#8211; FOTO"}]},{"@type":"WebSite","@id":"https:\/\/www.prijedordanas.com\/#website","url":"https:\/\/www.prijedordanas.com\/","name":"PrijedorDanas.com - Prijedorski gradski portal","description":"Portal o doga\u0111anjima u gradu Prijedoru","publisher":{"@id":"https:\/\/www.prijedordanas.com\/#organization"},"potentialAction":[{"@type":"SearchAction","target":{"@type":"EntryPoint","urlTemplate":"https:\/\/www.prijedordanas.com\/?s={search_term_string}"},"query-input":"required name=search_term_string"}],"inLanguage":"en-US"},{"@type":"Organization","@id":"https:\/\/www.prijedordanas.com\/#organization","name":"PrijedorDanas.com","url":"https:\/\/www.prijedordanas.com\/","logo":{"@type":"ImageObject","inLanguage":"en-US","@id":"https:\/\/www.prijedordanas.com\/#\/schema\/logo\/image\/","url":"http:\/\/www.prijedordanas.com\/wp-content\/uploads\/2021\/12\/logopng.png","contentUrl":"http:\/\/www.prijedordanas.com\/wp-content\/uploads\/2021\/12\/logopng.png","width":1019,"height":776,"caption":"PrijedorDanas.com"},"image":{"@id":"https:\/\/www.prijedordanas.com\/#\/schema\/logo\/image\/"},"sameAs":["https:\/\/www.facebook.com\/PrijedorDanasCom\/"]},{"@type":"Person","@id":"https:\/\/www.prijedordanas.com\/#\/schema\/person\/4e08ccf29b506ca916ff86d46bb700e6","name":"admin","image":{"@type":"ImageObject","inLanguage":"en-US","@id":"https:\/\/www.prijedordanas.com\/#\/schema\/person\/image\/","url":"https:\/\/secure.gravatar.com\/avatar\/1d3fc949d550f0b53a5f0d51e06dfd79?s=96&d=mm&r=g","contentUrl":"https:\/\/secure.gravatar.com\/avatar\/1d3fc949d550f0b53a5f0d51e06dfd79?s=96&d=mm&r=g","caption":"admin"},"url":"https:\/\/www.prijedordanas.com\/?author=1"}]}},"_links":{"self":[{"href":"https:\/\/www.prijedordanas.com\/index.php?rest_route=\/wp\/v2\/posts\/228483"}],"collection":[{"href":"https:\/\/www.prijedordanas.com\/index.php?rest_route=\/wp\/v2\/posts"}],"about":[{"href":"https:\/\/www.prijedordanas.com\/index.php?rest_route=\/wp\/v2\/types\/post"}],"author":[{"embeddable":true,"href":"https:\/\/www.prijedordanas.com\/index.php?rest_route=\/wp\/v2\/users\/1"}],"replies":[{"embeddable":true,"href":"https:\/\/www.prijedordanas.com\/index.php?rest_route=%2Fwp%2Fv2%2Fcomments&post=228483"}],"version-history":[{"count":3,"href":"https:\/\/www.prijedordanas.com\/index.php?rest_route=\/wp\/v2\/posts\/228483\/revisions"}],"predecessor-version":[{"id":228539,"href":"https:\/\/www.prijedordanas.com\/index.php?rest_route=\/wp\/v2\/posts\/228483\/revisions\/228539"}],"wp:attachment":[{"href":"https:\/\/www.prijedordanas.com\/index.php?rest_route=%2Fwp%2Fv2%2Fmedia&parent=228483"}],"wp:term":[{"taxonomy":"category","embeddable":true,"href":"https:\/\/www.prijedordanas.com\/index.php?rest_route=%2Fwp%2Fv2%2Fcategories&post=228483"},{"taxonomy":"post_tag","embeddable":true,"href":"https:\/\/www.prijedordanas.com\/index.php?rest_route=%2Fwp%2Fv2%2Ftags&post=228483"}],"curies":[{"name":"wp","href":"https:\/\/api.w.org\/{rel}","templated":true}]}}