{"id":228187,"date":"2024-06-19T10:22:10","date_gmt":"2024-06-19T08:22:10","guid":{"rendered":"https:\/\/www.prijedordanas.com\/?p=228187"},"modified":"2024-06-19T10:22:10","modified_gmt":"2024-06-19T08:22:10","slug":"komunalne-usluge-prijedor-zbog-kvarova-na-vozilima-otezan-odvoz-smeca-na-podrucju-grada","status":"publish","type":"post","link":"https:\/\/www.prijedordanas.com\/?p=228187","title":{"rendered":"&#8220;Komunalne usluge&#8221; Prijedor: Zbog kvarova na vozilima ote\u017ean odvoz sme\u0107a na podru\u010dju grada"},"content":{"rendered":"<p><a href=\"https:\/\/www.prijedordanas.com\/wp-content\/uploads\/2024\/06\/komunalne-usluge-prijedor-odvoz-smeca.jpg\"><img loading=\"lazy\" decoding=\"async\" src=\"https:\/\/www.prijedordanas.com\/wp-content\/uploads\/2024\/06\/komunalne-usluge-prijedor-odvoz-smeca-300x225.jpg\" alt=\"\" width=\"300\" height=\"225\" class=\"alignleft size-medium wp-image-228188\" srcset=\"https:\/\/www.prijedordanas.com\/wp-content\/uploads\/2024\/06\/komunalne-usluge-prijedor-odvoz-smeca-300x225.jpg 300w, https:\/\/www.prijedordanas.com\/wp-content\/uploads\/2024\/06\/komunalne-usluge-prijedor-odvoz-smeca-640x480.jpg 640w, https:\/\/www.prijedordanas.com\/wp-content\/uploads\/2024\/06\/komunalne-usluge-prijedor-odvoz-smeca.jpg 667w\" sizes=\"(max-width: 300px) 100vw, 300px\" \/><\/a>Preduze\u0107e &#8220;Komunalne usluge&#8221; Prijedor obratilo se javnosti povodom ote\u017eanog odvoza sme\u0107a na podru\u010dju grada u proteklom periodu.<\/p>\n<p>Glavni razlog ovog problema le\u017ei u \u010destim kvarovima na dotrajalim specijalnim vozilima.<\/p>\n<p>U nastavku vam u cijelosti prenosimo obavje\u0161tenje iz ovog preduze\u0107a.<\/p>\n<p>VA\u017dNO OBAVJE\u0160TENJE<\/p>\n<p>Dragi sugra\u0111ani,<\/p>\n<p>Na\u017ealost, suo\u010davamo se s ozbiljnim problemima u na\u0161em radu.<\/p>\n<p>Pove\u0107an obim otpada i kvarovi na dotrajalim specijalnim vozilima zna\u010dajno su ote\u017eali na\u0161e djelovanje.<\/p>\n<p>Svjesni smo va\u017enosti odr\u017eavanja \u010disto\u0107e na\u0161eg grada i predano radimo na rje\u0161avanju ovih problema. <\/p>\n<p>\u010cim uspostavimo i popravimo dovoljan broj kamiona, pre\u0107i \u0107emo na rad u dvije smjene, uklju\u010duju\u0107i vikende, kako bismo nadoknadili zaostatke.<\/p>\n<p>Va\u0161e strpljenje i razumijevanje u ovim te\u0161kim vremenima su nam od neprocjenjive va\u017enosti. <\/p>\n<p>Zajedno \u0107emo prevazi\u0107i ove izazove i osigurati \u010disto\u0107u na\u0161eg grada.<\/p>\n<p>Hvala vam na podr\u0161ci!<\/p>\n<p>Va\u0161e Komunalne usluge a.d. Prijedor<\/p>\n<p>Priredio \u2013 <a href=\"https:\/\/www.prijedordanas.com\" target=\"_blank\" rel=\"noopener noreferrer\">www.prijedordanas.com<\/a><\/p>\n","protected":false},"excerpt":{"rendered":"<p>Preduze\u0107e &#8220;Komunalne usluge&#8221; Prijedor obratilo se javnosti povodom ote\u017eanog odvoza sme\u0107a na podru\u010dju grada u proteklom periodu. Glavni razlog ovog problema le\u017ei u \u010destim kvarovima na dotrajalim specijalnim vozilima. U [&hellip;]<\/p>\n","protected":false},"author":1,"featured_media":0,"comment_status":"closed","ping_status":"open","sticky":false,"template":"","format":"standard","meta":{"_monsterinsights_skip_tracking":false,"_monsterinsights_sitenote_active":false,"_monsterinsights_sitenote_note":"","_monsterinsights_sitenote_category":0,"footnotes":""},"categories":[4],"tags":[],"yoast_head":"<!-- This site is optimized with the Yoast SEO plugin v21.6 - https:\/\/yoast.com\/wordpress\/plugins\/seo\/ -->\n<title>&quot;Komunalne usluge&quot; Prijedor: Zbog kvarova na vozilima ote\u017ean odvoz sme\u0107a na podru\u010dju grada - PrijedorDanas.com - Prijedorski gradski portal<\/title>\n<meta name=\"robots\" content=\"index, follow, max-snippet:-1, max-image-preview:large, max-video-preview:-1\" \/>\n<link rel=\"canonical\" href=\"https:\/\/www.prijedordanas.com\/?p=228187\" \/>\n<meta property=\"og:locale\" content=\"en_US\" \/>\n<meta property=\"og:type\" content=\"article\" \/>\n<meta property=\"og:title\" content=\"&quot;Komunalne usluge&quot; Prijedor: Zbog kvarova na vozilima ote\u017ean odvoz sme\u0107a na podru\u010dju grada - PrijedorDanas.com - Prijedorski gradski portal\" \/>\n<meta property=\"og:description\" content=\"Preduze\u0107e &#8220;Komunalne usluge&#8221; Prijedor obratilo se javnosti povodom ote\u017eanog odvoza sme\u0107a na podru\u010dju grada u proteklom periodu. Glavni razlog ovog problema le\u017ei u \u010destim kvarovima na dotrajalim specijalnim vozilima. U [&hellip;]\" \/>\n<meta property=\"og:url\" content=\"https:\/\/www.prijedordanas.com\/?p=228187\" \/>\n<meta property=\"og:site_name\" content=\"PrijedorDanas.com - Prijedorski gradski portal\" \/>\n<meta property=\"article:publisher\" content=\"https:\/\/www.facebook.com\/PrijedorDanasCom\/\" \/>\n<meta property=\"article:published_time\" content=\"2024-06-19T08:22:10+00:00\" \/>\n<meta property=\"og:image\" content=\"https:\/\/www.prijedordanas.com\/wp-content\/uploads\/2024\/06\/komunalne-usluge-prijedor-odvoz-smeca-300x225.jpg\" \/>\n<meta name=\"author\" content=\"admin\" \/>\n<meta name=\"twitter:card\" content=\"summary_large_image\" \/>\n<meta name=\"twitter:label1\" content=\"Written by\" \/>\n\t<meta name=\"twitter:data1\" content=\"admin\" \/>\n<script type=\"application\/ld+json\" class=\"yoast-schema-graph\">{\"@context\":\"https:\/\/schema.org\",\"@graph\":[{\"@type\":\"Article\",\"@id\":\"https:\/\/www.prijedordanas.com\/?p=228187#article\",\"isPartOf\":{\"@id\":\"https:\/\/www.prijedordanas.com\/?p=228187\"},\"author\":{\"name\":\"admin\",\"@id\":\"https:\/\/www.prijedordanas.com\/#\/schema\/person\/4e08ccf29b506ca916ff86d46bb700e6\"},\"headline\":\"&#8220;Komunalne usluge&#8221; Prijedor: Zbog kvarova na vozilima ote\u017ean odvoz sme\u0107a na podru\u010dju grada\",\"datePublished\":\"2024-06-19T08:22:10+00:00\",\"dateModified\":\"2024-06-19T08:22:10+00:00\",\"mainEntityOfPage\":{\"@id\":\"https:\/\/www.prijedordanas.com\/?p=228187\"},\"wordCount\":186,\"publisher\":{\"@id\":\"https:\/\/www.prijedordanas.com\/#organization\"},\"articleSection\":[\"Dru\u0161tvo\"],\"inLanguage\":\"en-US\"},{\"@type\":\"WebPage\",\"@id\":\"https:\/\/www.prijedordanas.com\/?p=228187\",\"url\":\"https:\/\/www.prijedordanas.com\/?p=228187\",\"name\":\"\\\"Komunalne usluge\\\" Prijedor: Zbog kvarova na vozilima ote\u017ean odvoz sme\u0107a na podru\u010dju grada - PrijedorDanas.com - Prijedorski gradski portal\",\"isPartOf\":{\"@id\":\"https:\/\/www.prijedordanas.com\/#website\"},\"datePublished\":\"2024-06-19T08:22:10+00:00\",\"dateModified\":\"2024-06-19T08:22:10+00:00\",\"breadcrumb\":{\"@id\":\"https:\/\/www.prijedordanas.com\/?p=228187#breadcrumb\"},\"inLanguage\":\"en-US\",\"potentialAction\":[{\"@type\":\"ReadAction\",\"target\":[\"https:\/\/www.prijedordanas.com\/?p=228187\"]}]},{\"@type\":\"BreadcrumbList\",\"@id\":\"https:\/\/www.prijedordanas.com\/?p=228187#breadcrumb\",\"itemListElement\":[{\"@type\":\"ListItem\",\"position\":1,\"name\":\"Home\",\"item\":\"https:\/\/www.prijedordanas.com\/\"},{\"@type\":\"ListItem\",\"position\":2,\"name\":\"&#8220;Komunalne usluge&#8221; Prijedor: Zbog kvarova na vozilima ote\u017ean odvoz sme\u0107a na podru\u010dju grada\"}]},{\"@type\":\"WebSite\",\"@id\":\"https:\/\/www.prijedordanas.com\/#website\",\"url\":\"https:\/\/www.prijedordanas.com\/\",\"name\":\"PrijedorDanas.com - Prijedorski gradski portal\",\"description\":\"Portal o doga\u0111anjima u gradu Prijedoru\",\"publisher\":{\"@id\":\"https:\/\/www.prijedordanas.com\/#organization\"},\"potentialAction\":[{\"@type\":\"SearchAction\",\"target\":{\"@type\":\"EntryPoint\",\"urlTemplate\":\"https:\/\/www.prijedordanas.com\/?s={search_term_string}\"},\"query-input\":\"required name=search_term_string\"}],\"inLanguage\":\"en-US\"},{\"@type\":\"Organization\",\"@id\":\"https:\/\/www.prijedordanas.com\/#organization\",\"name\":\"PrijedorDanas.com\",\"url\":\"https:\/\/www.prijedordanas.com\/\",\"logo\":{\"@type\":\"ImageObject\",\"inLanguage\":\"en-US\",\"@id\":\"https:\/\/www.prijedordanas.com\/#\/schema\/logo\/image\/\",\"url\":\"http:\/\/www.prijedordanas.com\/wp-content\/uploads\/2021\/12\/logopng.png\",\"contentUrl\":\"http:\/\/www.prijedordanas.com\/wp-content\/uploads\/2021\/12\/logopng.png\",\"width\":1019,\"height\":776,\"caption\":\"PrijedorDanas.com\"},\"image\":{\"@id\":\"https:\/\/www.prijedordanas.com\/#\/schema\/logo\/image\/\"},\"sameAs\":[\"https:\/\/www.facebook.com\/PrijedorDanasCom\/\"]},{\"@type\":\"Person\",\"@id\":\"https:\/\/www.prijedordanas.com\/#\/schema\/person\/4e08ccf29b506ca916ff86d46bb700e6\",\"name\":\"admin\",\"image\":{\"@type\":\"ImageObject\",\"inLanguage\":\"en-US\",\"@id\":\"https:\/\/www.prijedordanas.com\/#\/schema\/person\/image\/\",\"url\":\"https:\/\/secure.gravatar.com\/avatar\/1d3fc949d550f0b53a5f0d51e06dfd79?s=96&d=mm&r=g\",\"contentUrl\":\"https:\/\/secure.gravatar.com\/avatar\/1d3fc949d550f0b53a5f0d51e06dfd79?s=96&d=mm&r=g\",\"caption\":\"admin\"},\"url\":\"https:\/\/www.prijedordanas.com\/?author=1\"}]}<\/script>\n<!-- \/ Yoast SEO plugin. -->","yoast_head_json":{"title":"\"Komunalne usluge\" Prijedor: Zbog kvarova na vozilima ote\u017ean odvoz sme\u0107a na podru\u010dju grada - PrijedorDanas.com - Prijedorski gradski portal","robots":{"index":"index","follow":"follow","max-snippet":"max-snippet:-1","max-image-preview":"max-image-preview:large","max-video-preview":"max-video-preview:-1"},"canonical":"https:\/\/www.prijedordanas.com\/?p=228187","og_locale":"en_US","og_type":"article","og_title":"\"Komunalne usluge\" Prijedor: Zbog kvarova na vozilima ote\u017ean odvoz sme\u0107a na podru\u010dju grada - PrijedorDanas.com - Prijedorski gradski portal","og_description":"Preduze\u0107e &#8220;Komunalne usluge&#8221; Prijedor obratilo se javnosti povodom ote\u017eanog odvoza sme\u0107a na podru\u010dju grada u proteklom periodu. Glavni razlog ovog problema le\u017ei u \u010destim kvarovima na dotrajalim specijalnim vozilima. U [&hellip;]","og_url":"https:\/\/www.prijedordanas.com\/?p=228187","og_site_name":"PrijedorDanas.com - Prijedorski gradski portal","article_publisher":"https:\/\/www.facebook.com\/PrijedorDanasCom\/","article_published_time":"2024-06-19T08:22:10+00:00","og_image":[{"url":"https:\/\/www.prijedordanas.com\/wp-content\/uploads\/2024\/06\/komunalne-usluge-prijedor-odvoz-smeca-300x225.jpg"}],"author":"admin","twitter_card":"summary_large_image","twitter_misc":{"Written by":"admin"},"schema":{"@context":"https:\/\/schema.org","@graph":[{"@type":"Article","@id":"https:\/\/www.prijedordanas.com\/?p=228187#article","isPartOf":{"@id":"https:\/\/www.prijedordanas.com\/?p=228187"},"author":{"name":"admin","@id":"https:\/\/www.prijedordanas.com\/#\/schema\/person\/4e08ccf29b506ca916ff86d46bb700e6"},"headline":"&#8220;Komunalne usluge&#8221; Prijedor: Zbog kvarova na vozilima ote\u017ean odvoz sme\u0107a na podru\u010dju grada","datePublished":"2024-06-19T08:22:10+00:00","dateModified":"2024-06-19T08:22:10+00:00","mainEntityOfPage":{"@id":"https:\/\/www.prijedordanas.com\/?p=228187"},"wordCount":186,"publisher":{"@id":"https:\/\/www.prijedordanas.com\/#organization"},"articleSection":["Dru\u0161tvo"],"inLanguage":"en-US"},{"@type":"WebPage","@id":"https:\/\/www.prijedordanas.com\/?p=228187","url":"https:\/\/www.prijedordanas.com\/?p=228187","name":"\"Komunalne usluge\" Prijedor: Zbog kvarova na vozilima ote\u017ean odvoz sme\u0107a na podru\u010dju grada - PrijedorDanas.com - Prijedorski gradski portal","isPartOf":{"@id":"https:\/\/www.prijedordanas.com\/#website"},"datePublished":"2024-06-19T08:22:10+00:00","dateModified":"2024-06-19T08:22:10+00:00","breadcrumb":{"@id":"https:\/\/www.prijedordanas.com\/?p=228187#breadcrumb"},"inLanguage":"en-US","potentialAction":[{"@type":"ReadAction","target":["https:\/\/www.prijedordanas.com\/?p=228187"]}]},{"@type":"BreadcrumbList","@id":"https:\/\/www.prijedordanas.com\/?p=228187#breadcrumb","itemListElement":[{"@type":"ListItem","position":1,"name":"Home","item":"https:\/\/www.prijedordanas.com\/"},{"@type":"ListItem","position":2,"name":"&#8220;Komunalne usluge&#8221; Prijedor: Zbog kvarova na vozilima ote\u017ean odvoz sme\u0107a na podru\u010dju grada"}]},{"@type":"WebSite","@id":"https:\/\/www.prijedordanas.com\/#website","url":"https:\/\/www.prijedordanas.com\/","name":"PrijedorDanas.com - Prijedorski gradski portal","description":"Portal o doga\u0111anjima u gradu Prijedoru","publisher":{"@id":"https:\/\/www.prijedordanas.com\/#organization"},"potentialAction":[{"@type":"SearchAction","target":{"@type":"EntryPoint","urlTemplate":"https:\/\/www.prijedordanas.com\/?s={search_term_string}"},"query-input":"required name=search_term_string"}],"inLanguage":"en-US"},{"@type":"Organization","@id":"https:\/\/www.prijedordanas.com\/#organization","name":"PrijedorDanas.com","url":"https:\/\/www.prijedordanas.com\/","logo":{"@type":"ImageObject","inLanguage":"en-US","@id":"https:\/\/www.prijedordanas.com\/#\/schema\/logo\/image\/","url":"http:\/\/www.prijedordanas.com\/wp-content\/uploads\/2021\/12\/logopng.png","contentUrl":"http:\/\/www.prijedordanas.com\/wp-content\/uploads\/2021\/12\/logopng.png","width":1019,"height":776,"caption":"PrijedorDanas.com"},"image":{"@id":"https:\/\/www.prijedordanas.com\/#\/schema\/logo\/image\/"},"sameAs":["https:\/\/www.facebook.com\/PrijedorDanasCom\/"]},{"@type":"Person","@id":"https:\/\/www.prijedordanas.com\/#\/schema\/person\/4e08ccf29b506ca916ff86d46bb700e6","name":"admin","image":{"@type":"ImageObject","inLanguage":"en-US","@id":"https:\/\/www.prijedordanas.com\/#\/schema\/person\/image\/","url":"https:\/\/secure.gravatar.com\/avatar\/1d3fc949d550f0b53a5f0d51e06dfd79?s=96&d=mm&r=g","contentUrl":"https:\/\/secure.gravatar.com\/avatar\/1d3fc949d550f0b53a5f0d51e06dfd79?s=96&d=mm&r=g","caption":"admin"},"url":"https:\/\/www.prijedordanas.com\/?author=1"}]}},"_links":{"self":[{"href":"https:\/\/www.prijedordanas.com\/index.php?rest_route=\/wp\/v2\/posts\/228187"}],"collection":[{"href":"https:\/\/www.prijedordanas.com\/index.php?rest_route=\/wp\/v2\/posts"}],"about":[{"href":"https:\/\/www.prijedordanas.com\/index.php?rest_route=\/wp\/v2\/types\/post"}],"author":[{"embeddable":true,"href":"https:\/\/www.prijedordanas.com\/index.php?rest_route=\/wp\/v2\/users\/1"}],"replies":[{"embeddable":true,"href":"https:\/\/www.prijedordanas.com\/index.php?rest_route=%2Fwp%2Fv2%2Fcomments&post=228187"}],"version-history":[{"count":1,"href":"https:\/\/www.prijedordanas.com\/index.php?rest_route=\/wp\/v2\/posts\/228187\/revisions"}],"predecessor-version":[{"id":228189,"href":"https:\/\/www.prijedordanas.com\/index.php?rest_route=\/wp\/v2\/posts\/228187\/revisions\/228189"}],"wp:attachment":[{"href":"https:\/\/www.prijedordanas.com\/index.php?rest_route=%2Fwp%2Fv2%2Fmedia&parent=228187"}],"wp:term":[{"taxonomy":"category","embeddable":true,"href":"https:\/\/www.prijedordanas.com\/index.php?rest_route=%2Fwp%2Fv2%2Fcategories&post=228187"},{"taxonomy":"post_tag","embeddable":true,"href":"https:\/\/www.prijedordanas.com\/index.php?rest_route=%2Fwp%2Fv2%2Ftags&post=228187"}],"curies":[{"name":"wp","href":"https:\/\/api.w.org\/{rel}","templated":true}]}}