{"id":228182,"date":"2024-06-19T09:21:36","date_gmt":"2024-06-19T07:21:36","guid":{"rendered":"https:\/\/www.prijedordanas.com\/?p=228182"},"modified":"2024-06-19T09:21:36","modified_gmt":"2024-06-19T07:21:36","slug":"sinhro-i-plan-b-otvaraju-tuborg-garden-fest-u-prijedoru","status":"publish","type":"post","link":"https:\/\/www.prijedordanas.com\/?p=228182","title":{"rendered":"&#8220;Sinhro&#8221; i &#8220;Plan B&#8221; otvaraju &#8220;Tuborg Garden Fest&#8221; u Prijedoru"},"content":{"rendered":"<p><a href=\"https:\/\/www.prijedordanas.com\/wp-content\/uploads\/2024\/06\/garden-fest-2024-sinhro.jpg\"><img loading=\"lazy\" decoding=\"async\" class=\"alignleft size-medium wp-image-228183\" src=\"https:\/\/www.prijedordanas.com\/wp-content\/uploads\/2024\/06\/garden-fest-2024-sinhro-300x300.jpg\" alt=\"\" width=\"300\" height=\"300\" srcset=\"https:\/\/www.prijedordanas.com\/wp-content\/uploads\/2024\/06\/garden-fest-2024-sinhro-300x300.jpg 300w, https:\/\/www.prijedordanas.com\/wp-content\/uploads\/2024\/06\/garden-fest-2024-sinhro-150x150.jpg 150w, https:\/\/www.prijedordanas.com\/wp-content\/uploads\/2024\/06\/garden-fest-2024-sinhro-50x50.jpg 50w, https:\/\/www.prijedordanas.com\/wp-content\/uploads\/2024\/06\/garden-fest-2024-sinhro.jpg 600w\" sizes=\"(max-width: 300px) 100vw, 300px\" \/><\/a>Sti\u017ee \u010detvrti po redu \u201eTuborg Garden Fest\u201c.<\/p>\n<p>Ljetna ba\u0161ta Prijedor u Starom Gradu u Prijedoru, 5. i 6.jula postaje epicentar urbanog ritma i odli\u010dne energije.<\/p>\n<p>\u010cast da otvori ovogodi\u0161nji \u201cTuborg Garden Fest\u201d ima\u0107e grupa \u201cSinhro\u201d iz Novog Grada, koji su svojim koncertom odu\u0161evili prijedorsku publiku i pro\u0161le godine.<\/p>\n<p>Frontmen grupe Mladen Janjetovi\u0107 isti\u010de da je \u201cTuborg Garden Fest\u201d jedna velika prilika da se publici predstave i lokalni bendovi i da mu je veliko zadovoljstvo \u0161to \u0107e prve festivalske ve\u010deri \u201cSinhro\u201d biti predgrupa velikim izvo\u0111a\u010dima, kao \u0161to su Parni valjak, Detour, Mile Kekin i Kralj \u010ca\u010dka.<\/p>\n<p>\u201cOvog ljeta publici na \u201cTuborg Garden Festu\u201d pripremili smo repertoar, koji se sastoji od najve\u0107ih hitova Ex-Yu grupa, kao \u0161to su Azra, Van Gogh, Partibrejkers i mnogi drugi\u201d, dodao je Janjetovi\u0107.<\/p>\n<p>Drugo festivalsko ve\u010de otvori\u0107e prijedorski bend \u201cPlan B\u201d.<\/p>\n<p><a href=\"https:\/\/www.prijedordanas.com\/wp-content\/uploads\/2024\/06\/garden-fest-2024-plan-b.jpg\"><img loading=\"lazy\" decoding=\"async\" class=\"alignleft size-medium wp-image-228184\" src=\"https:\/\/www.prijedordanas.com\/wp-content\/uploads\/2024\/06\/garden-fest-2024-plan-b-300x300.jpg\" alt=\"\" width=\"300\" height=\"300\" srcset=\"https:\/\/www.prijedordanas.com\/wp-content\/uploads\/2024\/06\/garden-fest-2024-plan-b-300x300.jpg 300w, https:\/\/www.prijedordanas.com\/wp-content\/uploads\/2024\/06\/garden-fest-2024-plan-b-150x150.jpg 150w, https:\/\/www.prijedordanas.com\/wp-content\/uploads\/2024\/06\/garden-fest-2024-plan-b-50x50.jpg 50w, https:\/\/www.prijedordanas.com\/wp-content\/uploads\/2024\/06\/garden-fest-2024-plan-b.jpg 600w\" sizes=\"(max-width: 300px) 100vw, 300px\" \/><\/a>Ovaj peto\u010dlani sastav je nastao 2021.godine i uglavnom sviraju doma\u0107e i strane rok pjesme.<\/p>\n<p>\u201cTrenutno radimo na svojim prvim autorskim pjesmama i \u010dast nam je \u0161to \u0107emo imati priliku da ih predstavimo publici na jednom velikom festivalu, kao \u0161to je \u201cTuborg Graden Fest\u201d u Prijedoru\u201d, poru\u010dio je Maksim Boji\u0107, \u010dlan benda.<\/p>\n<p>\u201cPozivamo publiku da do\u0111e u \u0161to ve\u0107em broju na na\u0161u svirku, jer pored na\u0161ih pjesama, svira\u0107emo neke od najve\u0107ih doma\u0107ih i stranih hitova, a ne\u0107emo zaboraviti ni pjesme lokalnih bendova, koji na\u017ealost vi\u0161e ne postoje. Vidimo se 6.jula u Ljetnoj ba\u0161ti\u201d, poru\u010duju \u010dlanovi benda Plan B.<\/p>\n<p>Nakon nastupa ovih mladih muzi\u010dara, u subotu, 6.jula na \u201cTuborg Garden Festu\u201d nastupi\u0107e Gr\u0161e, Who See, Mortal Kombat i Beogradski sindikat.<\/p>\n<p>Zapo\u010dnite ljeto na najbolji mogu\u0107i na\u010din. Obe\u0107avamo do\u017eivljaj ljetne ba\u0161te u svakom smislu te rije\u010di, ba\u0161tu ispunjenu zelenilom, velikim hitovima, fantasti\u010dnom energijom i uzavrelom atmosferom.<\/p>\n<p><a href=\"https:\/\/www.prijedordanas.com\/wp-content\/uploads\/2024\/06\/garden-fest-2024-besplatan-prevoz-zeljeznicom.jpg\"><img loading=\"lazy\" decoding=\"async\" src=\"https:\/\/www.prijedordanas.com\/wp-content\/uploads\/2024\/06\/garden-fest-2024-besplatan-prevoz-zeljeznicom-300x300.jpg\" alt=\"\" width=\"300\" height=\"300\" class=\"alignleft size-medium wp-image-228185\" srcset=\"https:\/\/www.prijedordanas.com\/wp-content\/uploads\/2024\/06\/garden-fest-2024-besplatan-prevoz-zeljeznicom-300x300.jpg 300w, https:\/\/www.prijedordanas.com\/wp-content\/uploads\/2024\/06\/garden-fest-2024-besplatan-prevoz-zeljeznicom-150x150.jpg 150w, https:\/\/www.prijedordanas.com\/wp-content\/uploads\/2024\/06\/garden-fest-2024-besplatan-prevoz-zeljeznicom-50x50.jpg 50w, https:\/\/www.prijedordanas.com\/wp-content\/uploads\/2024\/06\/garden-fest-2024-besplatan-prevoz-zeljeznicom.jpg 600w\" sizes=\"(max-width: 300px) 100vw, 300px\" \/><\/a>Prodaja jednodnevnih ulaznica za ovogodi\u0161nji \u201eTuborg Garden Fest\u201c po cijeni od 20 KM je u toku, a ukoliko ne \u017eelite propustiti ni jednu festivalsku no\u0107, dvodnevnu ulaznicu i dalje mo\u017eete kupiti za samo 30 KM na gigstix.ba i prodajnim mjestima Gigstixa. Od 24.juna svoje karte mo\u0107i \u0107ete kupiti i na Trgu majora Zorana Karlice u Prijedoru.<\/p>\n<p>Uz kupljenu kartu, besplatno mo\u017eete koristiti prevoz \u017deljeznica RS za vrijeme festivala.<\/p>\n<p>Za vi\u0161e informacija pratite nas na www.gardenfest.net, ali na Facebook i Instagram stranicama festivala.<\/p>\n","protected":false},"excerpt":{"rendered":"<p>Sti\u017ee \u010detvrti po redu \u201eTuborg Garden Fest\u201c. Ljetna ba\u0161ta Prijedor u Starom Gradu u Prijedoru, 5. i 6.jula postaje epicentar urbanog ritma i odli\u010dne energije. \u010cast da otvori ovogodi\u0161nji \u201cTuborg [&hellip;]<\/p>\n","protected":false},"author":1,"featured_media":0,"comment_status":"closed","ping_status":"open","sticky":false,"template":"","format":"standard","meta":{"_monsterinsights_skip_tracking":false,"_monsterinsights_sitenote_active":false,"_monsterinsights_sitenote_note":"","_monsterinsights_sitenote_category":0,"footnotes":""},"categories":[6,3],"tags":[],"yoast_head":"<!-- This site is optimized with the Yoast SEO plugin v21.6 - https:\/\/yoast.com\/wordpress\/plugins\/seo\/ -->\n<title>&quot;Sinhro&quot; i &quot;Plan B&quot; otvaraju &quot;Tuborg Garden Fest&quot; u Prijedoru - PrijedorDanas.com - Prijedorski gradski portal<\/title>\n<meta name=\"robots\" content=\"index, follow, max-snippet:-1, max-image-preview:large, max-video-preview:-1\" \/>\n<link rel=\"canonical\" href=\"https:\/\/www.prijedordanas.com\/?p=228182\" \/>\n<meta property=\"og:locale\" content=\"en_US\" \/>\n<meta property=\"og:type\" content=\"article\" \/>\n<meta property=\"og:title\" content=\"&quot;Sinhro&quot; i &quot;Plan B&quot; otvaraju &quot;Tuborg Garden Fest&quot; u Prijedoru - PrijedorDanas.com - Prijedorski gradski portal\" \/>\n<meta property=\"og:description\" content=\"Sti\u017ee \u010detvrti po redu \u201eTuborg Garden Fest\u201c. Ljetna ba\u0161ta Prijedor u Starom Gradu u Prijedoru, 5. i 6.jula postaje epicentar urbanog ritma i odli\u010dne energije. \u010cast da otvori ovogodi\u0161nji \u201cTuborg [&hellip;]\" \/>\n<meta property=\"og:url\" content=\"https:\/\/www.prijedordanas.com\/?p=228182\" \/>\n<meta property=\"og:site_name\" content=\"PrijedorDanas.com - Prijedorski gradski portal\" \/>\n<meta property=\"article:publisher\" content=\"https:\/\/www.facebook.com\/PrijedorDanasCom\/\" \/>\n<meta property=\"article:published_time\" content=\"2024-06-19T07:21:36+00:00\" \/>\n<meta property=\"og:image\" content=\"https:\/\/www.prijedordanas.com\/wp-content\/uploads\/2024\/06\/garden-fest-2024-sinhro-300x300.jpg\" \/>\n<meta name=\"author\" content=\"admin\" \/>\n<meta name=\"twitter:card\" content=\"summary_large_image\" \/>\n<meta name=\"twitter:label1\" content=\"Written by\" \/>\n\t<meta name=\"twitter:data1\" content=\"admin\" \/>\n\t<meta name=\"twitter:label2\" content=\"Est. reading time\" \/>\n\t<meta name=\"twitter:data2\" content=\"2 minutes\" \/>\n<script type=\"application\/ld+json\" class=\"yoast-schema-graph\">{\"@context\":\"https:\/\/schema.org\",\"@graph\":[{\"@type\":\"Article\",\"@id\":\"https:\/\/www.prijedordanas.com\/?p=228182#article\",\"isPartOf\":{\"@id\":\"https:\/\/www.prijedordanas.com\/?p=228182\"},\"author\":{\"name\":\"admin\",\"@id\":\"https:\/\/www.prijedordanas.com\/#\/schema\/person\/4e08ccf29b506ca916ff86d46bb700e6\"},\"headline\":\"&#8220;Sinhro&#8221; i &#8220;Plan B&#8221; otvaraju &#8220;Tuborg Garden Fest&#8221; u Prijedoru\",\"datePublished\":\"2024-06-19T07:21:36+00:00\",\"dateModified\":\"2024-06-19T07:21:36+00:00\",\"mainEntityOfPage\":{\"@id\":\"https:\/\/www.prijedordanas.com\/?p=228182\"},\"wordCount\":416,\"publisher\":{\"@id\":\"https:\/\/www.prijedordanas.com\/#organization\"},\"articleSection\":[\"Kultura\",\"\u017divot\"],\"inLanguage\":\"en-US\"},{\"@type\":\"WebPage\",\"@id\":\"https:\/\/www.prijedordanas.com\/?p=228182\",\"url\":\"https:\/\/www.prijedordanas.com\/?p=228182\",\"name\":\"\\\"Sinhro\\\" i \\\"Plan B\\\" otvaraju \\\"Tuborg Garden Fest\\\" u Prijedoru - PrijedorDanas.com - Prijedorski gradski portal\",\"isPartOf\":{\"@id\":\"https:\/\/www.prijedordanas.com\/#website\"},\"datePublished\":\"2024-06-19T07:21:36+00:00\",\"dateModified\":\"2024-06-19T07:21:36+00:00\",\"breadcrumb\":{\"@id\":\"https:\/\/www.prijedordanas.com\/?p=228182#breadcrumb\"},\"inLanguage\":\"en-US\",\"potentialAction\":[{\"@type\":\"ReadAction\",\"target\":[\"https:\/\/www.prijedordanas.com\/?p=228182\"]}]},{\"@type\":\"BreadcrumbList\",\"@id\":\"https:\/\/www.prijedordanas.com\/?p=228182#breadcrumb\",\"itemListElement\":[{\"@type\":\"ListItem\",\"position\":1,\"name\":\"Home\",\"item\":\"https:\/\/www.prijedordanas.com\/\"},{\"@type\":\"ListItem\",\"position\":2,\"name\":\"&#8220;Sinhro&#8221; i &#8220;Plan B&#8221; otvaraju &#8220;Tuborg Garden Fest&#8221; u Prijedoru\"}]},{\"@type\":\"WebSite\",\"@id\":\"https:\/\/www.prijedordanas.com\/#website\",\"url\":\"https:\/\/www.prijedordanas.com\/\",\"name\":\"PrijedorDanas.com - Prijedorski gradski portal\",\"description\":\"Portal o doga\u0111anjima u gradu Prijedoru\",\"publisher\":{\"@id\":\"https:\/\/www.prijedordanas.com\/#organization\"},\"potentialAction\":[{\"@type\":\"SearchAction\",\"target\":{\"@type\":\"EntryPoint\",\"urlTemplate\":\"https:\/\/www.prijedordanas.com\/?s={search_term_string}\"},\"query-input\":\"required name=search_term_string\"}],\"inLanguage\":\"en-US\"},{\"@type\":\"Organization\",\"@id\":\"https:\/\/www.prijedordanas.com\/#organization\",\"name\":\"PrijedorDanas.com\",\"url\":\"https:\/\/www.prijedordanas.com\/\",\"logo\":{\"@type\":\"ImageObject\",\"inLanguage\":\"en-US\",\"@id\":\"https:\/\/www.prijedordanas.com\/#\/schema\/logo\/image\/\",\"url\":\"http:\/\/www.prijedordanas.com\/wp-content\/uploads\/2021\/12\/logopng.png\",\"contentUrl\":\"http:\/\/www.prijedordanas.com\/wp-content\/uploads\/2021\/12\/logopng.png\",\"width\":1019,\"height\":776,\"caption\":\"PrijedorDanas.com\"},\"image\":{\"@id\":\"https:\/\/www.prijedordanas.com\/#\/schema\/logo\/image\/\"},\"sameAs\":[\"https:\/\/www.facebook.com\/PrijedorDanasCom\/\"]},{\"@type\":\"Person\",\"@id\":\"https:\/\/www.prijedordanas.com\/#\/schema\/person\/4e08ccf29b506ca916ff86d46bb700e6\",\"name\":\"admin\",\"image\":{\"@type\":\"ImageObject\",\"inLanguage\":\"en-US\",\"@id\":\"https:\/\/www.prijedordanas.com\/#\/schema\/person\/image\/\",\"url\":\"https:\/\/secure.gravatar.com\/avatar\/1d3fc949d550f0b53a5f0d51e06dfd79?s=96&d=mm&r=g\",\"contentUrl\":\"https:\/\/secure.gravatar.com\/avatar\/1d3fc949d550f0b53a5f0d51e06dfd79?s=96&d=mm&r=g\",\"caption\":\"admin\"},\"url\":\"https:\/\/www.prijedordanas.com\/?author=1\"}]}<\/script>\n<!-- \/ Yoast SEO plugin. -->","yoast_head_json":{"title":"\"Sinhro\" i \"Plan B\" otvaraju \"Tuborg Garden Fest\" u Prijedoru - PrijedorDanas.com - Prijedorski gradski portal","robots":{"index":"index","follow":"follow","max-snippet":"max-snippet:-1","max-image-preview":"max-image-preview:large","max-video-preview":"max-video-preview:-1"},"canonical":"https:\/\/www.prijedordanas.com\/?p=228182","og_locale":"en_US","og_type":"article","og_title":"\"Sinhro\" i \"Plan B\" otvaraju \"Tuborg Garden Fest\" u Prijedoru - PrijedorDanas.com - Prijedorski gradski portal","og_description":"Sti\u017ee \u010detvrti po redu \u201eTuborg Garden Fest\u201c. Ljetna ba\u0161ta Prijedor u Starom Gradu u Prijedoru, 5. i 6.jula postaje epicentar urbanog ritma i odli\u010dne energije. \u010cast da otvori ovogodi\u0161nji \u201cTuborg [&hellip;]","og_url":"https:\/\/www.prijedordanas.com\/?p=228182","og_site_name":"PrijedorDanas.com - Prijedorski gradski portal","article_publisher":"https:\/\/www.facebook.com\/PrijedorDanasCom\/","article_published_time":"2024-06-19T07:21:36+00:00","og_image":[{"url":"https:\/\/www.prijedordanas.com\/wp-content\/uploads\/2024\/06\/garden-fest-2024-sinhro-300x300.jpg"}],"author":"admin","twitter_card":"summary_large_image","twitter_misc":{"Written by":"admin","Est. reading time":"2 minutes"},"schema":{"@context":"https:\/\/schema.org","@graph":[{"@type":"Article","@id":"https:\/\/www.prijedordanas.com\/?p=228182#article","isPartOf":{"@id":"https:\/\/www.prijedordanas.com\/?p=228182"},"author":{"name":"admin","@id":"https:\/\/www.prijedordanas.com\/#\/schema\/person\/4e08ccf29b506ca916ff86d46bb700e6"},"headline":"&#8220;Sinhro&#8221; i &#8220;Plan B&#8221; otvaraju &#8220;Tuborg Garden Fest&#8221; u Prijedoru","datePublished":"2024-06-19T07:21:36+00:00","dateModified":"2024-06-19T07:21:36+00:00","mainEntityOfPage":{"@id":"https:\/\/www.prijedordanas.com\/?p=228182"},"wordCount":416,"publisher":{"@id":"https:\/\/www.prijedordanas.com\/#organization"},"articleSection":["Kultura","\u017divot"],"inLanguage":"en-US"},{"@type":"WebPage","@id":"https:\/\/www.prijedordanas.com\/?p=228182","url":"https:\/\/www.prijedordanas.com\/?p=228182","name":"\"Sinhro\" i \"Plan B\" otvaraju \"Tuborg Garden Fest\" u Prijedoru - PrijedorDanas.com - Prijedorski gradski portal","isPartOf":{"@id":"https:\/\/www.prijedordanas.com\/#website"},"datePublished":"2024-06-19T07:21:36+00:00","dateModified":"2024-06-19T07:21:36+00:00","breadcrumb":{"@id":"https:\/\/www.prijedordanas.com\/?p=228182#breadcrumb"},"inLanguage":"en-US","potentialAction":[{"@type":"ReadAction","target":["https:\/\/www.prijedordanas.com\/?p=228182"]}]},{"@type":"BreadcrumbList","@id":"https:\/\/www.prijedordanas.com\/?p=228182#breadcrumb","itemListElement":[{"@type":"ListItem","position":1,"name":"Home","item":"https:\/\/www.prijedordanas.com\/"},{"@type":"ListItem","position":2,"name":"&#8220;Sinhro&#8221; i &#8220;Plan B&#8221; otvaraju &#8220;Tuborg Garden Fest&#8221; u Prijedoru"}]},{"@type":"WebSite","@id":"https:\/\/www.prijedordanas.com\/#website","url":"https:\/\/www.prijedordanas.com\/","name":"PrijedorDanas.com - Prijedorski gradski portal","description":"Portal o doga\u0111anjima u gradu Prijedoru","publisher":{"@id":"https:\/\/www.prijedordanas.com\/#organization"},"potentialAction":[{"@type":"SearchAction","target":{"@type":"EntryPoint","urlTemplate":"https:\/\/www.prijedordanas.com\/?s={search_term_string}"},"query-input":"required name=search_term_string"}],"inLanguage":"en-US"},{"@type":"Organization","@id":"https:\/\/www.prijedordanas.com\/#organization","name":"PrijedorDanas.com","url":"https:\/\/www.prijedordanas.com\/","logo":{"@type":"ImageObject","inLanguage":"en-US","@id":"https:\/\/www.prijedordanas.com\/#\/schema\/logo\/image\/","url":"http:\/\/www.prijedordanas.com\/wp-content\/uploads\/2021\/12\/logopng.png","contentUrl":"http:\/\/www.prijedordanas.com\/wp-content\/uploads\/2021\/12\/logopng.png","width":1019,"height":776,"caption":"PrijedorDanas.com"},"image":{"@id":"https:\/\/www.prijedordanas.com\/#\/schema\/logo\/image\/"},"sameAs":["https:\/\/www.facebook.com\/PrijedorDanasCom\/"]},{"@type":"Person","@id":"https:\/\/www.prijedordanas.com\/#\/schema\/person\/4e08ccf29b506ca916ff86d46bb700e6","name":"admin","image":{"@type":"ImageObject","inLanguage":"en-US","@id":"https:\/\/www.prijedordanas.com\/#\/schema\/person\/image\/","url":"https:\/\/secure.gravatar.com\/avatar\/1d3fc949d550f0b53a5f0d51e06dfd79?s=96&d=mm&r=g","contentUrl":"https:\/\/secure.gravatar.com\/avatar\/1d3fc949d550f0b53a5f0d51e06dfd79?s=96&d=mm&r=g","caption":"admin"},"url":"https:\/\/www.prijedordanas.com\/?author=1"}]}},"_links":{"self":[{"href":"https:\/\/www.prijedordanas.com\/index.php?rest_route=\/wp\/v2\/posts\/228182"}],"collection":[{"href":"https:\/\/www.prijedordanas.com\/index.php?rest_route=\/wp\/v2\/posts"}],"about":[{"href":"https:\/\/www.prijedordanas.com\/index.php?rest_route=\/wp\/v2\/types\/post"}],"author":[{"embeddable":true,"href":"https:\/\/www.prijedordanas.com\/index.php?rest_route=\/wp\/v2\/users\/1"}],"replies":[{"embeddable":true,"href":"https:\/\/www.prijedordanas.com\/index.php?rest_route=%2Fwp%2Fv2%2Fcomments&post=228182"}],"version-history":[{"count":1,"href":"https:\/\/www.prijedordanas.com\/index.php?rest_route=\/wp\/v2\/posts\/228182\/revisions"}],"predecessor-version":[{"id":228186,"href":"https:\/\/www.prijedordanas.com\/index.php?rest_route=\/wp\/v2\/posts\/228182\/revisions\/228186"}],"wp:attachment":[{"href":"https:\/\/www.prijedordanas.com\/index.php?rest_route=%2Fwp%2Fv2%2Fmedia&parent=228182"}],"wp:term":[{"taxonomy":"category","embeddable":true,"href":"https:\/\/www.prijedordanas.com\/index.php?rest_route=%2Fwp%2Fv2%2Fcategories&post=228182"},{"taxonomy":"post_tag","embeddable":true,"href":"https:\/\/www.prijedordanas.com\/index.php?rest_route=%2Fwp%2Fv2%2Ftags&post=228182"}],"curies":[{"name":"wp","href":"https:\/\/api.w.org\/{rel}","templated":true}]}}