{"id":228078,"date":"2024-06-17T19:34:36","date_gmt":"2024-06-17T17:34:36","guid":{"rendered":"https:\/\/www.prijedordanas.com\/?p=228078"},"modified":"2024-06-17T19:34:36","modified_gmt":"2024-06-17T17:34:36","slug":"prijedorski-vocari-ocekuju-dobar-rod-video","status":"publish","type":"post","link":"https:\/\/www.prijedordanas.com\/?p=228078","title":{"rendered":"Prijedorski vo\u0107ari o\u010dekuju dobar rod &#8211; VIDEO"},"content":{"rendered":"<p><a href=\"https:\/\/www.prijedordanas.com\/wp-content\/uploads\/2024\/06\/kozarski-vocari-kruska.jpg\"><img loading=\"lazy\" decoding=\"async\" src=\"https:\/\/www.prijedordanas.com\/wp-content\/uploads\/2024\/06\/kozarski-vocari-kruska-300x225.jpg\" alt=\"\" width=\"300\" height=\"225\" class=\"alignleft size-medium wp-image-228079\" srcset=\"https:\/\/www.prijedordanas.com\/wp-content\/uploads\/2024\/06\/kozarski-vocari-kruska-300x225.jpg 300w, https:\/\/www.prijedordanas.com\/wp-content\/uploads\/2024\/06\/kozarski-vocari-kruska-640x480.jpg 640w, https:\/\/www.prijedordanas.com\/wp-content\/uploads\/2024\/06\/kozarski-vocari-kruska.jpg 667w\" sizes=\"(max-width: 300px) 100vw, 300px\" \/><\/a>Za razliku od gradova u okru\u017eenju, Prijedor je dobro pro\u0161ao u proteklom periodu nestabilnog vremena. Nije bilo nepogoda i grada, a sporadi\u010dne \u0161tete su zanemarljive, isti\u010du iz prijedorskog Udru\u017eenja vo\u0107ara, nadaju\u0107i se kona\u010dno dobrom rodu. To se odnosi i na \u0161ljivu koja je posljednjih godina podbacila.<\/p>\n<p>\u201c\u0160ljiva dosta dobro stoji. O\u010dekujemo ranije zrenje ove godine, jer je vegetacija uranila, tako da na nekim lokalitetima ve\u0107 imamo rane sorte \u0161ljive i uskoro o\u010dekujemo ranu berbu\u201d, rekao je Mladen Marjanovi\u0107, predsjednik Udru\u017eenja vo\u0107ara Prijedor.<\/p>\n<p>Dodaje da o\u010dekuju rekordan prinos kru\u0161ke, a i stanje s jabukom je dosta dobro.  <\/p>\n<p>\u201c\u0160to se ti\u010de vi\u0161nje, ve\u0107ih zasada skoro da nemamo, ali pojedina\u010dnih ima. U toku je berba. Rod je dosta kvalitetan, ima dovoljno vlage i sunca, tako da je ovo zasad dosta dobra i rodna godina\u201d, zaklju\u010duje Marjanovi\u0107.  <\/p>\n<p>Solidnom prinosu nadaju se i u Resoru za pru\u017eanje stru\u010dnih usluga u poljoprivredi nadle\u017enog ministarstva.<\/p>\n<p>\u201cU zasadima jabuke radi se probirno ru\u010dna prorjeda plodova. U zasadima \u0161ljive i kru\u0161ke izlazimo iz intenzivnih radova i polako ulazimo u ljetni period kada se ve\u0107 vr\u0161e pripreme za navodnjavanje i neke operacije manjeg intenziteta u odnosu na prolje\u0107e\u201d, rekao je Mirko Joki\u0107, rukovodilac PJ Prijedor Resora za pru\u017eanje stru\u010dnih usluga u poljoprivredi.<\/p>\n<p>Dosta zavisi od samih proizvo\u0111a\u010da, intenzivnosti zasada i primjene agrotehni\u010dkih mjera. Kada je ve\u0107 prijedorske vo\u0107are ove godine pogledalo nebo, valja i oni da urade \u0161to je u njihovoj mo\u0107i za zdravlje vo\u0107a, savjetuju stru\u010dnjaci. Pa\u017enju posebno treba obratiti na kru\u0161kinu buhu i crvenog vo\u0107nog pauka koji na visokim temperaturama nanosi \u0161tete i umanjuje kvalitet ploda. Udru\u017eenje vo\u0107ara Prijedor ima oko 60 \u010dlanova, sa prosje\u010dnom veli\u010dinom vo\u0107njaka od jednog do dva hektara.<\/p>\n<p><strong><a href=\"https:\/\/kozarski.com\/vocari-ocekuju-dobar-rod\/\" rel=\"noopener\" target=\"_blank\">kozarski.com<\/a><\/strong><\/p>\n<p><iframe loading=\"lazy\" title=\"VO\u0106ARI O\u010cEKUJU DOBAR ROD\" width=\"500\" height=\"281\" src=\"https:\/\/www.youtube.com\/embed\/wCoJlEZd7xQ?feature=oembed\" frameborder=\"0\" allow=\"accelerometer; autoplay; clipboard-write; encrypted-media; gyroscope; picture-in-picture; web-share\" referrerpolicy=\"strict-origin-when-cross-origin\" allowfullscreen><\/iframe><\/p>\n","protected":false},"excerpt":{"rendered":"<p>Za razliku od gradova u okru\u017eenju, Prijedor je dobro pro\u0161ao u proteklom periodu nestabilnog vremena. Nije bilo nepogoda i grada, a sporadi\u010dne \u0161tete su zanemarljive, isti\u010du iz prijedorskog Udru\u017eenja vo\u0107ara, [&hellip;]<\/p>\n","protected":false},"author":1,"featured_media":0,"comment_status":"closed","ping_status":"open","sticky":false,"template":"","format":"standard","meta":{"_monsterinsights_skip_tracking":false,"_monsterinsights_sitenote_active":false,"_monsterinsights_sitenote_note":"","_monsterinsights_sitenote_category":0,"footnotes":""},"categories":[8],"tags":[],"yoast_head":"<!-- This site is optimized with the Yoast SEO plugin v21.6 - https:\/\/yoast.com\/wordpress\/plugins\/seo\/ -->\n<title>Prijedorski vo\u0107ari o\u010dekuju dobar rod - VIDEO - PrijedorDanas.com - Prijedorski gradski portal<\/title>\n<meta name=\"robots\" content=\"index, follow, max-snippet:-1, max-image-preview:large, max-video-preview:-1\" \/>\n<link rel=\"canonical\" href=\"https:\/\/www.prijedordanas.com\/?p=228078\" \/>\n<meta property=\"og:locale\" content=\"en_US\" \/>\n<meta property=\"og:type\" content=\"article\" \/>\n<meta property=\"og:title\" content=\"Prijedorski vo\u0107ari o\u010dekuju dobar rod - VIDEO - PrijedorDanas.com - Prijedorski gradski portal\" \/>\n<meta property=\"og:description\" content=\"Za razliku od gradova u okru\u017eenju, Prijedor je dobro pro\u0161ao u proteklom periodu nestabilnog vremena. Nije bilo nepogoda i grada, a sporadi\u010dne \u0161tete su zanemarljive, isti\u010du iz prijedorskog Udru\u017eenja vo\u0107ara, [&hellip;]\" \/>\n<meta property=\"og:url\" content=\"https:\/\/www.prijedordanas.com\/?p=228078\" \/>\n<meta property=\"og:site_name\" content=\"PrijedorDanas.com - Prijedorski gradski portal\" \/>\n<meta property=\"article:publisher\" content=\"https:\/\/www.facebook.com\/PrijedorDanasCom\/\" \/>\n<meta property=\"article:published_time\" content=\"2024-06-17T17:34:36+00:00\" \/>\n<meta property=\"og:image\" content=\"https:\/\/www.prijedordanas.com\/wp-content\/uploads\/2024\/06\/kozarski-vocari-kruska-300x225.jpg\" \/>\n<meta name=\"author\" content=\"admin\" \/>\n<meta name=\"twitter:card\" content=\"summary_large_image\" \/>\n<meta name=\"twitter:label1\" content=\"Written by\" \/>\n\t<meta name=\"twitter:data1\" content=\"admin\" \/>\n<script type=\"application\/ld+json\" class=\"yoast-schema-graph\">{\"@context\":\"https:\/\/schema.org\",\"@graph\":[{\"@type\":\"Article\",\"@id\":\"https:\/\/www.prijedordanas.com\/?p=228078#article\",\"isPartOf\":{\"@id\":\"https:\/\/www.prijedordanas.com\/?p=228078\"},\"author\":{\"name\":\"admin\",\"@id\":\"https:\/\/www.prijedordanas.com\/#\/schema\/person\/4e08ccf29b506ca916ff86d46bb700e6\"},\"headline\":\"Prijedorski vo\u0107ari o\u010dekuju dobar rod &#8211; VIDEO\",\"datePublished\":\"2024-06-17T17:34:36+00:00\",\"dateModified\":\"2024-06-17T17:34:36+00:00\",\"mainEntityOfPage\":{\"@id\":\"https:\/\/www.prijedordanas.com\/?p=228078\"},\"wordCount\":337,\"publisher\":{\"@id\":\"https:\/\/www.prijedordanas.com\/#organization\"},\"articleSection\":[\"Svakodnevno\"],\"inLanguage\":\"en-US\"},{\"@type\":\"WebPage\",\"@id\":\"https:\/\/www.prijedordanas.com\/?p=228078\",\"url\":\"https:\/\/www.prijedordanas.com\/?p=228078\",\"name\":\"Prijedorski vo\u0107ari o\u010dekuju dobar rod - VIDEO - PrijedorDanas.com - Prijedorski gradski portal\",\"isPartOf\":{\"@id\":\"https:\/\/www.prijedordanas.com\/#website\"},\"datePublished\":\"2024-06-17T17:34:36+00:00\",\"dateModified\":\"2024-06-17T17:34:36+00:00\",\"breadcrumb\":{\"@id\":\"https:\/\/www.prijedordanas.com\/?p=228078#breadcrumb\"},\"inLanguage\":\"en-US\",\"potentialAction\":[{\"@type\":\"ReadAction\",\"target\":[\"https:\/\/www.prijedordanas.com\/?p=228078\"]}]},{\"@type\":\"BreadcrumbList\",\"@id\":\"https:\/\/www.prijedordanas.com\/?p=228078#breadcrumb\",\"itemListElement\":[{\"@type\":\"ListItem\",\"position\":1,\"name\":\"Home\",\"item\":\"https:\/\/www.prijedordanas.com\/\"},{\"@type\":\"ListItem\",\"position\":2,\"name\":\"Prijedorski vo\u0107ari o\u010dekuju dobar rod &#8211; VIDEO\"}]},{\"@type\":\"WebSite\",\"@id\":\"https:\/\/www.prijedordanas.com\/#website\",\"url\":\"https:\/\/www.prijedordanas.com\/\",\"name\":\"PrijedorDanas.com - Prijedorski gradski portal\",\"description\":\"Portal o doga\u0111anjima u gradu Prijedoru\",\"publisher\":{\"@id\":\"https:\/\/www.prijedordanas.com\/#organization\"},\"potentialAction\":[{\"@type\":\"SearchAction\",\"target\":{\"@type\":\"EntryPoint\",\"urlTemplate\":\"https:\/\/www.prijedordanas.com\/?s={search_term_string}\"},\"query-input\":\"required name=search_term_string\"}],\"inLanguage\":\"en-US\"},{\"@type\":\"Organization\",\"@id\":\"https:\/\/www.prijedordanas.com\/#organization\",\"name\":\"PrijedorDanas.com\",\"url\":\"https:\/\/www.prijedordanas.com\/\",\"logo\":{\"@type\":\"ImageObject\",\"inLanguage\":\"en-US\",\"@id\":\"https:\/\/www.prijedordanas.com\/#\/schema\/logo\/image\/\",\"url\":\"http:\/\/www.prijedordanas.com\/wp-content\/uploads\/2021\/12\/logopng.png\",\"contentUrl\":\"http:\/\/www.prijedordanas.com\/wp-content\/uploads\/2021\/12\/logopng.png\",\"width\":1019,\"height\":776,\"caption\":\"PrijedorDanas.com\"},\"image\":{\"@id\":\"https:\/\/www.prijedordanas.com\/#\/schema\/logo\/image\/\"},\"sameAs\":[\"https:\/\/www.facebook.com\/PrijedorDanasCom\/\"]},{\"@type\":\"Person\",\"@id\":\"https:\/\/www.prijedordanas.com\/#\/schema\/person\/4e08ccf29b506ca916ff86d46bb700e6\",\"name\":\"admin\",\"image\":{\"@type\":\"ImageObject\",\"inLanguage\":\"en-US\",\"@id\":\"https:\/\/www.prijedordanas.com\/#\/schema\/person\/image\/\",\"url\":\"https:\/\/secure.gravatar.com\/avatar\/1d3fc949d550f0b53a5f0d51e06dfd79?s=96&d=mm&r=g\",\"contentUrl\":\"https:\/\/secure.gravatar.com\/avatar\/1d3fc949d550f0b53a5f0d51e06dfd79?s=96&d=mm&r=g\",\"caption\":\"admin\"},\"url\":\"https:\/\/www.prijedordanas.com\/?author=1\"}]}<\/script>\n<!-- \/ Yoast SEO plugin. -->","yoast_head_json":{"title":"Prijedorski vo\u0107ari o\u010dekuju dobar rod - VIDEO - PrijedorDanas.com - Prijedorski gradski portal","robots":{"index":"index","follow":"follow","max-snippet":"max-snippet:-1","max-image-preview":"max-image-preview:large","max-video-preview":"max-video-preview:-1"},"canonical":"https:\/\/www.prijedordanas.com\/?p=228078","og_locale":"en_US","og_type":"article","og_title":"Prijedorski vo\u0107ari o\u010dekuju dobar rod - VIDEO - PrijedorDanas.com - Prijedorski gradski portal","og_description":"Za razliku od gradova u okru\u017eenju, Prijedor je dobro pro\u0161ao u proteklom periodu nestabilnog vremena. Nije bilo nepogoda i grada, a sporadi\u010dne \u0161tete su zanemarljive, isti\u010du iz prijedorskog Udru\u017eenja vo\u0107ara, [&hellip;]","og_url":"https:\/\/www.prijedordanas.com\/?p=228078","og_site_name":"PrijedorDanas.com - Prijedorski gradski portal","article_publisher":"https:\/\/www.facebook.com\/PrijedorDanasCom\/","article_published_time":"2024-06-17T17:34:36+00:00","og_image":[{"url":"https:\/\/www.prijedordanas.com\/wp-content\/uploads\/2024\/06\/kozarski-vocari-kruska-300x225.jpg"}],"author":"admin","twitter_card":"summary_large_image","twitter_misc":{"Written by":"admin"},"schema":{"@context":"https:\/\/schema.org","@graph":[{"@type":"Article","@id":"https:\/\/www.prijedordanas.com\/?p=228078#article","isPartOf":{"@id":"https:\/\/www.prijedordanas.com\/?p=228078"},"author":{"name":"admin","@id":"https:\/\/www.prijedordanas.com\/#\/schema\/person\/4e08ccf29b506ca916ff86d46bb700e6"},"headline":"Prijedorski vo\u0107ari o\u010dekuju dobar rod &#8211; VIDEO","datePublished":"2024-06-17T17:34:36+00:00","dateModified":"2024-06-17T17:34:36+00:00","mainEntityOfPage":{"@id":"https:\/\/www.prijedordanas.com\/?p=228078"},"wordCount":337,"publisher":{"@id":"https:\/\/www.prijedordanas.com\/#organization"},"articleSection":["Svakodnevno"],"inLanguage":"en-US"},{"@type":"WebPage","@id":"https:\/\/www.prijedordanas.com\/?p=228078","url":"https:\/\/www.prijedordanas.com\/?p=228078","name":"Prijedorski vo\u0107ari o\u010dekuju dobar rod - VIDEO - PrijedorDanas.com - Prijedorski gradski portal","isPartOf":{"@id":"https:\/\/www.prijedordanas.com\/#website"},"datePublished":"2024-06-17T17:34:36+00:00","dateModified":"2024-06-17T17:34:36+00:00","breadcrumb":{"@id":"https:\/\/www.prijedordanas.com\/?p=228078#breadcrumb"},"inLanguage":"en-US","potentialAction":[{"@type":"ReadAction","target":["https:\/\/www.prijedordanas.com\/?p=228078"]}]},{"@type":"BreadcrumbList","@id":"https:\/\/www.prijedordanas.com\/?p=228078#breadcrumb","itemListElement":[{"@type":"ListItem","position":1,"name":"Home","item":"https:\/\/www.prijedordanas.com\/"},{"@type":"ListItem","position":2,"name":"Prijedorski vo\u0107ari o\u010dekuju dobar rod &#8211; VIDEO"}]},{"@type":"WebSite","@id":"https:\/\/www.prijedordanas.com\/#website","url":"https:\/\/www.prijedordanas.com\/","name":"PrijedorDanas.com - Prijedorski gradski portal","description":"Portal o doga\u0111anjima u gradu Prijedoru","publisher":{"@id":"https:\/\/www.prijedordanas.com\/#organization"},"potentialAction":[{"@type":"SearchAction","target":{"@type":"EntryPoint","urlTemplate":"https:\/\/www.prijedordanas.com\/?s={search_term_string}"},"query-input":"required name=search_term_string"}],"inLanguage":"en-US"},{"@type":"Organization","@id":"https:\/\/www.prijedordanas.com\/#organization","name":"PrijedorDanas.com","url":"https:\/\/www.prijedordanas.com\/","logo":{"@type":"ImageObject","inLanguage":"en-US","@id":"https:\/\/www.prijedordanas.com\/#\/schema\/logo\/image\/","url":"http:\/\/www.prijedordanas.com\/wp-content\/uploads\/2021\/12\/logopng.png","contentUrl":"http:\/\/www.prijedordanas.com\/wp-content\/uploads\/2021\/12\/logopng.png","width":1019,"height":776,"caption":"PrijedorDanas.com"},"image":{"@id":"https:\/\/www.prijedordanas.com\/#\/schema\/logo\/image\/"},"sameAs":["https:\/\/www.facebook.com\/PrijedorDanasCom\/"]},{"@type":"Person","@id":"https:\/\/www.prijedordanas.com\/#\/schema\/person\/4e08ccf29b506ca916ff86d46bb700e6","name":"admin","image":{"@type":"ImageObject","inLanguage":"en-US","@id":"https:\/\/www.prijedordanas.com\/#\/schema\/person\/image\/","url":"https:\/\/secure.gravatar.com\/avatar\/1d3fc949d550f0b53a5f0d51e06dfd79?s=96&d=mm&r=g","contentUrl":"https:\/\/secure.gravatar.com\/avatar\/1d3fc949d550f0b53a5f0d51e06dfd79?s=96&d=mm&r=g","caption":"admin"},"url":"https:\/\/www.prijedordanas.com\/?author=1"}]}},"_links":{"self":[{"href":"https:\/\/www.prijedordanas.com\/index.php?rest_route=\/wp\/v2\/posts\/228078"}],"collection":[{"href":"https:\/\/www.prijedordanas.com\/index.php?rest_route=\/wp\/v2\/posts"}],"about":[{"href":"https:\/\/www.prijedordanas.com\/index.php?rest_route=\/wp\/v2\/types\/post"}],"author":[{"embeddable":true,"href":"https:\/\/www.prijedordanas.com\/index.php?rest_route=\/wp\/v2\/users\/1"}],"replies":[{"embeddable":true,"href":"https:\/\/www.prijedordanas.com\/index.php?rest_route=%2Fwp%2Fv2%2Fcomments&post=228078"}],"version-history":[{"count":1,"href":"https:\/\/www.prijedordanas.com\/index.php?rest_route=\/wp\/v2\/posts\/228078\/revisions"}],"predecessor-version":[{"id":228080,"href":"https:\/\/www.prijedordanas.com\/index.php?rest_route=\/wp\/v2\/posts\/228078\/revisions\/228080"}],"wp:attachment":[{"href":"https:\/\/www.prijedordanas.com\/index.php?rest_route=%2Fwp%2Fv2%2Fmedia&parent=228078"}],"wp:term":[{"taxonomy":"category","embeddable":true,"href":"https:\/\/www.prijedordanas.com\/index.php?rest_route=%2Fwp%2Fv2%2Fcategories&post=228078"},{"taxonomy":"post_tag","embeddable":true,"href":"https:\/\/www.prijedordanas.com\/index.php?rest_route=%2Fwp%2Fv2%2Ftags&post=228078"}],"curies":[{"name":"wp","href":"https:\/\/api.w.org\/{rel}","templated":true}]}}