{"id":227792,"date":"2024-06-12T19:53:32","date_gmt":"2024-06-12T17:53:32","guid":{"rendered":"https:\/\/www.prijedordanas.com\/?p=227792"},"modified":"2024-06-12T19:53:32","modified_gmt":"2024-06-12T17:53:32","slug":"ipc-kozarski-vjesnik-obiljezio-55-godina-rada","status":"publish","type":"post","link":"https:\/\/www.prijedordanas.com\/?p=227792","title":{"rendered":"IPC &#8220;Kozarski vjesnik&#8221; obilje\u017eio 55 godina rada"},"content":{"rendered":"<p><a href=\"https:\/\/www.prijedordanas.com\/wp-content\/uploads\/2024\/06\/kozarski-55rodjendan.jpg\"><img loading=\"lazy\" decoding=\"async\" src=\"https:\/\/www.prijedordanas.com\/wp-content\/uploads\/2024\/06\/kozarski-55rodjendan-300x225.jpg\" alt=\"\" width=\"300\" height=\"225\" class=\"alignleft size-medium wp-image-227793\" srcset=\"https:\/\/www.prijedordanas.com\/wp-content\/uploads\/2024\/06\/kozarski-55rodjendan-300x225.jpg 300w, https:\/\/www.prijedordanas.com\/wp-content\/uploads\/2024\/06\/kozarski-55rodjendan-640x480.jpg 640w, https:\/\/www.prijedordanas.com\/wp-content\/uploads\/2024\/06\/kozarski-55rodjendan.jpg 667w\" sizes=\"(max-width: 300px) 100vw, 300px\" \/><\/a>Informativno-poslovni centar \u201cKozarski vjesnik\u201d danas obilje\u017eava 55. godi\u0161njicu postojanja. Tim povodom organizovano je dru\u017eenje penzionera, nekada\u0161njih i sada\u0161njih radnika na\u0161e medijske ku\u0107e.<\/p>\n<p>Dugogodi\u0161nji spiker Radio Prijedora Jadranka Jaca Re\u010devi\u0107 u zaslu\u017eenoj je penziji, ali je njen glas ostao prepoznatljiv kod mnogih slu\u0161alaca koje je decenijama u eteru uvodila u prvo \u201cdobro jutro\u201d i posljednje \u201claku no\u0107\u201d. <\/p>\n<p>Veliko je zadovoljsto, kako je rekla, biti na zajedni\u010dkoj proslavi i dru\u017eenju.<\/p>\n<p>\u201cDru\u017eenje s mojim biv\u0161im i novim kolegama, puno mi zna\u010di. Srce je puno kada zna\u0161 da su ti otvorena vrata ustanove u kojoj si zaradio penziju. Radila sam 42 godine u \u2018Kozarskom vjesniku\u2019 i ostavila tu najljep\u0161e godine. Nakon svega, osje\u0107am mje\u0161avinu ponosa, sre\u0107e, zadovoljstva i uzbu\u0111enja. Jutros sam sa Sa\u0161om ponovo bila u studiju radija i osje\u0107am da zaista svako treba da radi posao koji voli, jer samo tako \u010dovjek mo\u017ee biti sre\u0107an\u201d, poru\u010duje Re\u010devi\u0107eva.<\/p>\n<p>Voditelj Radio Prijedora Sa\u0161a Goronja ispratio je stariju i do\u010dekao mla\u0111u generaciju kolega, a ovakva okupljanja, kako ka\u017ee, uvijek podsjete \u010dovjeka na sopstvene po\u010detke.<\/p>\n<p><a href=\"https:\/\/www.prijedordanas.com\/wp-content\/uploads\/2024\/06\/kozarski-rodjendan-torta.jpg\"><img loading=\"lazy\" decoding=\"async\" src=\"https:\/\/www.prijedordanas.com\/wp-content\/uploads\/2024\/06\/kozarski-rodjendan-torta-300x225.jpg\" alt=\"\" width=\"300\" height=\"225\" class=\"alignleft size-medium wp-image-227794\" srcset=\"https:\/\/www.prijedordanas.com\/wp-content\/uploads\/2024\/06\/kozarski-rodjendan-torta-300x225.jpg 300w, https:\/\/www.prijedordanas.com\/wp-content\/uploads\/2024\/06\/kozarski-rodjendan-torta-640x480.jpg 640w, https:\/\/www.prijedordanas.com\/wp-content\/uploads\/2024\/06\/kozarski-rodjendan-torta.jpg 667w\" sizes=\"(max-width: 300px) 100vw, 300px\" \/><\/a>\u201cJa sam u ovoj ku\u0107i nepunih 30 godina, a kako je imati 55 godina, vrlo dobro znam, jer je Radio Prijedor od mene stariji svega 12 dana. Radio je jedna velika ljubav, bar moje kolege i ja tako osje\u0107amo. Sve na\u0161e kolege ostavile su dubok trag u ovoj medijskoj ku\u0107i. Svi oni koji su imali ljubav prema ovom poslu, ostali su vjerni i nakon radnog vijeka. Raditi na radiju je dosta stresno, odgovorno, ali i zabavno, tako da, kada idem na posao, ne mogu re\u0107i da idem da radim u smislu te\u0161kog i komplikovanog  rada, ve\u0107 vi\u0161e svoj posao do\u017eivljavam opu\u0161taju\u0107i. To je na\u010din kako ja \u017eelim da provedem radno vrijeme, a \u017eelim da isto osjete i slu\u0161aoci\u201d, rekao je Goronja.<\/p>\n<p>Sve je krenulo te 1969. godine, kada je osnovan Radio Prijedor i IPC \u201eKozarski vjesnik\u201c. Program Radija emituje se svakodnevno na frekvenciji 97.90 FM. Na\u0161a programska \u0161ema bazirana je na vlastitoj produkciji i u skladu je sa standardima RAK-a i \u017eeljama slu\u0161alaca, \u0161to nas svrstava u najslu\u0161anije radio stanice prijedorske regije. Prvi broj lista \u201eKozarski vjesnik\u201c \u0161tampan je 1975. godine i od tada se neprekidno, svakog petka, pojavljuje na kioscima. Vi\u0161edecenijska tradicija \u201eKozarskog vjesnika\u201c i pisanog novinarstva u Prijedoru je, me\u0111utim, znatno du\u017ea, jer nas vra\u0107a u prolje\u0107e 1942. godine, kada se na Kozari, u izdanju Partizanskog obavje\u0161tajnog biroa Drugog kraji\u0161kog odreda \u201eMladen Stojanovi\u0107\u201c, pojavio prvi broj \u201eKozarskog partizanskog vjesnika\u201c i po tome je \u201eKozarski vjesnik\u201c najstarija novina u Bosni i Hercegovini. Kao takva, starija je od \u201eGlasa\u201c i \u201eOslobo\u0111enja\u201c, koji su \u0161tampani godinu dana kasnije.<\/p>\n<p>\u201cDanas obilje\u017eavamo na\u0161 uspjeh, a to je 55 godina trajanja i neprekidnog rada. Trajati je danas najte\u017ee. Uprkos brojnim te\u0161ko\u0107ama i velikoj konkurenciji, \u2018Kozarski vjesnik\u2019, sa svoja \u010detiri medija, razvio se u zna\u010dajnu medijsku ku\u0107u na podru\u010dju prijedorske regije. To svakako ne bi bilo mogu\u0107e bez osniva\u010da, tada op\u0161tine Prijedor, danas Grada Prijedora, koji i te kako prepoznaju ulogu i zna\u010daj lokalnog medija. Ponosni smo i na priznanje \u2018Orden Njego\u0161a 3. reda\u2019 koje nam je dodijelio predsjednik RS Milorad Dodik povodom Dana Republike Srpske. To je dokaz da se na\u0161 rad prati, cijeni i vrednuje. Tokom svih ovih godina, bili smo servis gra\u0111ana i ovaj jubilej je prilika da se podsjetimo i zahvalimo na\u0161im penzionerima, nekada\u0161njim radnicima \u2018Kozarskog vjesnika\u2019, jer su i oni doprinijeli dugogodi\u0161njem postojanju na\u0161eg medija\u201d, navela je Tanja Mandi\u0107, vr\u0161ilac du\u017enosti glavnog i odgovornog urednika IPC-a \u201cKozarski vjesnik\u201d.<\/p>\n<p>TV Prijedor je sa radom po\u010deo prije 24 godine i televizijskim signalom pokrivena je teritorija grada. Na\u0161a medijska ku\u0107a od 2013. godine ima i portal putem kojeg plasira sve va\u017ene vijesti i informacije iz Prijedora i RS.<\/p>\n<p>\u201cPovodom dana IPC-a \u2018Kozarski vjesnik\u2019, svim zaposlenima \u010destitam dan na\u0161e medijske ku\u0107e. Protekla godina bila je izuzetno zahtjevna, sa brojnim izazovima koji su bili pred nama. Zalaganjem svih zaposlenih i uz veliku pomo\u0107 Gradske uprave, kojima se ovom prilikom zahvaljujem, uspjeli smo sanirati zna\u010dajan dio dugovanja. U narednom periodu o\u010dekujemo stabilizaciju poslovanja i uz predan rad vjerujem da \u0107emo prevazi\u0107i sve probleme\u201d, rekao je Goran Vuj\u010di\u0107, vr\u0161ilac du\u017enosti direktora IPC-a \u201cKozarski vjesnik\u201d.<\/p>\n<p>Mnogobrojne \u010destitke stigle su danas na adresu IPC-a \u201cKozarski vjesnik\u201d, me\u0111u kojima se na\u0161la i \u010destitka gradona\u010delnika Prijedora Slobodana Javora.<br \/>\n\u201cPovodom 55. ro\u0111endana Radio Prijedora, koji je radom kako novinara, tako i svih zaposlenih decenijama sticao ugled i povjerenje slu\u0161alaca zahvaljuju\u0107i nezavisnom, objektivnom i pravovremenom izvje\u0161tavanju javnosti o svim najva\u017enijim doga\u0111ajima prvenstveno  u na\u0161em Prijedoru, upu\u0107ujem iskrene \u010destitke. \u017delim da ostanete vjerni svojim slu\u0161aocima, \u0161ire\u0107i kao i dosad u eteru  pozitivnu energiju i da se u godinama koje dolaze, uspje\u0161no suo\u010davate sa profesionalnim izazovima koje donose moderna vremena. Bilo kako da napreduju savremena sredstva komunikacije, radio i \u017eiva rije\u010d koju prenosi ne\u0161to je \u010demu se ljudi uvijek vra\u0107aju i mo\u017eda najvi\u0161e vjeruju. Zato budite dostojni profesije koju obavljate, a budu\u0107i da ujedno obilje\u017eavate i Dan medijske ku\u0107e, IPC \u2018Kozarski vjesnik\u2019 \u017eelim Vam napredak na sva \u010detiri medija na kojima plasirate informacije prema na\u0161im sugra\u0111anima\u201d, navodi se u \u010destitki gradona\u010delnika Prijedora Slobodana Javora.<\/p>\n<p>U IPC-u \u201cKozarski vjesnik\u201d zaposleno je 20 radnika.<\/p>\n<p><strong><a href=\"https:\/\/kozarski.com\/ipc-kozarski-vjesnik-obiljezio-55-godina-rada\/\" rel=\"noopener\" target=\"_blank\">kozarski.com<\/a><\/strong><\/p>\n","protected":false},"excerpt":{"rendered":"<p>Informativno-poslovni centar \u201cKozarski vjesnik\u201d danas obilje\u017eava 55. godi\u0161njicu postojanja. Tim povodom organizovano je dru\u017eenje penzionera, nekada\u0161njih i sada\u0161njih radnika na\u0161e medijske ku\u0107e. Dugogodi\u0161nji spiker Radio Prijedora Jadranka Jaca Re\u010devi\u0107 u [&hellip;]<\/p>\n","protected":false},"author":1,"featured_media":0,"comment_status":"closed","ping_status":"open","sticky":false,"template":"","format":"standard","meta":{"_monsterinsights_skip_tracking":false,"_monsterinsights_sitenote_active":false,"_monsterinsights_sitenote_note":"","_monsterinsights_sitenote_category":0,"footnotes":""},"categories":[8],"tags":[],"yoast_head":"<!-- This site is optimized with the Yoast SEO plugin v21.6 - https:\/\/yoast.com\/wordpress\/plugins\/seo\/ -->\n<title>IPC &quot;Kozarski vjesnik&quot; obilje\u017eio 55 godina rada - PrijedorDanas.com - Prijedorski gradski portal<\/title>\n<meta name=\"robots\" content=\"index, follow, max-snippet:-1, max-image-preview:large, max-video-preview:-1\" \/>\n<link rel=\"canonical\" href=\"https:\/\/www.prijedordanas.com\/?p=227792\" \/>\n<meta property=\"og:locale\" content=\"en_US\" \/>\n<meta property=\"og:type\" content=\"article\" \/>\n<meta property=\"og:title\" content=\"IPC &quot;Kozarski vjesnik&quot; obilje\u017eio 55 godina rada - PrijedorDanas.com - Prijedorski gradski portal\" \/>\n<meta property=\"og:description\" content=\"Informativno-poslovni centar \u201cKozarski vjesnik\u201d danas obilje\u017eava 55. godi\u0161njicu postojanja. Tim povodom organizovano je dru\u017eenje penzionera, nekada\u0161njih i sada\u0161njih radnika na\u0161e medijske ku\u0107e. Dugogodi\u0161nji spiker Radio Prijedora Jadranka Jaca Re\u010devi\u0107 u [&hellip;]\" \/>\n<meta property=\"og:url\" content=\"https:\/\/www.prijedordanas.com\/?p=227792\" \/>\n<meta property=\"og:site_name\" content=\"PrijedorDanas.com - Prijedorski gradski portal\" \/>\n<meta property=\"article:publisher\" content=\"https:\/\/www.facebook.com\/PrijedorDanasCom\/\" \/>\n<meta property=\"article:published_time\" content=\"2024-06-12T17:53:32+00:00\" \/>\n<meta property=\"og:image\" content=\"https:\/\/www.prijedordanas.com\/wp-content\/uploads\/2024\/06\/kozarski-55rodjendan-300x225.jpg\" \/>\n<meta name=\"author\" content=\"admin\" \/>\n<meta name=\"twitter:card\" content=\"summary_large_image\" \/>\n<meta name=\"twitter:label1\" content=\"Written by\" \/>\n\t<meta name=\"twitter:data1\" content=\"admin\" \/>\n<script type=\"application\/ld+json\" class=\"yoast-schema-graph\">{\"@context\":\"https:\/\/schema.org\",\"@graph\":[{\"@type\":\"Article\",\"@id\":\"https:\/\/www.prijedordanas.com\/?p=227792#article\",\"isPartOf\":{\"@id\":\"https:\/\/www.prijedordanas.com\/?p=227792\"},\"author\":{\"name\":\"admin\",\"@id\":\"https:\/\/www.prijedordanas.com\/#\/schema\/person\/4e08ccf29b506ca916ff86d46bb700e6\"},\"headline\":\"IPC &#8220;Kozarski vjesnik&#8221; obilje\u017eio 55 godina rada\",\"datePublished\":\"2024-06-12T17:53:32+00:00\",\"dateModified\":\"2024-06-12T17:53:32+00:00\",\"mainEntityOfPage\":{\"@id\":\"https:\/\/www.prijedordanas.com\/?p=227792\"},\"wordCount\":941,\"publisher\":{\"@id\":\"https:\/\/www.prijedordanas.com\/#organization\"},\"articleSection\":[\"Svakodnevno\"],\"inLanguage\":\"en-US\"},{\"@type\":\"WebPage\",\"@id\":\"https:\/\/www.prijedordanas.com\/?p=227792\",\"url\":\"https:\/\/www.prijedordanas.com\/?p=227792\",\"name\":\"IPC \\\"Kozarski vjesnik\\\" obilje\u017eio 55 godina rada - PrijedorDanas.com - Prijedorski gradski portal\",\"isPartOf\":{\"@id\":\"https:\/\/www.prijedordanas.com\/#website\"},\"datePublished\":\"2024-06-12T17:53:32+00:00\",\"dateModified\":\"2024-06-12T17:53:32+00:00\",\"breadcrumb\":{\"@id\":\"https:\/\/www.prijedordanas.com\/?p=227792#breadcrumb\"},\"inLanguage\":\"en-US\",\"potentialAction\":[{\"@type\":\"ReadAction\",\"target\":[\"https:\/\/www.prijedordanas.com\/?p=227792\"]}]},{\"@type\":\"BreadcrumbList\",\"@id\":\"https:\/\/www.prijedordanas.com\/?p=227792#breadcrumb\",\"itemListElement\":[{\"@type\":\"ListItem\",\"position\":1,\"name\":\"Home\",\"item\":\"https:\/\/www.prijedordanas.com\/\"},{\"@type\":\"ListItem\",\"position\":2,\"name\":\"IPC &#8220;Kozarski vjesnik&#8221; obilje\u017eio 55 godina rada\"}]},{\"@type\":\"WebSite\",\"@id\":\"https:\/\/www.prijedordanas.com\/#website\",\"url\":\"https:\/\/www.prijedordanas.com\/\",\"name\":\"PrijedorDanas.com - Prijedorski gradski portal\",\"description\":\"Portal o doga\u0111anjima u gradu Prijedoru\",\"publisher\":{\"@id\":\"https:\/\/www.prijedordanas.com\/#organization\"},\"potentialAction\":[{\"@type\":\"SearchAction\",\"target\":{\"@type\":\"EntryPoint\",\"urlTemplate\":\"https:\/\/www.prijedordanas.com\/?s={search_term_string}\"},\"query-input\":\"required name=search_term_string\"}],\"inLanguage\":\"en-US\"},{\"@type\":\"Organization\",\"@id\":\"https:\/\/www.prijedordanas.com\/#organization\",\"name\":\"PrijedorDanas.com\",\"url\":\"https:\/\/www.prijedordanas.com\/\",\"logo\":{\"@type\":\"ImageObject\",\"inLanguage\":\"en-US\",\"@id\":\"https:\/\/www.prijedordanas.com\/#\/schema\/logo\/image\/\",\"url\":\"http:\/\/www.prijedordanas.com\/wp-content\/uploads\/2021\/12\/logopng.png\",\"contentUrl\":\"http:\/\/www.prijedordanas.com\/wp-content\/uploads\/2021\/12\/logopng.png\",\"width\":1019,\"height\":776,\"caption\":\"PrijedorDanas.com\"},\"image\":{\"@id\":\"https:\/\/www.prijedordanas.com\/#\/schema\/logo\/image\/\"},\"sameAs\":[\"https:\/\/www.facebook.com\/PrijedorDanasCom\/\"]},{\"@type\":\"Person\",\"@id\":\"https:\/\/www.prijedordanas.com\/#\/schema\/person\/4e08ccf29b506ca916ff86d46bb700e6\",\"name\":\"admin\",\"image\":{\"@type\":\"ImageObject\",\"inLanguage\":\"en-US\",\"@id\":\"https:\/\/www.prijedordanas.com\/#\/schema\/person\/image\/\",\"url\":\"https:\/\/secure.gravatar.com\/avatar\/1d3fc949d550f0b53a5f0d51e06dfd79?s=96&d=mm&r=g\",\"contentUrl\":\"https:\/\/secure.gravatar.com\/avatar\/1d3fc949d550f0b53a5f0d51e06dfd79?s=96&d=mm&r=g\",\"caption\":\"admin\"},\"url\":\"https:\/\/www.prijedordanas.com\/?author=1\"}]}<\/script>\n<!-- \/ Yoast SEO plugin. -->","yoast_head_json":{"title":"IPC \"Kozarski vjesnik\" obilje\u017eio 55 godina rada - PrijedorDanas.com - Prijedorski gradski portal","robots":{"index":"index","follow":"follow","max-snippet":"max-snippet:-1","max-image-preview":"max-image-preview:large","max-video-preview":"max-video-preview:-1"},"canonical":"https:\/\/www.prijedordanas.com\/?p=227792","og_locale":"en_US","og_type":"article","og_title":"IPC \"Kozarski vjesnik\" obilje\u017eio 55 godina rada - PrijedorDanas.com - Prijedorski gradski portal","og_description":"Informativno-poslovni centar \u201cKozarski vjesnik\u201d danas obilje\u017eava 55. godi\u0161njicu postojanja. Tim povodom organizovano je dru\u017eenje penzionera, nekada\u0161njih i sada\u0161njih radnika na\u0161e medijske ku\u0107e. Dugogodi\u0161nji spiker Radio Prijedora Jadranka Jaca Re\u010devi\u0107 u [&hellip;]","og_url":"https:\/\/www.prijedordanas.com\/?p=227792","og_site_name":"PrijedorDanas.com - Prijedorski gradski portal","article_publisher":"https:\/\/www.facebook.com\/PrijedorDanasCom\/","article_published_time":"2024-06-12T17:53:32+00:00","og_image":[{"url":"https:\/\/www.prijedordanas.com\/wp-content\/uploads\/2024\/06\/kozarski-55rodjendan-300x225.jpg"}],"author":"admin","twitter_card":"summary_large_image","twitter_misc":{"Written by":"admin"},"schema":{"@context":"https:\/\/schema.org","@graph":[{"@type":"Article","@id":"https:\/\/www.prijedordanas.com\/?p=227792#article","isPartOf":{"@id":"https:\/\/www.prijedordanas.com\/?p=227792"},"author":{"name":"admin","@id":"https:\/\/www.prijedordanas.com\/#\/schema\/person\/4e08ccf29b506ca916ff86d46bb700e6"},"headline":"IPC &#8220;Kozarski vjesnik&#8221; obilje\u017eio 55 godina rada","datePublished":"2024-06-12T17:53:32+00:00","dateModified":"2024-06-12T17:53:32+00:00","mainEntityOfPage":{"@id":"https:\/\/www.prijedordanas.com\/?p=227792"},"wordCount":941,"publisher":{"@id":"https:\/\/www.prijedordanas.com\/#organization"},"articleSection":["Svakodnevno"],"inLanguage":"en-US"},{"@type":"WebPage","@id":"https:\/\/www.prijedordanas.com\/?p=227792","url":"https:\/\/www.prijedordanas.com\/?p=227792","name":"IPC \"Kozarski vjesnik\" obilje\u017eio 55 godina rada - PrijedorDanas.com - Prijedorski gradski portal","isPartOf":{"@id":"https:\/\/www.prijedordanas.com\/#website"},"datePublished":"2024-06-12T17:53:32+00:00","dateModified":"2024-06-12T17:53:32+00:00","breadcrumb":{"@id":"https:\/\/www.prijedordanas.com\/?p=227792#breadcrumb"},"inLanguage":"en-US","potentialAction":[{"@type":"ReadAction","target":["https:\/\/www.prijedordanas.com\/?p=227792"]}]},{"@type":"BreadcrumbList","@id":"https:\/\/www.prijedordanas.com\/?p=227792#breadcrumb","itemListElement":[{"@type":"ListItem","position":1,"name":"Home","item":"https:\/\/www.prijedordanas.com\/"},{"@type":"ListItem","position":2,"name":"IPC &#8220;Kozarski vjesnik&#8221; obilje\u017eio 55 godina rada"}]},{"@type":"WebSite","@id":"https:\/\/www.prijedordanas.com\/#website","url":"https:\/\/www.prijedordanas.com\/","name":"PrijedorDanas.com - Prijedorski gradski portal","description":"Portal o doga\u0111anjima u gradu Prijedoru","publisher":{"@id":"https:\/\/www.prijedordanas.com\/#organization"},"potentialAction":[{"@type":"SearchAction","target":{"@type":"EntryPoint","urlTemplate":"https:\/\/www.prijedordanas.com\/?s={search_term_string}"},"query-input":"required name=search_term_string"}],"inLanguage":"en-US"},{"@type":"Organization","@id":"https:\/\/www.prijedordanas.com\/#organization","name":"PrijedorDanas.com","url":"https:\/\/www.prijedordanas.com\/","logo":{"@type":"ImageObject","inLanguage":"en-US","@id":"https:\/\/www.prijedordanas.com\/#\/schema\/logo\/image\/","url":"http:\/\/www.prijedordanas.com\/wp-content\/uploads\/2021\/12\/logopng.png","contentUrl":"http:\/\/www.prijedordanas.com\/wp-content\/uploads\/2021\/12\/logopng.png","width":1019,"height":776,"caption":"PrijedorDanas.com"},"image":{"@id":"https:\/\/www.prijedordanas.com\/#\/schema\/logo\/image\/"},"sameAs":["https:\/\/www.facebook.com\/PrijedorDanasCom\/"]},{"@type":"Person","@id":"https:\/\/www.prijedordanas.com\/#\/schema\/person\/4e08ccf29b506ca916ff86d46bb700e6","name":"admin","image":{"@type":"ImageObject","inLanguage":"en-US","@id":"https:\/\/www.prijedordanas.com\/#\/schema\/person\/image\/","url":"https:\/\/secure.gravatar.com\/avatar\/1d3fc949d550f0b53a5f0d51e06dfd79?s=96&d=mm&r=g","contentUrl":"https:\/\/secure.gravatar.com\/avatar\/1d3fc949d550f0b53a5f0d51e06dfd79?s=96&d=mm&r=g","caption":"admin"},"url":"https:\/\/www.prijedordanas.com\/?author=1"}]}},"_links":{"self":[{"href":"https:\/\/www.prijedordanas.com\/index.php?rest_route=\/wp\/v2\/posts\/227792"}],"collection":[{"href":"https:\/\/www.prijedordanas.com\/index.php?rest_route=\/wp\/v2\/posts"}],"about":[{"href":"https:\/\/www.prijedordanas.com\/index.php?rest_route=\/wp\/v2\/types\/post"}],"author":[{"embeddable":true,"href":"https:\/\/www.prijedordanas.com\/index.php?rest_route=\/wp\/v2\/users\/1"}],"replies":[{"embeddable":true,"href":"https:\/\/www.prijedordanas.com\/index.php?rest_route=%2Fwp%2Fv2%2Fcomments&post=227792"}],"version-history":[{"count":1,"href":"https:\/\/www.prijedordanas.com\/index.php?rest_route=\/wp\/v2\/posts\/227792\/revisions"}],"predecessor-version":[{"id":227795,"href":"https:\/\/www.prijedordanas.com\/index.php?rest_route=\/wp\/v2\/posts\/227792\/revisions\/227795"}],"wp:attachment":[{"href":"https:\/\/www.prijedordanas.com\/index.php?rest_route=%2Fwp%2Fv2%2Fmedia&parent=227792"}],"wp:term":[{"taxonomy":"category","embeddable":true,"href":"https:\/\/www.prijedordanas.com\/index.php?rest_route=%2Fwp%2Fv2%2Fcategories&post=227792"},{"taxonomy":"post_tag","embeddable":true,"href":"https:\/\/www.prijedordanas.com\/index.php?rest_route=%2Fwp%2Fv2%2Ftags&post=227792"}],"curies":[{"name":"wp","href":"https:\/\/api.w.org\/{rel}","templated":true}]}}