{"id":227790,"date":"2024-06-12T17:22:40","date_gmt":"2024-06-12T15:22:40","guid":{"rendered":"https:\/\/www.prijedordanas.com\/?p=227790"},"modified":"2024-06-13T08:25:25","modified_gmt":"2024-06-13T06:25:25","slug":"jedan-prijedorcanin-poginuo-a-drugi-povrijeden-u-teskoj-saobracajnoj-nezgodi-foto","status":"publish","type":"post","link":"https:\/\/www.prijedordanas.com\/?p=227790","title":{"rendered":"Jedan Prijedor\u010danin poginuo a drugi povrije\u0111en u te\u0161koj saobra\u0107ajnoj nezgodi &#8211; FOTO"},"content":{"rendered":"<p><a href=\"https:\/\/www.prijedordanas.com\/wp-content\/uploads\/2024\/06\/saobracajka-lamovita-12juni-2.jpg\"><img loading=\"lazy\" decoding=\"async\" class=\"alignleft size-medium wp-image-227781\" src=\"https:\/\/www.prijedordanas.com\/wp-content\/uploads\/2024\/06\/saobracajka-lamovita-12juni-2-300x225.jpg\" alt=\"\" width=\"300\" height=\"225\" srcset=\"https:\/\/www.prijedordanas.com\/wp-content\/uploads\/2024\/06\/saobracajka-lamovita-12juni-2-300x225.jpg 300w, https:\/\/www.prijedordanas.com\/wp-content\/uploads\/2024\/06\/saobracajka-lamovita-12juni-2-640x480.jpg 640w, https:\/\/www.prijedordanas.com\/wp-content\/uploads\/2024\/06\/saobracajka-lamovita-12juni-2.jpg 667w\" sizes=\"(max-width: 300px) 100vw, 300px\" \/><\/a>U te\u0161koj saobra\u0107ajnoj nezgodi koja se ovog popodneva dogodila na magistralnom putu Priejdor-Banjaluka smrtno je stradalo jedno lice, dok je jedno lice povrije\u0111eno.<\/p>\n<p>-Policijskoj upravi Prijedor prijavljeno je da se oko 16:51 \u010dasova dogodila saobra\u0107ajna nezgoda na magistralnom putu Prijedor-Banjaluka u mjestu Omarska. Na licu mjesta do\u0161lo do kontakta izme\u0111u dva vozila. Tom prilikom smrtno je stradao suvoza\u010d jednog vozila, lice E.V. iz Prijedora, dok je voza\u010d iz istog vozila, lice D.R. iz Prijedora povrije\u0111eno i prevezeno je u bolnicu &#8220;Dr Mladen Stojanovi\u0107&#8221; u Prijedoru. Za sada nije poznat stepen njegovih povreda. Drugim vozilom je upravljalo lice M.P. iz Prijedora koje nije povrije\u0111eno &#8211; potvr\u0111eno nam je iz PU Prijedor.<\/p>\n<p><a href=\"https:\/\/www.prijedordanas.com\/wp-content\/uploads\/2024\/06\/saobracajka-lamovita-12juni-4.jpg\"><img loading=\"lazy\" decoding=\"async\" src=\"https:\/\/www.prijedordanas.com\/wp-content\/uploads\/2024\/06\/saobracajka-lamovita-12juni-4-300x225.jpg\" alt=\"\" width=\"300\" height=\"225\" class=\"alignleft size-medium wp-image-227782\" srcset=\"https:\/\/www.prijedordanas.com\/wp-content\/uploads\/2024\/06\/saobracajka-lamovita-12juni-4-300x225.jpg 300w, https:\/\/www.prijedordanas.com\/wp-content\/uploads\/2024\/06\/saobracajka-lamovita-12juni-4-640x480.jpg 640w, https:\/\/www.prijedordanas.com\/wp-content\/uploads\/2024\/06\/saobracajka-lamovita-12juni-4.jpg 667w\" sizes=\"(max-width: 300px) 100vw, 300px\" \/><\/a><strong><a href=\"https:\/\/www.prijedordanas.com\/?p=227778\" target=\"_blank\" rel=\"noopener\">Te\u0161ka saobra\u0107ajka na putu Prijedor-Banjaluka: Auto na krovu, obustavljen saobra\u0107aj \u2013 FOTO<\/a><\/strong><\/p>\n<p>Oni su potvrdili da \u0107e vi\u0161e detalja biti poznato nakon uvi\u0111aja koji obavljaju policijski slu\u017ebenici PS za bezbjednost saobra\u0107aja Prijedor.<\/p>\n<p>Trenutno je obustavljen saobra\u0107aj ovom dionicom puta i koriste se alternativni pravci.<\/p>\n<p>Voza\u010di oprez, prilagodite svoju vo\u017enju uslovima na putu i po\u0161tujte saobra\u0107ajne propise.<\/p>\n<p>Tekst i foto &#8211; Alekandar Drakuli\u0107\/Nijaz Huremovi\u0107 &#8211; <a href=\"https:\/\/www.prijedordanas.com\" target=\"_blank\" rel=\"noopener noreferrer\">www.prijedordanas.com<\/a><\/p>\n<p><a href=\"https:\/\/www.prijedordanas.com\/wp-content\/uploads\/2024\/06\/saobracajka-lamovita-12juni-1.jpg\"><img loading=\"lazy\" decoding=\"async\" src=\"https:\/\/www.prijedordanas.com\/wp-content\/uploads\/2024\/06\/saobracajka-lamovita-12juni-1-300x225.jpg\" alt=\"\" width=\"300\" height=\"225\" class=\"alignleft size-medium wp-image-227779\" srcset=\"https:\/\/www.prijedordanas.com\/wp-content\/uploads\/2024\/06\/saobracajka-lamovita-12juni-1-300x225.jpg 300w, https:\/\/www.prijedordanas.com\/wp-content\/uploads\/2024\/06\/saobracajka-lamovita-12juni-1-640x480.jpg 640w, https:\/\/www.prijedordanas.com\/wp-content\/uploads\/2024\/06\/saobracajka-lamovita-12juni-1.jpg 667w\" sizes=\"(max-width: 300px) 100vw, 300px\" \/><\/a> <a href=\"https:\/\/www.prijedordanas.com\/wp-content\/uploads\/2024\/06\/saobracajka-lamovita-12juni-3.jpg\"><img loading=\"lazy\" decoding=\"async\" src=\"https:\/\/www.prijedordanas.com\/wp-content\/uploads\/2024\/06\/saobracajka-lamovita-12juni-3-300x225.jpg\" alt=\"\" width=\"300\" height=\"225\" class=\"alignleft size-medium wp-image-227780\" srcset=\"https:\/\/www.prijedordanas.com\/wp-content\/uploads\/2024\/06\/saobracajka-lamovita-12juni-3-300x225.jpg 300w, https:\/\/www.prijedordanas.com\/wp-content\/uploads\/2024\/06\/saobracajka-lamovita-12juni-3-640x480.jpg 640w, https:\/\/www.prijedordanas.com\/wp-content\/uploads\/2024\/06\/saobracajka-lamovita-12juni-3.jpg 667w\" sizes=\"(max-width: 300px) 100vw, 300px\" \/><\/a><\/p>\n","protected":false},"excerpt":{"rendered":"<p>U te\u0161koj saobra\u0107ajnoj nezgodi koja se ovog popodneva dogodila na magistralnom putu Priejdor-Banjaluka smrtno je stradalo jedno lice, dok je jedno lice povrije\u0111eno. -Policijskoj upravi Prijedor prijavljeno je da se [&hellip;]<\/p>\n","protected":false},"author":1,"featured_media":0,"comment_status":"closed","ping_status":"open","sticky":false,"template":"","format":"standard","meta":{"_monsterinsights_skip_tracking":false,"_monsterinsights_sitenote_active":false,"_monsterinsights_sitenote_note":"","_monsterinsights_sitenote_category":0,"footnotes":""},"categories":[5],"tags":[],"yoast_head":"<!-- This site is optimized with the Yoast SEO plugin v21.6 - https:\/\/yoast.com\/wordpress\/plugins\/seo\/ -->\n<title>Jedan Prijedor\u010danin poginuo a drugi povrije\u0111en u te\u0161koj saobra\u0107ajnoj nezgodi - FOTO - PrijedorDanas.com - Prijedorski gradski portal<\/title>\n<meta name=\"robots\" content=\"index, follow, max-snippet:-1, max-image-preview:large, max-video-preview:-1\" \/>\n<link rel=\"canonical\" href=\"https:\/\/www.prijedordanas.com\/?p=227790\" \/>\n<meta property=\"og:locale\" content=\"en_US\" \/>\n<meta property=\"og:type\" content=\"article\" \/>\n<meta property=\"og:title\" content=\"Jedan Prijedor\u010danin poginuo a drugi povrije\u0111en u te\u0161koj saobra\u0107ajnoj nezgodi - FOTO - PrijedorDanas.com - Prijedorski gradski portal\" \/>\n<meta property=\"og:description\" content=\"U te\u0161koj saobra\u0107ajnoj nezgodi koja se ovog popodneva dogodila na magistralnom putu Priejdor-Banjaluka smrtno je stradalo jedno lice, dok je jedno lice povrije\u0111eno. -Policijskoj upravi Prijedor prijavljeno je da se [&hellip;]\" \/>\n<meta property=\"og:url\" content=\"https:\/\/www.prijedordanas.com\/?p=227790\" \/>\n<meta property=\"og:site_name\" content=\"PrijedorDanas.com - Prijedorski gradski portal\" \/>\n<meta property=\"article:publisher\" content=\"https:\/\/www.facebook.com\/PrijedorDanasCom\/\" \/>\n<meta property=\"article:published_time\" content=\"2024-06-12T15:22:40+00:00\" \/>\n<meta property=\"article:modified_time\" content=\"2024-06-13T06:25:25+00:00\" \/>\n<meta property=\"og:image\" content=\"https:\/\/www.prijedordanas.com\/wp-content\/uploads\/2024\/06\/saobracajka-lamovita-12juni-2-300x225.jpg\" \/>\n<meta name=\"author\" content=\"admin\" \/>\n<meta name=\"twitter:card\" content=\"summary_large_image\" \/>\n<meta name=\"twitter:label1\" content=\"Written by\" \/>\n\t<meta name=\"twitter:data1\" content=\"admin\" \/>\n\t<meta name=\"twitter:label2\" content=\"Est. reading time\" \/>\n\t<meta name=\"twitter:data2\" content=\"2 minutes\" \/>\n<script type=\"application\/ld+json\" class=\"yoast-schema-graph\">{\"@context\":\"https:\/\/schema.org\",\"@graph\":[{\"@type\":\"Article\",\"@id\":\"https:\/\/www.prijedordanas.com\/?p=227790#article\",\"isPartOf\":{\"@id\":\"https:\/\/www.prijedordanas.com\/?p=227790\"},\"author\":{\"name\":\"admin\",\"@id\":\"https:\/\/www.prijedordanas.com\/#\/schema\/person\/4e08ccf29b506ca916ff86d46bb700e6\"},\"headline\":\"Jedan Prijedor\u010danin poginuo a drugi povrije\u0111en u te\u0161koj saobra\u0107ajnoj nezgodi &#8211; FOTO\",\"datePublished\":\"2024-06-12T15:22:40+00:00\",\"dateModified\":\"2024-06-13T06:25:25+00:00\",\"mainEntityOfPage\":{\"@id\":\"https:\/\/www.prijedordanas.com\/?p=227790\"},\"wordCount\":216,\"publisher\":{\"@id\":\"https:\/\/www.prijedordanas.com\/#organization\"},\"articleSection\":[\"Hronika\"],\"inLanguage\":\"en-US\"},{\"@type\":\"WebPage\",\"@id\":\"https:\/\/www.prijedordanas.com\/?p=227790\",\"url\":\"https:\/\/www.prijedordanas.com\/?p=227790\",\"name\":\"Jedan Prijedor\u010danin poginuo a drugi povrije\u0111en u te\u0161koj saobra\u0107ajnoj nezgodi - FOTO - PrijedorDanas.com - Prijedorski gradski portal\",\"isPartOf\":{\"@id\":\"https:\/\/www.prijedordanas.com\/#website\"},\"datePublished\":\"2024-06-12T15:22:40+00:00\",\"dateModified\":\"2024-06-13T06:25:25+00:00\",\"breadcrumb\":{\"@id\":\"https:\/\/www.prijedordanas.com\/?p=227790#breadcrumb\"},\"inLanguage\":\"en-US\",\"potentialAction\":[{\"@type\":\"ReadAction\",\"target\":[\"https:\/\/www.prijedordanas.com\/?p=227790\"]}]},{\"@type\":\"BreadcrumbList\",\"@id\":\"https:\/\/www.prijedordanas.com\/?p=227790#breadcrumb\",\"itemListElement\":[{\"@type\":\"ListItem\",\"position\":1,\"name\":\"Home\",\"item\":\"https:\/\/www.prijedordanas.com\/\"},{\"@type\":\"ListItem\",\"position\":2,\"name\":\"Jedan Prijedor\u010danin poginuo a drugi povrije\u0111en u te\u0161koj saobra\u0107ajnoj nezgodi &#8211; FOTO\"}]},{\"@type\":\"WebSite\",\"@id\":\"https:\/\/www.prijedordanas.com\/#website\",\"url\":\"https:\/\/www.prijedordanas.com\/\",\"name\":\"PrijedorDanas.com - Prijedorski gradski portal\",\"description\":\"Portal o doga\u0111anjima u gradu Prijedoru\",\"publisher\":{\"@id\":\"https:\/\/www.prijedordanas.com\/#organization\"},\"potentialAction\":[{\"@type\":\"SearchAction\",\"target\":{\"@type\":\"EntryPoint\",\"urlTemplate\":\"https:\/\/www.prijedordanas.com\/?s={search_term_string}\"},\"query-input\":\"required name=search_term_string\"}],\"inLanguage\":\"en-US\"},{\"@type\":\"Organization\",\"@id\":\"https:\/\/www.prijedordanas.com\/#organization\",\"name\":\"PrijedorDanas.com\",\"url\":\"https:\/\/www.prijedordanas.com\/\",\"logo\":{\"@type\":\"ImageObject\",\"inLanguage\":\"en-US\",\"@id\":\"https:\/\/www.prijedordanas.com\/#\/schema\/logo\/image\/\",\"url\":\"http:\/\/www.prijedordanas.com\/wp-content\/uploads\/2021\/12\/logopng.png\",\"contentUrl\":\"http:\/\/www.prijedordanas.com\/wp-content\/uploads\/2021\/12\/logopng.png\",\"width\":1019,\"height\":776,\"caption\":\"PrijedorDanas.com\"},\"image\":{\"@id\":\"https:\/\/www.prijedordanas.com\/#\/schema\/logo\/image\/\"},\"sameAs\":[\"https:\/\/www.facebook.com\/PrijedorDanasCom\/\"]},{\"@type\":\"Person\",\"@id\":\"https:\/\/www.prijedordanas.com\/#\/schema\/person\/4e08ccf29b506ca916ff86d46bb700e6\",\"name\":\"admin\",\"image\":{\"@type\":\"ImageObject\",\"inLanguage\":\"en-US\",\"@id\":\"https:\/\/www.prijedordanas.com\/#\/schema\/person\/image\/\",\"url\":\"https:\/\/secure.gravatar.com\/avatar\/1d3fc949d550f0b53a5f0d51e06dfd79?s=96&d=mm&r=g\",\"contentUrl\":\"https:\/\/secure.gravatar.com\/avatar\/1d3fc949d550f0b53a5f0d51e06dfd79?s=96&d=mm&r=g\",\"caption\":\"admin\"},\"url\":\"https:\/\/www.prijedordanas.com\/?author=1\"}]}<\/script>\n<!-- \/ Yoast SEO plugin. -->","yoast_head_json":{"title":"Jedan Prijedor\u010danin poginuo a drugi povrije\u0111en u te\u0161koj saobra\u0107ajnoj nezgodi - FOTO - PrijedorDanas.com - Prijedorski gradski portal","robots":{"index":"index","follow":"follow","max-snippet":"max-snippet:-1","max-image-preview":"max-image-preview:large","max-video-preview":"max-video-preview:-1"},"canonical":"https:\/\/www.prijedordanas.com\/?p=227790","og_locale":"en_US","og_type":"article","og_title":"Jedan Prijedor\u010danin poginuo a drugi povrije\u0111en u te\u0161koj saobra\u0107ajnoj nezgodi - FOTO - PrijedorDanas.com - Prijedorski gradski portal","og_description":"U te\u0161koj saobra\u0107ajnoj nezgodi koja se ovog popodneva dogodila na magistralnom putu Priejdor-Banjaluka smrtno je stradalo jedno lice, dok je jedno lice povrije\u0111eno. -Policijskoj upravi Prijedor prijavljeno je da se [&hellip;]","og_url":"https:\/\/www.prijedordanas.com\/?p=227790","og_site_name":"PrijedorDanas.com - Prijedorski gradski portal","article_publisher":"https:\/\/www.facebook.com\/PrijedorDanasCom\/","article_published_time":"2024-06-12T15:22:40+00:00","article_modified_time":"2024-06-13T06:25:25+00:00","og_image":[{"url":"https:\/\/www.prijedordanas.com\/wp-content\/uploads\/2024\/06\/saobracajka-lamovita-12juni-2-300x225.jpg"}],"author":"admin","twitter_card":"summary_large_image","twitter_misc":{"Written by":"admin","Est. reading time":"2 minutes"},"schema":{"@context":"https:\/\/schema.org","@graph":[{"@type":"Article","@id":"https:\/\/www.prijedordanas.com\/?p=227790#article","isPartOf":{"@id":"https:\/\/www.prijedordanas.com\/?p=227790"},"author":{"name":"admin","@id":"https:\/\/www.prijedordanas.com\/#\/schema\/person\/4e08ccf29b506ca916ff86d46bb700e6"},"headline":"Jedan Prijedor\u010danin poginuo a drugi povrije\u0111en u te\u0161koj saobra\u0107ajnoj nezgodi &#8211; FOTO","datePublished":"2024-06-12T15:22:40+00:00","dateModified":"2024-06-13T06:25:25+00:00","mainEntityOfPage":{"@id":"https:\/\/www.prijedordanas.com\/?p=227790"},"wordCount":216,"publisher":{"@id":"https:\/\/www.prijedordanas.com\/#organization"},"articleSection":["Hronika"],"inLanguage":"en-US"},{"@type":"WebPage","@id":"https:\/\/www.prijedordanas.com\/?p=227790","url":"https:\/\/www.prijedordanas.com\/?p=227790","name":"Jedan Prijedor\u010danin poginuo a drugi povrije\u0111en u te\u0161koj saobra\u0107ajnoj nezgodi - FOTO - PrijedorDanas.com - Prijedorski gradski portal","isPartOf":{"@id":"https:\/\/www.prijedordanas.com\/#website"},"datePublished":"2024-06-12T15:22:40+00:00","dateModified":"2024-06-13T06:25:25+00:00","breadcrumb":{"@id":"https:\/\/www.prijedordanas.com\/?p=227790#breadcrumb"},"inLanguage":"en-US","potentialAction":[{"@type":"ReadAction","target":["https:\/\/www.prijedordanas.com\/?p=227790"]}]},{"@type":"BreadcrumbList","@id":"https:\/\/www.prijedordanas.com\/?p=227790#breadcrumb","itemListElement":[{"@type":"ListItem","position":1,"name":"Home","item":"https:\/\/www.prijedordanas.com\/"},{"@type":"ListItem","position":2,"name":"Jedan Prijedor\u010danin poginuo a drugi povrije\u0111en u te\u0161koj saobra\u0107ajnoj nezgodi &#8211; FOTO"}]},{"@type":"WebSite","@id":"https:\/\/www.prijedordanas.com\/#website","url":"https:\/\/www.prijedordanas.com\/","name":"PrijedorDanas.com - Prijedorski gradski portal","description":"Portal o doga\u0111anjima u gradu Prijedoru","publisher":{"@id":"https:\/\/www.prijedordanas.com\/#organization"},"potentialAction":[{"@type":"SearchAction","target":{"@type":"EntryPoint","urlTemplate":"https:\/\/www.prijedordanas.com\/?s={search_term_string}"},"query-input":"required name=search_term_string"}],"inLanguage":"en-US"},{"@type":"Organization","@id":"https:\/\/www.prijedordanas.com\/#organization","name":"PrijedorDanas.com","url":"https:\/\/www.prijedordanas.com\/","logo":{"@type":"ImageObject","inLanguage":"en-US","@id":"https:\/\/www.prijedordanas.com\/#\/schema\/logo\/image\/","url":"http:\/\/www.prijedordanas.com\/wp-content\/uploads\/2021\/12\/logopng.png","contentUrl":"http:\/\/www.prijedordanas.com\/wp-content\/uploads\/2021\/12\/logopng.png","width":1019,"height":776,"caption":"PrijedorDanas.com"},"image":{"@id":"https:\/\/www.prijedordanas.com\/#\/schema\/logo\/image\/"},"sameAs":["https:\/\/www.facebook.com\/PrijedorDanasCom\/"]},{"@type":"Person","@id":"https:\/\/www.prijedordanas.com\/#\/schema\/person\/4e08ccf29b506ca916ff86d46bb700e6","name":"admin","image":{"@type":"ImageObject","inLanguage":"en-US","@id":"https:\/\/www.prijedordanas.com\/#\/schema\/person\/image\/","url":"https:\/\/secure.gravatar.com\/avatar\/1d3fc949d550f0b53a5f0d51e06dfd79?s=96&d=mm&r=g","contentUrl":"https:\/\/secure.gravatar.com\/avatar\/1d3fc949d550f0b53a5f0d51e06dfd79?s=96&d=mm&r=g","caption":"admin"},"url":"https:\/\/www.prijedordanas.com\/?author=1"}]}},"_links":{"self":[{"href":"https:\/\/www.prijedordanas.com\/index.php?rest_route=\/wp\/v2\/posts\/227790"}],"collection":[{"href":"https:\/\/www.prijedordanas.com\/index.php?rest_route=\/wp\/v2\/posts"}],"about":[{"href":"https:\/\/www.prijedordanas.com\/index.php?rest_route=\/wp\/v2\/types\/post"}],"author":[{"embeddable":true,"href":"https:\/\/www.prijedordanas.com\/index.php?rest_route=\/wp\/v2\/users\/1"}],"replies":[{"embeddable":true,"href":"https:\/\/www.prijedordanas.com\/index.php?rest_route=%2Fwp%2Fv2%2Fcomments&post=227790"}],"version-history":[{"count":2,"href":"https:\/\/www.prijedordanas.com\/index.php?rest_route=\/wp\/v2\/posts\/227790\/revisions"}],"predecessor-version":[{"id":227818,"href":"https:\/\/www.prijedordanas.com\/index.php?rest_route=\/wp\/v2\/posts\/227790\/revisions\/227818"}],"wp:attachment":[{"href":"https:\/\/www.prijedordanas.com\/index.php?rest_route=%2Fwp%2Fv2%2Fmedia&parent=227790"}],"wp:term":[{"taxonomy":"category","embeddable":true,"href":"https:\/\/www.prijedordanas.com\/index.php?rest_route=%2Fwp%2Fv2%2Fcategories&post=227790"},{"taxonomy":"post_tag","embeddable":true,"href":"https:\/\/www.prijedordanas.com\/index.php?rest_route=%2Fwp%2Fv2%2Ftags&post=227790"}],"curies":[{"name":"wp","href":"https:\/\/api.w.org\/{rel}","templated":true}]}}