{"id":227583,"date":"2024-06-07T20:38:38","date_gmt":"2024-06-07T18:38:38","guid":{"rendered":"https:\/\/www.prijedordanas.com\/?p=227583"},"modified":"2024-06-07T20:38:38","modified_gmt":"2024-06-07T18:38:38","slug":"veliki-uspjeh-karatista-prijedorskog-sodana-na-balkanskom-prvenstvu-u-istanbulu-video","status":"publish","type":"post","link":"https:\/\/www.prijedordanas.com\/?p=227583","title":{"rendered":"Veliki uspjeh karatista prijedorskog &#8220;\u0160odana&#8221; na Balkanskom prvenstvu u Istanbulu &#8211; VIDEO"},"content":{"rendered":"<p><a href=\"https:\/\/www.prijedordanas.com\/wp-content\/uploads\/2024\/06\/kozarski-sodan-karatisti-treneri.jpg\"><img loading=\"lazy\" decoding=\"async\" class=\"alignleft size-medium wp-image-227584\" src=\"https:\/\/www.prijedordanas.com\/wp-content\/uploads\/2024\/06\/kozarski-sodan-karatisti-treneri-300x225.jpg\" alt=\"\" width=\"300\" height=\"225\" srcset=\"https:\/\/www.prijedordanas.com\/wp-content\/uploads\/2024\/06\/kozarski-sodan-karatisti-treneri-300x225.jpg 300w, https:\/\/www.prijedordanas.com\/wp-content\/uploads\/2024\/06\/kozarski-sodan-karatisti-treneri-640x480.jpg 640w, https:\/\/www.prijedordanas.com\/wp-content\/uploads\/2024\/06\/kozarski-sodan-karatisti-treneri.jpg 667w\" sizes=\"(max-width: 300px) 100vw, 300px\" \/><\/a>Andrej \u0160kori\u0107, karatista prijedorskog \u201e\u0160odana\u201c i reprezentativac BiH, osvojio je srebrnu medalju na Balkanskom prvenstvu u Istanbulu.<\/p>\n<p>Bio je ovo \u0160kori\u0107ev prvi me\u0111unarodni nastup.<\/p>\n<p>\u201eTreniram ve\u0107 tri godine. Ove godine uspio sam se plasirati na Balkansko prvenstvo u Istanbulu, gdje sam osvojio srebro. U slede\u0107im godinama \u0107u da treniram jo\u0161 ja\u010de i bolje i ostvarim \u0161to bolje rezultate\u201d, ka\u017ee Andrej.<\/p>\n<p>Du\u0161ko Rajili\u0107, jedan od trenera koji je pripremao takmi\u010dare za Balkansko prvenstvo ka\u017ee, da je Andrej veoma talentovan, uporan i poslu\u0161an mladi sportista, te da je medalja rezultat dobrog i kontinuiranog rada.<\/p>\n<p><a href=\"https:\/\/www.prijedordanas.com\/wp-content\/uploads\/2024\/06\/kozarski-andrej-skoric.jpg\"><img loading=\"lazy\" decoding=\"async\" class=\"alignleft size-medium wp-image-227585\" src=\"https:\/\/www.prijedordanas.com\/wp-content\/uploads\/2024\/06\/kozarski-andrej-skoric-300x169.jpg\" alt=\"\" width=\"300\" height=\"169\" srcset=\"https:\/\/www.prijedordanas.com\/wp-content\/uploads\/2024\/06\/kozarski-andrej-skoric-300x169.jpg 300w, https:\/\/www.prijedordanas.com\/wp-content\/uploads\/2024\/06\/kozarski-andrej-skoric.jpg 600w\" sizes=\"(max-width: 300px) 100vw, 300px\" \/><\/a>\u201eVrlo rano je pokazao svoje sportske kvalitete, tako da smo brzo pre\u0161li sa nekog \u0161kolskog na takmi\u010darski rad. Od te tri godine, koliko Andrej trenira, dvije godine treniramo taj takmi\u010darski dio, gdje Andrej radi samo borbe. Pokazao se kao veoma talentovan, uporan i poslu\u0161an mladi karatista. Njegov rad donio je rezultat \u201c, isti\u010de Rajili\u0107.<\/p>\n<p>Trener Zoran Vuki\u0107 ka\u017ee da je ovo bilo najja\u010de Balkansko prvenstvo do sada, jer je nastupilo 1650 takmi\u010dara iz 12 zemalja.<\/p>\n<p><a href=\"https:\/\/www.prijedordanas.com\/wp-content\/uploads\/2024\/06\/sodan-povratak-karatista-sa-prvenstva-balkana.jpg\"><img loading=\"lazy\" decoding=\"async\" src=\"https:\/\/www.prijedordanas.com\/wp-content\/uploads\/2024\/06\/sodan-povratak-karatista-sa-prvenstva-balkana-300x225.jpg\" alt=\"\" width=\"300\" height=\"225\" class=\"alignleft size-medium wp-image-227586\" srcset=\"https:\/\/www.prijedordanas.com\/wp-content\/uploads\/2024\/06\/sodan-povratak-karatista-sa-prvenstva-balkana-300x225.jpg 300w, https:\/\/www.prijedordanas.com\/wp-content\/uploads\/2024\/06\/sodan-povratak-karatista-sa-prvenstva-balkana-640x480.jpg 640w, https:\/\/www.prijedordanas.com\/wp-content\/uploads\/2024\/06\/sodan-povratak-karatista-sa-prvenstva-balkana.jpg 667w\" sizes=\"(max-width: 300px) 100vw, 300px\" \/><\/a>\u201cMorate da znate da na Balkanskom prvenstvu ne mo\u017ee da u\u010destvuje svako. To su sve medalja\u0161i iz tih dr\u017eava i koje su i kvalitetnije i bolje od nas. Mi smo tu napravili ba\u0161 dobar rezultat i mislim da nismo iznevjerili ni na\u0161 grad ni RS\u201d, ka\u017ee Vuki\u0107.<\/p>\n<p>Karatisti Njego\u0161 Buji\u0107 i Milica Bursa\u0107 zauzeli su peta mjesta. Veliki uspjeh mladih karatista je potvrda da \u0107e na njih mo\u0107i da se ra\u010duna i na narednim takmi\u010denjima.<\/p>\n<p>\u201e Osvojili smo srebrnu medalju, imali smo i dva peta mjesta. To su bile borbe za medalju. Mi smo prezadovoljni sa onim \u0161to su na\u0161i karatisti uradili. Pod \u201edirigentskom palicom\u201c na\u0161eg trenera Zorana Vuki\u0107a, oni su pokazali da na njih mo\u017ee da se ra\u010duna. Mi smo to i znali ranije, a sad su samo to potvrdili\u201d, rekao je trener Rajko Vu\u010di\u0107evi\u0107 .<\/p>\n<p>Ovog vikenda karatisti \u201e\u0160odana\u201c u\u010destvova\u0107e na prvenstvo BiH za kadete i juniore U-21 u Derventi i na kojem \u0107e nastupiti \u0161est takmi\u010dara.<\/p>\n<p><strong><a href=\"https:\/\/kozarski.com\/veliki-uspjeh-sodana-na-balkanskom-prvenstvu-u-istanbulu\/\" target=\"_blank\" rel=\"noopener\">kozarski.com<\/a><\/strong><\/p>\n<p><iframe loading=\"lazy\" title=\"USPJEH \u201e\u0160ODANA\u201c  NA BALKANSKOM PRVENSTVU U ISTANBULU\" width=\"500\" height=\"281\" src=\"https:\/\/www.youtube.com\/embed\/trQSN50lr-Y?feature=oembed\" frameborder=\"0\" allow=\"accelerometer; autoplay; clipboard-write; encrypted-media; gyroscope; picture-in-picture; web-share\" referrerpolicy=\"strict-origin-when-cross-origin\" allowfullscreen><\/iframe><\/p>\n","protected":false},"excerpt":{"rendered":"<p>Andrej \u0160kori\u0107, karatista prijedorskog \u201e\u0160odana\u201c i reprezentativac BiH, osvojio je srebrnu medalju na Balkanskom prvenstvu u Istanbulu. Bio je ovo \u0160kori\u0107ev prvi me\u0111unarodni nastup. \u201eTreniram ve\u0107 tri godine. Ove godine [&hellip;]<\/p>\n","protected":false},"author":1,"featured_media":0,"comment_status":"closed","ping_status":"open","sticky":false,"template":"","format":"standard","meta":{"_monsterinsights_skip_tracking":false,"_monsterinsights_sitenote_active":false,"_monsterinsights_sitenote_note":"","_monsterinsights_sitenote_category":0,"footnotes":""},"categories":[7],"tags":[],"yoast_head":"<!-- This site is optimized with the Yoast SEO plugin v21.6 - https:\/\/yoast.com\/wordpress\/plugins\/seo\/ -->\n<title>Veliki uspjeh karatista prijedorskog &quot;\u0160odana&quot; na Balkanskom prvenstvu u Istanbulu - VIDEO - PrijedorDanas.com - Prijedorski gradski portal<\/title>\n<meta name=\"robots\" content=\"index, follow, max-snippet:-1, max-image-preview:large, max-video-preview:-1\" \/>\n<link rel=\"canonical\" href=\"https:\/\/www.prijedordanas.com\/?p=227583\" \/>\n<meta property=\"og:locale\" content=\"en_US\" \/>\n<meta property=\"og:type\" content=\"article\" \/>\n<meta property=\"og:title\" content=\"Veliki uspjeh karatista prijedorskog &quot;\u0160odana&quot; na Balkanskom prvenstvu u Istanbulu - VIDEO - PrijedorDanas.com - Prijedorski gradski portal\" \/>\n<meta property=\"og:description\" content=\"Andrej \u0160kori\u0107, karatista prijedorskog \u201e\u0160odana\u201c i reprezentativac BiH, osvojio je srebrnu medalju na Balkanskom prvenstvu u Istanbulu. Bio je ovo \u0160kori\u0107ev prvi me\u0111unarodni nastup. \u201eTreniram ve\u0107 tri godine. Ove godine [&hellip;]\" \/>\n<meta property=\"og:url\" content=\"https:\/\/www.prijedordanas.com\/?p=227583\" \/>\n<meta property=\"og:site_name\" content=\"PrijedorDanas.com - Prijedorski gradski portal\" \/>\n<meta property=\"article:publisher\" content=\"https:\/\/www.facebook.com\/PrijedorDanasCom\/\" \/>\n<meta property=\"article:published_time\" content=\"2024-06-07T18:38:38+00:00\" \/>\n<meta property=\"og:image\" content=\"https:\/\/www.prijedordanas.com\/wp-content\/uploads\/2024\/06\/kozarski-sodan-karatisti-treneri-300x225.jpg\" \/>\n<meta name=\"author\" content=\"admin\" \/>\n<meta name=\"twitter:card\" content=\"summary_large_image\" \/>\n<meta name=\"twitter:label1\" content=\"Written by\" \/>\n\t<meta name=\"twitter:data1\" content=\"admin\" \/>\n\t<meta name=\"twitter:label2\" content=\"Est. reading time\" \/>\n\t<meta name=\"twitter:data2\" content=\"2 minutes\" \/>\n<script type=\"application\/ld+json\" class=\"yoast-schema-graph\">{\"@context\":\"https:\/\/schema.org\",\"@graph\":[{\"@type\":\"Article\",\"@id\":\"https:\/\/www.prijedordanas.com\/?p=227583#article\",\"isPartOf\":{\"@id\":\"https:\/\/www.prijedordanas.com\/?p=227583\"},\"author\":{\"name\":\"admin\",\"@id\":\"https:\/\/www.prijedordanas.com\/#\/schema\/person\/4e08ccf29b506ca916ff86d46bb700e6\"},\"headline\":\"Veliki uspjeh karatista prijedorskog &#8220;\u0160odana&#8221; na Balkanskom prvenstvu u Istanbulu &#8211; VIDEO\",\"datePublished\":\"2024-06-07T18:38:38+00:00\",\"dateModified\":\"2024-06-07T18:38:38+00:00\",\"mainEntityOfPage\":{\"@id\":\"https:\/\/www.prijedordanas.com\/?p=227583\"},\"wordCount\":380,\"publisher\":{\"@id\":\"https:\/\/www.prijedordanas.com\/#organization\"},\"articleSection\":[\"Sport\"],\"inLanguage\":\"en-US\"},{\"@type\":\"WebPage\",\"@id\":\"https:\/\/www.prijedordanas.com\/?p=227583\",\"url\":\"https:\/\/www.prijedordanas.com\/?p=227583\",\"name\":\"Veliki uspjeh karatista prijedorskog \\\"\u0160odana\\\" na Balkanskom prvenstvu u Istanbulu - VIDEO - PrijedorDanas.com - Prijedorski gradski portal\",\"isPartOf\":{\"@id\":\"https:\/\/www.prijedordanas.com\/#website\"},\"datePublished\":\"2024-06-07T18:38:38+00:00\",\"dateModified\":\"2024-06-07T18:38:38+00:00\",\"breadcrumb\":{\"@id\":\"https:\/\/www.prijedordanas.com\/?p=227583#breadcrumb\"},\"inLanguage\":\"en-US\",\"potentialAction\":[{\"@type\":\"ReadAction\",\"target\":[\"https:\/\/www.prijedordanas.com\/?p=227583\"]}]},{\"@type\":\"BreadcrumbList\",\"@id\":\"https:\/\/www.prijedordanas.com\/?p=227583#breadcrumb\",\"itemListElement\":[{\"@type\":\"ListItem\",\"position\":1,\"name\":\"Home\",\"item\":\"https:\/\/www.prijedordanas.com\/\"},{\"@type\":\"ListItem\",\"position\":2,\"name\":\"Veliki uspjeh karatista prijedorskog &#8220;\u0160odana&#8221; na Balkanskom prvenstvu u Istanbulu &#8211; VIDEO\"}]},{\"@type\":\"WebSite\",\"@id\":\"https:\/\/www.prijedordanas.com\/#website\",\"url\":\"https:\/\/www.prijedordanas.com\/\",\"name\":\"PrijedorDanas.com - Prijedorski gradski portal\",\"description\":\"Portal o doga\u0111anjima u gradu Prijedoru\",\"publisher\":{\"@id\":\"https:\/\/www.prijedordanas.com\/#organization\"},\"potentialAction\":[{\"@type\":\"SearchAction\",\"target\":{\"@type\":\"EntryPoint\",\"urlTemplate\":\"https:\/\/www.prijedordanas.com\/?s={search_term_string}\"},\"query-input\":\"required name=search_term_string\"}],\"inLanguage\":\"en-US\"},{\"@type\":\"Organization\",\"@id\":\"https:\/\/www.prijedordanas.com\/#organization\",\"name\":\"PrijedorDanas.com\",\"url\":\"https:\/\/www.prijedordanas.com\/\",\"logo\":{\"@type\":\"ImageObject\",\"inLanguage\":\"en-US\",\"@id\":\"https:\/\/www.prijedordanas.com\/#\/schema\/logo\/image\/\",\"url\":\"http:\/\/www.prijedordanas.com\/wp-content\/uploads\/2021\/12\/logopng.png\",\"contentUrl\":\"http:\/\/www.prijedordanas.com\/wp-content\/uploads\/2021\/12\/logopng.png\",\"width\":1019,\"height\":776,\"caption\":\"PrijedorDanas.com\"},\"image\":{\"@id\":\"https:\/\/www.prijedordanas.com\/#\/schema\/logo\/image\/\"},\"sameAs\":[\"https:\/\/www.facebook.com\/PrijedorDanasCom\/\"]},{\"@type\":\"Person\",\"@id\":\"https:\/\/www.prijedordanas.com\/#\/schema\/person\/4e08ccf29b506ca916ff86d46bb700e6\",\"name\":\"admin\",\"image\":{\"@type\":\"ImageObject\",\"inLanguage\":\"en-US\",\"@id\":\"https:\/\/www.prijedordanas.com\/#\/schema\/person\/image\/\",\"url\":\"https:\/\/secure.gravatar.com\/avatar\/1d3fc949d550f0b53a5f0d51e06dfd79?s=96&d=mm&r=g\",\"contentUrl\":\"https:\/\/secure.gravatar.com\/avatar\/1d3fc949d550f0b53a5f0d51e06dfd79?s=96&d=mm&r=g\",\"caption\":\"admin\"},\"url\":\"https:\/\/www.prijedordanas.com\/?author=1\"}]}<\/script>\n<!-- \/ Yoast SEO plugin. -->","yoast_head_json":{"title":"Veliki uspjeh karatista prijedorskog \"\u0160odana\" na Balkanskom prvenstvu u Istanbulu - VIDEO - PrijedorDanas.com - Prijedorski gradski portal","robots":{"index":"index","follow":"follow","max-snippet":"max-snippet:-1","max-image-preview":"max-image-preview:large","max-video-preview":"max-video-preview:-1"},"canonical":"https:\/\/www.prijedordanas.com\/?p=227583","og_locale":"en_US","og_type":"article","og_title":"Veliki uspjeh karatista prijedorskog \"\u0160odana\" na Balkanskom prvenstvu u Istanbulu - VIDEO - PrijedorDanas.com - Prijedorski gradski portal","og_description":"Andrej \u0160kori\u0107, karatista prijedorskog \u201e\u0160odana\u201c i reprezentativac BiH, osvojio je srebrnu medalju na Balkanskom prvenstvu u Istanbulu. Bio je ovo \u0160kori\u0107ev prvi me\u0111unarodni nastup. \u201eTreniram ve\u0107 tri godine. Ove godine [&hellip;]","og_url":"https:\/\/www.prijedordanas.com\/?p=227583","og_site_name":"PrijedorDanas.com - Prijedorski gradski portal","article_publisher":"https:\/\/www.facebook.com\/PrijedorDanasCom\/","article_published_time":"2024-06-07T18:38:38+00:00","og_image":[{"url":"https:\/\/www.prijedordanas.com\/wp-content\/uploads\/2024\/06\/kozarski-sodan-karatisti-treneri-300x225.jpg"}],"author":"admin","twitter_card":"summary_large_image","twitter_misc":{"Written by":"admin","Est. reading time":"2 minutes"},"schema":{"@context":"https:\/\/schema.org","@graph":[{"@type":"Article","@id":"https:\/\/www.prijedordanas.com\/?p=227583#article","isPartOf":{"@id":"https:\/\/www.prijedordanas.com\/?p=227583"},"author":{"name":"admin","@id":"https:\/\/www.prijedordanas.com\/#\/schema\/person\/4e08ccf29b506ca916ff86d46bb700e6"},"headline":"Veliki uspjeh karatista prijedorskog &#8220;\u0160odana&#8221; na Balkanskom prvenstvu u Istanbulu &#8211; VIDEO","datePublished":"2024-06-07T18:38:38+00:00","dateModified":"2024-06-07T18:38:38+00:00","mainEntityOfPage":{"@id":"https:\/\/www.prijedordanas.com\/?p=227583"},"wordCount":380,"publisher":{"@id":"https:\/\/www.prijedordanas.com\/#organization"},"articleSection":["Sport"],"inLanguage":"en-US"},{"@type":"WebPage","@id":"https:\/\/www.prijedordanas.com\/?p=227583","url":"https:\/\/www.prijedordanas.com\/?p=227583","name":"Veliki uspjeh karatista prijedorskog \"\u0160odana\" na Balkanskom prvenstvu u Istanbulu - VIDEO - PrijedorDanas.com - Prijedorski gradski portal","isPartOf":{"@id":"https:\/\/www.prijedordanas.com\/#website"},"datePublished":"2024-06-07T18:38:38+00:00","dateModified":"2024-06-07T18:38:38+00:00","breadcrumb":{"@id":"https:\/\/www.prijedordanas.com\/?p=227583#breadcrumb"},"inLanguage":"en-US","potentialAction":[{"@type":"ReadAction","target":["https:\/\/www.prijedordanas.com\/?p=227583"]}]},{"@type":"BreadcrumbList","@id":"https:\/\/www.prijedordanas.com\/?p=227583#breadcrumb","itemListElement":[{"@type":"ListItem","position":1,"name":"Home","item":"https:\/\/www.prijedordanas.com\/"},{"@type":"ListItem","position":2,"name":"Veliki uspjeh karatista prijedorskog &#8220;\u0160odana&#8221; na Balkanskom prvenstvu u Istanbulu &#8211; VIDEO"}]},{"@type":"WebSite","@id":"https:\/\/www.prijedordanas.com\/#website","url":"https:\/\/www.prijedordanas.com\/","name":"PrijedorDanas.com - Prijedorski gradski portal","description":"Portal o doga\u0111anjima u gradu Prijedoru","publisher":{"@id":"https:\/\/www.prijedordanas.com\/#organization"},"potentialAction":[{"@type":"SearchAction","target":{"@type":"EntryPoint","urlTemplate":"https:\/\/www.prijedordanas.com\/?s={search_term_string}"},"query-input":"required name=search_term_string"}],"inLanguage":"en-US"},{"@type":"Organization","@id":"https:\/\/www.prijedordanas.com\/#organization","name":"PrijedorDanas.com","url":"https:\/\/www.prijedordanas.com\/","logo":{"@type":"ImageObject","inLanguage":"en-US","@id":"https:\/\/www.prijedordanas.com\/#\/schema\/logo\/image\/","url":"http:\/\/www.prijedordanas.com\/wp-content\/uploads\/2021\/12\/logopng.png","contentUrl":"http:\/\/www.prijedordanas.com\/wp-content\/uploads\/2021\/12\/logopng.png","width":1019,"height":776,"caption":"PrijedorDanas.com"},"image":{"@id":"https:\/\/www.prijedordanas.com\/#\/schema\/logo\/image\/"},"sameAs":["https:\/\/www.facebook.com\/PrijedorDanasCom\/"]},{"@type":"Person","@id":"https:\/\/www.prijedordanas.com\/#\/schema\/person\/4e08ccf29b506ca916ff86d46bb700e6","name":"admin","image":{"@type":"ImageObject","inLanguage":"en-US","@id":"https:\/\/www.prijedordanas.com\/#\/schema\/person\/image\/","url":"https:\/\/secure.gravatar.com\/avatar\/1d3fc949d550f0b53a5f0d51e06dfd79?s=96&d=mm&r=g","contentUrl":"https:\/\/secure.gravatar.com\/avatar\/1d3fc949d550f0b53a5f0d51e06dfd79?s=96&d=mm&r=g","caption":"admin"},"url":"https:\/\/www.prijedordanas.com\/?author=1"}]}},"_links":{"self":[{"href":"https:\/\/www.prijedordanas.com\/index.php?rest_route=\/wp\/v2\/posts\/227583"}],"collection":[{"href":"https:\/\/www.prijedordanas.com\/index.php?rest_route=\/wp\/v2\/posts"}],"about":[{"href":"https:\/\/www.prijedordanas.com\/index.php?rest_route=\/wp\/v2\/types\/post"}],"author":[{"embeddable":true,"href":"https:\/\/www.prijedordanas.com\/index.php?rest_route=\/wp\/v2\/users\/1"}],"replies":[{"embeddable":true,"href":"https:\/\/www.prijedordanas.com\/index.php?rest_route=%2Fwp%2Fv2%2Fcomments&post=227583"}],"version-history":[{"count":1,"href":"https:\/\/www.prijedordanas.com\/index.php?rest_route=\/wp\/v2\/posts\/227583\/revisions"}],"predecessor-version":[{"id":227587,"href":"https:\/\/www.prijedordanas.com\/index.php?rest_route=\/wp\/v2\/posts\/227583\/revisions\/227587"}],"wp:attachment":[{"href":"https:\/\/www.prijedordanas.com\/index.php?rest_route=%2Fwp%2Fv2%2Fmedia&parent=227583"}],"wp:term":[{"taxonomy":"category","embeddable":true,"href":"https:\/\/www.prijedordanas.com\/index.php?rest_route=%2Fwp%2Fv2%2Fcategories&post=227583"},{"taxonomy":"post_tag","embeddable":true,"href":"https:\/\/www.prijedordanas.com\/index.php?rest_route=%2Fwp%2Fv2%2Ftags&post=227583"}],"curies":[{"name":"wp","href":"https:\/\/api.w.org\/{rel}","templated":true}]}}