{"id":227388,"date":"2024-06-04T11:19:21","date_gmt":"2024-06-04T09:19:21","guid":{"rendered":"https:\/\/www.prijedordanas.com\/?p=227388"},"modified":"2024-06-04T11:19:21","modified_gmt":"2024-06-04T09:19:21","slug":"projekat-rekonstrukcije-prijedorske-bolnice-dr-mladen-stojanovic-u-julu-pred-ministarstvom-zdravlja","status":"publish","type":"post","link":"https:\/\/www.prijedordanas.com\/?p=227388","title":{"rendered":"Projekat rekonstrukcije prijedorske Bolnice \u201cDr Mladen Stojanovi\u0107\u201d u julu pred Ministarstvom zdravlja"},"content":{"rendered":"<p><a href=\"https:\/\/www.prijedordanas.com\/wp-content\/uploads\/2023\/06\/rtrs-bolnica-prijedor-iz-vazduha-juni2023.jpg\"><img loading=\"lazy\" decoding=\"async\" class=\"alignleft size-medium wp-image-207221\" src=\"https:\/\/www.prijedordanas.com\/wp-content\/uploads\/2023\/06\/rtrs-bolnica-prijedor-iz-vazduha-juni2023-300x225.jpg\" alt=\"\" width=\"300\" height=\"225\" srcset=\"https:\/\/www.prijedordanas.com\/wp-content\/uploads\/2023\/06\/rtrs-bolnica-prijedor-iz-vazduha-juni2023-300x225.jpg 300w, https:\/\/www.prijedordanas.com\/wp-content\/uploads\/2023\/06\/rtrs-bolnica-prijedor-iz-vazduha-juni2023-640x480.jpg 640w, https:\/\/www.prijedordanas.com\/wp-content\/uploads\/2023\/06\/rtrs-bolnica-prijedor-iz-vazduha-juni2023.jpg 666w\" sizes=\"(max-width: 300px) 100vw, 300px\" \/><\/a>Projekat rekonstrukcije prijedorske Bolnice &#8220;Dr Mladen Stojanovi\u0107&#8221; idu\u0107eg mjeseca trebalo bi da se na\u0111e pred Ministarstvom zdravlja i socijalne za\u0161tite Republike Srpske kako bi ono dalo stru\u010dno mi\u0161ljenje, izjavio je vr\u0161ilac du\u017enosti direktora ove ustanove Miroslav Bijeli\u0107.<\/p>\n<p>On je naveo da je nosilac izrade projekta Zavod za izgradnju grada Prijedor uz anga\u017eman eksternih stru\u010dnjaka za medicinski aspekt.<\/p>\n<p>&#8220;Projekat je u zavr\u0161noj fazi. Ako stru\u010dno mi\u0161ljenje Ministarstva bude pozitivno, nakon toga bi projekat bio upu\u0107en Vladi. Vlada uz saglasnost resornog ministarstva usvaja projekat i pristupa se raspisivanju tendera za rekonstrukciju&#8221;, rekao je Bijeli\u0107 Srni.<\/p>\n<p>On je podsjetio da je krov zgrade najkriti\u010dnija ta\u010dka.<\/p>\n<p>&#8220;O\u010dekujem da \u0107e se krov po\u010deti raditi ve\u0107 u ovoj godini na na\u010din da radovi budu uskla\u0111eni sa glavnim projektom&#8221;, naveo je Bijeli\u0107.<\/p>\n<p><a href=\"https:\/\/www.prijedordanas.com\/wp-content\/uploads\/2024\/04\/bolnica-prijedor-bijelic-1.jpg\"><img loading=\"lazy\" decoding=\"async\" class=\"alignleft size-medium wp-image-224213\" src=\"https:\/\/www.prijedordanas.com\/wp-content\/uploads\/2024\/04\/bolnica-prijedor-bijelic-1-300x225.jpg\" alt=\"\" width=\"300\" height=\"225\" srcset=\"https:\/\/www.prijedordanas.com\/wp-content\/uploads\/2024\/04\/bolnica-prijedor-bijelic-1-300x225.jpg 300w, https:\/\/www.prijedordanas.com\/wp-content\/uploads\/2024\/04\/bolnica-prijedor-bijelic-1-640x480.jpg 640w, https:\/\/www.prijedordanas.com\/wp-content\/uploads\/2024\/04\/bolnica-prijedor-bijelic-1.jpg 667w\" sizes=\"(max-width: 300px) 100vw, 300px\" \/><\/a>On je rekao da je rekonstrukcija zahtjevan posao, mnogo zahtjevniji za funkcionisanje ustanove nego da se gradi novi objekat.<\/p>\n<p>Bijeli\u0107 je podsjetio da je gradnja prijedorske bolnice po\u010dela krajem sedamdestih godina pro\u0161log vijeka.<\/p>\n<p>&#8220;Zub vremena donio je probleme, a, pored dotrajalosti, postoje i nedostaci u infrastrukturi. Sve zahtijeva znatna finansijska sredstva, ali je o iznosima rano govoriti&#8221;, rekao je Bijeli\u0107.<\/p>\n<p>Vlada Republike Srpske imenovala je 11. aprila Bijeli\u0107a za vr\u0161ioca du\u017enosti direktora prijedorske bolnice, a du\u017enost je preuzeo 26. aprila.<\/p>\n<p>SRNA<br \/>\nFoto &#8211; ilustracija<\/p>\n","protected":false},"excerpt":{"rendered":"<p>Projekat rekonstrukcije prijedorske Bolnice &#8220;Dr Mladen Stojanovi\u0107&#8221; idu\u0107eg mjeseca trebalo bi da se na\u0111e pred Ministarstvom zdravlja i socijalne za\u0161tite Republike Srpske kako bi ono dalo stru\u010dno mi\u0161ljenje, izjavio je [&hellip;]<\/p>\n","protected":false},"author":1,"featured_media":0,"comment_status":"closed","ping_status":"open","sticky":false,"template":"","format":"standard","meta":{"_monsterinsights_skip_tracking":false,"_monsterinsights_sitenote_active":false,"_monsterinsights_sitenote_note":"","_monsterinsights_sitenote_category":0,"footnotes":""},"categories":[4],"tags":[],"yoast_head":"<!-- This site is optimized with the Yoast SEO plugin v21.6 - https:\/\/yoast.com\/wordpress\/plugins\/seo\/ -->\n<title>Projekat rekonstrukcije prijedorske Bolnice \u201cDr Mladen Stojanovi\u0107\u201d u julu pred Ministarstvom zdravlja - PrijedorDanas.com - Prijedorski gradski portal<\/title>\n<meta name=\"robots\" content=\"index, follow, max-snippet:-1, max-image-preview:large, max-video-preview:-1\" \/>\n<link rel=\"canonical\" href=\"https:\/\/www.prijedordanas.com\/?p=227388\" \/>\n<meta property=\"og:locale\" content=\"en_US\" \/>\n<meta property=\"og:type\" content=\"article\" \/>\n<meta property=\"og:title\" content=\"Projekat rekonstrukcije prijedorske Bolnice \u201cDr Mladen Stojanovi\u0107\u201d u julu pred Ministarstvom zdravlja - PrijedorDanas.com - Prijedorski gradski portal\" \/>\n<meta property=\"og:description\" content=\"Projekat rekonstrukcije prijedorske Bolnice &#8220;Dr Mladen Stojanovi\u0107&#8221; idu\u0107eg mjeseca trebalo bi da se na\u0111e pred Ministarstvom zdravlja i socijalne za\u0161tite Republike Srpske kako bi ono dalo stru\u010dno mi\u0161ljenje, izjavio je [&hellip;]\" \/>\n<meta property=\"og:url\" content=\"https:\/\/www.prijedordanas.com\/?p=227388\" \/>\n<meta property=\"og:site_name\" content=\"PrijedorDanas.com - Prijedorski gradski portal\" \/>\n<meta property=\"article:publisher\" content=\"https:\/\/www.facebook.com\/PrijedorDanasCom\/\" \/>\n<meta property=\"article:published_time\" content=\"2024-06-04T09:19:21+00:00\" \/>\n<meta property=\"og:image\" content=\"https:\/\/www.prijedordanas.com\/wp-content\/uploads\/2023\/06\/rtrs-bolnica-prijedor-iz-vazduha-juni2023-300x225.jpg\" \/>\n<meta name=\"author\" content=\"admin\" \/>\n<meta name=\"twitter:card\" content=\"summary_large_image\" \/>\n<meta name=\"twitter:label1\" content=\"Written by\" \/>\n\t<meta name=\"twitter:data1\" content=\"admin\" \/>\n<script type=\"application\/ld+json\" class=\"yoast-schema-graph\">{\"@context\":\"https:\/\/schema.org\",\"@graph\":[{\"@type\":\"Article\",\"@id\":\"https:\/\/www.prijedordanas.com\/?p=227388#article\",\"isPartOf\":{\"@id\":\"https:\/\/www.prijedordanas.com\/?p=227388\"},\"author\":{\"name\":\"admin\",\"@id\":\"https:\/\/www.prijedordanas.com\/#\/schema\/person\/4e08ccf29b506ca916ff86d46bb700e6\"},\"headline\":\"Projekat rekonstrukcije prijedorske Bolnice \u201cDr Mladen Stojanovi\u0107\u201d u julu pred Ministarstvom zdravlja\",\"datePublished\":\"2024-06-04T09:19:21+00:00\",\"dateModified\":\"2024-06-04T09:19:21+00:00\",\"mainEntityOfPage\":{\"@id\":\"https:\/\/www.prijedordanas.com\/?p=227388\"},\"wordCount\":244,\"publisher\":{\"@id\":\"https:\/\/www.prijedordanas.com\/#organization\"},\"articleSection\":[\"Dru\u0161tvo\"],\"inLanguage\":\"en-US\"},{\"@type\":\"WebPage\",\"@id\":\"https:\/\/www.prijedordanas.com\/?p=227388\",\"url\":\"https:\/\/www.prijedordanas.com\/?p=227388\",\"name\":\"Projekat rekonstrukcije prijedorske Bolnice \u201cDr Mladen Stojanovi\u0107\u201d u julu pred Ministarstvom zdravlja - PrijedorDanas.com - Prijedorski gradski portal\",\"isPartOf\":{\"@id\":\"https:\/\/www.prijedordanas.com\/#website\"},\"datePublished\":\"2024-06-04T09:19:21+00:00\",\"dateModified\":\"2024-06-04T09:19:21+00:00\",\"breadcrumb\":{\"@id\":\"https:\/\/www.prijedordanas.com\/?p=227388#breadcrumb\"},\"inLanguage\":\"en-US\",\"potentialAction\":[{\"@type\":\"ReadAction\",\"target\":[\"https:\/\/www.prijedordanas.com\/?p=227388\"]}]},{\"@type\":\"BreadcrumbList\",\"@id\":\"https:\/\/www.prijedordanas.com\/?p=227388#breadcrumb\",\"itemListElement\":[{\"@type\":\"ListItem\",\"position\":1,\"name\":\"Home\",\"item\":\"https:\/\/www.prijedordanas.com\/\"},{\"@type\":\"ListItem\",\"position\":2,\"name\":\"Projekat rekonstrukcije prijedorske Bolnice \u201cDr Mladen Stojanovi\u0107\u201d u julu pred Ministarstvom zdravlja\"}]},{\"@type\":\"WebSite\",\"@id\":\"https:\/\/www.prijedordanas.com\/#website\",\"url\":\"https:\/\/www.prijedordanas.com\/\",\"name\":\"PrijedorDanas.com - Prijedorski gradski portal\",\"description\":\"Portal o doga\u0111anjima u gradu Prijedoru\",\"publisher\":{\"@id\":\"https:\/\/www.prijedordanas.com\/#organization\"},\"potentialAction\":[{\"@type\":\"SearchAction\",\"target\":{\"@type\":\"EntryPoint\",\"urlTemplate\":\"https:\/\/www.prijedordanas.com\/?s={search_term_string}\"},\"query-input\":\"required name=search_term_string\"}],\"inLanguage\":\"en-US\"},{\"@type\":\"Organization\",\"@id\":\"https:\/\/www.prijedordanas.com\/#organization\",\"name\":\"PrijedorDanas.com\",\"url\":\"https:\/\/www.prijedordanas.com\/\",\"logo\":{\"@type\":\"ImageObject\",\"inLanguage\":\"en-US\",\"@id\":\"https:\/\/www.prijedordanas.com\/#\/schema\/logo\/image\/\",\"url\":\"http:\/\/www.prijedordanas.com\/wp-content\/uploads\/2021\/12\/logopng.png\",\"contentUrl\":\"http:\/\/www.prijedordanas.com\/wp-content\/uploads\/2021\/12\/logopng.png\",\"width\":1019,\"height\":776,\"caption\":\"PrijedorDanas.com\"},\"image\":{\"@id\":\"https:\/\/www.prijedordanas.com\/#\/schema\/logo\/image\/\"},\"sameAs\":[\"https:\/\/www.facebook.com\/PrijedorDanasCom\/\"]},{\"@type\":\"Person\",\"@id\":\"https:\/\/www.prijedordanas.com\/#\/schema\/person\/4e08ccf29b506ca916ff86d46bb700e6\",\"name\":\"admin\",\"image\":{\"@type\":\"ImageObject\",\"inLanguage\":\"en-US\",\"@id\":\"https:\/\/www.prijedordanas.com\/#\/schema\/person\/image\/\",\"url\":\"https:\/\/secure.gravatar.com\/avatar\/1d3fc949d550f0b53a5f0d51e06dfd79?s=96&d=mm&r=g\",\"contentUrl\":\"https:\/\/secure.gravatar.com\/avatar\/1d3fc949d550f0b53a5f0d51e06dfd79?s=96&d=mm&r=g\",\"caption\":\"admin\"},\"url\":\"https:\/\/www.prijedordanas.com\/?author=1\"}]}<\/script>\n<!-- \/ Yoast SEO plugin. -->","yoast_head_json":{"title":"Projekat rekonstrukcije prijedorske Bolnice \u201cDr Mladen Stojanovi\u0107\u201d u julu pred Ministarstvom zdravlja - PrijedorDanas.com - Prijedorski gradski portal","robots":{"index":"index","follow":"follow","max-snippet":"max-snippet:-1","max-image-preview":"max-image-preview:large","max-video-preview":"max-video-preview:-1"},"canonical":"https:\/\/www.prijedordanas.com\/?p=227388","og_locale":"en_US","og_type":"article","og_title":"Projekat rekonstrukcije prijedorske Bolnice \u201cDr Mladen Stojanovi\u0107\u201d u julu pred Ministarstvom zdravlja - PrijedorDanas.com - Prijedorski gradski portal","og_description":"Projekat rekonstrukcije prijedorske Bolnice &#8220;Dr Mladen Stojanovi\u0107&#8221; idu\u0107eg mjeseca trebalo bi da se na\u0111e pred Ministarstvom zdravlja i socijalne za\u0161tite Republike Srpske kako bi ono dalo stru\u010dno mi\u0161ljenje, izjavio je [&hellip;]","og_url":"https:\/\/www.prijedordanas.com\/?p=227388","og_site_name":"PrijedorDanas.com - Prijedorski gradski portal","article_publisher":"https:\/\/www.facebook.com\/PrijedorDanasCom\/","article_published_time":"2024-06-04T09:19:21+00:00","og_image":[{"url":"https:\/\/www.prijedordanas.com\/wp-content\/uploads\/2023\/06\/rtrs-bolnica-prijedor-iz-vazduha-juni2023-300x225.jpg"}],"author":"admin","twitter_card":"summary_large_image","twitter_misc":{"Written by":"admin"},"schema":{"@context":"https:\/\/schema.org","@graph":[{"@type":"Article","@id":"https:\/\/www.prijedordanas.com\/?p=227388#article","isPartOf":{"@id":"https:\/\/www.prijedordanas.com\/?p=227388"},"author":{"name":"admin","@id":"https:\/\/www.prijedordanas.com\/#\/schema\/person\/4e08ccf29b506ca916ff86d46bb700e6"},"headline":"Projekat rekonstrukcije prijedorske Bolnice \u201cDr Mladen Stojanovi\u0107\u201d u julu pred Ministarstvom zdravlja","datePublished":"2024-06-04T09:19:21+00:00","dateModified":"2024-06-04T09:19:21+00:00","mainEntityOfPage":{"@id":"https:\/\/www.prijedordanas.com\/?p=227388"},"wordCount":244,"publisher":{"@id":"https:\/\/www.prijedordanas.com\/#organization"},"articleSection":["Dru\u0161tvo"],"inLanguage":"en-US"},{"@type":"WebPage","@id":"https:\/\/www.prijedordanas.com\/?p=227388","url":"https:\/\/www.prijedordanas.com\/?p=227388","name":"Projekat rekonstrukcije prijedorske Bolnice \u201cDr Mladen Stojanovi\u0107\u201d u julu pred Ministarstvom zdravlja - PrijedorDanas.com - Prijedorski gradski portal","isPartOf":{"@id":"https:\/\/www.prijedordanas.com\/#website"},"datePublished":"2024-06-04T09:19:21+00:00","dateModified":"2024-06-04T09:19:21+00:00","breadcrumb":{"@id":"https:\/\/www.prijedordanas.com\/?p=227388#breadcrumb"},"inLanguage":"en-US","potentialAction":[{"@type":"ReadAction","target":["https:\/\/www.prijedordanas.com\/?p=227388"]}]},{"@type":"BreadcrumbList","@id":"https:\/\/www.prijedordanas.com\/?p=227388#breadcrumb","itemListElement":[{"@type":"ListItem","position":1,"name":"Home","item":"https:\/\/www.prijedordanas.com\/"},{"@type":"ListItem","position":2,"name":"Projekat rekonstrukcije prijedorske Bolnice \u201cDr Mladen Stojanovi\u0107\u201d u julu pred Ministarstvom zdravlja"}]},{"@type":"WebSite","@id":"https:\/\/www.prijedordanas.com\/#website","url":"https:\/\/www.prijedordanas.com\/","name":"PrijedorDanas.com - Prijedorski gradski portal","description":"Portal o doga\u0111anjima u gradu Prijedoru","publisher":{"@id":"https:\/\/www.prijedordanas.com\/#organization"},"potentialAction":[{"@type":"SearchAction","target":{"@type":"EntryPoint","urlTemplate":"https:\/\/www.prijedordanas.com\/?s={search_term_string}"},"query-input":"required name=search_term_string"}],"inLanguage":"en-US"},{"@type":"Organization","@id":"https:\/\/www.prijedordanas.com\/#organization","name":"PrijedorDanas.com","url":"https:\/\/www.prijedordanas.com\/","logo":{"@type":"ImageObject","inLanguage":"en-US","@id":"https:\/\/www.prijedordanas.com\/#\/schema\/logo\/image\/","url":"http:\/\/www.prijedordanas.com\/wp-content\/uploads\/2021\/12\/logopng.png","contentUrl":"http:\/\/www.prijedordanas.com\/wp-content\/uploads\/2021\/12\/logopng.png","width":1019,"height":776,"caption":"PrijedorDanas.com"},"image":{"@id":"https:\/\/www.prijedordanas.com\/#\/schema\/logo\/image\/"},"sameAs":["https:\/\/www.facebook.com\/PrijedorDanasCom\/"]},{"@type":"Person","@id":"https:\/\/www.prijedordanas.com\/#\/schema\/person\/4e08ccf29b506ca916ff86d46bb700e6","name":"admin","image":{"@type":"ImageObject","inLanguage":"en-US","@id":"https:\/\/www.prijedordanas.com\/#\/schema\/person\/image\/","url":"https:\/\/secure.gravatar.com\/avatar\/1d3fc949d550f0b53a5f0d51e06dfd79?s=96&d=mm&r=g","contentUrl":"https:\/\/secure.gravatar.com\/avatar\/1d3fc949d550f0b53a5f0d51e06dfd79?s=96&d=mm&r=g","caption":"admin"},"url":"https:\/\/www.prijedordanas.com\/?author=1"}]}},"_links":{"self":[{"href":"https:\/\/www.prijedordanas.com\/index.php?rest_route=\/wp\/v2\/posts\/227388"}],"collection":[{"href":"https:\/\/www.prijedordanas.com\/index.php?rest_route=\/wp\/v2\/posts"}],"about":[{"href":"https:\/\/www.prijedordanas.com\/index.php?rest_route=\/wp\/v2\/types\/post"}],"author":[{"embeddable":true,"href":"https:\/\/www.prijedordanas.com\/index.php?rest_route=\/wp\/v2\/users\/1"}],"replies":[{"embeddable":true,"href":"https:\/\/www.prijedordanas.com\/index.php?rest_route=%2Fwp%2Fv2%2Fcomments&post=227388"}],"version-history":[{"count":1,"href":"https:\/\/www.prijedordanas.com\/index.php?rest_route=\/wp\/v2\/posts\/227388\/revisions"}],"predecessor-version":[{"id":227390,"href":"https:\/\/www.prijedordanas.com\/index.php?rest_route=\/wp\/v2\/posts\/227388\/revisions\/227390"}],"wp:attachment":[{"href":"https:\/\/www.prijedordanas.com\/index.php?rest_route=%2Fwp%2Fv2%2Fmedia&parent=227388"}],"wp:term":[{"taxonomy":"category","embeddable":true,"href":"https:\/\/www.prijedordanas.com\/index.php?rest_route=%2Fwp%2Fv2%2Fcategories&post=227388"},{"taxonomy":"post_tag","embeddable":true,"href":"https:\/\/www.prijedordanas.com\/index.php?rest_route=%2Fwp%2Fv2%2Ftags&post=227388"}],"curies":[{"name":"wp","href":"https:\/\/api.w.org\/{rel}","templated":true}]}}