{"id":227301,"date":"2024-06-02T15:44:25","date_gmt":"2024-06-02T13:44:25","guid":{"rendered":"https:\/\/www.prijedordanas.com\/?p=227301"},"modified":"2024-06-02T15:44:25","modified_gmt":"2024-06-02T13:44:25","slug":"u-prijedoru-odrzano-2-kolo-kupa-republike-srpske-u-gimnastici-foto","status":"publish","type":"post","link":"https:\/\/www.prijedordanas.com\/?p=227301","title":{"rendered":"U Prijedoru odr\u017eano 2. kolo Kupa Republike Srpske u gimnastici &#8211; FOTO"},"content":{"rendered":"<p><a href=\"https:\/\/www.prijedordanas.com\/wp-content\/uploads\/2024\/06\/prijedorgradorg-kup-rs-gimnastika-2juni-1.jpg\"><img loading=\"lazy\" decoding=\"async\" class=\"alignleft size-medium wp-image-227302\" src=\"https:\/\/www.prijedordanas.com\/wp-content\/uploads\/2024\/06\/prijedorgradorg-kup-rs-gimnastika-2juni-1-300x225.jpg\" alt=\"\" width=\"300\" height=\"225\" srcset=\"https:\/\/www.prijedordanas.com\/wp-content\/uploads\/2024\/06\/prijedorgradorg-kup-rs-gimnastika-2juni-1-300x225.jpg 300w, https:\/\/www.prijedordanas.com\/wp-content\/uploads\/2024\/06\/prijedorgradorg-kup-rs-gimnastika-2juni-1-640x480.jpg 640w, https:\/\/www.prijedordanas.com\/wp-content\/uploads\/2024\/06\/prijedorgradorg-kup-rs-gimnastika-2juni-1.jpg 667w\" sizes=\"(max-width: 300px) 100vw, 300px\" \/><\/a>U prijedorskoj Dvorani \u201cMladost\u201d odr\u017eano je 2. kolo Kupa Republike Srpske u D programu za gimnasti\u010darke.<\/p>\n<p>Dvorana je bila ispunjena takmi\u010darskim duhom, a svaka medalja donosila je veliku radost.<\/p>\n<p>Me\u0111u uspje\u0161nim takmi\u010darkama bile su i Prijedor\u010danka Anja Joki\u0107 i Banjalu\u010danka Jovana \u010coli\u0107.<\/p>\n<p>Anja ka\u017ee da joj svaka medalja zna\u010di mnogo i da je motivi\u0161e da jo\u0161 vi\u0161e trenira, a Jovana isti\u010de da kad se sprema ima \u017eelju da bude najbolja i da osvoji medalju.<\/p>\n<p>U Gimnasti\u010dkom klubu \u201cSparta\u201d iz Doboja ka\u017eu da je u njihovom gradu ovaj sport dosta razvijen.<\/p>\n<p><a href=\"https:\/\/www.prijedordanas.com\/wp-content\/uploads\/2024\/06\/kozarski-gimnastika-kup-rs-2juni-1.jpg\"><img loading=\"lazy\" decoding=\"async\" class=\"alignleft size-medium wp-image-227303\" src=\"https:\/\/www.prijedordanas.com\/wp-content\/uploads\/2024\/06\/kozarski-gimnastika-kup-rs-2juni-1-300x169.jpg\" alt=\"\" width=\"300\" height=\"169\" srcset=\"https:\/\/www.prijedordanas.com\/wp-content\/uploads\/2024\/06\/kozarski-gimnastika-kup-rs-2juni-1-300x169.jpg 300w, https:\/\/www.prijedordanas.com\/wp-content\/uploads\/2024\/06\/kozarski-gimnastika-kup-rs-2juni-1.jpg 600w\" sizes=\"(max-width: 300px) 100vw, 300px\" \/><\/a>Nagla\u0161avaju da je dobro da se kao bazni sport koristi od najmla\u0111eg uzrasta.<\/p>\n<p>\u201cPreporu\u010dljivo je da se sa gimnastikom krene od malih uzrasta, \u010dak od tre\u0107e godine da se po\u010dne baviti gimnastikom. Kod nas u Doboju gimnastika je na jednom vi\u0161em nivou. Imamo oko 300 gimnasti\u010darki i gimnasti\u010dara, koji se takmi\u010de u dva programa. To je C i D program. Ovo 2. kolo Republike Srpske je u D programu. Ima \u0161est kategorija, a to su: djevoj\u010dice, mla\u0111e kadetkinje, kadetkinje, mla\u0111e juniorke, juniorke i seniorke\u201d, ka\u017ee Budimir Vukovi\u0107, trener \u201cSparte\u201d.<\/p>\n<p>Doma\u0107in 2. kola Kupa Republike Srpske u D programu za gimnasti\u010darke bio je prijedorski gimnasti\u010darski klub \u201cLider\u201d.<\/p>\n<p><a href=\"https:\/\/www.prijedordanas.com\/wp-content\/uploads\/2024\/06\/kozarski-gimnastika-kup-rs-2juni-2.jpg\"><img loading=\"lazy\" decoding=\"async\" class=\"alignleft size-medium wp-image-227304\" src=\"https:\/\/www.prijedordanas.com\/wp-content\/uploads\/2024\/06\/kozarski-gimnastika-kup-rs-2juni-2-300x169.jpg\" alt=\"\" width=\"300\" height=\"169\" srcset=\"https:\/\/www.prijedordanas.com\/wp-content\/uploads\/2024\/06\/kozarski-gimnastika-kup-rs-2juni-2-300x169.jpg 300w, https:\/\/www.prijedordanas.com\/wp-content\/uploads\/2024\/06\/kozarski-gimnastika-kup-rs-2juni-2.jpg 600w\" sizes=\"(max-width: 300px) 100vw, 300px\" \/><\/a>U Klubu poja\u0161njavaju detalje takmi\u010denja.<\/p>\n<p>\u201cImamo 150 takmi\u010darki koje dolaze iz sedam klubova iz Republike Srpske. To su Gimnasti\u010dki klub \u201cSpartak\u201d Banjaluka, \u201cSparta\u201d Doboj, \u201cOlimp\u201d Doboj, \u201cSalto\u201d Lakta\u0161i, \u201cGradi\u0161ka\u201d iz Gradi\u0161ke, \u201cAstera\u201d Brod i Gimnasti\u010dki klub \u201cLider\u201d iz Prijedora\u201d, ka\u017ee trener \u201cLidera\u201d Biljana Bogdanovi\u0107.<\/p>\n<p>U gradskoj upravi isti\u010du da je lokalna zajednica opredijeljena da ula\u017ee zna\u010dajna srtedstva u omladinu i sport, pogotovo kroz izgradnju i osavremenjavaje sportskih objekata i edukaciju trenera.<\/p>\n<p><a href=\"https:\/\/www.prijedordanas.com\/wp-content\/uploads\/2024\/06\/prijedorgradorg-kup-rs-gimnastika-2juni-2.jpg\"><img loading=\"lazy\" decoding=\"async\" src=\"https:\/\/www.prijedordanas.com\/wp-content\/uploads\/2024\/06\/prijedorgradorg-kup-rs-gimnastika-2juni-2-300x225.jpg\" alt=\"\" width=\"300\" height=\"225\" class=\"alignleft size-medium wp-image-227305\" srcset=\"https:\/\/www.prijedordanas.com\/wp-content\/uploads\/2024\/06\/prijedorgradorg-kup-rs-gimnastika-2juni-2-300x225.jpg 300w, https:\/\/www.prijedordanas.com\/wp-content\/uploads\/2024\/06\/prijedorgradorg-kup-rs-gimnastika-2juni-2-640x480.jpg 640w, https:\/\/www.prijedordanas.com\/wp-content\/uploads\/2024\/06\/prijedorgradorg-kup-rs-gimnastika-2juni-2.jpg 667w\" sizes=\"(max-width: 300px) 100vw, 300px\" \/><\/a>\u201cOno \u0161to je cil\u0458 grada Prijedora i gradske uprave je da se \u0161to vi\u0161e djece i omladine bavi sportom. Nama je u principu neva\u017eno kojim sportom, samo da ih je \u0161to vi\u0161e ukl\u0458u\u010deno, prije svega zbog njihovog razvoja i rasta jer kako ka\u017eu, u zdravom tijelu zdrav duh. Kada se bave sportom bi\u0107e sigurno i bol\u0458i u\u010denici i bol\u0458i radnici u svim sferama \u017eivota bi\u0107e bol\u0458i\u201d, istako je Aleksandar Milje\u0161i\u0107, na\u010delnik Odjeljenja za kulturu, me\u0111unarodnu saradnju , sport i nevladine organizacije<\/p>\n<p>U gradskoj upravi isti\u010du da \u0107e pove\u0107avanjem materijalnih sredstava pomo\u0107i da se u narednom periodu gimnastika u Prijedoru podigne na vi\u0161i nivo treniranja i takmi\u010denja.<\/p>\n<p><strong><a href=\"https:\/\/kozarski.com\/u-prijedoru-odrzano-2-kolo-kupa-republike-srpske-u-gimnastici\/\" target=\"_blank\" rel=\"noopener\">kozarski.com<\/a><\/strong><\/p>\n<p><a href=\"https:\/\/www.prijedordanas.com\/wp-content\/uploads\/2024\/06\/prijedorgradorg-kup-rs-gimnastika-2juni-3.jpg\"><img loading=\"lazy\" decoding=\"async\" src=\"https:\/\/www.prijedordanas.com\/wp-content\/uploads\/2024\/06\/prijedorgradorg-kup-rs-gimnastika-2juni-3-300x225.jpg\" alt=\"\" width=\"300\" height=\"225\" class=\"alignleft size-medium wp-image-227306\" srcset=\"https:\/\/www.prijedordanas.com\/wp-content\/uploads\/2024\/06\/prijedorgradorg-kup-rs-gimnastika-2juni-3-300x225.jpg 300w, https:\/\/www.prijedordanas.com\/wp-content\/uploads\/2024\/06\/prijedorgradorg-kup-rs-gimnastika-2juni-3.jpg 600w\" sizes=\"(max-width: 300px) 100vw, 300px\" \/><\/a> <a href=\"https:\/\/www.prijedordanas.com\/wp-content\/uploads\/2024\/06\/prijedorgradorg-kup-rs-gimnastika-2juni-4.jpg\"><img loading=\"lazy\" decoding=\"async\" src=\"https:\/\/www.prijedordanas.com\/wp-content\/uploads\/2024\/06\/prijedorgradorg-kup-rs-gimnastika-2juni-4-300x225.jpg\" alt=\"\" width=\"300\" height=\"225\" class=\"alignleft size-medium wp-image-227307\" srcset=\"https:\/\/www.prijedordanas.com\/wp-content\/uploads\/2024\/06\/prijedorgradorg-kup-rs-gimnastika-2juni-4-300x225.jpg 300w, https:\/\/www.prijedordanas.com\/wp-content\/uploads\/2024\/06\/prijedorgradorg-kup-rs-gimnastika-2juni-4.jpg 600w\" sizes=\"(max-width: 300px) 100vw, 300px\" \/><\/a><\/p>\n","protected":false},"excerpt":{"rendered":"<p>U prijedorskoj Dvorani \u201cMladost\u201d odr\u017eano je 2. kolo Kupa Republike Srpske u D programu za gimnasti\u010darke. Dvorana je bila ispunjena takmi\u010darskim duhom, a svaka medalja donosila je veliku radost. Me\u0111u [&hellip;]<\/p>\n","protected":false},"author":1,"featured_media":0,"comment_status":"closed","ping_status":"open","sticky":false,"template":"","format":"standard","meta":{"_monsterinsights_skip_tracking":false,"_monsterinsights_sitenote_active":false,"_monsterinsights_sitenote_note":"","_monsterinsights_sitenote_category":0,"footnotes":""},"categories":[7],"tags":[],"yoast_head":"<!-- This site is optimized with the Yoast SEO plugin v21.6 - https:\/\/yoast.com\/wordpress\/plugins\/seo\/ -->\n<title>U Prijedoru odr\u017eano 2. kolo Kupa Republike Srpske u gimnastici - FOTO - PrijedorDanas.com - Prijedorski gradski portal<\/title>\n<meta name=\"robots\" content=\"index, follow, max-snippet:-1, max-image-preview:large, max-video-preview:-1\" \/>\n<link rel=\"canonical\" href=\"https:\/\/www.prijedordanas.com\/?p=227301\" \/>\n<meta property=\"og:locale\" content=\"en_US\" \/>\n<meta property=\"og:type\" content=\"article\" \/>\n<meta property=\"og:title\" content=\"U Prijedoru odr\u017eano 2. kolo Kupa Republike Srpske u gimnastici - FOTO - PrijedorDanas.com - Prijedorski gradski portal\" \/>\n<meta property=\"og:description\" content=\"U prijedorskoj Dvorani \u201cMladost\u201d odr\u017eano je 2. kolo Kupa Republike Srpske u D programu za gimnasti\u010darke. Dvorana je bila ispunjena takmi\u010darskim duhom, a svaka medalja donosila je veliku radost. Me\u0111u [&hellip;]\" \/>\n<meta property=\"og:url\" content=\"https:\/\/www.prijedordanas.com\/?p=227301\" \/>\n<meta property=\"og:site_name\" content=\"PrijedorDanas.com - Prijedorski gradski portal\" \/>\n<meta property=\"article:publisher\" content=\"https:\/\/www.facebook.com\/PrijedorDanasCom\/\" \/>\n<meta property=\"article:published_time\" content=\"2024-06-02T13:44:25+00:00\" \/>\n<meta property=\"og:image\" content=\"https:\/\/www.prijedordanas.com\/wp-content\/uploads\/2024\/06\/prijedorgradorg-kup-rs-gimnastika-2juni-1-300x225.jpg\" \/>\n<meta name=\"author\" content=\"admin\" \/>\n<meta name=\"twitter:card\" content=\"summary_large_image\" \/>\n<meta name=\"twitter:label1\" content=\"Written by\" \/>\n\t<meta name=\"twitter:data1\" content=\"admin\" \/>\n\t<meta name=\"twitter:label2\" content=\"Est. reading time\" \/>\n\t<meta name=\"twitter:data2\" content=\"3 minutes\" \/>\n<script type=\"application\/ld+json\" class=\"yoast-schema-graph\">{\"@context\":\"https:\/\/schema.org\",\"@graph\":[{\"@type\":\"Article\",\"@id\":\"https:\/\/www.prijedordanas.com\/?p=227301#article\",\"isPartOf\":{\"@id\":\"https:\/\/www.prijedordanas.com\/?p=227301\"},\"author\":{\"name\":\"admin\",\"@id\":\"https:\/\/www.prijedordanas.com\/#\/schema\/person\/4e08ccf29b506ca916ff86d46bb700e6\"},\"headline\":\"U Prijedoru odr\u017eano 2. kolo Kupa Republike Srpske u gimnastici &#8211; FOTO\",\"datePublished\":\"2024-06-02T13:44:25+00:00\",\"dateModified\":\"2024-06-02T13:44:25+00:00\",\"mainEntityOfPage\":{\"@id\":\"https:\/\/www.prijedordanas.com\/?p=227301\"},\"wordCount\":444,\"publisher\":{\"@id\":\"https:\/\/www.prijedordanas.com\/#organization\"},\"articleSection\":[\"Sport\"],\"inLanguage\":\"en-US\"},{\"@type\":\"WebPage\",\"@id\":\"https:\/\/www.prijedordanas.com\/?p=227301\",\"url\":\"https:\/\/www.prijedordanas.com\/?p=227301\",\"name\":\"U Prijedoru odr\u017eano 2. kolo Kupa Republike Srpske u gimnastici - FOTO - PrijedorDanas.com - Prijedorski gradski portal\",\"isPartOf\":{\"@id\":\"https:\/\/www.prijedordanas.com\/#website\"},\"datePublished\":\"2024-06-02T13:44:25+00:00\",\"dateModified\":\"2024-06-02T13:44:25+00:00\",\"breadcrumb\":{\"@id\":\"https:\/\/www.prijedordanas.com\/?p=227301#breadcrumb\"},\"inLanguage\":\"en-US\",\"potentialAction\":[{\"@type\":\"ReadAction\",\"target\":[\"https:\/\/www.prijedordanas.com\/?p=227301\"]}]},{\"@type\":\"BreadcrumbList\",\"@id\":\"https:\/\/www.prijedordanas.com\/?p=227301#breadcrumb\",\"itemListElement\":[{\"@type\":\"ListItem\",\"position\":1,\"name\":\"Home\",\"item\":\"https:\/\/www.prijedordanas.com\/\"},{\"@type\":\"ListItem\",\"position\":2,\"name\":\"U Prijedoru odr\u017eano 2. kolo Kupa Republike Srpske u gimnastici &#8211; FOTO\"}]},{\"@type\":\"WebSite\",\"@id\":\"https:\/\/www.prijedordanas.com\/#website\",\"url\":\"https:\/\/www.prijedordanas.com\/\",\"name\":\"PrijedorDanas.com - Prijedorski gradski portal\",\"description\":\"Portal o doga\u0111anjima u gradu Prijedoru\",\"publisher\":{\"@id\":\"https:\/\/www.prijedordanas.com\/#organization\"},\"potentialAction\":[{\"@type\":\"SearchAction\",\"target\":{\"@type\":\"EntryPoint\",\"urlTemplate\":\"https:\/\/www.prijedordanas.com\/?s={search_term_string}\"},\"query-input\":\"required name=search_term_string\"}],\"inLanguage\":\"en-US\"},{\"@type\":\"Organization\",\"@id\":\"https:\/\/www.prijedordanas.com\/#organization\",\"name\":\"PrijedorDanas.com\",\"url\":\"https:\/\/www.prijedordanas.com\/\",\"logo\":{\"@type\":\"ImageObject\",\"inLanguage\":\"en-US\",\"@id\":\"https:\/\/www.prijedordanas.com\/#\/schema\/logo\/image\/\",\"url\":\"http:\/\/www.prijedordanas.com\/wp-content\/uploads\/2021\/12\/logopng.png\",\"contentUrl\":\"http:\/\/www.prijedordanas.com\/wp-content\/uploads\/2021\/12\/logopng.png\",\"width\":1019,\"height\":776,\"caption\":\"PrijedorDanas.com\"},\"image\":{\"@id\":\"https:\/\/www.prijedordanas.com\/#\/schema\/logo\/image\/\"},\"sameAs\":[\"https:\/\/www.facebook.com\/PrijedorDanasCom\/\"]},{\"@type\":\"Person\",\"@id\":\"https:\/\/www.prijedordanas.com\/#\/schema\/person\/4e08ccf29b506ca916ff86d46bb700e6\",\"name\":\"admin\",\"image\":{\"@type\":\"ImageObject\",\"inLanguage\":\"en-US\",\"@id\":\"https:\/\/www.prijedordanas.com\/#\/schema\/person\/image\/\",\"url\":\"https:\/\/secure.gravatar.com\/avatar\/1d3fc949d550f0b53a5f0d51e06dfd79?s=96&d=mm&r=g\",\"contentUrl\":\"https:\/\/secure.gravatar.com\/avatar\/1d3fc949d550f0b53a5f0d51e06dfd79?s=96&d=mm&r=g\",\"caption\":\"admin\"},\"url\":\"https:\/\/www.prijedordanas.com\/?author=1\"}]}<\/script>\n<!-- \/ Yoast SEO plugin. -->","yoast_head_json":{"title":"U Prijedoru odr\u017eano 2. kolo Kupa Republike Srpske u gimnastici - FOTO - PrijedorDanas.com - Prijedorski gradski portal","robots":{"index":"index","follow":"follow","max-snippet":"max-snippet:-1","max-image-preview":"max-image-preview:large","max-video-preview":"max-video-preview:-1"},"canonical":"https:\/\/www.prijedordanas.com\/?p=227301","og_locale":"en_US","og_type":"article","og_title":"U Prijedoru odr\u017eano 2. kolo Kupa Republike Srpske u gimnastici - FOTO - PrijedorDanas.com - Prijedorski gradski portal","og_description":"U prijedorskoj Dvorani \u201cMladost\u201d odr\u017eano je 2. kolo Kupa Republike Srpske u D programu za gimnasti\u010darke. Dvorana je bila ispunjena takmi\u010darskim duhom, a svaka medalja donosila je veliku radost. Me\u0111u [&hellip;]","og_url":"https:\/\/www.prijedordanas.com\/?p=227301","og_site_name":"PrijedorDanas.com - Prijedorski gradski portal","article_publisher":"https:\/\/www.facebook.com\/PrijedorDanasCom\/","article_published_time":"2024-06-02T13:44:25+00:00","og_image":[{"url":"https:\/\/www.prijedordanas.com\/wp-content\/uploads\/2024\/06\/prijedorgradorg-kup-rs-gimnastika-2juni-1-300x225.jpg"}],"author":"admin","twitter_card":"summary_large_image","twitter_misc":{"Written by":"admin","Est. reading time":"3 minutes"},"schema":{"@context":"https:\/\/schema.org","@graph":[{"@type":"Article","@id":"https:\/\/www.prijedordanas.com\/?p=227301#article","isPartOf":{"@id":"https:\/\/www.prijedordanas.com\/?p=227301"},"author":{"name":"admin","@id":"https:\/\/www.prijedordanas.com\/#\/schema\/person\/4e08ccf29b506ca916ff86d46bb700e6"},"headline":"U Prijedoru odr\u017eano 2. kolo Kupa Republike Srpske u gimnastici &#8211; FOTO","datePublished":"2024-06-02T13:44:25+00:00","dateModified":"2024-06-02T13:44:25+00:00","mainEntityOfPage":{"@id":"https:\/\/www.prijedordanas.com\/?p=227301"},"wordCount":444,"publisher":{"@id":"https:\/\/www.prijedordanas.com\/#organization"},"articleSection":["Sport"],"inLanguage":"en-US"},{"@type":"WebPage","@id":"https:\/\/www.prijedordanas.com\/?p=227301","url":"https:\/\/www.prijedordanas.com\/?p=227301","name":"U Prijedoru odr\u017eano 2. kolo Kupa Republike Srpske u gimnastici - FOTO - PrijedorDanas.com - Prijedorski gradski portal","isPartOf":{"@id":"https:\/\/www.prijedordanas.com\/#website"},"datePublished":"2024-06-02T13:44:25+00:00","dateModified":"2024-06-02T13:44:25+00:00","breadcrumb":{"@id":"https:\/\/www.prijedordanas.com\/?p=227301#breadcrumb"},"inLanguage":"en-US","potentialAction":[{"@type":"ReadAction","target":["https:\/\/www.prijedordanas.com\/?p=227301"]}]},{"@type":"BreadcrumbList","@id":"https:\/\/www.prijedordanas.com\/?p=227301#breadcrumb","itemListElement":[{"@type":"ListItem","position":1,"name":"Home","item":"https:\/\/www.prijedordanas.com\/"},{"@type":"ListItem","position":2,"name":"U Prijedoru odr\u017eano 2. kolo Kupa Republike Srpske u gimnastici &#8211; FOTO"}]},{"@type":"WebSite","@id":"https:\/\/www.prijedordanas.com\/#website","url":"https:\/\/www.prijedordanas.com\/","name":"PrijedorDanas.com - Prijedorski gradski portal","description":"Portal o doga\u0111anjima u gradu Prijedoru","publisher":{"@id":"https:\/\/www.prijedordanas.com\/#organization"},"potentialAction":[{"@type":"SearchAction","target":{"@type":"EntryPoint","urlTemplate":"https:\/\/www.prijedordanas.com\/?s={search_term_string}"},"query-input":"required name=search_term_string"}],"inLanguage":"en-US"},{"@type":"Organization","@id":"https:\/\/www.prijedordanas.com\/#organization","name":"PrijedorDanas.com","url":"https:\/\/www.prijedordanas.com\/","logo":{"@type":"ImageObject","inLanguage":"en-US","@id":"https:\/\/www.prijedordanas.com\/#\/schema\/logo\/image\/","url":"http:\/\/www.prijedordanas.com\/wp-content\/uploads\/2021\/12\/logopng.png","contentUrl":"http:\/\/www.prijedordanas.com\/wp-content\/uploads\/2021\/12\/logopng.png","width":1019,"height":776,"caption":"PrijedorDanas.com"},"image":{"@id":"https:\/\/www.prijedordanas.com\/#\/schema\/logo\/image\/"},"sameAs":["https:\/\/www.facebook.com\/PrijedorDanasCom\/"]},{"@type":"Person","@id":"https:\/\/www.prijedordanas.com\/#\/schema\/person\/4e08ccf29b506ca916ff86d46bb700e6","name":"admin","image":{"@type":"ImageObject","inLanguage":"en-US","@id":"https:\/\/www.prijedordanas.com\/#\/schema\/person\/image\/","url":"https:\/\/secure.gravatar.com\/avatar\/1d3fc949d550f0b53a5f0d51e06dfd79?s=96&d=mm&r=g","contentUrl":"https:\/\/secure.gravatar.com\/avatar\/1d3fc949d550f0b53a5f0d51e06dfd79?s=96&d=mm&r=g","caption":"admin"},"url":"https:\/\/www.prijedordanas.com\/?author=1"}]}},"_links":{"self":[{"href":"https:\/\/www.prijedordanas.com\/index.php?rest_route=\/wp\/v2\/posts\/227301"}],"collection":[{"href":"https:\/\/www.prijedordanas.com\/index.php?rest_route=\/wp\/v2\/posts"}],"about":[{"href":"https:\/\/www.prijedordanas.com\/index.php?rest_route=\/wp\/v2\/types\/post"}],"author":[{"embeddable":true,"href":"https:\/\/www.prijedordanas.com\/index.php?rest_route=\/wp\/v2\/users\/1"}],"replies":[{"embeddable":true,"href":"https:\/\/www.prijedordanas.com\/index.php?rest_route=%2Fwp%2Fv2%2Fcomments&post=227301"}],"version-history":[{"count":1,"href":"https:\/\/www.prijedordanas.com\/index.php?rest_route=\/wp\/v2\/posts\/227301\/revisions"}],"predecessor-version":[{"id":227308,"href":"https:\/\/www.prijedordanas.com\/index.php?rest_route=\/wp\/v2\/posts\/227301\/revisions\/227308"}],"wp:attachment":[{"href":"https:\/\/www.prijedordanas.com\/index.php?rest_route=%2Fwp%2Fv2%2Fmedia&parent=227301"}],"wp:term":[{"taxonomy":"category","embeddable":true,"href":"https:\/\/www.prijedordanas.com\/index.php?rest_route=%2Fwp%2Fv2%2Fcategories&post=227301"},{"taxonomy":"post_tag","embeddable":true,"href":"https:\/\/www.prijedordanas.com\/index.php?rest_route=%2Fwp%2Fv2%2Ftags&post=227301"}],"curies":[{"name":"wp","href":"https:\/\/api.w.org\/{rel}","templated":true}]}}